{"id":2038,"date":"2024-06-01T18:53:31","date_gmt":"2024-06-01T18:53:31","guid":{"rendered":"https:\/\/lavocedelpaese.info\/?p=2038"},"modified":"2024-06-01T19:54:04","modified_gmt":"2024-06-01T19:54:04","slug":"la-pista-ciclabile-della-discordia-sul-lungomare-di-palese","status":"publish","type":"post","link":"https:\/\/lavocedelpaese.info\/index.php\/2024\/06\/01\/la-pista-ciclabile-della-discordia-sul-lungomare-di-palese\/","title":{"rendered":"La Pista Ciclabile della Discordia sul Lungomare di Palese"},"content":{"rendered":"\n<p>La nuova pista ciclabile sul lungomare di Palese, nel tratto che va da via Cola Di Cagno fino al porto di Santo Spirito, ha suscitato molte polemiche tra i residenti locali. I lavori, gi\u00e0 iniziati, comportano il restringimento della carreggiata e l&#8217;istituzione di un senso unico, creando preoccupazioni per la perdita di posti auto e l&#8217;allungamento dei percorsi per i residenti. Inoltre, in caso di blocchi sulla SS.16 bis, il nuovo senso unico render\u00e0 difficile usare il lungomare come alternativa. Molti cittadini vedono questa pista ciclabile come un&#8217;opera propagandistica voluta dall&#8217;amministrazione locale piuttosto che un vero beneficio per la comunit\u00e0.<\/p>\n\n\n\n<p>La realizzazione della pista ciclabile sul lungomare di Palese ha sollevato una serie di problematiche e dibattiti riguardanti la mobilit\u00e0 urbana e la gestione degli spazi pubblici.<\/p>\n\n\n\n<p><em>Problemi di Traffico<\/em>. L&#8217;istituzione del senso unico e il restringimento della carreggiata potrebbero creare congestioni, soprattutto nei periodi di alta affluenza turistica. Gli automobilisti potrebbero trovarsi a percorrere tragitti pi\u00f9 lunghi, aumentando il traffico nelle aree residenziali adiacenti.<\/p>\n\n\n\n<p><em>Impatto sui Residenti<\/em>. I residenti lungo il tratto interessato dovranno fare percorsi pi\u00f9 lunghi per accedere alla SS.16 bis, causando disagi quotidiani e aumentando il tempo di viaggio.<\/p>\n\n\n\n<p><em>Diminuzione dei Parcheggi<\/em>. La riduzione dei posti auto potrebbe dissuadere i visitatori e i turisti, danneggiando le attivit\u00e0 commerciali locali e creando ulteriori problemi di parcheggio per i residenti.<\/p>\n\n\n\n<p><em>Accesso alle Spiagge<\/em>. La mancanza di parcheggi potrebbe ridurre l&#8217;affluenza alle spiagge e alle strutture balneari, influenzando negativamente il turismo locale.<\/p>\n\n\n\n<p><em>Utilit\u00e0 della Pista Ciclabile<\/em>. Promozione della Mobilit\u00e0 Sostenibile**: Nonostante i disagi, la pista ciclabile potrebbe promuovere una mobilit\u00e0 pi\u00f9 sostenibile, riducendo l&#8217;uso delle automobili e incentivando l&#8217;uso della bicicletta.<\/p>\n\n\n\n<p><em>Benefici Ambientali<\/em>. La riduzione delle emissioni di veicoli motorizzati contribuisce a migliorare la qualit\u00e0 dell&#8217;aria e a ridurre l&#8217;inquinamento acustico.<\/p>\n\n\n\n<p><em>Alternative alla SS.16 bis<\/em>. In caso di blocchi o incidenti sulla SS.16 bis, la nuova configurazione del lungomare con il senso unico limiter\u00e0 le opzioni di deviazione del traffico, creando potenziali colli di bottiglia e rallentamenti.<\/p>\n\n\n\n<p><em>Accesso al Mare per Disabili<\/em>. La realizzazione della pista ciclabile dovrebbe essere accompagnata da miglioramenti infrastrutturali come passerelle per disabili, garantendo un accesso inclusivo al mare.<\/p>\n\n\n\n<p><em>Sicurezza Stradale<\/em>. La nuova configurazione deve assicurare che la sicurezza stradale sia mantenuta per tutti gli utenti della strada, inclusi pedoni e ciclisti.<\/p>\n\n\n\n<p><em>Percezione di Spreco di Denaro Pubblico<\/em>. Molti cittadini vedono la pista ciclabile come un&#8217;opera inutile e costosa, percepita come un tentativo dell&#8217;amministrazione di mostrare realizzazioni tangibili prima delle elezioni.<\/p>\n\n\n\n<p><em>Coinvolgimento della Comunit\u00e0<\/em>. \u00c8 essenziale che le amministrazioni locali coinvolgano la comunit\u00e0 nelle decisioni di pianificazione urbana per assicurare che le opere pubbliche rispondano alle reali necessit\u00e0 dei cittadini.<\/p>\n\n\n\n<p>In conclusione, la pista ciclabile sul lungomare di Palese rappresenta un intervento di mobilit\u00e0 urbana che, pur avendo il potenziale di promuovere una mobilit\u00e0 sostenibile, solleva numerose preoccupazioni riguardanti la gestione del traffico, l&#8217;accessibilit\u00e0 e l&#8217;impatto sulla vita quotidiana dei residenti. Una pianificazione attenta e un dialogo aperto con la comunit\u00e0 sono fondamentali per mitigare i disagi e massimizzare i benefici di tali opere.<\/p>\n","protected":false},"excerpt":{"rendered":"<p>La nuova pista ciclabile sul lungomare di Palese, nel tratto che va da via Cola Di Cagno fino al porto<\/p>\n","protected":false},"author":6,"featured_media":2039,"comment_status":"open","ping_status":"closed","sticky":false,"template":"","format":"standard","meta":{"colormag_page_container_layout":"default_layout","colormag_page_sidebar_layout":"default_layout","footnotes":""},"categories":[2,33],"tags":[],"class_list":["post-2038","post","type-post","status-publish","format-standard","has-post-thumbnail","hentry","category-attualita","category-network"],"yoast_head":"<!-- This site is optimized with the Yoast SEO plugin v27.5 - https:\/\/yoast.com\/product\/yoast-seo-wordpress\/ -->\n<title>La Pista Ciclabile della Discordia sul Lungomare di Palese - La Voce del Paese<\/title>\n<meta name=\"robots\" content=\"index, follow, max-snippet:-1, max-image-preview:large, max-video-preview:-1\" \/>\n<link rel=\"canonical\" href=\"https:\/\/lavocedelpaese.info\/index.php\/2024\/06\/01\/la-pista-ciclabile-della-discordia-sul-lungomare-di-palese\/\" \/>\n<meta property=\"og:locale\" content=\"it_IT\" \/>\n<meta property=\"og:type\" content=\"article\" \/>\n<meta property=\"og:title\" content=\"La Pista Ciclabile della Discordia sul Lungomare di Palese - La Voce del Paese\" \/>\n<meta property=\"og:description\" content=\"La nuova pista ciclabile sul lungomare di Palese, nel tratto che va da via Cola Di Cagno fino al porto\" \/>\n<meta property=\"og:url\" content=\"https:\/\/lavocedelpaese.info\/index.php\/2024\/06\/01\/la-pista-ciclabile-della-discordia-sul-lungomare-di-palese\/\" \/>\n<meta property=\"og:site_name\" content=\"La Voce del Paese\" \/>\n<meta property=\"article:publisher\" content=\"https:\/\/www.facebook.com\/lavocedelpaese.info\" \/>\n<meta property=\"article:published_time\" content=\"2024-06-01T18:53:31+00:00\" \/>\n<meta property=\"article:modified_time\" content=\"2024-06-01T19:54:04+00:00\" \/>\n<meta property=\"og:image\" content=\"https:\/\/lavocedelpaese.info\/wp-content\/uploads\/2024\/06\/pista-ciclabile.jpeg\" \/>\n\t<meta property=\"og:image:width\" content=\"696\" \/>\n\t<meta property=\"og:image:height\" content=\"464\" \/>\n\t<meta property=\"og:image:type\" content=\"image\/jpeg\" \/>\n<meta name=\"author\" content=\"admin\" \/>\n<meta name=\"twitter:card\" content=\"summary_large_image\" \/>\n<meta name=\"twitter:label1\" content=\"Scritto da\" \/>\n\t<meta name=\"twitter:data1\" content=\"admin\" \/>\n\t<meta name=\"twitter:label2\" content=\"Tempo di lettura stimato\" \/>\n\t<meta name=\"twitter:data2\" content=\"2 minuti\" \/>\n<script type=\"application\/ld+json\" class=\"yoast-schema-graph\">{\"@context\":\"https:\\\/\\\/schema.org\",\"@graph\":[{\"@type\":\"Article\",\"@id\":\"https:\\\/\\\/lavocedelpaese.info\\\/index.php\\\/2024\\\/06\\\/01\\\/la-pista-ciclabile-della-discordia-sul-lungomare-di-palese\\\/#article\",\"isPartOf\":{\"@id\":\"https:\\\/\\\/lavocedelpaese.info\\\/index.php\\\/2024\\\/06\\\/01\\\/la-pista-ciclabile-della-discordia-sul-lungomare-di-palese\\\/\"},\"author\":{\"name\":\"admin\",\"@id\":\"https:\\\/\\\/lavocedelpaese.info\\\/#\\\/schema\\\/person\\\/ec151d321306bd7591f7a061abf72d88\"},\"headline\":\"La Pista Ciclabile della Discordia sul Lungomare di Palese\",\"datePublished\":\"2024-06-01T18:53:31+00:00\",\"dateModified\":\"2024-06-01T19:54:04+00:00\",\"mainEntityOfPage\":{\"@id\":\"https:\\\/\\\/lavocedelpaese.info\\\/index.php\\\/2024\\\/06\\\/01\\\/la-pista-ciclabile-della-discordia-sul-lungomare-di-palese\\\/\"},\"wordCount\":521,\"commentCount\":0,\"publisher\":{\"@id\":\"https:\\\/\\\/lavocedelpaese.info\\\/#organization\"},\"image\":{\"@id\":\"https:\\\/\\\/lavocedelpaese.info\\\/index.php\\\/2024\\\/06\\\/01\\\/la-pista-ciclabile-della-discordia-sul-lungomare-di-palese\\\/#primaryimage\"},\"thumbnailUrl\":\"https:\\\/\\\/lavocedelpaese.info\\\/wp-content\\\/uploads\\\/2024\\\/06\\\/pista-ciclabile.jpeg\",\"articleSection\":[\"Attualit\u00e0\",\"network\"],\"inLanguage\":\"it-IT\",\"potentialAction\":[{\"@type\":\"CommentAction\",\"name\":\"Comment\",\"target\":[\"https:\\\/\\\/lavocedelpaese.info\\\/index.php\\\/2024\\\/06\\\/01\\\/la-pista-ciclabile-della-discordia-sul-lungomare-di-palese\\\/#respond\"]}]},{\"@type\":\"WebPage\",\"@id\":\"https:\\\/\\\/lavocedelpaese.info\\\/index.php\\\/2024\\\/06\\\/01\\\/la-pista-ciclabile-della-discordia-sul-lungomare-di-palese\\\/\",\"url\":\"https:\\\/\\\/lavocedelpaese.info\\\/index.php\\\/2024\\\/06\\\/01\\\/la-pista-ciclabile-della-discordia-sul-lungomare-di-palese\\\/\",\"name\":\"La Pista Ciclabile della Discordia sul Lungomare di Palese - La Voce del Paese\",\"isPartOf\":{\"@id\":\"https:\\\/\\\/lavocedelpaese.info\\\/#website\"},\"primaryImageOfPage\":{\"@id\":\"https:\\\/\\\/lavocedelpaese.info\\\/index.php\\\/2024\\\/06\\\/01\\\/la-pista-ciclabile-della-discordia-sul-lungomare-di-palese\\\/#primaryimage\"},\"image\":{\"@id\":\"https:\\\/\\\/lavocedelpaese.info\\\/index.php\\\/2024\\\/06\\\/01\\\/la-pista-ciclabile-della-discordia-sul-lungomare-di-palese\\\/#primaryimage\"},\"thumbnailUrl\":\"https:\\\/\\\/lavocedelpaese.info\\\/wp-content\\\/uploads\\\/2024\\\/06\\\/pista-ciclabile.jpeg\",\"datePublished\":\"2024-06-01T18:53:31+00:00\",\"dateModified\":\"2024-06-01T19:54:04+00:00\",\"breadcrumb\":{\"@id\":\"https:\\\/\\\/lavocedelpaese.info\\\/index.php\\\/2024\\\/06\\\/01\\\/la-pista-ciclabile-della-discordia-sul-lungomare-di-palese\\\/#breadcrumb\"},\"inLanguage\":\"it-IT\",\"potentialAction\":[{\"@type\":\"ReadAction\",\"target\":[\"https:\\\/\\\/lavocedelpaese.info\\\/index.php\\\/2024\\\/06\\\/01\\\/la-pista-ciclabile-della-discordia-sul-lungomare-di-palese\\\/\"]}]},{\"@type\":\"ImageObject\",\"inLanguage\":\"it-IT\",\"@id\":\"https:\\\/\\\/lavocedelpaese.info\\\/index.php\\\/2024\\\/06\\\/01\\\/la-pista-ciclabile-della-discordia-sul-lungomare-di-palese\\\/#primaryimage\",\"url\":\"https:\\\/\\\/lavocedelpaese.info\\\/wp-content\\\/uploads\\\/2024\\\/06\\\/pista-ciclabile.jpeg\",\"contentUrl\":\"https:\\\/\\\/lavocedelpaese.info\\\/wp-content\\\/uploads\\\/2024\\\/06\\\/pista-ciclabile.jpeg\",\"width\":696,\"height\":464,\"caption\":\"Bicycle sign on a red bike path in Europe\"},{\"@type\":\"BreadcrumbList\",\"@id\":\"https:\\\/\\\/lavocedelpaese.info\\\/index.php\\\/2024\\\/06\\\/01\\\/la-pista-ciclabile-della-discordia-sul-lungomare-di-palese\\\/#breadcrumb\",\"itemListElement\":[{\"@type\":\"ListItem\",\"position\":1,\"name\":\"Home\",\"item\":\"https:\\\/\\\/lavocedelpaese.info\\\/\"},{\"@type\":\"ListItem\",\"position\":2,\"name\":\"La Pista Ciclabile della Discordia sul Lungomare di Palese\"}]},{\"@type\":\"WebSite\",\"@id\":\"https:\\\/\\\/lavocedelpaese.info\\\/#website\",\"url\":\"https:\\\/\\\/lavocedelpaese.info\\\/\",\"name\":\"La Voce del Paese\",\"description\":\"Un network di idee\",\"publisher\":{\"@id\":\"https:\\\/\\\/lavocedelpaese.info\\\/#organization\"},\"potentialAction\":[{\"@type\":\"SearchAction\",\"target\":{\"@type\":\"EntryPoint\",\"urlTemplate\":\"https:\\\/\\\/lavocedelpaese.info\\\/?s={search_term_string}\"},\"query-input\":{\"@type\":\"PropertyValueSpecification\",\"valueRequired\":true,\"valueName\":\"search_term_string\"}}],\"inLanguage\":\"it-IT\"},{\"@type\":\"Organization\",\"@id\":\"https:\\\/\\\/lavocedelpaese.info\\\/#organization\",\"name\":\"La Voce del Paese\",\"url\":\"https:\\\/\\\/lavocedelpaese.info\\\/\",\"logo\":{\"@type\":\"ImageObject\",\"inLanguage\":\"it-IT\",\"@id\":\"https:\\\/\\\/lavocedelpaese.info\\\/#\\\/schema\\\/logo\\\/image\\\/\",\"url\":\"https:\\\/\\\/lavocedelpaese.info\\\/wp-content\\\/uploads\\\/2023\\\/01\\\/cropped-logo-150-127.png\",\"contentUrl\":\"https:\\\/\\\/lavocedelpaese.info\\\/wp-content\\\/uploads\\\/2023\\\/01\\\/cropped-logo-150-127.png\",\"width\":137,\"height\":119,\"caption\":\"La Voce del Paese\"},\"image\":{\"@id\":\"https:\\\/\\\/lavocedelpaese.info\\\/#\\\/schema\\\/logo\\\/image\\\/\"},\"sameAs\":[\"https:\\\/\\\/www.facebook.com\\\/lavocedelpaese.info\"]},{\"@type\":\"Person\",\"@id\":\"https:\\\/\\\/lavocedelpaese.info\\\/#\\\/schema\\\/person\\\/ec151d321306bd7591f7a061abf72d88\",\"name\":\"admin\",\"image\":{\"@type\":\"ImageObject\",\"inLanguage\":\"it-IT\",\"@id\":\"https:\\\/\\\/secure.gravatar.com\\\/avatar\\\/af8f2caf0663124588de48a9380e07cbc95a74ef15b8062d0d39106c32fe3023?s=96&d=mm&r=g\",\"url\":\"https:\\\/\\\/secure.gravatar.com\\\/avatar\\\/af8f2caf0663124588de48a9380e07cbc95a74ef15b8062d0d39106c32fe3023?s=96&d=mm&r=g\",\"contentUrl\":\"https:\\\/\\\/secure.gravatar.com\\\/avatar\\\/af8f2caf0663124588de48a9380e07cbc95a74ef15b8062d0d39106c32fe3023?s=96&d=mm&r=g\",\"caption\":\"admin\"},\"sameAs\":[\"https:\\\/\\\/lavocedelpaese.info\"],\"url\":\"https:\\\/\\\/lavocedelpaese.info\\\/index.php\\\/author\\\/admin\\\/\"}]}<\/script>\n<!-- \/ Yoast SEO plugin. -->","yoast_head_json":{"title":"La Pista Ciclabile della Discordia sul Lungomare di Palese - La Voce del Paese","robots":{"index":"index","follow":"follow","max-snippet":"max-snippet:-1","max-image-preview":"max-image-preview:large","max-video-preview":"max-video-preview:-1"},"canonical":"https:\/\/lavocedelpaese.info\/index.php\/2024\/06\/01\/la-pista-ciclabile-della-discordia-sul-lungomare-di-palese\/","og_locale":"it_IT","og_type":"article","og_title":"La Pista Ciclabile della Discordia sul Lungomare di Palese - La Voce del Paese","og_description":"La nuova pista ciclabile sul lungomare di Palese, nel tratto che va da via Cola Di Cagno fino al porto","og_url":"https:\/\/lavocedelpaese.info\/index.php\/2024\/06\/01\/la-pista-ciclabile-della-discordia-sul-lungomare-di-palese\/","og_site_name":"La Voce del Paese","article_publisher":"https:\/\/www.facebook.com\/lavocedelpaese.info","article_published_time":"2024-06-01T18:53:31+00:00","article_modified_time":"2024-06-01T19:54:04+00:00","og_image":[{"width":696,"height":464,"url":"https:\/\/lavocedelpaese.info\/wp-content\/uploads\/2024\/06\/pista-ciclabile.jpeg","type":"image\/jpeg"}],"author":"admin","twitter_card":"summary_large_image","twitter_misc":{"Scritto da":"admin","Tempo di lettura stimato":"2 minuti"},"schema":{"@context":"https:\/\/schema.org","@graph":[{"@type":"Article","@id":"https:\/\/lavocedelpaese.info\/index.php\/2024\/06\/01\/la-pista-ciclabile-della-discordia-sul-lungomare-di-palese\/#article","isPartOf":{"@id":"https:\/\/lavocedelpaese.info\/index.php\/2024\/06\/01\/la-pista-ciclabile-della-discordia-sul-lungomare-di-palese\/"},"author":{"name":"admin","@id":"https:\/\/lavocedelpaese.info\/#\/schema\/person\/ec151d321306bd7591f7a061abf72d88"},"headline":"La Pista Ciclabile della Discordia sul Lungomare di Palese","datePublished":"2024-06-01T18:53:31+00:00","dateModified":"2024-06-01T19:54:04+00:00","mainEntityOfPage":{"@id":"https:\/\/lavocedelpaese.info\/index.php\/2024\/06\/01\/la-pista-ciclabile-della-discordia-sul-lungomare-di-palese\/"},"wordCount":521,"commentCount":0,"publisher":{"@id":"https:\/\/lavocedelpaese.info\/#organization"},"image":{"@id":"https:\/\/lavocedelpaese.info\/index.php\/2024\/06\/01\/la-pista-ciclabile-della-discordia-sul-lungomare-di-palese\/#primaryimage"},"thumbnailUrl":"https:\/\/lavocedelpaese.info\/wp-content\/uploads\/2024\/06\/pista-ciclabile.jpeg","articleSection":["Attualit\u00e0","network"],"inLanguage":"it-IT","potentialAction":[{"@type":"CommentAction","name":"Comment","target":["https:\/\/lavocedelpaese.info\/index.php\/2024\/06\/01\/la-pista-ciclabile-della-discordia-sul-lungomare-di-palese\/#respond"]}]},{"@type":"WebPage","@id":"https:\/\/lavocedelpaese.info\/index.php\/2024\/06\/01\/la-pista-ciclabile-della-discordia-sul-lungomare-di-palese\/","url":"https:\/\/lavocedelpaese.info\/index.php\/2024\/06\/01\/la-pista-ciclabile-della-discordia-sul-lungomare-di-palese\/","name":"La Pista Ciclabile della Discordia sul Lungomare di Palese - La Voce del Paese","isPartOf":{"@id":"https:\/\/lavocedelpaese.info\/#website"},"primaryImageOfPage":{"@id":"https:\/\/lavocedelpaese.info\/index.php\/2024\/06\/01\/la-pista-ciclabile-della-discordia-sul-lungomare-di-palese\/#primaryimage"},"image":{"@id":"https:\/\/lavocedelpaese.info\/index.php\/2024\/06\/01\/la-pista-ciclabile-della-discordia-sul-lungomare-di-palese\/#primaryimage"},"thumbnailUrl":"https:\/\/lavocedelpaese.info\/wp-content\/uploads\/2024\/06\/pista-ciclabile.jpeg","datePublished":"2024-06-01T18:53:31+00:00","dateModified":"2024-06-01T19:54:04+00:00","breadcrumb":{"@id":"https:\/\/lavocedelpaese.info\/index.php\/2024\/06\/01\/la-pista-ciclabile-della-discordia-sul-lungomare-di-palese\/#breadcrumb"},"inLanguage":"it-IT","potentialAction":[{"@type":"ReadAction","target":["https:\/\/lavocedelpaese.info\/index.php\/2024\/06\/01\/la-pista-ciclabile-della-discordia-sul-lungomare-di-palese\/"]}]},{"@type":"ImageObject","inLanguage":"it-IT","@id":"https:\/\/lavocedelpaese.info\/index.php\/2024\/06\/01\/la-pista-ciclabile-della-discordia-sul-lungomare-di-palese\/#primaryimage","url":"https:\/\/lavocedelpaese.info\/wp-content\/uploads\/2024\/06\/pista-ciclabile.jpeg","contentUrl":"https:\/\/lavocedelpaese.info\/wp-content\/uploads\/2024\/06\/pista-ciclabile.jpeg","width":696,"height":464,"caption":"Bicycle sign on a red bike path in Europe"},{"@type":"BreadcrumbList","@id":"https:\/\/lavocedelpaese.info\/index.php\/2024\/06\/01\/la-pista-ciclabile-della-discordia-sul-lungomare-di-palese\/#breadcrumb","itemListElement":[{"@type":"ListItem","position":1,"name":"Home","item":"https:\/\/lavocedelpaese.info\/"},{"@type":"ListItem","position":2,"name":"La Pista Ciclabile della Discordia sul Lungomare di Palese"}]},{"@type":"WebSite","@id":"https:\/\/lavocedelpaese.info\/#website","url":"https:\/\/lavocedelpaese.info\/","name":"La Voce del Paese","description":"Un network di idee","publisher":{"@id":"https:\/\/lavocedelpaese.info\/#organization"},"potentialAction":[{"@type":"SearchAction","target":{"@type":"EntryPoint","urlTemplate":"https:\/\/lavocedelpaese.info\/?s={search_term_string}"},"query-input":{"@type":"PropertyValueSpecification","valueRequired":true,"valueName":"search_term_string"}}],"inLanguage":"it-IT"},{"@type":"Organization","@id":"https:\/\/lavocedelpaese.info\/#organization","name":"La Voce del Paese","url":"https:\/\/lavocedelpaese.info\/","logo":{"@type":"ImageObject","inLanguage":"it-IT","@id":"https:\/\/lavocedelpaese.info\/#\/schema\/logo\/image\/","url":"https:\/\/lavocedelpaese.info\/wp-content\/uploads\/2023\/01\/cropped-logo-150-127.png","contentUrl":"https:\/\/lavocedelpaese.info\/wp-content\/uploads\/2023\/01\/cropped-logo-150-127.png","width":137,"height":119,"caption":"La Voce del Paese"},"image":{"@id":"https:\/\/lavocedelpaese.info\/#\/schema\/logo\/image\/"},"sameAs":["https:\/\/www.facebook.com\/lavocedelpaese.info"]},{"@type":"Person","@id":"https:\/\/lavocedelpaese.info\/#\/schema\/person\/ec151d321306bd7591f7a061abf72d88","name":"admin","image":{"@type":"ImageObject","inLanguage":"it-IT","@id":"https:\/\/secure.gravatar.com\/avatar\/af8f2caf0663124588de48a9380e07cbc95a74ef15b8062d0d39106c32fe3023?s=96&d=mm&r=g","url":"https:\/\/secure.gravatar.com\/avatar\/af8f2caf0663124588de48a9380e07cbc95a74ef15b8062d0d39106c32fe3023?s=96&d=mm&r=g","contentUrl":"https:\/\/secure.gravatar.com\/avatar\/af8f2caf0663124588de48a9380e07cbc95a74ef15b8062d0d39106c32fe3023?s=96&d=mm&r=g","caption":"admin"},"sameAs":["https:\/\/lavocedelpaese.info"],"url":"https:\/\/lavocedelpaese.info\/index.php\/author\/admin\/"}]}},"_links":{"self":[{"href":"https:\/\/lavocedelpaese.info\/index.php\/wp-json\/wp\/v2\/posts\/2038","targetHints":{"allow":["GET"]}}],"collection":[{"href":"https:\/\/lavocedelpaese.info\/index.php\/wp-json\/wp\/v2\/posts"}],"about":[{"href":"https:\/\/lavocedelpaese.info\/index.php\/wp-json\/wp\/v2\/types\/post"}],"author":[{"embeddable":true,"href":"https:\/\/lavocedelpaese.info\/index.php\/wp-json\/wp\/v2\/users\/6"}],"replies":[{"embeddable":true,"href":"https:\/\/lavocedelpaese.info\/index.php\/wp-json\/wp\/v2\/comments?post=2038"}],"version-history":[{"count":1,"href":"https:\/\/lavocedelpaese.info\/index.php\/wp-json\/wp\/v2\/posts\/2038\/revisions"}],"predecessor-version":[{"id":2040,"href":"https:\/\/lavocedelpaese.info\/index.php\/wp-json\/wp\/v2\/posts\/2038\/revisions\/2040"}],"wp:featuredmedia":[{"embeddable":true,"href":"https:\/\/lavocedelpaese.info\/index.php\/wp-json\/wp\/v2\/media\/2039"}],"wp:attachment":[{"href":"https:\/\/lavocedelpaese.info\/index.php\/wp-json\/wp\/v2\/media?parent=2038"}],"wp:term":[{"taxonomy":"category","embeddable":true,"href":"https:\/\/lavocedelpaese.info\/index.php\/wp-json\/wp\/v2\/categories?post=2038"},{"taxonomy":"post_tag","embeddable":true,"href":"https:\/\/lavocedelpaese.info\/index.php\/wp-json\/wp\/v2\/tags?post=2038"}],"curies":[{"name":"wp","href":"https:\/\/api.w.org\/{rel}","templated":true}]}}