{"id":2024,"date":"2024-06-01T19:41:15","date_gmt":"2024-06-01T19:41:15","guid":{"rendered":"https:\/\/lavocedelpaese.info\/?p=2024"},"modified":"2024-06-01T19:41:16","modified_gmt":"2024-06-01T19:41:16","slug":"presentazione-del-progetto-acqua-in-brocca-a-polignano-a-mare","status":"publish","type":"post","link":"https:\/\/lavocedelpaese.info\/index.php\/2024\/06\/01\/presentazione-del-progetto-acqua-in-brocca-a-polignano-a-mare\/","title":{"rendered":"Presentazione del Progetto &#8220;Acqua in Brocca&#8221; a Polignano a Mare"},"content":{"rendered":"\n<p>Luned\u00ec 27 maggio, alle ore 11.00, nella sala consiliare di Palazzo di Citt\u00e0 a Polignano a Mare (Ba), si terr\u00e0 un incontro pubblico per presentare il progetto &#8220;Acqua in Brocca&#8221; dell&#8217;Acquedotto Pugliese, che mira a valorizzare l&#8217;acqua pubblica. Parteciperanno il sindaco di Polignano a Mare, l&#8217;assessore al Turismo della Regione Puglia, il direttore generale di Pugliapromozione, Luca Scandale, il consigliere di amministrazione di Acquedotto Pugliese, Francesco Crudele, e la direttrice generale di Acquedotto Pugliese, Francesca Portincasa. L&#8217;evento sar\u00e0 moderato dal conduttore televisivo Peppone Calabrese e includer\u00e0 una spiegazione delle modalit\u00e0 di adesione al progetto.<\/p>\n\n\n\n<p>Il progetto &#8220;Acqua in Brocca&#8221; rappresenta un passo significativo verso la promozione della cultura dell&#8217;acqua pubblica nel settore dell&#8217;ospitalit\u00e0 e della ristorazione. Questa iniziativa, volta a incentivare l&#8217;uso dell&#8217;acqua del rubinetto, mira a raggiungere obiettivi ambientali, economici e sociali, offrendo diverse spunti di riflessione per le politiche dell&#8217;acqua pubblica.<\/p>\n\n\n\n<p><em>Promozione dell&#8217;Acqua del Rubinetto<\/em>. Promuovere l&#8217;uso dell&#8217;acqua del rubinetto come prima scelta nelle attivit\u00e0 di ristorazione e ospitalit\u00e0 ha un impatto significativo sulla riduzione dell&#8217;uso di bottiglie di plastica e vetro. Questo non solo diminuisce i rifiuti prodotti, ma riduce anche i costi ambientali legati alla produzione e al trasporto di acqua confezionata. Le politiche dell&#8217;acqua pubblica dovrebbero incentivare l&#8217;adozione di iniziative simili, promuovendo l&#8217;uso di risorse locali sostenibili.<\/p>\n\n\n\n<p><em>Riduzione dei Costi Ambientali<\/em>. Uno degli obiettivi principali di &#8220;Acqua in Brocca&#8221; \u00e8 ridurre i costi ambientali associati alla produzione e al trasporto di acqua in bottiglia. Questo progetto contribuisce a diminuire le emissioni di CO2 e altri impatti negativi sull&#8217;ambiente. Le politiche pubbliche dovrebbero sostenere e finanziare progetti che riducono l&#8217;impronta ecologica delle attivit\u00e0 quotidiane, integrando la sostenibilit\u00e0 ambientale nelle pratiche commerciali.<\/p>\n\n\n\n<p><em>Garantire Acqua Sicura e di Qualit\u00e0<\/em>. Il progetto si impegna a fornire ai cittadini acqua di qualit\u00e0, sicura e sana. Questo \u00e8 un aspetto cruciale delle politiche dell&#8217;acqua pubblica, che devono assicurare che l&#8217;acqua del rubinetto sia sempre potabile e controllata rigorosamente. Investimenti nelle infrastrutture idriche e nei sistemi di controllo della qualit\u00e0 dell&#8217;acqua sono fondamentali per mantenere la fiducia dei cittadini nell&#8217;acqua pubblica.<\/p>\n\n\n\n<p><em>Valorizzazione e Riconoscibilit\u00e0 delle Strutture<\/em>. Rendere riconoscibili le attivit\u00e0 che partecipano al progetto attraverso vetrofanie e una mappatura su FontaninApp facilita la scelta dei consumatori e promuove la trasparenza. Questo tipo di iniziative pu\u00f2 essere esteso a livello regionale e nazionale, incoraggiando pi\u00f9 esercizi commerciali a partecipare e aumentando la consapevolezza dei cittadini. Le politiche dell&#8217;acqua pubblica possono supportare queste iniziative attraverso campagne informative e incentivi economici.<\/p>\n\n\n\n<p><em>Collaborazione Interistituzionale<\/em>. Il progetto pilota di &#8220;Acqua in Brocca&#8221; vede la collaborazione di Pugliapromozione e della Regione Puglia, dimostrando l&#8217;importanza della cooperazione tra enti pubblici e privati. La collaborazione interistituzionale \u00e8 fondamentale per il successo delle politiche dell&#8217;acqua pubblica, permettendo una diffusione capillare delle buone pratiche e il coinvolgimento di diversi attori sociali ed economici.<\/p>\n\n\n\n<p><em>Estensione del Progetto<\/em>. L&#8217;estensione del progetto al mondo dell&#8217;accoglienza regionale rappresenta un passo avanti per l&#8217;adozione di pratiche sostenibili in tutta la regione. Le politiche dell&#8217;acqua pubblica dovrebbero mirare a replicare progetti pilota di successo in altre regioni, adattandoli alle specifiche esigenze locali e ampliando il loro impatto positivo.<\/p>\n\n\n\n<p><em>Uso della Tecnologia<\/em>. L&#8217;uso di FontaninApp per localizzare le fontanine pubbliche e gli esercizi aderenti al progetto \u00e8 un esempio di come la tecnologia possa essere integrata nelle politiche pubbliche per migliorare l&#8217;accesso e la trasparenza delle risorse idriche. Le politiche dell&#8217;acqua pubblica possono trarre vantaggio dalle tecnologie digitali per monitorare e gestire l&#8217;uso delle risorse idriche, fornendo informazioni in tempo reale ai cittadini.<\/p>\n\n\n\n<p><em>Educazione e Sensibilizzazione<\/em>. Infine, il successo del progetto &#8220;Acqua in Brocca&#8221; dipende anche dalla sensibilizzazione del pubblico sui benefici dell&#8217;acqua del rubinetto e sulle pratiche sostenibili. Le politiche dell&#8217;acqua pubblica devono includere programmi educativi che informino i cittadini sull&#8217;importanza della conservazione delle risorse idriche e della riduzione dei rifiuti plastici. Campagne di sensibilizzazione possono contribuire a cambiare le abitudini dei consumatori, favorendo scelte pi\u00f9 sostenibili.<\/p>\n\n\n\n<p>In conclusione, il progetto &#8220;Acqua in Brocca&#8221; offre un modello efficace per le politiche dell&#8217;acqua pubblica, combinando sostenibilit\u00e0 ambientale, sicurezza e accessibilit\u00e0. Iniziative come questa dovrebbero essere incoraggiate e replicate, promuovendo un uso pi\u00f9 responsabile delle risorse idriche e contribuendo a un futuro pi\u00f9 sostenibile.<\/p>\n","protected":false},"excerpt":{"rendered":"<p>Luned\u00ec 27 maggio, alle ore 11.00, nella sala consiliare di Palazzo di Citt\u00e0 a Polignano a Mare (Ba), si terr\u00e0<\/p>\n","protected":false},"author":6,"featured_media":2025,"comment_status":"open","ping_status":"closed","sticky":false,"template":"","format":"standard","meta":{"colormag_page_container_layout":"default_layout","colormag_page_sidebar_layout":"default_layout","footnotes":""},"categories":[5,33],"tags":[],"class_list":["post-2024","post","type-post","status-publish","format-standard","has-post-thumbnail","hentry","category-cultura","category-network"],"yoast_head":"<!-- This site is optimized with the Yoast SEO plugin v27.5 - https:\/\/yoast.com\/product\/yoast-seo-wordpress\/ -->\n<title>Presentazione del Progetto &quot;Acqua in Brocca&quot; a Polignano a Mare - La Voce del Paese<\/title>\n<meta name=\"robots\" content=\"index, follow, max-snippet:-1, max-image-preview:large, max-video-preview:-1\" \/>\n<link rel=\"canonical\" href=\"https:\/\/lavocedelpaese.info\/index.php\/2024\/06\/01\/presentazione-del-progetto-acqua-in-brocca-a-polignano-a-mare\/\" \/>\n<meta property=\"og:locale\" content=\"it_IT\" \/>\n<meta property=\"og:type\" content=\"article\" \/>\n<meta property=\"og:title\" content=\"Presentazione del Progetto &quot;Acqua in Brocca&quot; a Polignano a Mare - La Voce del Paese\" \/>\n<meta property=\"og:description\" content=\"Luned\u00ec 27 maggio, alle ore 11.00, nella sala consiliare di Palazzo di Citt\u00e0 a Polignano a Mare (Ba), si terr\u00e0\" \/>\n<meta property=\"og:url\" content=\"https:\/\/lavocedelpaese.info\/index.php\/2024\/06\/01\/presentazione-del-progetto-acqua-in-brocca-a-polignano-a-mare\/\" \/>\n<meta property=\"og:site_name\" content=\"La Voce del Paese\" \/>\n<meta property=\"article:publisher\" content=\"https:\/\/www.facebook.com\/lavocedelpaese.info\" \/>\n<meta property=\"article:published_time\" content=\"2024-06-01T19:41:15+00:00\" \/>\n<meta property=\"article:modified_time\" content=\"2024-06-01T19:41:16+00:00\" \/>\n<meta property=\"og:image\" content=\"https:\/\/lavocedelpaese.info\/wp-content\/uploads\/2024\/06\/aqp.webp\" \/>\n\t<meta property=\"og:image:width\" content=\"1000\" \/>\n\t<meta property=\"og:image:height\" content=\"591\" \/>\n\t<meta property=\"og:image:type\" content=\"image\/webp\" \/>\n<meta name=\"author\" content=\"admin\" \/>\n<meta name=\"twitter:card\" content=\"summary_large_image\" \/>\n<meta name=\"twitter:label1\" content=\"Scritto da\" \/>\n\t<meta name=\"twitter:data1\" content=\"admin\" \/>\n\t<meta name=\"twitter:label2\" content=\"Tempo di lettura stimato\" \/>\n\t<meta name=\"twitter:data2\" content=\"3 minuti\" \/>\n<script type=\"application\/ld+json\" class=\"yoast-schema-graph\">{\"@context\":\"https:\\\/\\\/schema.org\",\"@graph\":[{\"@type\":\"Article\",\"@id\":\"https:\\\/\\\/lavocedelpaese.info\\\/index.php\\\/2024\\\/06\\\/01\\\/presentazione-del-progetto-acqua-in-brocca-a-polignano-a-mare\\\/#article\",\"isPartOf\":{\"@id\":\"https:\\\/\\\/lavocedelpaese.info\\\/index.php\\\/2024\\\/06\\\/01\\\/presentazione-del-progetto-acqua-in-brocca-a-polignano-a-mare\\\/\"},\"author\":{\"name\":\"admin\",\"@id\":\"https:\\\/\\\/lavocedelpaese.info\\\/#\\\/schema\\\/person\\\/ec151d321306bd7591f7a061abf72d88\"},\"headline\":\"Presentazione del Progetto &#8220;Acqua in Brocca&#8221; a Polignano a Mare\",\"datePublished\":\"2024-06-01T19:41:15+00:00\",\"dateModified\":\"2024-06-01T19:41:16+00:00\",\"mainEntityOfPage\":{\"@id\":\"https:\\\/\\\/lavocedelpaese.info\\\/index.php\\\/2024\\\/06\\\/01\\\/presentazione-del-progetto-acqua-in-brocca-a-polignano-a-mare\\\/\"},\"wordCount\":725,\"commentCount\":0,\"publisher\":{\"@id\":\"https:\\\/\\\/lavocedelpaese.info\\\/#organization\"},\"image\":{\"@id\":\"https:\\\/\\\/lavocedelpaese.info\\\/index.php\\\/2024\\\/06\\\/01\\\/presentazione-del-progetto-acqua-in-brocca-a-polignano-a-mare\\\/#primaryimage\"},\"thumbnailUrl\":\"https:\\\/\\\/lavocedelpaese.info\\\/wp-content\\\/uploads\\\/2024\\\/06\\\/aqp.webp\",\"articleSection\":[\"Cultura\",\"network\"],\"inLanguage\":\"it-IT\",\"potentialAction\":[{\"@type\":\"CommentAction\",\"name\":\"Comment\",\"target\":[\"https:\\\/\\\/lavocedelpaese.info\\\/index.php\\\/2024\\\/06\\\/01\\\/presentazione-del-progetto-acqua-in-brocca-a-polignano-a-mare\\\/#respond\"]}]},{\"@type\":\"WebPage\",\"@id\":\"https:\\\/\\\/lavocedelpaese.info\\\/index.php\\\/2024\\\/06\\\/01\\\/presentazione-del-progetto-acqua-in-brocca-a-polignano-a-mare\\\/\",\"url\":\"https:\\\/\\\/lavocedelpaese.info\\\/index.php\\\/2024\\\/06\\\/01\\\/presentazione-del-progetto-acqua-in-brocca-a-polignano-a-mare\\\/\",\"name\":\"Presentazione del Progetto \\\"Acqua in Brocca\\\" a Polignano a Mare - La Voce del Paese\",\"isPartOf\":{\"@id\":\"https:\\\/\\\/lavocedelpaese.info\\\/#website\"},\"primaryImageOfPage\":{\"@id\":\"https:\\\/\\\/lavocedelpaese.info\\\/index.php\\\/2024\\\/06\\\/01\\\/presentazione-del-progetto-acqua-in-brocca-a-polignano-a-mare\\\/#primaryimage\"},\"image\":{\"@id\":\"https:\\\/\\\/lavocedelpaese.info\\\/index.php\\\/2024\\\/06\\\/01\\\/presentazione-del-progetto-acqua-in-brocca-a-polignano-a-mare\\\/#primaryimage\"},\"thumbnailUrl\":\"https:\\\/\\\/lavocedelpaese.info\\\/wp-content\\\/uploads\\\/2024\\\/06\\\/aqp.webp\",\"datePublished\":\"2024-06-01T19:41:15+00:00\",\"dateModified\":\"2024-06-01T19:41:16+00:00\",\"breadcrumb\":{\"@id\":\"https:\\\/\\\/lavocedelpaese.info\\\/index.php\\\/2024\\\/06\\\/01\\\/presentazione-del-progetto-acqua-in-brocca-a-polignano-a-mare\\\/#breadcrumb\"},\"inLanguage\":\"it-IT\",\"potentialAction\":[{\"@type\":\"ReadAction\",\"target\":[\"https:\\\/\\\/lavocedelpaese.info\\\/index.php\\\/2024\\\/06\\\/01\\\/presentazione-del-progetto-acqua-in-brocca-a-polignano-a-mare\\\/\"]}]},{\"@type\":\"ImageObject\",\"inLanguage\":\"it-IT\",\"@id\":\"https:\\\/\\\/lavocedelpaese.info\\\/index.php\\\/2024\\\/06\\\/01\\\/presentazione-del-progetto-acqua-in-brocca-a-polignano-a-mare\\\/#primaryimage\",\"url\":\"https:\\\/\\\/lavocedelpaese.info\\\/wp-content\\\/uploads\\\/2024\\\/06\\\/aqp.webp\",\"contentUrl\":\"https:\\\/\\\/lavocedelpaese.info\\\/wp-content\\\/uploads\\\/2024\\\/06\\\/aqp.webp\",\"width\":1000,\"height\":591},{\"@type\":\"BreadcrumbList\",\"@id\":\"https:\\\/\\\/lavocedelpaese.info\\\/index.php\\\/2024\\\/06\\\/01\\\/presentazione-del-progetto-acqua-in-brocca-a-polignano-a-mare\\\/#breadcrumb\",\"itemListElement\":[{\"@type\":\"ListItem\",\"position\":1,\"name\":\"Home\",\"item\":\"https:\\\/\\\/lavocedelpaese.info\\\/\"},{\"@type\":\"ListItem\",\"position\":2,\"name\":\"Presentazione del Progetto &#8220;Acqua in Brocca&#8221; a Polignano a Mare\"}]},{\"@type\":\"WebSite\",\"@id\":\"https:\\\/\\\/lavocedelpaese.info\\\/#website\",\"url\":\"https:\\\/\\\/lavocedelpaese.info\\\/\",\"name\":\"La Voce del Paese\",\"description\":\"Un network di idee\",\"publisher\":{\"@id\":\"https:\\\/\\\/lavocedelpaese.info\\\/#organization\"},\"potentialAction\":[{\"@type\":\"SearchAction\",\"target\":{\"@type\":\"EntryPoint\",\"urlTemplate\":\"https:\\\/\\\/lavocedelpaese.info\\\/?s={search_term_string}\"},\"query-input\":{\"@type\":\"PropertyValueSpecification\",\"valueRequired\":true,\"valueName\":\"search_term_string\"}}],\"inLanguage\":\"it-IT\"},{\"@type\":\"Organization\",\"@id\":\"https:\\\/\\\/lavocedelpaese.info\\\/#organization\",\"name\":\"La Voce del Paese\",\"url\":\"https:\\\/\\\/lavocedelpaese.info\\\/\",\"logo\":{\"@type\":\"ImageObject\",\"inLanguage\":\"it-IT\",\"@id\":\"https:\\\/\\\/lavocedelpaese.info\\\/#\\\/schema\\\/logo\\\/image\\\/\",\"url\":\"https:\\\/\\\/lavocedelpaese.info\\\/wp-content\\\/uploads\\\/2023\\\/01\\\/cropped-logo-150-127.png\",\"contentUrl\":\"https:\\\/\\\/lavocedelpaese.info\\\/wp-content\\\/uploads\\\/2023\\\/01\\\/cropped-logo-150-127.png\",\"width\":137,\"height\":119,\"caption\":\"La Voce del Paese\"},\"image\":{\"@id\":\"https:\\\/\\\/lavocedelpaese.info\\\/#\\\/schema\\\/logo\\\/image\\\/\"},\"sameAs\":[\"https:\\\/\\\/www.facebook.com\\\/lavocedelpaese.info\"]},{\"@type\":\"Person\",\"@id\":\"https:\\\/\\\/lavocedelpaese.info\\\/#\\\/schema\\\/person\\\/ec151d321306bd7591f7a061abf72d88\",\"name\":\"admin\",\"image\":{\"@type\":\"ImageObject\",\"inLanguage\":\"it-IT\",\"@id\":\"https:\\\/\\\/secure.gravatar.com\\\/avatar\\\/af8f2caf0663124588de48a9380e07cbc95a74ef15b8062d0d39106c32fe3023?s=96&d=mm&r=g\",\"url\":\"https:\\\/\\\/secure.gravatar.com\\\/avatar\\\/af8f2caf0663124588de48a9380e07cbc95a74ef15b8062d0d39106c32fe3023?s=96&d=mm&r=g\",\"contentUrl\":\"https:\\\/\\\/secure.gravatar.com\\\/avatar\\\/af8f2caf0663124588de48a9380e07cbc95a74ef15b8062d0d39106c32fe3023?s=96&d=mm&r=g\",\"caption\":\"admin\"},\"sameAs\":[\"https:\\\/\\\/lavocedelpaese.info\"],\"url\":\"https:\\\/\\\/lavocedelpaese.info\\\/index.php\\\/author\\\/admin\\\/\"}]}<\/script>\n<!-- \/ Yoast SEO plugin. -->","yoast_head_json":{"title":"Presentazione del Progetto \"Acqua in Brocca\" a Polignano a Mare - La Voce del Paese","robots":{"index":"index","follow":"follow","max-snippet":"max-snippet:-1","max-image-preview":"max-image-preview:large","max-video-preview":"max-video-preview:-1"},"canonical":"https:\/\/lavocedelpaese.info\/index.php\/2024\/06\/01\/presentazione-del-progetto-acqua-in-brocca-a-polignano-a-mare\/","og_locale":"it_IT","og_type":"article","og_title":"Presentazione del Progetto \"Acqua in Brocca\" a Polignano a Mare - La Voce del Paese","og_description":"Luned\u00ec 27 maggio, alle ore 11.00, nella sala consiliare di Palazzo di Citt\u00e0 a Polignano a Mare (Ba), si terr\u00e0","og_url":"https:\/\/lavocedelpaese.info\/index.php\/2024\/06\/01\/presentazione-del-progetto-acqua-in-brocca-a-polignano-a-mare\/","og_site_name":"La Voce del Paese","article_publisher":"https:\/\/www.facebook.com\/lavocedelpaese.info","article_published_time":"2024-06-01T19:41:15+00:00","article_modified_time":"2024-06-01T19:41:16+00:00","og_image":[{"width":1000,"height":591,"url":"https:\/\/lavocedelpaese.info\/wp-content\/uploads\/2024\/06\/aqp.webp","type":"image\/webp"}],"author":"admin","twitter_card":"summary_large_image","twitter_misc":{"Scritto da":"admin","Tempo di lettura stimato":"3 minuti"},"schema":{"@context":"https:\/\/schema.org","@graph":[{"@type":"Article","@id":"https:\/\/lavocedelpaese.info\/index.php\/2024\/06\/01\/presentazione-del-progetto-acqua-in-brocca-a-polignano-a-mare\/#article","isPartOf":{"@id":"https:\/\/lavocedelpaese.info\/index.php\/2024\/06\/01\/presentazione-del-progetto-acqua-in-brocca-a-polignano-a-mare\/"},"author":{"name":"admin","@id":"https:\/\/lavocedelpaese.info\/#\/schema\/person\/ec151d321306bd7591f7a061abf72d88"},"headline":"Presentazione del Progetto &#8220;Acqua in Brocca&#8221; a Polignano a Mare","datePublished":"2024-06-01T19:41:15+00:00","dateModified":"2024-06-01T19:41:16+00:00","mainEntityOfPage":{"@id":"https:\/\/lavocedelpaese.info\/index.php\/2024\/06\/01\/presentazione-del-progetto-acqua-in-brocca-a-polignano-a-mare\/"},"wordCount":725,"commentCount":0,"publisher":{"@id":"https:\/\/lavocedelpaese.info\/#organization"},"image":{"@id":"https:\/\/lavocedelpaese.info\/index.php\/2024\/06\/01\/presentazione-del-progetto-acqua-in-brocca-a-polignano-a-mare\/#primaryimage"},"thumbnailUrl":"https:\/\/lavocedelpaese.info\/wp-content\/uploads\/2024\/06\/aqp.webp","articleSection":["Cultura","network"],"inLanguage":"it-IT","potentialAction":[{"@type":"CommentAction","name":"Comment","target":["https:\/\/lavocedelpaese.info\/index.php\/2024\/06\/01\/presentazione-del-progetto-acqua-in-brocca-a-polignano-a-mare\/#respond"]}]},{"@type":"WebPage","@id":"https:\/\/lavocedelpaese.info\/index.php\/2024\/06\/01\/presentazione-del-progetto-acqua-in-brocca-a-polignano-a-mare\/","url":"https:\/\/lavocedelpaese.info\/index.php\/2024\/06\/01\/presentazione-del-progetto-acqua-in-brocca-a-polignano-a-mare\/","name":"Presentazione del Progetto \"Acqua in Brocca\" a Polignano a Mare - La Voce del Paese","isPartOf":{"@id":"https:\/\/lavocedelpaese.info\/#website"},"primaryImageOfPage":{"@id":"https:\/\/lavocedelpaese.info\/index.php\/2024\/06\/01\/presentazione-del-progetto-acqua-in-brocca-a-polignano-a-mare\/#primaryimage"},"image":{"@id":"https:\/\/lavocedelpaese.info\/index.php\/2024\/06\/01\/presentazione-del-progetto-acqua-in-brocca-a-polignano-a-mare\/#primaryimage"},"thumbnailUrl":"https:\/\/lavocedelpaese.info\/wp-content\/uploads\/2024\/06\/aqp.webp","datePublished":"2024-06-01T19:41:15+00:00","dateModified":"2024-06-01T19:41:16+00:00","breadcrumb":{"@id":"https:\/\/lavocedelpaese.info\/index.php\/2024\/06\/01\/presentazione-del-progetto-acqua-in-brocca-a-polignano-a-mare\/#breadcrumb"},"inLanguage":"it-IT","potentialAction":[{"@type":"ReadAction","target":["https:\/\/lavocedelpaese.info\/index.php\/2024\/06\/01\/presentazione-del-progetto-acqua-in-brocca-a-polignano-a-mare\/"]}]},{"@type":"ImageObject","inLanguage":"it-IT","@id":"https:\/\/lavocedelpaese.info\/index.php\/2024\/06\/01\/presentazione-del-progetto-acqua-in-brocca-a-polignano-a-mare\/#primaryimage","url":"https:\/\/lavocedelpaese.info\/wp-content\/uploads\/2024\/06\/aqp.webp","contentUrl":"https:\/\/lavocedelpaese.info\/wp-content\/uploads\/2024\/06\/aqp.webp","width":1000,"height":591},{"@type":"BreadcrumbList","@id":"https:\/\/lavocedelpaese.info\/index.php\/2024\/06\/01\/presentazione-del-progetto-acqua-in-brocca-a-polignano-a-mare\/#breadcrumb","itemListElement":[{"@type":"ListItem","position":1,"name":"Home","item":"https:\/\/lavocedelpaese.info\/"},{"@type":"ListItem","position":2,"name":"Presentazione del Progetto &#8220;Acqua in Brocca&#8221; a Polignano a Mare"}]},{"@type":"WebSite","@id":"https:\/\/lavocedelpaese.info\/#website","url":"https:\/\/lavocedelpaese.info\/","name":"La Voce del Paese","description":"Un network di idee","publisher":{"@id":"https:\/\/lavocedelpaese.info\/#organization"},"potentialAction":[{"@type":"SearchAction","target":{"@type":"EntryPoint","urlTemplate":"https:\/\/lavocedelpaese.info\/?s={search_term_string}"},"query-input":{"@type":"PropertyValueSpecification","valueRequired":true,"valueName":"search_term_string"}}],"inLanguage":"it-IT"},{"@type":"Organization","@id":"https:\/\/lavocedelpaese.info\/#organization","name":"La Voce del Paese","url":"https:\/\/lavocedelpaese.info\/","logo":{"@type":"ImageObject","inLanguage":"it-IT","@id":"https:\/\/lavocedelpaese.info\/#\/schema\/logo\/image\/","url":"https:\/\/lavocedelpaese.info\/wp-content\/uploads\/2023\/01\/cropped-logo-150-127.png","contentUrl":"https:\/\/lavocedelpaese.info\/wp-content\/uploads\/2023\/01\/cropped-logo-150-127.png","width":137,"height":119,"caption":"La Voce del Paese"},"image":{"@id":"https:\/\/lavocedelpaese.info\/#\/schema\/logo\/image\/"},"sameAs":["https:\/\/www.facebook.com\/lavocedelpaese.info"]},{"@type":"Person","@id":"https:\/\/lavocedelpaese.info\/#\/schema\/person\/ec151d321306bd7591f7a061abf72d88","name":"admin","image":{"@type":"ImageObject","inLanguage":"it-IT","@id":"https:\/\/secure.gravatar.com\/avatar\/af8f2caf0663124588de48a9380e07cbc95a74ef15b8062d0d39106c32fe3023?s=96&d=mm&r=g","url":"https:\/\/secure.gravatar.com\/avatar\/af8f2caf0663124588de48a9380e07cbc95a74ef15b8062d0d39106c32fe3023?s=96&d=mm&r=g","contentUrl":"https:\/\/secure.gravatar.com\/avatar\/af8f2caf0663124588de48a9380e07cbc95a74ef15b8062d0d39106c32fe3023?s=96&d=mm&r=g","caption":"admin"},"sameAs":["https:\/\/lavocedelpaese.info"],"url":"https:\/\/lavocedelpaese.info\/index.php\/author\/admin\/"}]}},"_links":{"self":[{"href":"https:\/\/lavocedelpaese.info\/index.php\/wp-json\/wp\/v2\/posts\/2024","targetHints":{"allow":["GET"]}}],"collection":[{"href":"https:\/\/lavocedelpaese.info\/index.php\/wp-json\/wp\/v2\/posts"}],"about":[{"href":"https:\/\/lavocedelpaese.info\/index.php\/wp-json\/wp\/v2\/types\/post"}],"author":[{"embeddable":true,"href":"https:\/\/lavocedelpaese.info\/index.php\/wp-json\/wp\/v2\/users\/6"}],"replies":[{"embeddable":true,"href":"https:\/\/lavocedelpaese.info\/index.php\/wp-json\/wp\/v2\/comments?post=2024"}],"version-history":[{"count":1,"href":"https:\/\/lavocedelpaese.info\/index.php\/wp-json\/wp\/v2\/posts\/2024\/revisions"}],"predecessor-version":[{"id":2026,"href":"https:\/\/lavocedelpaese.info\/index.php\/wp-json\/wp\/v2\/posts\/2024\/revisions\/2026"}],"wp:featuredmedia":[{"embeddable":true,"href":"https:\/\/lavocedelpaese.info\/index.php\/wp-json\/wp\/v2\/media\/2025"}],"wp:attachment":[{"href":"https:\/\/lavocedelpaese.info\/index.php\/wp-json\/wp\/v2\/media?parent=2024"}],"wp:term":[{"taxonomy":"category","embeddable":true,"href":"https:\/\/lavocedelpaese.info\/index.php\/wp-json\/wp\/v2\/categories?post=2024"},{"taxonomy":"post_tag","embeddable":true,"href":"https:\/\/lavocedelpaese.info\/index.php\/wp-json\/wp\/v2\/tags?post=2024"}],"curies":[{"name":"wp","href":"https:\/\/api.w.org\/{rel}","templated":true}]}}