{"id":2010,"date":"2024-06-01T19:20:02","date_gmt":"2024-06-01T19:20:02","guid":{"rendered":"https:\/\/lavocedelpaese.info\/?p=2010"},"modified":"2024-06-01T19:20:04","modified_gmt":"2024-06-01T19:20:04","slug":"giornata-commemorativa-della-strage-di-capaci","status":"publish","type":"post","link":"https:\/\/lavocedelpaese.info\/index.php\/2024\/06\/01\/giornata-commemorativa-della-strage-di-capaci\/","title":{"rendered":"Giornata Commemorativa della Strage di Capaci"},"content":{"rendered":"\n<p><strong>Il Presidente della Regione Puglia interviene alla Corte d\u2019Appello di Bari<\/strong><\/p>\n\n\n\n<p>Durante la cerimonia in ricordo del giudice Giovanni Falcone, della moglie Francesca Morvillo e degli agenti della scorta, in occasione del 32\u00b0 anniversario della strage di Capaci, il presidente della Regione Puglia ha sottolineato l&#8217;importanza di riascoltare le parole di Falcone per la loro chiarezza. Ha elogiato l&#8217;intervento della signora Luciani che ha invitato ad abbandonare l&#8217;indifferenza e adottare un impegno attivo contro la mafia. L&#8217;antimafia sociale, sostenuta dalle amministrazioni comunali e regionali, si concretizza nel dialogo e nella convinzione che la scelta mafiosa \u00e8 una via di morte.<\/p>\n\n\n\n<p>Alla cerimonia, svoltasi nell&#8217;Aula Magna della Corte di Assise di Bari, hanno partecipato autorit\u00e0 giudiziarie, istituzionali e studenti delle scuole superiori impegnati in progetti di educazione alla legalit\u00e0. La fanfara dell\u2019Aeronautica Militare ha eseguito gli inni nazionale ed europeo, e un filmato con interviste a Falcone \u00e8 stato proiettato. Un riconoscimento \u00e8 stato conferito a Arcangela Petrucci e Maria Anna Ciavarella per il loro impegno nell&#8217;antimafia sociale, in memoria dei loro mariti uccisi a San Marco in Lamis nel 2017. Negli anni passati, riconoscimenti simili sono stati dati a don Riccardo Agresti, Stefano Fumarulo e Daniela Marcone per il loro contributo alla lotta contro la mafia.<\/p>\n\n\n\n<p><em>La strage di Capaci.<\/em>&nbsp; La Strage di Capaci avvenne il 23 maggio 1992 nei pressi di Capaci, in Sicilia. Un attentato esplosivo organizzato da Cosa Nostra caus\u00f2 la morte del giudice antimafia Giovanni Falcone, di sua moglie Francesca Morvillo, anch&#8217;essa magistrato, e di tre agenti della scorta: Antonio Montinaro, Rocco Dicillo e Vito Schifani. L&#8217;attacco fu eseguito utilizzando circa 500 kg di tritolo piazzati sotto l&#8217;autostrada A29, che vennero fatti esplodere al passaggio del convoglio su cui viaggiava Falcone. L&#8217;evento scosse profondamente l&#8217;Italia, segnando un momento cruciale nella lotta contro la mafia e portando a una maggiore mobilitazione dello Stato e della societ\u00e0 civile contro la criminalit\u00e0 organizzata.<\/p>\n\n\n\n<p><em>Giovanni Falcone.<\/em> Giovanni Falcone (1939-1992) \u00e8 stato un celebre magistrato italiano, noto per il suo impegno nella lotta contro la mafia siciliana, Cosa Nostra. Nato a Palermo, Falcone dedic\u00f2 gran parte della sua carriera alla persecuzione delle attivit\u00e0 mafiose, sviluppando innovative tecniche investigative e collaborando strettamente con il collega Paolo Borsellino.&nbsp; Falcone gioc\u00f2 un ruolo cruciale nel maxiprocesso di Palermo (1986-1987), che port\u00f2 alla condanna di centinaia di mafiosi. Le sue indagini e il suo approccio sistematico smantellarono molte reti mafiose e diedero una svolta decisiva nella lotta alla criminalit\u00e0 organizzata. Il 23 maggio 1992, Falcone fu assassinato in un attentato esplosivo a Capaci, insieme alla moglie Francesca Morvillo e a tre agenti della scorta. La sua morte scosse l&#8217;Italia e rafforz\u00f2 l&#8217;impegno nazionale contro la mafia, rendendo Falcone un simbolo duraturo di giustizia e coraggio.<\/p>\n\n\n\n<p><em>Paolo Borsellino.<\/em> Paolo Borsellino (1940-1992) \u00e8 stato un influente magistrato italiano, rinomato per il suo impegno nella lotta contro la mafia siciliana, Cosa Nostra. Nato a Palermo, Borsellino lavor\u00f2 fianco a fianco con il collega e amico Giovanni Falcone, contribuendo significativamente al maxiprocesso di Palermo (1986-1987) che port\u00f2 alla condanna di numerosi mafiosi. Borsellino fu un fervente sostenitore dell&#8217;antimafia e svilupp\u00f2 strategie innovative per combattere la criminalit\u00e0 organizzata. Dopo la morte di Falcone, Borsellino continu\u00f2 a perseguire con determinazione la lotta contro la mafia, nonostante le crescenti minacce alla sua vita. Il 19 luglio 1992, meno di due mesi dopo l&#8217;assassinio di Falcone, Borsellino fu ucciso in un attentato dinamitardo in via D&#8217;Amelio a Palermo, insieme a cinque agenti della sua scorta. La sua morte, avvenuta poco dopo quella di Falcone, rafforz\u00f2 ulteriormente la determinazione dell&#8217;Italia nella lotta contro la mafia, rendendo Borsellino un simbolo di coraggio, integrit\u00e0 e dedizione alla giustizia.<\/p>\n","protected":false},"excerpt":{"rendered":"<p>Il Presidente della Regione Puglia interviene alla Corte d\u2019Appello di Bari Durante la cerimonia in ricordo del giudice Giovanni Falcone,<\/p>\n","protected":false},"author":6,"featured_media":2011,"comment_status":"open","ping_status":"closed","sticky":false,"template":"","format":"standard","meta":{"colormag_page_container_layout":"default_layout","colormag_page_sidebar_layout":"default_layout","footnotes":""},"categories":[2,34],"tags":[],"class_list":["post-2010","post","type-post","status-publish","format-standard","has-post-thumbnail","hentry","category-attualita","category-box-laterali-blocco-1"],"yoast_head":"<!-- This site is optimized with the Yoast SEO plugin v27.5 - https:\/\/yoast.com\/product\/yoast-seo-wordpress\/ -->\n<title>Giornata Commemorativa della Strage di Capaci - La Voce del Paese<\/title>\n<meta name=\"robots\" content=\"index, follow, max-snippet:-1, max-image-preview:large, max-video-preview:-1\" \/>\n<link rel=\"canonical\" href=\"https:\/\/lavocedelpaese.info\/index.php\/2024\/06\/01\/giornata-commemorativa-della-strage-di-capaci\/\" \/>\n<meta property=\"og:locale\" content=\"it_IT\" \/>\n<meta property=\"og:type\" content=\"article\" \/>\n<meta property=\"og:title\" content=\"Giornata Commemorativa della Strage di Capaci - La Voce del Paese\" \/>\n<meta property=\"og:description\" content=\"Il Presidente della Regione Puglia interviene alla Corte d\u2019Appello di Bari Durante la cerimonia in ricordo del giudice Giovanni Falcone,\" \/>\n<meta property=\"og:url\" content=\"https:\/\/lavocedelpaese.info\/index.php\/2024\/06\/01\/giornata-commemorativa-della-strage-di-capaci\/\" \/>\n<meta property=\"og:site_name\" content=\"La Voce del Paese\" \/>\n<meta property=\"article:publisher\" content=\"https:\/\/www.facebook.com\/lavocedelpaese.info\" \/>\n<meta property=\"article:published_time\" content=\"2024-06-01T19:20:02+00:00\" \/>\n<meta property=\"article:modified_time\" content=\"2024-06-01T19:20:04+00:00\" \/>\n<meta property=\"og:image\" content=\"https:\/\/lavocedelpaese.info\/wp-content\/uploads\/2024\/06\/capaci.jpg\" \/>\n\t<meta property=\"og:image:width\" content=\"768\" \/>\n\t<meta property=\"og:image:height\" content=\"505\" \/>\n\t<meta property=\"og:image:type\" content=\"image\/jpeg\" \/>\n<meta name=\"author\" content=\"admin\" \/>\n<meta name=\"twitter:card\" content=\"summary_large_image\" \/>\n<meta name=\"twitter:label1\" content=\"Scritto da\" \/>\n\t<meta name=\"twitter:data1\" content=\"admin\" \/>\n\t<meta name=\"twitter:label2\" content=\"Tempo di lettura stimato\" \/>\n\t<meta name=\"twitter:data2\" content=\"3 minuti\" \/>\n<script type=\"application\/ld+json\" class=\"yoast-schema-graph\">{\"@context\":\"https:\\\/\\\/schema.org\",\"@graph\":[{\"@type\":\"Article\",\"@id\":\"https:\\\/\\\/lavocedelpaese.info\\\/index.php\\\/2024\\\/06\\\/01\\\/giornata-commemorativa-della-strage-di-capaci\\\/#article\",\"isPartOf\":{\"@id\":\"https:\\\/\\\/lavocedelpaese.info\\\/index.php\\\/2024\\\/06\\\/01\\\/giornata-commemorativa-della-strage-di-capaci\\\/\"},\"author\":{\"name\":\"admin\",\"@id\":\"https:\\\/\\\/lavocedelpaese.info\\\/#\\\/schema\\\/person\\\/ec151d321306bd7591f7a061abf72d88\"},\"headline\":\"Giornata Commemorativa della Strage di Capaci\",\"datePublished\":\"2024-06-01T19:20:02+00:00\",\"dateModified\":\"2024-06-01T19:20:04+00:00\",\"mainEntityOfPage\":{\"@id\":\"https:\\\/\\\/lavocedelpaese.info\\\/index.php\\\/2024\\\/06\\\/01\\\/giornata-commemorativa-della-strage-di-capaci\\\/\"},\"wordCount\":615,\"commentCount\":0,\"publisher\":{\"@id\":\"https:\\\/\\\/lavocedelpaese.info\\\/#organization\"},\"image\":{\"@id\":\"https:\\\/\\\/lavocedelpaese.info\\\/index.php\\\/2024\\\/06\\\/01\\\/giornata-commemorativa-della-strage-di-capaci\\\/#primaryimage\"},\"thumbnailUrl\":\"https:\\\/\\\/lavocedelpaese.info\\\/wp-content\\\/uploads\\\/2024\\\/06\\\/capaci.jpg\",\"articleSection\":[\"Attualit\u00e0\",\"primo piano\"],\"inLanguage\":\"it-IT\",\"potentialAction\":[{\"@type\":\"CommentAction\",\"name\":\"Comment\",\"target\":[\"https:\\\/\\\/lavocedelpaese.info\\\/index.php\\\/2024\\\/06\\\/01\\\/giornata-commemorativa-della-strage-di-capaci\\\/#respond\"]}]},{\"@type\":\"WebPage\",\"@id\":\"https:\\\/\\\/lavocedelpaese.info\\\/index.php\\\/2024\\\/06\\\/01\\\/giornata-commemorativa-della-strage-di-capaci\\\/\",\"url\":\"https:\\\/\\\/lavocedelpaese.info\\\/index.php\\\/2024\\\/06\\\/01\\\/giornata-commemorativa-della-strage-di-capaci\\\/\",\"name\":\"Giornata Commemorativa della Strage di Capaci - La Voce del Paese\",\"isPartOf\":{\"@id\":\"https:\\\/\\\/lavocedelpaese.info\\\/#website\"},\"primaryImageOfPage\":{\"@id\":\"https:\\\/\\\/lavocedelpaese.info\\\/index.php\\\/2024\\\/06\\\/01\\\/giornata-commemorativa-della-strage-di-capaci\\\/#primaryimage\"},\"image\":{\"@id\":\"https:\\\/\\\/lavocedelpaese.info\\\/index.php\\\/2024\\\/06\\\/01\\\/giornata-commemorativa-della-strage-di-capaci\\\/#primaryimage\"},\"thumbnailUrl\":\"https:\\\/\\\/lavocedelpaese.info\\\/wp-content\\\/uploads\\\/2024\\\/06\\\/capaci.jpg\",\"datePublished\":\"2024-06-01T19:20:02+00:00\",\"dateModified\":\"2024-06-01T19:20:04+00:00\",\"breadcrumb\":{\"@id\":\"https:\\\/\\\/lavocedelpaese.info\\\/index.php\\\/2024\\\/06\\\/01\\\/giornata-commemorativa-della-strage-di-capaci\\\/#breadcrumb\"},\"inLanguage\":\"it-IT\",\"potentialAction\":[{\"@type\":\"ReadAction\",\"target\":[\"https:\\\/\\\/lavocedelpaese.info\\\/index.php\\\/2024\\\/06\\\/01\\\/giornata-commemorativa-della-strage-di-capaci\\\/\"]}]},{\"@type\":\"ImageObject\",\"inLanguage\":\"it-IT\",\"@id\":\"https:\\\/\\\/lavocedelpaese.info\\\/index.php\\\/2024\\\/06\\\/01\\\/giornata-commemorativa-della-strage-di-capaci\\\/#primaryimage\",\"url\":\"https:\\\/\\\/lavocedelpaese.info\\\/wp-content\\\/uploads\\\/2024\\\/06\\\/capaci.jpg\",\"contentUrl\":\"https:\\\/\\\/lavocedelpaese.info\\\/wp-content\\\/uploads\\\/2024\\\/06\\\/capaci.jpg\",\"width\":768,\"height\":505},{\"@type\":\"BreadcrumbList\",\"@id\":\"https:\\\/\\\/lavocedelpaese.info\\\/index.php\\\/2024\\\/06\\\/01\\\/giornata-commemorativa-della-strage-di-capaci\\\/#breadcrumb\",\"itemListElement\":[{\"@type\":\"ListItem\",\"position\":1,\"name\":\"Home\",\"item\":\"https:\\\/\\\/lavocedelpaese.info\\\/\"},{\"@type\":\"ListItem\",\"position\":2,\"name\":\"Giornata Commemorativa della Strage di Capaci\"}]},{\"@type\":\"WebSite\",\"@id\":\"https:\\\/\\\/lavocedelpaese.info\\\/#website\",\"url\":\"https:\\\/\\\/lavocedelpaese.info\\\/\",\"name\":\"La Voce del Paese\",\"description\":\"Un network di idee\",\"publisher\":{\"@id\":\"https:\\\/\\\/lavocedelpaese.info\\\/#organization\"},\"potentialAction\":[{\"@type\":\"SearchAction\",\"target\":{\"@type\":\"EntryPoint\",\"urlTemplate\":\"https:\\\/\\\/lavocedelpaese.info\\\/?s={search_term_string}\"},\"query-input\":{\"@type\":\"PropertyValueSpecification\",\"valueRequired\":true,\"valueName\":\"search_term_string\"}}],\"inLanguage\":\"it-IT\"},{\"@type\":\"Organization\",\"@id\":\"https:\\\/\\\/lavocedelpaese.info\\\/#organization\",\"name\":\"La Voce del Paese\",\"url\":\"https:\\\/\\\/lavocedelpaese.info\\\/\",\"logo\":{\"@type\":\"ImageObject\",\"inLanguage\":\"it-IT\",\"@id\":\"https:\\\/\\\/lavocedelpaese.info\\\/#\\\/schema\\\/logo\\\/image\\\/\",\"url\":\"https:\\\/\\\/lavocedelpaese.info\\\/wp-content\\\/uploads\\\/2023\\\/01\\\/cropped-logo-150-127.png\",\"contentUrl\":\"https:\\\/\\\/lavocedelpaese.info\\\/wp-content\\\/uploads\\\/2023\\\/01\\\/cropped-logo-150-127.png\",\"width\":137,\"height\":119,\"caption\":\"La Voce del Paese\"},\"image\":{\"@id\":\"https:\\\/\\\/lavocedelpaese.info\\\/#\\\/schema\\\/logo\\\/image\\\/\"},\"sameAs\":[\"https:\\\/\\\/www.facebook.com\\\/lavocedelpaese.info\"]},{\"@type\":\"Person\",\"@id\":\"https:\\\/\\\/lavocedelpaese.info\\\/#\\\/schema\\\/person\\\/ec151d321306bd7591f7a061abf72d88\",\"name\":\"admin\",\"image\":{\"@type\":\"ImageObject\",\"inLanguage\":\"it-IT\",\"@id\":\"https:\\\/\\\/secure.gravatar.com\\\/avatar\\\/af8f2caf0663124588de48a9380e07cbc95a74ef15b8062d0d39106c32fe3023?s=96&d=mm&r=g\",\"url\":\"https:\\\/\\\/secure.gravatar.com\\\/avatar\\\/af8f2caf0663124588de48a9380e07cbc95a74ef15b8062d0d39106c32fe3023?s=96&d=mm&r=g\",\"contentUrl\":\"https:\\\/\\\/secure.gravatar.com\\\/avatar\\\/af8f2caf0663124588de48a9380e07cbc95a74ef15b8062d0d39106c32fe3023?s=96&d=mm&r=g\",\"caption\":\"admin\"},\"sameAs\":[\"https:\\\/\\\/lavocedelpaese.info\"],\"url\":\"https:\\\/\\\/lavocedelpaese.info\\\/index.php\\\/author\\\/admin\\\/\"}]}<\/script>\n<!-- \/ Yoast SEO plugin. -->","yoast_head_json":{"title":"Giornata Commemorativa della Strage di Capaci - La Voce del Paese","robots":{"index":"index","follow":"follow","max-snippet":"max-snippet:-1","max-image-preview":"max-image-preview:large","max-video-preview":"max-video-preview:-1"},"canonical":"https:\/\/lavocedelpaese.info\/index.php\/2024\/06\/01\/giornata-commemorativa-della-strage-di-capaci\/","og_locale":"it_IT","og_type":"article","og_title":"Giornata Commemorativa della Strage di Capaci - La Voce del Paese","og_description":"Il Presidente della Regione Puglia interviene alla Corte d\u2019Appello di Bari Durante la cerimonia in ricordo del giudice Giovanni Falcone,","og_url":"https:\/\/lavocedelpaese.info\/index.php\/2024\/06\/01\/giornata-commemorativa-della-strage-di-capaci\/","og_site_name":"La Voce del Paese","article_publisher":"https:\/\/www.facebook.com\/lavocedelpaese.info","article_published_time":"2024-06-01T19:20:02+00:00","article_modified_time":"2024-06-01T19:20:04+00:00","og_image":[{"width":768,"height":505,"url":"https:\/\/lavocedelpaese.info\/wp-content\/uploads\/2024\/06\/capaci.jpg","type":"image\/jpeg"}],"author":"admin","twitter_card":"summary_large_image","twitter_misc":{"Scritto da":"admin","Tempo di lettura stimato":"3 minuti"},"schema":{"@context":"https:\/\/schema.org","@graph":[{"@type":"Article","@id":"https:\/\/lavocedelpaese.info\/index.php\/2024\/06\/01\/giornata-commemorativa-della-strage-di-capaci\/#article","isPartOf":{"@id":"https:\/\/lavocedelpaese.info\/index.php\/2024\/06\/01\/giornata-commemorativa-della-strage-di-capaci\/"},"author":{"name":"admin","@id":"https:\/\/lavocedelpaese.info\/#\/schema\/person\/ec151d321306bd7591f7a061abf72d88"},"headline":"Giornata Commemorativa della Strage di Capaci","datePublished":"2024-06-01T19:20:02+00:00","dateModified":"2024-06-01T19:20:04+00:00","mainEntityOfPage":{"@id":"https:\/\/lavocedelpaese.info\/index.php\/2024\/06\/01\/giornata-commemorativa-della-strage-di-capaci\/"},"wordCount":615,"commentCount":0,"publisher":{"@id":"https:\/\/lavocedelpaese.info\/#organization"},"image":{"@id":"https:\/\/lavocedelpaese.info\/index.php\/2024\/06\/01\/giornata-commemorativa-della-strage-di-capaci\/#primaryimage"},"thumbnailUrl":"https:\/\/lavocedelpaese.info\/wp-content\/uploads\/2024\/06\/capaci.jpg","articleSection":["Attualit\u00e0","primo piano"],"inLanguage":"it-IT","potentialAction":[{"@type":"CommentAction","name":"Comment","target":["https:\/\/lavocedelpaese.info\/index.php\/2024\/06\/01\/giornata-commemorativa-della-strage-di-capaci\/#respond"]}]},{"@type":"WebPage","@id":"https:\/\/lavocedelpaese.info\/index.php\/2024\/06\/01\/giornata-commemorativa-della-strage-di-capaci\/","url":"https:\/\/lavocedelpaese.info\/index.php\/2024\/06\/01\/giornata-commemorativa-della-strage-di-capaci\/","name":"Giornata Commemorativa della Strage di Capaci - La Voce del Paese","isPartOf":{"@id":"https:\/\/lavocedelpaese.info\/#website"},"primaryImageOfPage":{"@id":"https:\/\/lavocedelpaese.info\/index.php\/2024\/06\/01\/giornata-commemorativa-della-strage-di-capaci\/#primaryimage"},"image":{"@id":"https:\/\/lavocedelpaese.info\/index.php\/2024\/06\/01\/giornata-commemorativa-della-strage-di-capaci\/#primaryimage"},"thumbnailUrl":"https:\/\/lavocedelpaese.info\/wp-content\/uploads\/2024\/06\/capaci.jpg","datePublished":"2024-06-01T19:20:02+00:00","dateModified":"2024-06-01T19:20:04+00:00","breadcrumb":{"@id":"https:\/\/lavocedelpaese.info\/index.php\/2024\/06\/01\/giornata-commemorativa-della-strage-di-capaci\/#breadcrumb"},"inLanguage":"it-IT","potentialAction":[{"@type":"ReadAction","target":["https:\/\/lavocedelpaese.info\/index.php\/2024\/06\/01\/giornata-commemorativa-della-strage-di-capaci\/"]}]},{"@type":"ImageObject","inLanguage":"it-IT","@id":"https:\/\/lavocedelpaese.info\/index.php\/2024\/06\/01\/giornata-commemorativa-della-strage-di-capaci\/#primaryimage","url":"https:\/\/lavocedelpaese.info\/wp-content\/uploads\/2024\/06\/capaci.jpg","contentUrl":"https:\/\/lavocedelpaese.info\/wp-content\/uploads\/2024\/06\/capaci.jpg","width":768,"height":505},{"@type":"BreadcrumbList","@id":"https:\/\/lavocedelpaese.info\/index.php\/2024\/06\/01\/giornata-commemorativa-della-strage-di-capaci\/#breadcrumb","itemListElement":[{"@type":"ListItem","position":1,"name":"Home","item":"https:\/\/lavocedelpaese.info\/"},{"@type":"ListItem","position":2,"name":"Giornata Commemorativa della Strage di Capaci"}]},{"@type":"WebSite","@id":"https:\/\/lavocedelpaese.info\/#website","url":"https:\/\/lavocedelpaese.info\/","name":"La Voce del Paese","description":"Un network di idee","publisher":{"@id":"https:\/\/lavocedelpaese.info\/#organization"},"potentialAction":[{"@type":"SearchAction","target":{"@type":"EntryPoint","urlTemplate":"https:\/\/lavocedelpaese.info\/?s={search_term_string}"},"query-input":{"@type":"PropertyValueSpecification","valueRequired":true,"valueName":"search_term_string"}}],"inLanguage":"it-IT"},{"@type":"Organization","@id":"https:\/\/lavocedelpaese.info\/#organization","name":"La Voce del Paese","url":"https:\/\/lavocedelpaese.info\/","logo":{"@type":"ImageObject","inLanguage":"it-IT","@id":"https:\/\/lavocedelpaese.info\/#\/schema\/logo\/image\/","url":"https:\/\/lavocedelpaese.info\/wp-content\/uploads\/2023\/01\/cropped-logo-150-127.png","contentUrl":"https:\/\/lavocedelpaese.info\/wp-content\/uploads\/2023\/01\/cropped-logo-150-127.png","width":137,"height":119,"caption":"La Voce del Paese"},"image":{"@id":"https:\/\/lavocedelpaese.info\/#\/schema\/logo\/image\/"},"sameAs":["https:\/\/www.facebook.com\/lavocedelpaese.info"]},{"@type":"Person","@id":"https:\/\/lavocedelpaese.info\/#\/schema\/person\/ec151d321306bd7591f7a061abf72d88","name":"admin","image":{"@type":"ImageObject","inLanguage":"it-IT","@id":"https:\/\/secure.gravatar.com\/avatar\/af8f2caf0663124588de48a9380e07cbc95a74ef15b8062d0d39106c32fe3023?s=96&d=mm&r=g","url":"https:\/\/secure.gravatar.com\/avatar\/af8f2caf0663124588de48a9380e07cbc95a74ef15b8062d0d39106c32fe3023?s=96&d=mm&r=g","contentUrl":"https:\/\/secure.gravatar.com\/avatar\/af8f2caf0663124588de48a9380e07cbc95a74ef15b8062d0d39106c32fe3023?s=96&d=mm&r=g","caption":"admin"},"sameAs":["https:\/\/lavocedelpaese.info"],"url":"https:\/\/lavocedelpaese.info\/index.php\/author\/admin\/"}]}},"_links":{"self":[{"href":"https:\/\/lavocedelpaese.info\/index.php\/wp-json\/wp\/v2\/posts\/2010","targetHints":{"allow":["GET"]}}],"collection":[{"href":"https:\/\/lavocedelpaese.info\/index.php\/wp-json\/wp\/v2\/posts"}],"about":[{"href":"https:\/\/lavocedelpaese.info\/index.php\/wp-json\/wp\/v2\/types\/post"}],"author":[{"embeddable":true,"href":"https:\/\/lavocedelpaese.info\/index.php\/wp-json\/wp\/v2\/users\/6"}],"replies":[{"embeddable":true,"href":"https:\/\/lavocedelpaese.info\/index.php\/wp-json\/wp\/v2\/comments?post=2010"}],"version-history":[{"count":1,"href":"https:\/\/lavocedelpaese.info\/index.php\/wp-json\/wp\/v2\/posts\/2010\/revisions"}],"predecessor-version":[{"id":2012,"href":"https:\/\/lavocedelpaese.info\/index.php\/wp-json\/wp\/v2\/posts\/2010\/revisions\/2012"}],"wp:featuredmedia":[{"embeddable":true,"href":"https:\/\/lavocedelpaese.info\/index.php\/wp-json\/wp\/v2\/media\/2011"}],"wp:attachment":[{"href":"https:\/\/lavocedelpaese.info\/index.php\/wp-json\/wp\/v2\/media?parent=2010"}],"wp:term":[{"taxonomy":"category","embeddable":true,"href":"https:\/\/lavocedelpaese.info\/index.php\/wp-json\/wp\/v2\/categories?post=2010"},{"taxonomy":"post_tag","embeddable":true,"href":"https:\/\/lavocedelpaese.info\/index.php\/wp-json\/wp\/v2\/tags?post=2010"}],"curies":[{"name":"wp","href":"https:\/\/api.w.org\/{rel}","templated":true}]}}