{"id":1931,"date":"2024-01-17T21:46:32","date_gmt":"2024-01-17T21:46:32","guid":{"rendered":"https:\/\/lavocedelpaese.info\/?p=1931"},"modified":"2024-01-26T01:14:55","modified_gmt":"2024-01-26T01:14:55","slug":"nino-palmieri-un-eccezionale-artista-eclettico","status":"publish","type":"post","link":"https:\/\/lavocedelpaese.info\/index.php\/2024\/01\/17\/nino-palmieri-un-eccezionale-artista-eclettico\/","title":{"rendered":"Nino Palmieri: un eccezionale artista eclettico"},"content":{"rendered":"\n<p>Nino Palmieri \u00e8 un artista che si \u00e8 affermato nel mondo dell\u2019arte come una figura caleidoscopica. Partendo dall\u2019arte culinaria, il suo percorso artistico approda nel mondo della scrittura e della pittura, scalando la vetta del successo in ogni ambito in cui si cimenta con risultati eccellenti. \u00c8 un talento eclettico che emerge grazie alle sue doti artistiche poliedriche.<\/p>\n\n\n\n<h2 class=\"wp-block-heading\">Dal fuoco dell\u2019arte culinaria al cuore della scrittura<\/h2>\n\n\n\n<p>La carriera di Nino Palmieri parte dal mondo culinario, e grazie ai numerosi riconoscimenti ottenuti nel corso degli anni diventa uno chef affermato. ll suo estro artistico lo spinge verso nuovi orizzonti approdando nel mondo della scrittura, con la pubblicazione del suo primo romanzo autobiografico, \u201cDal niente al mai abbastanza\u201d. Acclamato dal pubblico, questo capolavoro \u00e8 stato oggetto in pochi mesi di una seconda ristampa.<\/p>\n\n\n\n<h2 class=\"wp-block-heading\">L\u2019avventura artistica nel mondo dell\u2019arte pittorica<\/h2>\n\n\n\n<p>Non ancora soddisfatto dal mondo dell\u2019arte letteraria, viene attratto dalla pittura iniziando una nuova avventura artistica. Anche qui, l\u2019artista ci sorprende, regalandoci delle eccellenti opere con un equilibrio delle forme innato e uno straordinario senso della composizione, che nonostante trasmettano una leggera inquietudine, sono l\u2019espressione di un artista che vuole domare il sacro fuoco dell\u2019arte cos\u00ec come sa domare il fuoco dei fornelli, con un talento artistico eccezionale.<\/p>\n\n\n\n<h2 class=\"wp-block-heading\">Gli eccezionali risultati nel mondo dell\u2019arte e la sua versatilit\u00e0<\/h2>\n\n\n\n<figure data-wp-context=\"{&quot;imageId&quot;:&quot;69f20bb497be2&quot;}\" data-wp-interactive=\"core\/image\" data-wp-key=\"69f20bb497be2\" class=\"wp-block-image alignright size-full wp-lightbox-container\"><img decoding=\"async\" width=\"500\" height=\"500\" data-wp-class--hide=\"state.isContentHidden\" data-wp-class--show=\"state.isContentVisible\" data-wp-init=\"callbacks.setButtonStyles\" data-wp-on--click=\"actions.showLightbox\" data-wp-on--load=\"callbacks.setButtonStyles\" data-wp-on-window--resize=\"callbacks.setButtonStyles\" src=\"https:\/\/lavocedelpaese.info\/wp-content\/uploads\/2024\/01\/nino-palmieri-2.jpeg\" alt=\"\" class=\"wp-image-1932\" srcset=\"https:\/\/lavocedelpaese.info\/wp-content\/uploads\/2024\/01\/nino-palmieri-2.jpeg 500w, https:\/\/lavocedelpaese.info\/wp-content\/uploads\/2024\/01\/nino-palmieri-2-300x300.jpeg 300w, https:\/\/lavocedelpaese.info\/wp-content\/uploads\/2024\/01\/nino-palmieri-2-150x150.jpeg 150w\" sizes=\"(max-width: 500px) 100vw, 500px\" \/><button\n\t\t\tclass=\"lightbox-trigger\"\n\t\t\ttype=\"button\"\n\t\t\taria-haspopup=\"dialog\"\n\t\t\taria-label=\"Ingrandisci\"\n\t\t\tdata-wp-init=\"callbacks.initTriggerButton\"\n\t\t\tdata-wp-on--click=\"actions.showLightbox\"\n\t\t\tdata-wp-style--right=\"state.imageButtonRight\"\n\t\t\tdata-wp-style--top=\"state.imageButtonTop\"\n\t\t>\n\t\t\t<svg xmlns=\"http:\/\/www.w3.org\/2000\/svg\" width=\"12\" height=\"12\" fill=\"none\" viewBox=\"0 0 12 12\">\n\t\t\t\t<path fill=\"#fff\" d=\"M2 0a2 2 0 0 0-2 2v2h1.5V2a.5.5 0 0 1 .5-.5h2V0H2Zm2 10.5H2a.5.5 0 0 1-.5-.5V8H0v2a2 2 0 0 0 2 2h2v-1.5ZM8 12v-1.5h2a.5.5 0 0 0 .5-.5V8H12v2a2 2 0 0 1-2 2H8Zm2-12a2 2 0 0 1 2 2v2h-1.5V2a.5.5 0 0 0-.5-.5H8V0h2Z\" \/>\n\t\t\t<\/svg>\n\t\t<\/button><\/figure>\n\n\n\n<p>L\u2019artista Nino Palmieri, nonostante si sia avvicinato al mondo dell\u2019arte pittorica da poco tempo, ha gi\u00e0 raggiunto degli importanti risultati in termini di riconoscimento ed elogi da parte della critica istituzionale.<\/p>\n\n\n\n<p>Le sue opere hanno ricevuto una certificazione d\u2019autore con un notevole coefficiente di riconoscimento; quindi la produzione artistica di Nino Palmieri ha un valore certificato, espressione del notevole apprezzamento nel mondo della pittura.<\/p>\n\n\n\n<p>Ancora una volta Nino Palmieri ci ha dimostrato con quanta facilit\u00e0 riesce a domare in modo ineccepibile diverse forme di arte. \u00c8 un artista con una creativit\u00e0 senza limiti, che gli permette di raggiungere il proprio pubblico attraverso diversi mezzi di comunicazione, esprimendo il suo innato talento sia nel mondo dell\u2019arte culinaria, che letteraria e pittorica, e toccando il cuore di chiunque incontri nel suo cammino.<\/p>\n\n\n\n<p>Contatti<\/p>\n\n\n\n<p>Instagram: <a href=\"https:\/\/www.instagram.com\/ninopalmieriartista\/\" data-type=\"link\" data-id=\"https:\/\/www.instagram.com\/ninopalmieriartista\/\" target=\"_blank\" rel=\"noreferrer noopener\">ninopalmieriartista<\/a><br>TikTok: <a href=\"https:\/\/www.tiktok.com\/@nino.palmieri.art?_t=8hWBegAaWBt&amp;_r=1\" target=\"_blank\" rel=\"noreferrer noopener\">nino.palmieri.art<\/a><br>Facebook: <a href=\"https:\/\/www.facebook.com\/ninopalmieri\" target=\"_blank\" rel=\"noreferrer noopener\">Nino Palmieri<\/a><\/p>\n","protected":false},"excerpt":{"rendered":"<p>Nino Palmieri \u00e8 un artista che si \u00e8 affermato nel mondo dell\u2019arte come una figura caleidoscopica. Partendo dall\u2019arte culinaria, il<\/p>\n","protected":false},"author":6,"featured_media":1933,"comment_status":"open","ping_status":"closed","sticky":false,"template":"","format":"standard","meta":{"colormag_page_container_layout":"default_layout","colormag_page_sidebar_layout":"default_layout","footnotes":""},"categories":[5,34],"tags":[38],"class_list":["post-1931","post","type-post","status-publish","format-standard","has-post-thumbnail","hentry","category-cultura","category-box-laterali-blocco-1","tag-nino-palmieri-artista"],"yoast_head":"<!-- This site is optimized with the Yoast SEO plugin v27.5 - https:\/\/yoast.com\/product\/yoast-seo-wordpress\/ -->\n<title>Nino Palmieri: un eccezionale artista eclettico - La Voce del Paese<\/title>\n<meta name=\"robots\" content=\"index, follow, max-snippet:-1, max-image-preview:large, max-video-preview:-1\" \/>\n<link rel=\"canonical\" href=\"https:\/\/lavocedelpaese.info\/index.php\/2024\/01\/17\/nino-palmieri-un-eccezionale-artista-eclettico\/\" \/>\n<meta property=\"og:locale\" content=\"it_IT\" \/>\n<meta property=\"og:type\" content=\"article\" \/>\n<meta property=\"og:title\" content=\"Nino Palmieri: un eccezionale artista eclettico - La Voce del Paese\" \/>\n<meta property=\"og:description\" content=\"Nino Palmieri \u00e8 un artista che si \u00e8 affermato nel mondo dell\u2019arte come una figura caleidoscopica. Partendo dall\u2019arte culinaria, il\" \/>\n<meta property=\"og:url\" content=\"https:\/\/lavocedelpaese.info\/index.php\/2024\/01\/17\/nino-palmieri-un-eccezionale-artista-eclettico\/\" \/>\n<meta property=\"og:site_name\" content=\"La Voce del Paese\" \/>\n<meta property=\"article:publisher\" content=\"https:\/\/www.facebook.com\/lavocedelpaese.info\" \/>\n<meta property=\"article:published_time\" content=\"2024-01-17T21:46:32+00:00\" \/>\n<meta property=\"article:modified_time\" content=\"2024-01-26T01:14:55+00:00\" \/>\n<meta property=\"og:image\" content=\"https:\/\/lavocedelpaese.info\/wp-content\/uploads\/2024\/01\/nino-palmieri-1.jpeg\" \/>\n\t<meta property=\"og:image:width\" content=\"757\" \/>\n\t<meta property=\"og:image:height\" content=\"800\" \/>\n\t<meta property=\"og:image:type\" content=\"image\/jpeg\" \/>\n<meta name=\"author\" content=\"admin\" \/>\n<meta name=\"twitter:card\" content=\"summary_large_image\" \/>\n<meta name=\"twitter:label1\" content=\"Scritto da\" \/>\n\t<meta name=\"twitter:data1\" content=\"admin\" \/>\n\t<meta name=\"twitter:label2\" content=\"Tempo di lettura stimato\" \/>\n\t<meta name=\"twitter:data2\" content=\"2 minuti\" \/>\n<script type=\"application\/ld+json\" class=\"yoast-schema-graph\">{\"@context\":\"https:\\\/\\\/schema.org\",\"@graph\":[{\"@type\":\"Article\",\"@id\":\"https:\\\/\\\/lavocedelpaese.info\\\/index.php\\\/2024\\\/01\\\/17\\\/nino-palmieri-un-eccezionale-artista-eclettico\\\/#article\",\"isPartOf\":{\"@id\":\"https:\\\/\\\/lavocedelpaese.info\\\/index.php\\\/2024\\\/01\\\/17\\\/nino-palmieri-un-eccezionale-artista-eclettico\\\/\"},\"author\":{\"name\":\"admin\",\"@id\":\"https:\\\/\\\/lavocedelpaese.info\\\/#\\\/schema\\\/person\\\/ec151d321306bd7591f7a061abf72d88\"},\"headline\":\"Nino Palmieri: un eccezionale artista eclettico\",\"datePublished\":\"2024-01-17T21:46:32+00:00\",\"dateModified\":\"2024-01-26T01:14:55+00:00\",\"mainEntityOfPage\":{\"@id\":\"https:\\\/\\\/lavocedelpaese.info\\\/index.php\\\/2024\\\/01\\\/17\\\/nino-palmieri-un-eccezionale-artista-eclettico\\\/\"},\"wordCount\":370,\"commentCount\":0,\"publisher\":{\"@id\":\"https:\\\/\\\/lavocedelpaese.info\\\/#organization\"},\"image\":{\"@id\":\"https:\\\/\\\/lavocedelpaese.info\\\/index.php\\\/2024\\\/01\\\/17\\\/nino-palmieri-un-eccezionale-artista-eclettico\\\/#primaryimage\"},\"thumbnailUrl\":\"https:\\\/\\\/lavocedelpaese.info\\\/wp-content\\\/uploads\\\/2024\\\/01\\\/nino-palmieri-1.jpeg\",\"keywords\":[\"nino palmieri artista\"],\"articleSection\":[\"Cultura\",\"primo piano\"],\"inLanguage\":\"it-IT\",\"potentialAction\":[{\"@type\":\"CommentAction\",\"name\":\"Comment\",\"target\":[\"https:\\\/\\\/lavocedelpaese.info\\\/index.php\\\/2024\\\/01\\\/17\\\/nino-palmieri-un-eccezionale-artista-eclettico\\\/#respond\"]}]},{\"@type\":\"WebPage\",\"@id\":\"https:\\\/\\\/lavocedelpaese.info\\\/index.php\\\/2024\\\/01\\\/17\\\/nino-palmieri-un-eccezionale-artista-eclettico\\\/\",\"url\":\"https:\\\/\\\/lavocedelpaese.info\\\/index.php\\\/2024\\\/01\\\/17\\\/nino-palmieri-un-eccezionale-artista-eclettico\\\/\",\"name\":\"Nino Palmieri: un eccezionale artista eclettico - La Voce del Paese\",\"isPartOf\":{\"@id\":\"https:\\\/\\\/lavocedelpaese.info\\\/#website\"},\"primaryImageOfPage\":{\"@id\":\"https:\\\/\\\/lavocedelpaese.info\\\/index.php\\\/2024\\\/01\\\/17\\\/nino-palmieri-un-eccezionale-artista-eclettico\\\/#primaryimage\"},\"image\":{\"@id\":\"https:\\\/\\\/lavocedelpaese.info\\\/index.php\\\/2024\\\/01\\\/17\\\/nino-palmieri-un-eccezionale-artista-eclettico\\\/#primaryimage\"},\"thumbnailUrl\":\"https:\\\/\\\/lavocedelpaese.info\\\/wp-content\\\/uploads\\\/2024\\\/01\\\/nino-palmieri-1.jpeg\",\"datePublished\":\"2024-01-17T21:46:32+00:00\",\"dateModified\":\"2024-01-26T01:14:55+00:00\",\"breadcrumb\":{\"@id\":\"https:\\\/\\\/lavocedelpaese.info\\\/index.php\\\/2024\\\/01\\\/17\\\/nino-palmieri-un-eccezionale-artista-eclettico\\\/#breadcrumb\"},\"inLanguage\":\"it-IT\",\"potentialAction\":[{\"@type\":\"ReadAction\",\"target\":[\"https:\\\/\\\/lavocedelpaese.info\\\/index.php\\\/2024\\\/01\\\/17\\\/nino-palmieri-un-eccezionale-artista-eclettico\\\/\"]}]},{\"@type\":\"ImageObject\",\"inLanguage\":\"it-IT\",\"@id\":\"https:\\\/\\\/lavocedelpaese.info\\\/index.php\\\/2024\\\/01\\\/17\\\/nino-palmieri-un-eccezionale-artista-eclettico\\\/#primaryimage\",\"url\":\"https:\\\/\\\/lavocedelpaese.info\\\/wp-content\\\/uploads\\\/2024\\\/01\\\/nino-palmieri-1.jpeg\",\"contentUrl\":\"https:\\\/\\\/lavocedelpaese.info\\\/wp-content\\\/uploads\\\/2024\\\/01\\\/nino-palmieri-1.jpeg\",\"width\":757,\"height\":800},{\"@type\":\"BreadcrumbList\",\"@id\":\"https:\\\/\\\/lavocedelpaese.info\\\/index.php\\\/2024\\\/01\\\/17\\\/nino-palmieri-un-eccezionale-artista-eclettico\\\/#breadcrumb\",\"itemListElement\":[{\"@type\":\"ListItem\",\"position\":1,\"name\":\"Home\",\"item\":\"https:\\\/\\\/lavocedelpaese.info\\\/\"},{\"@type\":\"ListItem\",\"position\":2,\"name\":\"Nino Palmieri: un eccezionale artista eclettico\"}]},{\"@type\":\"WebSite\",\"@id\":\"https:\\\/\\\/lavocedelpaese.info\\\/#website\",\"url\":\"https:\\\/\\\/lavocedelpaese.info\\\/\",\"name\":\"La Voce del Paese\",\"description\":\"Un network di idee\",\"publisher\":{\"@id\":\"https:\\\/\\\/lavocedelpaese.info\\\/#organization\"},\"potentialAction\":[{\"@type\":\"SearchAction\",\"target\":{\"@type\":\"EntryPoint\",\"urlTemplate\":\"https:\\\/\\\/lavocedelpaese.info\\\/?s={search_term_string}\"},\"query-input\":{\"@type\":\"PropertyValueSpecification\",\"valueRequired\":true,\"valueName\":\"search_term_string\"}}],\"inLanguage\":\"it-IT\"},{\"@type\":\"Organization\",\"@id\":\"https:\\\/\\\/lavocedelpaese.info\\\/#organization\",\"name\":\"La Voce del Paese\",\"url\":\"https:\\\/\\\/lavocedelpaese.info\\\/\",\"logo\":{\"@type\":\"ImageObject\",\"inLanguage\":\"it-IT\",\"@id\":\"https:\\\/\\\/lavocedelpaese.info\\\/#\\\/schema\\\/logo\\\/image\\\/\",\"url\":\"https:\\\/\\\/lavocedelpaese.info\\\/wp-content\\\/uploads\\\/2023\\\/01\\\/cropped-logo-150-127.png\",\"contentUrl\":\"https:\\\/\\\/lavocedelpaese.info\\\/wp-content\\\/uploads\\\/2023\\\/01\\\/cropped-logo-150-127.png\",\"width\":137,\"height\":119,\"caption\":\"La Voce del Paese\"},\"image\":{\"@id\":\"https:\\\/\\\/lavocedelpaese.info\\\/#\\\/schema\\\/logo\\\/image\\\/\"},\"sameAs\":[\"https:\\\/\\\/www.facebook.com\\\/lavocedelpaese.info\"]},{\"@type\":\"Person\",\"@id\":\"https:\\\/\\\/lavocedelpaese.info\\\/#\\\/schema\\\/person\\\/ec151d321306bd7591f7a061abf72d88\",\"name\":\"admin\",\"image\":{\"@type\":\"ImageObject\",\"inLanguage\":\"it-IT\",\"@id\":\"https:\\\/\\\/secure.gravatar.com\\\/avatar\\\/af8f2caf0663124588de48a9380e07cbc95a74ef15b8062d0d39106c32fe3023?s=96&d=mm&r=g\",\"url\":\"https:\\\/\\\/secure.gravatar.com\\\/avatar\\\/af8f2caf0663124588de48a9380e07cbc95a74ef15b8062d0d39106c32fe3023?s=96&d=mm&r=g\",\"contentUrl\":\"https:\\\/\\\/secure.gravatar.com\\\/avatar\\\/af8f2caf0663124588de48a9380e07cbc95a74ef15b8062d0d39106c32fe3023?s=96&d=mm&r=g\",\"caption\":\"admin\"},\"sameAs\":[\"https:\\\/\\\/lavocedelpaese.info\"],\"url\":\"https:\\\/\\\/lavocedelpaese.info\\\/index.php\\\/author\\\/admin\\\/\"}]}<\/script>\n<!-- \/ Yoast SEO plugin. -->","yoast_head_json":{"title":"Nino Palmieri: un eccezionale artista eclettico - La Voce del Paese","robots":{"index":"index","follow":"follow","max-snippet":"max-snippet:-1","max-image-preview":"max-image-preview:large","max-video-preview":"max-video-preview:-1"},"canonical":"https:\/\/lavocedelpaese.info\/index.php\/2024\/01\/17\/nino-palmieri-un-eccezionale-artista-eclettico\/","og_locale":"it_IT","og_type":"article","og_title":"Nino Palmieri: un eccezionale artista eclettico - La Voce del Paese","og_description":"Nino Palmieri \u00e8 un artista che si \u00e8 affermato nel mondo dell\u2019arte come una figura caleidoscopica. Partendo dall\u2019arte culinaria, il","og_url":"https:\/\/lavocedelpaese.info\/index.php\/2024\/01\/17\/nino-palmieri-un-eccezionale-artista-eclettico\/","og_site_name":"La Voce del Paese","article_publisher":"https:\/\/www.facebook.com\/lavocedelpaese.info","article_published_time":"2024-01-17T21:46:32+00:00","article_modified_time":"2024-01-26T01:14:55+00:00","og_image":[{"width":757,"height":800,"url":"https:\/\/lavocedelpaese.info\/wp-content\/uploads\/2024\/01\/nino-palmieri-1.jpeg","type":"image\/jpeg"}],"author":"admin","twitter_card":"summary_large_image","twitter_misc":{"Scritto da":"admin","Tempo di lettura stimato":"2 minuti"},"schema":{"@context":"https:\/\/schema.org","@graph":[{"@type":"Article","@id":"https:\/\/lavocedelpaese.info\/index.php\/2024\/01\/17\/nino-palmieri-un-eccezionale-artista-eclettico\/#article","isPartOf":{"@id":"https:\/\/lavocedelpaese.info\/index.php\/2024\/01\/17\/nino-palmieri-un-eccezionale-artista-eclettico\/"},"author":{"name":"admin","@id":"https:\/\/lavocedelpaese.info\/#\/schema\/person\/ec151d321306bd7591f7a061abf72d88"},"headline":"Nino Palmieri: un eccezionale artista eclettico","datePublished":"2024-01-17T21:46:32+00:00","dateModified":"2024-01-26T01:14:55+00:00","mainEntityOfPage":{"@id":"https:\/\/lavocedelpaese.info\/index.php\/2024\/01\/17\/nino-palmieri-un-eccezionale-artista-eclettico\/"},"wordCount":370,"commentCount":0,"publisher":{"@id":"https:\/\/lavocedelpaese.info\/#organization"},"image":{"@id":"https:\/\/lavocedelpaese.info\/index.php\/2024\/01\/17\/nino-palmieri-un-eccezionale-artista-eclettico\/#primaryimage"},"thumbnailUrl":"https:\/\/lavocedelpaese.info\/wp-content\/uploads\/2024\/01\/nino-palmieri-1.jpeg","keywords":["nino palmieri artista"],"articleSection":["Cultura","primo piano"],"inLanguage":"it-IT","potentialAction":[{"@type":"CommentAction","name":"Comment","target":["https:\/\/lavocedelpaese.info\/index.php\/2024\/01\/17\/nino-palmieri-un-eccezionale-artista-eclettico\/#respond"]}]},{"@type":"WebPage","@id":"https:\/\/lavocedelpaese.info\/index.php\/2024\/01\/17\/nino-palmieri-un-eccezionale-artista-eclettico\/","url":"https:\/\/lavocedelpaese.info\/index.php\/2024\/01\/17\/nino-palmieri-un-eccezionale-artista-eclettico\/","name":"Nino Palmieri: un eccezionale artista eclettico - La Voce del Paese","isPartOf":{"@id":"https:\/\/lavocedelpaese.info\/#website"},"primaryImageOfPage":{"@id":"https:\/\/lavocedelpaese.info\/index.php\/2024\/01\/17\/nino-palmieri-un-eccezionale-artista-eclettico\/#primaryimage"},"image":{"@id":"https:\/\/lavocedelpaese.info\/index.php\/2024\/01\/17\/nino-palmieri-un-eccezionale-artista-eclettico\/#primaryimage"},"thumbnailUrl":"https:\/\/lavocedelpaese.info\/wp-content\/uploads\/2024\/01\/nino-palmieri-1.jpeg","datePublished":"2024-01-17T21:46:32+00:00","dateModified":"2024-01-26T01:14:55+00:00","breadcrumb":{"@id":"https:\/\/lavocedelpaese.info\/index.php\/2024\/01\/17\/nino-palmieri-un-eccezionale-artista-eclettico\/#breadcrumb"},"inLanguage":"it-IT","potentialAction":[{"@type":"ReadAction","target":["https:\/\/lavocedelpaese.info\/index.php\/2024\/01\/17\/nino-palmieri-un-eccezionale-artista-eclettico\/"]}]},{"@type":"ImageObject","inLanguage":"it-IT","@id":"https:\/\/lavocedelpaese.info\/index.php\/2024\/01\/17\/nino-palmieri-un-eccezionale-artista-eclettico\/#primaryimage","url":"https:\/\/lavocedelpaese.info\/wp-content\/uploads\/2024\/01\/nino-palmieri-1.jpeg","contentUrl":"https:\/\/lavocedelpaese.info\/wp-content\/uploads\/2024\/01\/nino-palmieri-1.jpeg","width":757,"height":800},{"@type":"BreadcrumbList","@id":"https:\/\/lavocedelpaese.info\/index.php\/2024\/01\/17\/nino-palmieri-un-eccezionale-artista-eclettico\/#breadcrumb","itemListElement":[{"@type":"ListItem","position":1,"name":"Home","item":"https:\/\/lavocedelpaese.info\/"},{"@type":"ListItem","position":2,"name":"Nino Palmieri: un eccezionale artista eclettico"}]},{"@type":"WebSite","@id":"https:\/\/lavocedelpaese.info\/#website","url":"https:\/\/lavocedelpaese.info\/","name":"La Voce del Paese","description":"Un network di idee","publisher":{"@id":"https:\/\/lavocedelpaese.info\/#organization"},"potentialAction":[{"@type":"SearchAction","target":{"@type":"EntryPoint","urlTemplate":"https:\/\/lavocedelpaese.info\/?s={search_term_string}"},"query-input":{"@type":"PropertyValueSpecification","valueRequired":true,"valueName":"search_term_string"}}],"inLanguage":"it-IT"},{"@type":"Organization","@id":"https:\/\/lavocedelpaese.info\/#organization","name":"La Voce del Paese","url":"https:\/\/lavocedelpaese.info\/","logo":{"@type":"ImageObject","inLanguage":"it-IT","@id":"https:\/\/lavocedelpaese.info\/#\/schema\/logo\/image\/","url":"https:\/\/lavocedelpaese.info\/wp-content\/uploads\/2023\/01\/cropped-logo-150-127.png","contentUrl":"https:\/\/lavocedelpaese.info\/wp-content\/uploads\/2023\/01\/cropped-logo-150-127.png","width":137,"height":119,"caption":"La Voce del Paese"},"image":{"@id":"https:\/\/lavocedelpaese.info\/#\/schema\/logo\/image\/"},"sameAs":["https:\/\/www.facebook.com\/lavocedelpaese.info"]},{"@type":"Person","@id":"https:\/\/lavocedelpaese.info\/#\/schema\/person\/ec151d321306bd7591f7a061abf72d88","name":"admin","image":{"@type":"ImageObject","inLanguage":"it-IT","@id":"https:\/\/secure.gravatar.com\/avatar\/af8f2caf0663124588de48a9380e07cbc95a74ef15b8062d0d39106c32fe3023?s=96&d=mm&r=g","url":"https:\/\/secure.gravatar.com\/avatar\/af8f2caf0663124588de48a9380e07cbc95a74ef15b8062d0d39106c32fe3023?s=96&d=mm&r=g","contentUrl":"https:\/\/secure.gravatar.com\/avatar\/af8f2caf0663124588de48a9380e07cbc95a74ef15b8062d0d39106c32fe3023?s=96&d=mm&r=g","caption":"admin"},"sameAs":["https:\/\/lavocedelpaese.info"],"url":"https:\/\/lavocedelpaese.info\/index.php\/author\/admin\/"}]}},"_links":{"self":[{"href":"https:\/\/lavocedelpaese.info\/index.php\/wp-json\/wp\/v2\/posts\/1931","targetHints":{"allow":["GET"]}}],"collection":[{"href":"https:\/\/lavocedelpaese.info\/index.php\/wp-json\/wp\/v2\/posts"}],"about":[{"href":"https:\/\/lavocedelpaese.info\/index.php\/wp-json\/wp\/v2\/types\/post"}],"author":[{"embeddable":true,"href":"https:\/\/lavocedelpaese.info\/index.php\/wp-json\/wp\/v2\/users\/6"}],"replies":[{"embeddable":true,"href":"https:\/\/lavocedelpaese.info\/index.php\/wp-json\/wp\/v2\/comments?post=1931"}],"version-history":[{"count":2,"href":"https:\/\/lavocedelpaese.info\/index.php\/wp-json\/wp\/v2\/posts\/1931\/revisions"}],"predecessor-version":[{"id":1935,"href":"https:\/\/lavocedelpaese.info\/index.php\/wp-json\/wp\/v2\/posts\/1931\/revisions\/1935"}],"wp:featuredmedia":[{"embeddable":true,"href":"https:\/\/lavocedelpaese.info\/index.php\/wp-json\/wp\/v2\/media\/1933"}],"wp:attachment":[{"href":"https:\/\/lavocedelpaese.info\/index.php\/wp-json\/wp\/v2\/media?parent=1931"}],"wp:term":[{"taxonomy":"category","embeddable":true,"href":"https:\/\/lavocedelpaese.info\/index.php\/wp-json\/wp\/v2\/categories?post=1931"},{"taxonomy":"post_tag","embeddable":true,"href":"https:\/\/lavocedelpaese.info\/index.php\/wp-json\/wp\/v2\/tags?post=1931"}],"curies":[{"name":"wp","href":"https:\/\/api.w.org\/{rel}","templated":true}]}}