{"id":1915,"date":"2023-08-22T07:27:16","date_gmt":"2023-08-22T07:27:16","guid":{"rendered":"https:\/\/lavocedelpaese.info\/index.php\/2023\/08\/22\/cinema-in-piazza-domani-ce-corro-da-te\/"},"modified":"2023-08-22T07:27:16","modified_gmt":"2023-08-22T07:27:16","slug":"cinema-in-piazza-domani-ce-corro-da-te","status":"publish","type":"post","link":"https:\/\/lavocedelpaese.info\/index.php\/2023\/08\/22\/cinema-in-piazza-domani-ce-corro-da-te\/","title":{"rendered":"Cinema in piazza: domani c\u2019\u00e8 \u201cCorro da te\u201d"},"content":{"rendered":"<p>\u00a0<\/p>\n<p>\u200b\u00a0<\/p>\n<p>\u200bCassano \u2013 La Voce del Paese\u00a0<\/p>\n<p>Secondo appuntamento con il cinema in piazza, a cura della Pro Loco \u201cApulia Country Association\u201d e Comune di Cassano delle Murge.<\/p>\n<p><strong>Mercoled\u00ec 23 agosto alle ore 21.00 in piazza Moro <\/strong>la proiezione del film \u201cCorro da te\u201d film italiano del 2022 diretto da Riccardo Milani, remake della pellicola cinematografica francese \u201cTutti in piedi\u201d con  Pierfrancesco Favino e Miriam Leone. <\/p>\n<p>Single e affascinante, Gianni \u00e8 un seduttore seriale. La sua vita per\u00f2 \u00e8 destinata a cambiare quando conosce Chiara, una donna solare e dinamica che un incidente ha reso paraplegica.\u00a0Far\u00e0 di tutto per conquistare: compreso il mentire e fingersi anche lui paraplegico pur di conquistarla.<\/p>\n<p><strong>Prima della proiezione, alle ore 20.30<\/strong> sempre in piazza Moro, \u00e8 prevista la premiazione del Concorso \u201cBalcone Fiorito\u201d promosso dalla Pro Loco in occasione della Festa Patronale dello scorso 3 agosto.<\/p>\n<p><a class=\"a2a_button_facebook\" href=\"https:\/\/www.addtoany.com\/add_to\/facebook?linkurl=https%3A%2F%2Fcassano.lavocedelpaese.info%2Findex.php%2F2023%2F08%2F22%2Fcinema-in-piazza-domani-ce-corro-da-te%2F&amp;linkname=Cinema%20in%20piazza%3A%20domani%20c%E2%80%99%C3%A8%20%E2%80%9CCorro%20da%20te%E2%80%9D\" title=\"Facebook\" target=\"_blank\" rel=\"noopener\"><\/a><a class=\"a2a_button_twitter\" href=\"https:\/\/www.addtoany.com\/add_to\/twitter?linkurl=https%3A%2F%2Fcassano.lavocedelpaese.info%2Findex.php%2F2023%2F08%2F22%2Fcinema-in-piazza-domani-ce-corro-da-te%2F&amp;linkname=Cinema%20in%20piazza%3A%20domani%20c%E2%80%99%C3%A8%20%E2%80%9CCorro%20da%20te%E2%80%9D\" title=\"Twitter\" target=\"_blank\" rel=\"noopener\"><\/a><a class=\"a2a_button_whatsapp\" href=\"https:\/\/www.addtoany.com\/add_to\/whatsapp?linkurl=https%3A%2F%2Fcassano.lavocedelpaese.info%2Findex.php%2F2023%2F08%2F22%2Fcinema-in-piazza-domani-ce-corro-da-te%2F&amp;linkname=Cinema%20in%20piazza%3A%20domani%20c%E2%80%99%C3%A8%20%E2%80%9CCorro%20da%20te%E2%80%9D\" title=\"WhatsApp\" target=\"_blank\" rel=\"noopener\"><\/a><a class=\"a2a_button_telegram\" href=\"https:\/\/www.addtoany.com\/add_to\/telegram?linkurl=https%3A%2F%2Fcassano.lavocedelpaese.info%2Findex.php%2F2023%2F08%2F22%2Fcinema-in-piazza-domani-ce-corro-da-te%2F&amp;linkname=Cinema%20in%20piazza%3A%20domani%20c%E2%80%99%C3%A8%20%E2%80%9CCorro%20da%20te%E2%80%9D\" title=\"Telegram\" target=\"_blank\" rel=\"noopener\"><\/a><a class=\"a2a_button_email\" href=\"https:\/\/www.addtoany.com\/add_to\/email?linkurl=https%3A%2F%2Fcassano.lavocedelpaese.info%2Findex.php%2F2023%2F08%2F22%2Fcinema-in-piazza-domani-ce-corro-da-te%2F&amp;linkname=Cinema%20in%20piazza%3A%20domani%20c%E2%80%99%C3%A8%20%E2%80%9CCorro%20da%20te%E2%80%9D\" title=\"Email\" target=\"_blank\" rel=\"noopener\"><\/a><\/p>\n<p>\u00a0<\/p>","protected":false},"excerpt":{"rendered":"<p>\u00a0 \u200b\u00a0 \u200bCassano \u2013 La Voce del Paese\u00a0 Secondo appuntamento con il cinema in piazza, a cura della Pro Loco<\/p>\n","protected":false},"author":0,"featured_media":0,"comment_status":"open","ping_status":"closed","sticky":false,"template":"","format":"standard","meta":{"colormag_page_container_layout":"default_layout","colormag_page_sidebar_layout":"default_layout","footnotes":""},"categories":[33],"tags":[],"class_list":["post-1915","post","type-post","status-publish","format-standard","hentry","category-network"],"yoast_head":"<!-- This site is optimized with the Yoast SEO plugin v27.5 - https:\/\/yoast.com\/product\/yoast-seo-wordpress\/ -->\n<title>Cinema in piazza: domani c\u2019\u00e8 \u201cCorro da te\u201d - La Voce del Paese<\/title>\n<meta name=\"robots\" content=\"index, follow, max-snippet:-1, max-image-preview:large, max-video-preview:-1\" \/>\n<link rel=\"canonical\" href=\"https:\/\/lavocedelpaese.info\/index.php\/2023\/08\/22\/cinema-in-piazza-domani-ce-corro-da-te\/\" \/>\n<meta property=\"og:locale\" content=\"it_IT\" \/>\n<meta property=\"og:type\" content=\"article\" \/>\n<meta property=\"og:title\" content=\"Cinema in piazza: domani c\u2019\u00e8 \u201cCorro da te\u201d - La Voce del Paese\" \/>\n<meta property=\"og:description\" content=\"\u00a0 \u200b\u00a0 \u200bCassano \u2013 La Voce del Paese\u00a0 Secondo appuntamento con il cinema in piazza, a cura della Pro Loco\" \/>\n<meta property=\"og:url\" content=\"https:\/\/lavocedelpaese.info\/index.php\/2023\/08\/22\/cinema-in-piazza-domani-ce-corro-da-te\/\" \/>\n<meta property=\"og:site_name\" content=\"La Voce del Paese\" \/>\n<meta property=\"article:publisher\" content=\"https:\/\/www.facebook.com\/lavocedelpaese.info\" \/>\n<meta property=\"article:published_time\" content=\"2023-08-22T07:27:16+00:00\" \/>\n<meta name=\"twitter:card\" content=\"summary_large_image\" \/>\n<meta name=\"twitter:label1\" content=\"Tempo di lettura stimato\" \/>\n\t<meta name=\"twitter:data1\" content=\"1 minuto\" \/>\n<script type=\"application\/ld+json\" class=\"yoast-schema-graph\">{\"@context\":\"https:\\\/\\\/schema.org\",\"@graph\":[{\"@type\":\"Article\",\"@id\":\"https:\\\/\\\/lavocedelpaese.info\\\/index.php\\\/2023\\\/08\\\/22\\\/cinema-in-piazza-domani-ce-corro-da-te\\\/#article\",\"isPartOf\":{\"@id\":\"https:\\\/\\\/lavocedelpaese.info\\\/index.php\\\/2023\\\/08\\\/22\\\/cinema-in-piazza-domani-ce-corro-da-te\\\/\"},\"author\":{\"name\":\"\",\"@id\":\"\"},\"headline\":\"Cinema in piazza: domani c\u2019\u00e8 \u201cCorro da te\u201d\",\"datePublished\":\"2023-08-22T07:27:16+00:00\",\"mainEntityOfPage\":{\"@id\":\"https:\\\/\\\/lavocedelpaese.info\\\/index.php\\\/2023\\\/08\\\/22\\\/cinema-in-piazza-domani-ce-corro-da-te\\\/\"},\"wordCount\":141,\"commentCount\":0,\"publisher\":{\"@id\":\"https:\\\/\\\/lavocedelpaese.info\\\/#organization\"},\"articleSection\":[\"network\"],\"inLanguage\":\"it-IT\",\"potentialAction\":[{\"@type\":\"CommentAction\",\"name\":\"Comment\",\"target\":[\"https:\\\/\\\/lavocedelpaese.info\\\/index.php\\\/2023\\\/08\\\/22\\\/cinema-in-piazza-domani-ce-corro-da-te\\\/#respond\"]}]},{\"@type\":\"WebPage\",\"@id\":\"https:\\\/\\\/lavocedelpaese.info\\\/index.php\\\/2023\\\/08\\\/22\\\/cinema-in-piazza-domani-ce-corro-da-te\\\/\",\"url\":\"https:\\\/\\\/lavocedelpaese.info\\\/index.php\\\/2023\\\/08\\\/22\\\/cinema-in-piazza-domani-ce-corro-da-te\\\/\",\"name\":\"Cinema in piazza: domani c\u2019\u00e8 \u201cCorro da te\u201d - La Voce del Paese\",\"isPartOf\":{\"@id\":\"https:\\\/\\\/lavocedelpaese.info\\\/#website\"},\"datePublished\":\"2023-08-22T07:27:16+00:00\",\"breadcrumb\":{\"@id\":\"https:\\\/\\\/lavocedelpaese.info\\\/index.php\\\/2023\\\/08\\\/22\\\/cinema-in-piazza-domani-ce-corro-da-te\\\/#breadcrumb\"},\"inLanguage\":\"it-IT\",\"potentialAction\":[{\"@type\":\"ReadAction\",\"target\":[\"https:\\\/\\\/lavocedelpaese.info\\\/index.php\\\/2023\\\/08\\\/22\\\/cinema-in-piazza-domani-ce-corro-da-te\\\/\"]}]},{\"@type\":\"BreadcrumbList\",\"@id\":\"https:\\\/\\\/lavocedelpaese.info\\\/index.php\\\/2023\\\/08\\\/22\\\/cinema-in-piazza-domani-ce-corro-da-te\\\/#breadcrumb\",\"itemListElement\":[{\"@type\":\"ListItem\",\"position\":1,\"name\":\"Home\",\"item\":\"https:\\\/\\\/lavocedelpaese.info\\\/\"},{\"@type\":\"ListItem\",\"position\":2,\"name\":\"Cinema in piazza: domani c\u2019\u00e8 \u201cCorro da te\u201d\"}]},{\"@type\":\"WebSite\",\"@id\":\"https:\\\/\\\/lavocedelpaese.info\\\/#website\",\"url\":\"https:\\\/\\\/lavocedelpaese.info\\\/\",\"name\":\"La Voce del Paese\",\"description\":\"Un network di idee\",\"publisher\":{\"@id\":\"https:\\\/\\\/lavocedelpaese.info\\\/#organization\"},\"potentialAction\":[{\"@type\":\"SearchAction\",\"target\":{\"@type\":\"EntryPoint\",\"urlTemplate\":\"https:\\\/\\\/lavocedelpaese.info\\\/?s={search_term_string}\"},\"query-input\":{\"@type\":\"PropertyValueSpecification\",\"valueRequired\":true,\"valueName\":\"search_term_string\"}}],\"inLanguage\":\"it-IT\"},{\"@type\":\"Organization\",\"@id\":\"https:\\\/\\\/lavocedelpaese.info\\\/#organization\",\"name\":\"La Voce del Paese\",\"url\":\"https:\\\/\\\/lavocedelpaese.info\\\/\",\"logo\":{\"@type\":\"ImageObject\",\"inLanguage\":\"it-IT\",\"@id\":\"https:\\\/\\\/lavocedelpaese.info\\\/#\\\/schema\\\/logo\\\/image\\\/\",\"url\":\"https:\\\/\\\/lavocedelpaese.info\\\/wp-content\\\/uploads\\\/2023\\\/01\\\/cropped-logo-150-127.png\",\"contentUrl\":\"https:\\\/\\\/lavocedelpaese.info\\\/wp-content\\\/uploads\\\/2023\\\/01\\\/cropped-logo-150-127.png\",\"width\":137,\"height\":119,\"caption\":\"La Voce del Paese\"},\"image\":{\"@id\":\"https:\\\/\\\/lavocedelpaese.info\\\/#\\\/schema\\\/logo\\\/image\\\/\"},\"sameAs\":[\"https:\\\/\\\/www.facebook.com\\\/lavocedelpaese.info\"]}]}<\/script>\n<!-- \/ Yoast SEO plugin. -->","yoast_head_json":{"title":"Cinema in piazza: domani c\u2019\u00e8 \u201cCorro da te\u201d - La Voce del Paese","robots":{"index":"index","follow":"follow","max-snippet":"max-snippet:-1","max-image-preview":"max-image-preview:large","max-video-preview":"max-video-preview:-1"},"canonical":"https:\/\/lavocedelpaese.info\/index.php\/2023\/08\/22\/cinema-in-piazza-domani-ce-corro-da-te\/","og_locale":"it_IT","og_type":"article","og_title":"Cinema in piazza: domani c\u2019\u00e8 \u201cCorro da te\u201d - La Voce del Paese","og_description":"\u00a0 \u200b\u00a0 \u200bCassano \u2013 La Voce del Paese\u00a0 Secondo appuntamento con il cinema in piazza, a cura della Pro Loco","og_url":"https:\/\/lavocedelpaese.info\/index.php\/2023\/08\/22\/cinema-in-piazza-domani-ce-corro-da-te\/","og_site_name":"La Voce del Paese","article_publisher":"https:\/\/www.facebook.com\/lavocedelpaese.info","article_published_time":"2023-08-22T07:27:16+00:00","twitter_card":"summary_large_image","twitter_misc":{"Tempo di lettura stimato":"1 minuto"},"schema":{"@context":"https:\/\/schema.org","@graph":[{"@type":"Article","@id":"https:\/\/lavocedelpaese.info\/index.php\/2023\/08\/22\/cinema-in-piazza-domani-ce-corro-da-te\/#article","isPartOf":{"@id":"https:\/\/lavocedelpaese.info\/index.php\/2023\/08\/22\/cinema-in-piazza-domani-ce-corro-da-te\/"},"author":{"name":"","@id":""},"headline":"Cinema in piazza: domani c\u2019\u00e8 \u201cCorro da te\u201d","datePublished":"2023-08-22T07:27:16+00:00","mainEntityOfPage":{"@id":"https:\/\/lavocedelpaese.info\/index.php\/2023\/08\/22\/cinema-in-piazza-domani-ce-corro-da-te\/"},"wordCount":141,"commentCount":0,"publisher":{"@id":"https:\/\/lavocedelpaese.info\/#organization"},"articleSection":["network"],"inLanguage":"it-IT","potentialAction":[{"@type":"CommentAction","name":"Comment","target":["https:\/\/lavocedelpaese.info\/index.php\/2023\/08\/22\/cinema-in-piazza-domani-ce-corro-da-te\/#respond"]}]},{"@type":"WebPage","@id":"https:\/\/lavocedelpaese.info\/index.php\/2023\/08\/22\/cinema-in-piazza-domani-ce-corro-da-te\/","url":"https:\/\/lavocedelpaese.info\/index.php\/2023\/08\/22\/cinema-in-piazza-domani-ce-corro-da-te\/","name":"Cinema in piazza: domani c\u2019\u00e8 \u201cCorro da te\u201d - La Voce del Paese","isPartOf":{"@id":"https:\/\/lavocedelpaese.info\/#website"},"datePublished":"2023-08-22T07:27:16+00:00","breadcrumb":{"@id":"https:\/\/lavocedelpaese.info\/index.php\/2023\/08\/22\/cinema-in-piazza-domani-ce-corro-da-te\/#breadcrumb"},"inLanguage":"it-IT","potentialAction":[{"@type":"ReadAction","target":["https:\/\/lavocedelpaese.info\/index.php\/2023\/08\/22\/cinema-in-piazza-domani-ce-corro-da-te\/"]}]},{"@type":"BreadcrumbList","@id":"https:\/\/lavocedelpaese.info\/index.php\/2023\/08\/22\/cinema-in-piazza-domani-ce-corro-da-te\/#breadcrumb","itemListElement":[{"@type":"ListItem","position":1,"name":"Home","item":"https:\/\/lavocedelpaese.info\/"},{"@type":"ListItem","position":2,"name":"Cinema in piazza: domani c\u2019\u00e8 \u201cCorro da te\u201d"}]},{"@type":"WebSite","@id":"https:\/\/lavocedelpaese.info\/#website","url":"https:\/\/lavocedelpaese.info\/","name":"La Voce del Paese","description":"Un network di idee","publisher":{"@id":"https:\/\/lavocedelpaese.info\/#organization"},"potentialAction":[{"@type":"SearchAction","target":{"@type":"EntryPoint","urlTemplate":"https:\/\/lavocedelpaese.info\/?s={search_term_string}"},"query-input":{"@type":"PropertyValueSpecification","valueRequired":true,"valueName":"search_term_string"}}],"inLanguage":"it-IT"},{"@type":"Organization","@id":"https:\/\/lavocedelpaese.info\/#organization","name":"La Voce del Paese","url":"https:\/\/lavocedelpaese.info\/","logo":{"@type":"ImageObject","inLanguage":"it-IT","@id":"https:\/\/lavocedelpaese.info\/#\/schema\/logo\/image\/","url":"https:\/\/lavocedelpaese.info\/wp-content\/uploads\/2023\/01\/cropped-logo-150-127.png","contentUrl":"https:\/\/lavocedelpaese.info\/wp-content\/uploads\/2023\/01\/cropped-logo-150-127.png","width":137,"height":119,"caption":"La Voce del Paese"},"image":{"@id":"https:\/\/lavocedelpaese.info\/#\/schema\/logo\/image\/"},"sameAs":["https:\/\/www.facebook.com\/lavocedelpaese.info"]}]}},"_links":{"self":[{"href":"https:\/\/lavocedelpaese.info\/index.php\/wp-json\/wp\/v2\/posts\/1915","targetHints":{"allow":["GET"]}}],"collection":[{"href":"https:\/\/lavocedelpaese.info\/index.php\/wp-json\/wp\/v2\/posts"}],"about":[{"href":"https:\/\/lavocedelpaese.info\/index.php\/wp-json\/wp\/v2\/types\/post"}],"replies":[{"embeddable":true,"href":"https:\/\/lavocedelpaese.info\/index.php\/wp-json\/wp\/v2\/comments?post=1915"}],"version-history":[{"count":0,"href":"https:\/\/lavocedelpaese.info\/index.php\/wp-json\/wp\/v2\/posts\/1915\/revisions"}],"wp:attachment":[{"href":"https:\/\/lavocedelpaese.info\/index.php\/wp-json\/wp\/v2\/media?parent=1915"}],"wp:term":[{"taxonomy":"category","embeddable":true,"href":"https:\/\/lavocedelpaese.info\/index.php\/wp-json\/wp\/v2\/categories?post=1915"},{"taxonomy":"post_tag","embeddable":true,"href":"https:\/\/lavocedelpaese.info\/index.php\/wp-json\/wp\/v2\/tags?post=1915"}],"curies":[{"name":"wp","href":"https:\/\/api.w.org\/{rel}","templated":true}]}}