{"id":1913,"date":"2023-08-20T16:16:26","date_gmt":"2023-08-20T16:16:26","guid":{"rendered":"https:\/\/lavocedelpaese.info\/index.php\/2023\/08\/20\/festeggiamenti-in-onore-maria-ss-di-costantinopoli\/"},"modified":"2023-08-20T16:16:26","modified_gmt":"2023-08-20T16:16:26","slug":"festeggiamenti-in-onore-maria-ss-di-costantinopoli","status":"publish","type":"post","link":"https:\/\/lavocedelpaese.info\/index.php\/2023\/08\/20\/festeggiamenti-in-onore-maria-ss-di-costantinopoli\/","title":{"rendered":"Festeggiamenti in onore Maria SS. di Costantinopoli"},"content":{"rendered":"<p>\u00a0<\/p>\n<p>\u200b\u00a0<\/p>\n<p>\u200bAcquaviva \u2013 La Voce del Paese\u00a0<\/p>\n<p>A colloquio con il Vice Presidente del Comitato Feste Patronali di Acquaviva delle Fonti<\/p>\n<p>di Isabella Giorgio<\/p>\n<p>Siamo qui questa sera ai piedi della torre dell\u2019Orologio sede del Comitato Feste Patronali con il vice presidente Dott. <strong>Angelo Lovecchio<\/strong>, il tesoriere <strong>Antonio Panunzio <\/strong>e alcuni componenti. Fervono i preparativi per gli imminenti festeggiamenti in onore della Maria SS. di Costantinopoli, protettrice di Acquaviva delle Fonti previsti dal 2 al 6 settembre.<\/p>\n<p>Incuriositi rivolgiamo loro qualche domanda per conoscere i dettagli e comunicare ai lettori de \u201cLA VOCE DEL PAESE\u201d il Programma. <strong>Come vi state muovendo? Quali sono le difficolt\u00e0 e criticit\u00e0 che state riscontrando? Entriamo nel dettaglio del programma, quali le novit\u00e0?<\/strong><\/p>\n<p>\u201cCome ogni anno \u2013 ci dice prontamente Angelo Lovecchio- il 1\u00b0 marted\u00ec di settembre si festeggia la Madonna di Costantinopoli che \u00e8 la protettrice della nostra Citt\u00e0\u201d.<\/p>\n<p>\u201cCi stiamo preparando a celebrare i 400 anni della dedicazione della Concattedrale, il 26 novembre 2023- ha scritto nel suo messaggio Mons. Domenico Giannuzzi, parroco e Presidente del Comitato Feste Patronali.- Per noi questo \u00e8 un Anno Giubilare caratterizzato dalla gioia e dalla riscoperta della fede da una memoria che si rinnova ogni giorno. La Festa Patronale sar\u00e0 preparata dal triduo presieduto da tre vescovi della nostra Regione che ci accompagneranno nella riflessione su \u2018Maria e la Chiesa\u2019 alla luce del documento conciliare sulla Chiesa Lumen Gentium\u201d.<\/p>\n<p>\u201cCome nel passato, in occasioni speciali- precisa Lovecchio- quest\u2019anno sar\u00e0 portata in processione per le vie della citt\u00e0 l\u2019icona della Madonna di Costantinopoli custodita nella cripta della cattedrale. Abbiamo gi\u00e0 iniziato a smontarla dall\u2019altare argenteo, durante la festa e nell\u2019ottavario successivo sar\u00e0 esposta alla venerazione dei fedeli.<\/p>\n<p><strong>Luned\u00ec 21 agosto<\/strong> c\u2019\u00e8 la <strong>tradizionale Fiera delle Merci<\/strong>. Quest\u2019anno verr\u00e0 effettuata nell\u2019area mercatale dove si svolge il mercato settimane come disposto dall\u2019amministrazione comunale dalla mattina alla sera. In quell\u2019occasione saremo presenti con il gazebo per la vendita dei biglietti della tradizionele Lotteria a premi in modo da consentire alle famiglie di sostenere la festa. Purtroppo ci siamo resi conto che la tradizionale questua non sta avendo molti riscontri, molti lavorando non sono in casa. Stiamo avendo difficolt\u00e0, non si riesce a raccogliere fondi a sufficienza quest\u2019anno siamo anche in pochi. Vi anticipo che alla fine della festa lanceremo un appello. \u201cSiamo alla ricerca di nuove leve- interviene il tesoriere Panunzio- auspichiamo un ricambio generazionale\u201d. \u201cPerch\u00e9 no, idee nuove, un modo diverso per approcciare l\u2019organizzazione della festa, c\u2019\u00e8 bisogno di maggiore collaborazione- riprende Angelo Lovecchio. Da gennaio si presenta una semplice domandina in modo spontaneo e gratuito, non c\u2019\u00e8 alcun tesseramento: basta avere dai 18 anni in su e voler offrire un po\u2019 di tempo alla Madonna\u201d.<\/p>\n<p><strong>Entriamo nel dettaglio del Programma\u2026<\/strong><\/p>\n<p>\u201cPer il il <strong>Triduo di Preparazione (2-3-4 settembre 2023) <\/strong>Don Mimmo Giannuzzi ha invitato dei Vescovi, verr\u00e0 montato un palco in piazza dei Martiri del 1799.<\/p>\n<p>Sabato 2 settembre alle ore 19.00 la Santa Messa sar\u00e0 presieduta da S. E. Mons. Franco Moscone arcivescovo di Manfredonia \u2013 Vieste- San Giovanni Rotondo.<\/p>\n<p>Domenica 3 settembre per il secondo giorno di triduo alle ore 19.00 la Santa Messa sar\u00e0 presiduta da S.E, Mons. Luigi Mansi, Vescovo di Andria.<\/p>\n<p>Luned\u00ec 4 settembre alle ore 19.00 verr\u00e0 invece S.E. Mons. Giovanni Intini, Vecovo di Brindisi-Ostuni.<\/p>\n<p>Alle ore 20.00 i Vespri Solenni con il Capitolo Concattedrale \u2013 Omaggio all\u2019Icona della Madonna di Costantinopoli.<\/p>\n<p>Domenica 3 settembre: Sante Messe in Cattedrale ore: 9.00 \u2013 10.15- 11.30.<\/p>\n<p>Alle 12: 30 si terr\u00e0 l\u2019intronizzazione dell\u2019immagine della Madonna di Costantinopoli.<\/p>\n<p>Alle 20:00 la tradizionale rievocazione storica dell\u2019ingresso dell\u2019icona della Madonna nella Citt\u00e0 di Acquaviva delle Fonti.<\/p>\n<p><em>\u201cSecondo la leggenda l\u2019icona mariana, giunta da Costantinopoli via mare, venne rinvenuta da due acquavivesi recatisi a Bari e fu portata in paese su di un carro trainato da due buoi, poi accolta dai marchesi di Acquaviva.<\/em><\/p>\n<p><em>Il corteo partir\u00e0 da Palazzo De Mari (p.zza Maria SS. Di Costantinopoli) da qui si muove il gruppo dei cortigiani i Signori di Acquaviva (famiglia Calvo) e le famiglie notabili e nobili acquavivesi (gli Amapani, Coriolano, i baroni Molignani magistratie dottori di corte molto devoti alla Protettrice.<\/em><\/p>\n<p><em>Da via Bari arriva il carro con l\u2019icona della Beata Vergine trainato da buoi e accompagnato da coloni e popolani. All\u2019incrocio tra via Bari e piazza Garibaldi punto che ricorda el porte di ingresso nel borgo antico della citt\u00e0 il Marchese e la sua sposa accolgono e rendono omaggio alla Vergine quindi formano un unico corteo che compiendo il giro della citt\u00e0 invita tutti i cittadini a renderle omaggio. Giunti in piazza dei Martini dinanzi la Cattedrale il Marchese volendo sotttolineare la devozione in onore della Madonna concede la festa di corte con esibizione degli sbandieratori\u201d<\/em>.<\/p>\n<p>Quest\u2019anno avremo \u2013 precisa Angelo Lovecchio- la presenza di diverse associazioni: \u2018Timpanisti Fajanensis\u2019 di Fasano (Br), Gruppo Sbandieratori e Musici Citt\u00e0 di Oria (Br), Studio Danza Classica e Moderna, figuranti della\u2019Associazione \u2018Rosa di Jericho\u2019 di Mola di Bari, figuranti di San Nicola di Bari\u201d.<\/p>\n<p><strong>Per quanto riguarda le bande musicali, invece?<\/strong><\/p>\n<p>\u201cCi saranno tre concerti bandistici: la domenica mattina 3 settembre avremo il <strong>Classico Concerto Bandistico Lirico-Sinfonico della Citt\u00e0 di Gravina in Puglia diretto dal M\u00b0 Emilio Silvestri<\/strong>. Far\u00e0 uno spettacolo musicale un po\u2019 diverso dal solito ci sar\u00e0 la presenza di un soprano e un tenore.<\/p>\n<p>Marted\u00ec 5 settembre per tutta la giornata si esibir\u00e0 sulla Cassarmonica sia la mattina alle ore 9:00 che alle ore 18:00 la <strong>Grande Orchestra di Fiati \u201cG. Ligonzo\u201d Citt\u00e0 di Conversano diretta dal M\u00b0 Angelo Schirinzi<\/strong>.<\/p>\n<p>Sante Messe in Cattedrale ore: 9.00 -10.15 \u2013 11.30 \u2013 17.30.<\/p>\n<p>Alle ore 19:00 la solenne concelebrazione eucaristica presieduta dal nostro Arcivescovo S.E. Mons. Giovanni Ricchiuti in piazza dei Martiri del 1799.<\/p>\n<p>Seguir\u00e0 la processione dell\u2019icona della Madonna di Costantinopoli per le vie della citt\u00e0. Intorno alla mezzanotte il lancio della Mongolfiera a cura della Famiglia D\u2019Al\u00f2 e a seguire intorno all\u20191:00 in contrada San Benedetto i fuochi d\u2019artificio sulla via di Sannicandro.<\/p>\n<p>Mercoled\u00ec 6 settembre orario delle Sante Messe in Cattedrale ore 9.00 \u2013 19.00.<\/p>\n<p>Esibizione in Cassarmonica del <strong>Premiato Storico Gran Concerto Bandistico \u201cF. Fenaroli\u201d Citt\u00e0 di Lanciano diretta dal M\u00b0 Leonardo Quadrini<\/strong> sia la mattina alle ore 9.00 che alle ore 18.00.<\/p>\n<p>Alle 20.30 ci sar\u00e0 la processione dell\u2019icona della Madonna verso la chiesa di San Francesco e inizio della peregrinatio Mariae presso tutte le Parrochie di Acquaviva delle Fonti secondo il calendario definito dai parroci. Rientrer\u00e0 in Cattedrale al termine dell\u2019ottavario il 12 settembre giorno di S. Maria.<\/p>\n<p>Approfitto di questo spazio per ribadire che dobbiamo dare ora un maggiore sforzo, solleticare chi non ci ha ancora pensato a offrire un proprio contributo affinch\u00e9 con generosit\u00e0 e profonda devozione nei confronti della Madonna possiamo realizzare nel migliore dei modi la nostra festa patronale. Ci trovate in piazza dei Martiri a mattina dopo le 10.30 e la sera dopo le 18.00. Luned\u00ec 20 saremo in fiera e domenica il 27 agosto in tutte le Parrocchie in tutte le S. Messe. Questo esperiemnto \u00e8 stato fatto a San Eustachio, \u00e8 stato produttivo e lo ripeteremo a ridosso della festa patronale. I giorni della festa ci troverete anche in piazza Vittorio Emanuele II sotto il gazebo. Questo \u00e8 pi\u00f9 o meno a grandi linee il programma che abbiamo predisposto\u201d.<\/p>\n<p><strong>Accennavi alla lotteria spiegaci meglio\u2026<\/strong><\/p>\n<p>\u201cIl biglietto ha un costo minimo di 5 euro. Ecco i Premi di quest\u2019anno: Console di vetro curvato, una biciletta, un TV LED 40 pollici, un buono da un centro estetico e un buono da un parrucchiere. Sono stati fatti 50 blocchetti, ogni blocchetto ha 50 foglietti per un valore di 250 euro. I biglietti servono atracciare il denaro raccolto che il nostro tesoriere versa in banca.<\/p>\n<p>In passato si \u00e8 un po\u2019 fantasticato, si \u00e8 pensato che una quota va poi a finire alla Cattedrale. Una cosa \u00e8 il Comitato Feste e altra cosa \u00e8 la Cattedrale a livello economico. Don Mimmo Giannuzzi ha previsto proprio la figura del vice presidente laico. Nell\u2019organizzazione della festa patronale il discorso religioso \u00e8 curato dai parroci, quello civile \u00e8 demandato ai membri del Comitato e a me nello specifico la raccolta degli sponsor e la cura degli adempimenti burocratici. Alessandro Abrusci \u00e8 il nostro graphic desig. Non c\u2019\u00e8 un ruolo egemone della Chiesa sul Comitato Feste Patronali.<\/p>\n<p>L\u2019Amministrazione Comunale ci dar\u00e0 un contributo economico che da solo non riesce a coprire la maggior parte delle spese. A a mio avviso devono provenire invece dai cittadini e dal tessuto produttivo di Acquaviva delle Fonti. Quest\u2019anno per la prima volta siamo anche riusciti a coinvolgere anche la Zona industriale con notevoli difficolt\u00e0. Ringrazio quanti finora ci stanno sostenendo e incoraggiando attarverso il loro contributo economico.<\/p>\n<p>A febbraio ho firmato dei contratti e mi sono impegnato con delle spese e in cassa avevo zero. Fino al 31 maggio l\u2019UTC aveva stabilito che piazza Vittorio Emanuele II era chiusa, a febbraio ho dato parola con le bande che dovevano stilare i propri calendari. Devi chiudere gli accordi nei tempi giusti. Mi chiedevano:\u2019Dove suoneremo? E la Cassarmonica?\u2019 Si \u00e8 riusciti a risolvere temporaneamente, molto probabilmente al termine di questa festa patronale inizieranno i lavori. Speriamo che nel giro di un anno possano essere completati. Probabilmente l\u2019anno prossimo bisogner\u00e0 organizzare la festa in modo differente.<\/p>\n<p>Ne parlavo con l\u2019Amministrazione Comunale nei giorni scorsi dobbiamo un po\u2019 tutti quanti riscoprire l\u2019orgoglio di essere acquavivesi\u2026 \u201c<\/p>\n<p><strong>Ritieni che negli ultimi tempi il senso identitario manchi?<\/strong> <strong>\u00e8 qualcosa che va certamente costruito durante tutto l\u2019anno, entrando nelle scuole, associazioni, parrocchie, perch\u00e9 no anche aprendo le porte dello Stesso Comitato Feste Patronali, costituire tavoli di concertazione e incontri pubblici\u2026<\/strong><\/p>\n<p>\u201cNel nostro piccolo ognuno dovrebbe dare il proprio contributo, l\u2019augurio che io faccio a me e agli agli altri membri del Comitato Feste Patronali in questi cinque anni \u00e8 di riuscire ad invertire un po\u2019 la rotta. Non ho certo la pretesa di farlo gi\u00e0 dal primo anno, per\u00f2 mi \u00e8 dispiaciuto sentire gli anni scorsi che molti acquavivesi si allontanano dalla citt\u00e0 proprio in quei giorni. Secondo me non \u00e8 una cosa condivisibile la rispetto per\u00f2.\u201d<\/p>\n<p><strong>Sarebbe interessante approfondire il fenomeno a livello sociologico\u2026<\/strong><\/p>\n<p>\u201cPi\u00f9 di qualcuno il marted\u00ec della Madonna se ne va al mare\u2026 io non voglio condannare la scelta, c\u2019\u00e8 anche chi non ha nessun interesse e va rispettato, mi dispiace per\u00f2 che poi siano proprio quelle persone a fare la critica. L\u2019anno scorso ho chiesto \u2018ma tu hai dato un contributo al Comitato Feste Patronali per la buona riuscita dei festeggiamenti? No. E allora??<\/p>\n<p>Quello secondo me \u00e8 un aspetto su cui bisogna lavorare, si potrebbe stimolare un po\u2019 la riflessione, il mio augurio \u00e8 che la nostra festa patronale possa essere un momento di aggregazione cittadina, sentire un po\u2019 di pi\u00f9 il piacere dello stare insieme. Qualcuno mi dice tu sei un nostalgico, pu\u00f2 essere pure, mi piacerebbe tornare a vedere via Roma piena come nel passato.<\/p>\n<p><strong>E il Luna-Park dove sar\u00e0 ospitato? Ci saranno le bancarelle?<\/strong><\/p>\n<p>\u201cIl tradizionale luna-park sar\u00e0 con le giostre dei pi\u00f9 piccoli in piazza Garibaldi e quelle per gli adulti in via della Repubblica (Quartiere San Giuseppe, ex zona 167). S\u00ec, ci saranno le bancarelle, nei limiti del possibile cercheremo di pedonalizzare anche via Roma. Oltre alle transenne ci saranno delle persone ai diversi varchi per consentire il rispetto dell\u2019ordinanza.<\/p>\n\n<p><a class=\"a2a_button_facebook\" href=\"https:\/\/www.addtoany.com\/add_to\/facebook?linkurl=https%3A%2F%2Facquaviva.lavocedelpaese.info%2Findex.php%2F2023%2F08%2F20%2Ffesteggiamenti-in-onore-maria-ss-di-costantinopoli%2F&amp;linkname=Festeggiamenti%20in%20onore%20Maria%20SS.%20di%20Costantinopoli\" title=\"Facebook\" target=\"_blank\" rel=\"noopener\"><\/a><a class=\"a2a_button_twitter\" href=\"https:\/\/www.addtoany.com\/add_to\/twitter?linkurl=https%3A%2F%2Facquaviva.lavocedelpaese.info%2Findex.php%2F2023%2F08%2F20%2Ffesteggiamenti-in-onore-maria-ss-di-costantinopoli%2F&amp;linkname=Festeggiamenti%20in%20onore%20Maria%20SS.%20di%20Costantinopoli\" title=\"Twitter\" target=\"_blank\" rel=\"noopener\"><\/a><a class=\"a2a_button_whatsapp\" href=\"https:\/\/www.addtoany.com\/add_to\/whatsapp?linkurl=https%3A%2F%2Facquaviva.lavocedelpaese.info%2Findex.php%2F2023%2F08%2F20%2Ffesteggiamenti-in-onore-maria-ss-di-costantinopoli%2F&amp;linkname=Festeggiamenti%20in%20onore%20Maria%20SS.%20di%20Costantinopoli\" title=\"WhatsApp\" target=\"_blank\" rel=\"noopener\"><\/a><a class=\"a2a_button_telegram\" href=\"https:\/\/www.addtoany.com\/add_to\/telegram?linkurl=https%3A%2F%2Facquaviva.lavocedelpaese.info%2Findex.php%2F2023%2F08%2F20%2Ffesteggiamenti-in-onore-maria-ss-di-costantinopoli%2F&amp;linkname=Festeggiamenti%20in%20onore%20Maria%20SS.%20di%20Costantinopoli\" title=\"Telegram\" target=\"_blank\" rel=\"noopener\"><\/a><a class=\"a2a_button_email\" href=\"https:\/\/www.addtoany.com\/add_to\/email?linkurl=https%3A%2F%2Facquaviva.lavocedelpaese.info%2Findex.php%2F2023%2F08%2F20%2Ffesteggiamenti-in-onore-maria-ss-di-costantinopoli%2F&amp;linkname=Festeggiamenti%20in%20onore%20Maria%20SS.%20di%20Costantinopoli\" title=\"Email\" target=\"_blank\" rel=\"noopener\"><\/a><\/p>\n<p>\u00a0<\/p>","protected":false},"excerpt":{"rendered":"<p>\u00a0 \u200b\u00a0 \u200bAcquaviva \u2013 La Voce del Paese\u00a0 A colloquio con il Vice Presidente del Comitato Feste Patronali di Acquaviva<\/p>\n","protected":false},"author":0,"featured_media":0,"comment_status":"open","ping_status":"closed","sticky":false,"template":"","format":"standard","meta":{"colormag_page_container_layout":"default_layout","colormag_page_sidebar_layout":"default_layout","footnotes":""},"categories":[33],"tags":[],"class_list":["post-1913","post","type-post","status-publish","format-standard","hentry","category-network"],"yoast_head":"<!-- This site is optimized with the Yoast SEO plugin v27.5 - https:\/\/yoast.com\/product\/yoast-seo-wordpress\/ -->\n<title>Festeggiamenti in onore Maria SS. di Costantinopoli - La Voce del Paese<\/title>\n<meta name=\"robots\" content=\"index, follow, max-snippet:-1, max-image-preview:large, max-video-preview:-1\" \/>\n<link rel=\"canonical\" href=\"https:\/\/lavocedelpaese.info\/index.php\/2023\/08\/20\/festeggiamenti-in-onore-maria-ss-di-costantinopoli\/\" \/>\n<meta property=\"og:locale\" content=\"it_IT\" \/>\n<meta property=\"og:type\" content=\"article\" \/>\n<meta property=\"og:title\" content=\"Festeggiamenti in onore Maria SS. di Costantinopoli - La Voce del Paese\" \/>\n<meta property=\"og:description\" content=\"\u00a0 \u200b\u00a0 \u200bAcquaviva \u2013 La Voce del Paese\u00a0 A colloquio con il Vice Presidente del Comitato Feste Patronali di Acquaviva\" \/>\n<meta property=\"og:url\" content=\"https:\/\/lavocedelpaese.info\/index.php\/2023\/08\/20\/festeggiamenti-in-onore-maria-ss-di-costantinopoli\/\" \/>\n<meta property=\"og:site_name\" content=\"La Voce del Paese\" \/>\n<meta property=\"article:publisher\" content=\"https:\/\/www.facebook.com\/lavocedelpaese.info\" \/>\n<meta property=\"article:published_time\" content=\"2023-08-20T16:16:26+00:00\" \/>\n<meta name=\"twitter:card\" content=\"summary_large_image\" \/>\n<meta name=\"twitter:label1\" content=\"Tempo di lettura stimato\" \/>\n\t<meta name=\"twitter:data1\" content=\"9 minuti\" \/>\n<script type=\"application\/ld+json\" class=\"yoast-schema-graph\">{\"@context\":\"https:\\\/\\\/schema.org\",\"@graph\":[{\"@type\":\"Article\",\"@id\":\"https:\\\/\\\/lavocedelpaese.info\\\/index.php\\\/2023\\\/08\\\/20\\\/festeggiamenti-in-onore-maria-ss-di-costantinopoli\\\/#article\",\"isPartOf\":{\"@id\":\"https:\\\/\\\/lavocedelpaese.info\\\/index.php\\\/2023\\\/08\\\/20\\\/festeggiamenti-in-onore-maria-ss-di-costantinopoli\\\/\"},\"author\":{\"name\":\"\",\"@id\":\"\"},\"headline\":\"Festeggiamenti in onore Maria SS. di Costantinopoli\",\"datePublished\":\"2023-08-20T16:16:26+00:00\",\"mainEntityOfPage\":{\"@id\":\"https:\\\/\\\/lavocedelpaese.info\\\/index.php\\\/2023\\\/08\\\/20\\\/festeggiamenti-in-onore-maria-ss-di-costantinopoli\\\/\"},\"wordCount\":1847,\"commentCount\":0,\"publisher\":{\"@id\":\"https:\\\/\\\/lavocedelpaese.info\\\/#organization\"},\"articleSection\":[\"network\"],\"inLanguage\":\"it-IT\",\"potentialAction\":[{\"@type\":\"CommentAction\",\"name\":\"Comment\",\"target\":[\"https:\\\/\\\/lavocedelpaese.info\\\/index.php\\\/2023\\\/08\\\/20\\\/festeggiamenti-in-onore-maria-ss-di-costantinopoli\\\/#respond\"]}]},{\"@type\":\"WebPage\",\"@id\":\"https:\\\/\\\/lavocedelpaese.info\\\/index.php\\\/2023\\\/08\\\/20\\\/festeggiamenti-in-onore-maria-ss-di-costantinopoli\\\/\",\"url\":\"https:\\\/\\\/lavocedelpaese.info\\\/index.php\\\/2023\\\/08\\\/20\\\/festeggiamenti-in-onore-maria-ss-di-costantinopoli\\\/\",\"name\":\"Festeggiamenti in onore Maria SS. di Costantinopoli - La Voce del Paese\",\"isPartOf\":{\"@id\":\"https:\\\/\\\/lavocedelpaese.info\\\/#website\"},\"datePublished\":\"2023-08-20T16:16:26+00:00\",\"breadcrumb\":{\"@id\":\"https:\\\/\\\/lavocedelpaese.info\\\/index.php\\\/2023\\\/08\\\/20\\\/festeggiamenti-in-onore-maria-ss-di-costantinopoli\\\/#breadcrumb\"},\"inLanguage\":\"it-IT\",\"potentialAction\":[{\"@type\":\"ReadAction\",\"target\":[\"https:\\\/\\\/lavocedelpaese.info\\\/index.php\\\/2023\\\/08\\\/20\\\/festeggiamenti-in-onore-maria-ss-di-costantinopoli\\\/\"]}]},{\"@type\":\"BreadcrumbList\",\"@id\":\"https:\\\/\\\/lavocedelpaese.info\\\/index.php\\\/2023\\\/08\\\/20\\\/festeggiamenti-in-onore-maria-ss-di-costantinopoli\\\/#breadcrumb\",\"itemListElement\":[{\"@type\":\"ListItem\",\"position\":1,\"name\":\"Home\",\"item\":\"https:\\\/\\\/lavocedelpaese.info\\\/\"},{\"@type\":\"ListItem\",\"position\":2,\"name\":\"Festeggiamenti in onore Maria SS. di Costantinopoli\"}]},{\"@type\":\"WebSite\",\"@id\":\"https:\\\/\\\/lavocedelpaese.info\\\/#website\",\"url\":\"https:\\\/\\\/lavocedelpaese.info\\\/\",\"name\":\"La Voce del Paese\",\"description\":\"Un network di idee\",\"publisher\":{\"@id\":\"https:\\\/\\\/lavocedelpaese.info\\\/#organization\"},\"potentialAction\":[{\"@type\":\"SearchAction\",\"target\":{\"@type\":\"EntryPoint\",\"urlTemplate\":\"https:\\\/\\\/lavocedelpaese.info\\\/?s={search_term_string}\"},\"query-input\":{\"@type\":\"PropertyValueSpecification\",\"valueRequired\":true,\"valueName\":\"search_term_string\"}}],\"inLanguage\":\"it-IT\"},{\"@type\":\"Organization\",\"@id\":\"https:\\\/\\\/lavocedelpaese.info\\\/#organization\",\"name\":\"La Voce del Paese\",\"url\":\"https:\\\/\\\/lavocedelpaese.info\\\/\",\"logo\":{\"@type\":\"ImageObject\",\"inLanguage\":\"it-IT\",\"@id\":\"https:\\\/\\\/lavocedelpaese.info\\\/#\\\/schema\\\/logo\\\/image\\\/\",\"url\":\"https:\\\/\\\/lavocedelpaese.info\\\/wp-content\\\/uploads\\\/2023\\\/01\\\/cropped-logo-150-127.png\",\"contentUrl\":\"https:\\\/\\\/lavocedelpaese.info\\\/wp-content\\\/uploads\\\/2023\\\/01\\\/cropped-logo-150-127.png\",\"width\":137,\"height\":119,\"caption\":\"La Voce del Paese\"},\"image\":{\"@id\":\"https:\\\/\\\/lavocedelpaese.info\\\/#\\\/schema\\\/logo\\\/image\\\/\"},\"sameAs\":[\"https:\\\/\\\/www.facebook.com\\\/lavocedelpaese.info\"]}]}<\/script>\n<!-- \/ Yoast SEO plugin. -->","yoast_head_json":{"title":"Festeggiamenti in onore Maria SS. di Costantinopoli - La Voce del Paese","robots":{"index":"index","follow":"follow","max-snippet":"max-snippet:-1","max-image-preview":"max-image-preview:large","max-video-preview":"max-video-preview:-1"},"canonical":"https:\/\/lavocedelpaese.info\/index.php\/2023\/08\/20\/festeggiamenti-in-onore-maria-ss-di-costantinopoli\/","og_locale":"it_IT","og_type":"article","og_title":"Festeggiamenti in onore Maria SS. di Costantinopoli - La Voce del Paese","og_description":"\u00a0 \u200b\u00a0 \u200bAcquaviva \u2013 La Voce del Paese\u00a0 A colloquio con il Vice Presidente del Comitato Feste Patronali di Acquaviva","og_url":"https:\/\/lavocedelpaese.info\/index.php\/2023\/08\/20\/festeggiamenti-in-onore-maria-ss-di-costantinopoli\/","og_site_name":"La Voce del Paese","article_publisher":"https:\/\/www.facebook.com\/lavocedelpaese.info","article_published_time":"2023-08-20T16:16:26+00:00","twitter_card":"summary_large_image","twitter_misc":{"Tempo di lettura stimato":"9 minuti"},"schema":{"@context":"https:\/\/schema.org","@graph":[{"@type":"Article","@id":"https:\/\/lavocedelpaese.info\/index.php\/2023\/08\/20\/festeggiamenti-in-onore-maria-ss-di-costantinopoli\/#article","isPartOf":{"@id":"https:\/\/lavocedelpaese.info\/index.php\/2023\/08\/20\/festeggiamenti-in-onore-maria-ss-di-costantinopoli\/"},"author":{"name":"","@id":""},"headline":"Festeggiamenti in onore Maria SS. di Costantinopoli","datePublished":"2023-08-20T16:16:26+00:00","mainEntityOfPage":{"@id":"https:\/\/lavocedelpaese.info\/index.php\/2023\/08\/20\/festeggiamenti-in-onore-maria-ss-di-costantinopoli\/"},"wordCount":1847,"commentCount":0,"publisher":{"@id":"https:\/\/lavocedelpaese.info\/#organization"},"articleSection":["network"],"inLanguage":"it-IT","potentialAction":[{"@type":"CommentAction","name":"Comment","target":["https:\/\/lavocedelpaese.info\/index.php\/2023\/08\/20\/festeggiamenti-in-onore-maria-ss-di-costantinopoli\/#respond"]}]},{"@type":"WebPage","@id":"https:\/\/lavocedelpaese.info\/index.php\/2023\/08\/20\/festeggiamenti-in-onore-maria-ss-di-costantinopoli\/","url":"https:\/\/lavocedelpaese.info\/index.php\/2023\/08\/20\/festeggiamenti-in-onore-maria-ss-di-costantinopoli\/","name":"Festeggiamenti in onore Maria SS. di Costantinopoli - La Voce del Paese","isPartOf":{"@id":"https:\/\/lavocedelpaese.info\/#website"},"datePublished":"2023-08-20T16:16:26+00:00","breadcrumb":{"@id":"https:\/\/lavocedelpaese.info\/index.php\/2023\/08\/20\/festeggiamenti-in-onore-maria-ss-di-costantinopoli\/#breadcrumb"},"inLanguage":"it-IT","potentialAction":[{"@type":"ReadAction","target":["https:\/\/lavocedelpaese.info\/index.php\/2023\/08\/20\/festeggiamenti-in-onore-maria-ss-di-costantinopoli\/"]}]},{"@type":"BreadcrumbList","@id":"https:\/\/lavocedelpaese.info\/index.php\/2023\/08\/20\/festeggiamenti-in-onore-maria-ss-di-costantinopoli\/#breadcrumb","itemListElement":[{"@type":"ListItem","position":1,"name":"Home","item":"https:\/\/lavocedelpaese.info\/"},{"@type":"ListItem","position":2,"name":"Festeggiamenti in onore Maria SS. di Costantinopoli"}]},{"@type":"WebSite","@id":"https:\/\/lavocedelpaese.info\/#website","url":"https:\/\/lavocedelpaese.info\/","name":"La Voce del Paese","description":"Un network di idee","publisher":{"@id":"https:\/\/lavocedelpaese.info\/#organization"},"potentialAction":[{"@type":"SearchAction","target":{"@type":"EntryPoint","urlTemplate":"https:\/\/lavocedelpaese.info\/?s={search_term_string}"},"query-input":{"@type":"PropertyValueSpecification","valueRequired":true,"valueName":"search_term_string"}}],"inLanguage":"it-IT"},{"@type":"Organization","@id":"https:\/\/lavocedelpaese.info\/#organization","name":"La Voce del Paese","url":"https:\/\/lavocedelpaese.info\/","logo":{"@type":"ImageObject","inLanguage":"it-IT","@id":"https:\/\/lavocedelpaese.info\/#\/schema\/logo\/image\/","url":"https:\/\/lavocedelpaese.info\/wp-content\/uploads\/2023\/01\/cropped-logo-150-127.png","contentUrl":"https:\/\/lavocedelpaese.info\/wp-content\/uploads\/2023\/01\/cropped-logo-150-127.png","width":137,"height":119,"caption":"La Voce del Paese"},"image":{"@id":"https:\/\/lavocedelpaese.info\/#\/schema\/logo\/image\/"},"sameAs":["https:\/\/www.facebook.com\/lavocedelpaese.info"]}]}},"_links":{"self":[{"href":"https:\/\/lavocedelpaese.info\/index.php\/wp-json\/wp\/v2\/posts\/1913","targetHints":{"allow":["GET"]}}],"collection":[{"href":"https:\/\/lavocedelpaese.info\/index.php\/wp-json\/wp\/v2\/posts"}],"about":[{"href":"https:\/\/lavocedelpaese.info\/index.php\/wp-json\/wp\/v2\/types\/post"}],"replies":[{"embeddable":true,"href":"https:\/\/lavocedelpaese.info\/index.php\/wp-json\/wp\/v2\/comments?post=1913"}],"version-history":[{"count":0,"href":"https:\/\/lavocedelpaese.info\/index.php\/wp-json\/wp\/v2\/posts\/1913\/revisions"}],"wp:attachment":[{"href":"https:\/\/lavocedelpaese.info\/index.php\/wp-json\/wp\/v2\/media?parent=1913"}],"wp:term":[{"taxonomy":"category","embeddable":true,"href":"https:\/\/lavocedelpaese.info\/index.php\/wp-json\/wp\/v2\/categories?post=1913"},{"taxonomy":"post_tag","embeddable":true,"href":"https:\/\/lavocedelpaese.info\/index.php\/wp-json\/wp\/v2\/tags?post=1913"}],"curies":[{"name":"wp","href":"https:\/\/api.w.org\/{rel}","templated":true}]}}