{"id":1909,"date":"2023-08-19T09:19:21","date_gmt":"2023-08-19T09:19:21","guid":{"rendered":"https:\/\/lavocedelpaese.info\/index.php\/2023\/08\/19\/al-via-il-pronto-intervento-sociale-nellambito-territoriale-di-grumo-appula\/"},"modified":"2023-08-19T09:19:21","modified_gmt":"2023-08-19T09:19:21","slug":"al-via-il-pronto-intervento-sociale-nellambito-territoriale-di-grumo-appula","status":"publish","type":"post","link":"https:\/\/lavocedelpaese.info\/index.php\/2023\/08\/19\/al-via-il-pronto-intervento-sociale-nellambito-territoriale-di-grumo-appula\/","title":{"rendered":"Al via il Pronto Intervento Sociale nell\u2019Ambito Territoriale di Grumo Appula"},"content":{"rendered":"<p>\u00a0<\/p>\n<p>\u200b\u00a0<\/p>\n<p>\u200bAcquaviva \u2013 La Voce del Paese\u00a0<\/p>\n<p><em>Dal 1\u00b0 agosto attivo nei comuni dell\u2019Ambito il progetto pilota in favore delle persone in condizione di povert\u00e0 e marginalit\u00e0 sociale<\/em><\/p>\n<p>Attivo nei comuni dell\u2019Ambito il progetto pilota in favore delle persone in condizione di povert\u00e0 e marginalit\u00e0 sociale<\/p>\n<p>Garantire una risposta tempestiva a persone che versano in situazioni di emergenza, marginalit\u00e0 e problematiche a rilevanza sociale, anche durante gli orari e giorni di chiusura dei servizi territoriali: \u00e8 l\u2019obiettivo del progetto di\u00a0<strong>Pronto Intervento Sociale\/Centro Servizi,\u00a0avviato il 1\u00b0 agosto nei Comuni dell\u2019Ambito Territoriale di Grumo Appula.<\/strong><\/p>\n<p>Per la prima volta, i comuni di Toritto, Binetto, Sannicandro di Bari, <strong>Acquaviva delle Fonti,<\/strong> Cassano Murge e Grumo Appula (capofila dell\u2019omonimo Ambito territoriale) potranno contare sulla presenza stabile e qualificata di operatori del sociale pronti ad intervenire h24 in favore dei cittadini pi\u00f9 vulnerabili: sia sul territorio, attraverso sportelli diffusi in corso di attivazione, che affiancheranno i servizi territoriali nell\u2019ascolto accoglimento e orientamento dei bisogni di adulti, famiglie e minori; sia in remoto, attraverso la Centrale operativa raggiungibile gratuitamente al\u00a0<strong>numero verde dedicato\u00a0 800 022661<\/strong>, per le emergenze e il primo intervento.<\/p>\n<p>\u201cUn esempio di co-progettazione tra ente pubblico e Terzo Settore che ci inorgoglisce particolarmente \u2013 ha affermato la\u00a0<strong>dr.ssa Marisa Santamaria, Coordinatrice dell\u2019Ufficio di Piano d\u2019Ambito<\/strong>\u00a0\u2013 nonostante i tempi stretti e la complessit\u00e0 di concertare soggetti portatori di esperienze e modelli di intervento diversi, abbiamo percorso gli scopi della misura React-Eu (Avviso n. 1\/2021 \u2013 PON Inclusione) al meglio delle nostre possibilit\u00e0, mettendo insieme competenze complementari per infrastrutturare un servizio nuovo e flessibile per il nostro Ambito Territoriale, di grande importanza per la coesione e il benessere delle nostre comunit\u00e0\u201d.<\/p>\n<p>Sono quattro le imprese sociali coinvolte nella gestione del progetto: EOS, C.A.P.S. Feel at Home APS e Laetitia.\u00a0<strong>Nicola Buonamassa, Presidente della Cooperativa sociale EOS capofila del raggruppamento<\/strong>, spiega: \u201cElaborare un modello di gestione unitario tra tutti i partner non \u00e8 stato semplice, considerando soprattutto il poco tempo a disposizione, ma su un punto eravamo tutti d\u2019accordo: essere operativi con i servizi gi\u00e0 ad agosto e ottimizzare i pochi mesi che abbiamo fino a dicembre (termine ultimo per utilizzare le risorse) per portare a regime interventi che sono ormai indifferibili, nei comuni pi\u00f9 piccoli come nelle citt\u00e0 pi\u00f9 grandi. I servizi territoriali fanno fatica a rispondere alla mole di istanze e richieste d\u2019aiuto che rileviamo in questo momento storico; d\u2019altra parte, il nostro lavoro di prossimit\u00e0 e accoglienza delle fragilit\u00e0 ci permette di leggere prima degli altri i bisogni delle persone pi\u00f9 vulnerabili, e di intervenire tempestivamente con professionalit\u00e0. Questo \u00e8 il focus del progetto comune che abbiamo costruito e che, auspicabilmente, favorir\u00e0 una gestione del Pronto intervento sociale plurale, sostenibile e continuativa\u201d.<\/p>\n<p><strong>Per i Sindaci dei Comuni dell\u2019Ambito l\u2019attivazione del Pronto Intervento Sociale rappresenta un altro importante obiettivo raggiunto dall\u2019Ufficio di Piano.<\/strong><\/p>\n<p>\u00a0\u201cSe si considera poi il lavoro di rete con le forze dell\u2019ordine, il servizio sanitario, le associazioni locali, le parrocchie e le scuole locali \u2013 osserva\u00a0<strong>il Presidente del Coordinamento Istituzionale Michele Antonio Minenna<\/strong>\u00a0\u2013 questo progetto rappresenta un importante impulso alla costruzione e lettura attenta e partecipata di mappe di vulnerabilit\u00e0 sociale di un territorio piuttosto articolato come quello dell\u2019Ambito Grumo Appula, affinando la reciproca capacit\u00e0 di riconoscimento delle situazioni di emergenza e la messa in campo di risorse e servizi capillari nei diversi contesti in cui saremo presenti\u201d.<\/p>\n<p><strong>L\u2019Assessora alle Politiche Sociali del Comune di Acquaviva delle Fonti dr.ssa Morano Immacolata<\/strong>\u00a0definisce l\u2019attivazione del Pronto Intervento Sociale \u201cUna ottima opportunit\u00e0 per i nostri territori, si potr\u00e0 rispondere in maniera tempestiva alle varie richieste di aiuto che vi giungeranno mettendo in moto una rete di sostegno in base alla tipologia di intervento richiesto, in orari successivi a quelli degli uffici. Una ottima prova di efficacia ed efficienza della capacit\u00e0 del sistema territoriale di analizzare i bisogni e rispondere nella maniera migliore possibile alla garanzia di benessere da offrire alle comunit\u00e0 coinvolte.\u201d<\/p>\n<p>Il PrIns si candida, dunque, a dare un significativo slancio alla promozione di una logica preventiva e alla diffusione di una cultura dell\u2019ascolto dei bisogni, che incontra le persone nei loro ambienti di vita, fuori dagli uffici e dai servizi preposti, proprio l\u00e0 dove le storie di povert\u00e0, marginalit\u00e0, devianza o vulnerabilit\u00e0 rischiano di non essere viste, e proprio per questo sono pi\u00f9 insidiose.<\/p>\n<p><strong>NUMERO VERDE<\/strong><\/p>\n<p><strong>800 022 661<\/strong><\/p>\n\n\n<p><a class=\"a2a_button_facebook\" href=\"https:\/\/www.addtoany.com\/add_to\/facebook?linkurl=https%3A%2F%2Facquaviva.lavocedelpaese.info%2Findex.php%2F2023%2F08%2F19%2Fal-via-il-pronto-intervento-sociale-nellambito-territoriale-di-grumo-appula%2F&amp;linkname=Al%20via%20il%20Pronto%20Intervento%20Sociale%20nell%E2%80%99Ambito%20Territoriale%20di%20Grumo%20Appula\" title=\"Facebook\" target=\"_blank\" rel=\"noopener\"><\/a><a class=\"a2a_button_twitter\" href=\"https:\/\/www.addtoany.com\/add_to\/twitter?linkurl=https%3A%2F%2Facquaviva.lavocedelpaese.info%2Findex.php%2F2023%2F08%2F19%2Fal-via-il-pronto-intervento-sociale-nellambito-territoriale-di-grumo-appula%2F&amp;linkname=Al%20via%20il%20Pronto%20Intervento%20Sociale%20nell%E2%80%99Ambito%20Territoriale%20di%20Grumo%20Appula\" title=\"Twitter\" target=\"_blank\" rel=\"noopener\"><\/a><a class=\"a2a_button_whatsapp\" href=\"https:\/\/www.addtoany.com\/add_to\/whatsapp?linkurl=https%3A%2F%2Facquaviva.lavocedelpaese.info%2Findex.php%2F2023%2F08%2F19%2Fal-via-il-pronto-intervento-sociale-nellambito-territoriale-di-grumo-appula%2F&amp;linkname=Al%20via%20il%20Pronto%20Intervento%20Sociale%20nell%E2%80%99Ambito%20Territoriale%20di%20Grumo%20Appula\" title=\"WhatsApp\" target=\"_blank\" rel=\"noopener\"><\/a><a class=\"a2a_button_telegram\" href=\"https:\/\/www.addtoany.com\/add_to\/telegram?linkurl=https%3A%2F%2Facquaviva.lavocedelpaese.info%2Findex.php%2F2023%2F08%2F19%2Fal-via-il-pronto-intervento-sociale-nellambito-territoriale-di-grumo-appula%2F&amp;linkname=Al%20via%20il%20Pronto%20Intervento%20Sociale%20nell%E2%80%99Ambito%20Territoriale%20di%20Grumo%20Appula\" title=\"Telegram\" target=\"_blank\" rel=\"noopener\"><\/a><a class=\"a2a_button_email\" href=\"https:\/\/www.addtoany.com\/add_to\/email?linkurl=https%3A%2F%2Facquaviva.lavocedelpaese.info%2Findex.php%2F2023%2F08%2F19%2Fal-via-il-pronto-intervento-sociale-nellambito-territoriale-di-grumo-appula%2F&amp;linkname=Al%20via%20il%20Pronto%20Intervento%20Sociale%20nell%E2%80%99Ambito%20Territoriale%20di%20Grumo%20Appula\" title=\"Email\" target=\"_blank\" rel=\"noopener\"><\/a><\/p>\n<p>\u00a0<\/p>","protected":false},"excerpt":{"rendered":"<p>\u00a0 \u200b\u00a0 \u200bAcquaviva \u2013 La Voce del Paese\u00a0 Dal 1\u00b0 agosto attivo nei comuni dell\u2019Ambito il progetto pilota in favore<\/p>\n","protected":false},"author":0,"featured_media":0,"comment_status":"open","ping_status":"closed","sticky":false,"template":"","format":"standard","meta":{"colormag_page_container_layout":"default_layout","colormag_page_sidebar_layout":"default_layout","footnotes":""},"categories":[33],"tags":[],"class_list":["post-1909","post","type-post","status-publish","format-standard","hentry","category-network"],"yoast_head":"<!-- This site is optimized with the Yoast SEO plugin v27.5 - https:\/\/yoast.com\/product\/yoast-seo-wordpress\/ -->\n<title>Al via il Pronto Intervento Sociale nell\u2019Ambito Territoriale di Grumo Appula - La Voce del Paese<\/title>\n<meta name=\"robots\" content=\"index, follow, max-snippet:-1, max-image-preview:large, max-video-preview:-1\" \/>\n<link rel=\"canonical\" href=\"https:\/\/lavocedelpaese.info\/index.php\/2023\/08\/19\/al-via-il-pronto-intervento-sociale-nellambito-territoriale-di-grumo-appula\/\" \/>\n<meta property=\"og:locale\" content=\"it_IT\" \/>\n<meta property=\"og:type\" content=\"article\" \/>\n<meta property=\"og:title\" content=\"Al via il Pronto Intervento Sociale nell\u2019Ambito Territoriale di Grumo Appula - La Voce del Paese\" \/>\n<meta property=\"og:description\" content=\"\u00a0 \u200b\u00a0 \u200bAcquaviva \u2013 La Voce del Paese\u00a0 Dal 1\u00b0 agosto attivo nei comuni dell\u2019Ambito il progetto pilota in favore\" \/>\n<meta property=\"og:url\" content=\"https:\/\/lavocedelpaese.info\/index.php\/2023\/08\/19\/al-via-il-pronto-intervento-sociale-nellambito-territoriale-di-grumo-appula\/\" \/>\n<meta property=\"og:site_name\" content=\"La Voce del Paese\" \/>\n<meta property=\"article:publisher\" content=\"https:\/\/www.facebook.com\/lavocedelpaese.info\" \/>\n<meta property=\"article:published_time\" content=\"2023-08-19T09:19:21+00:00\" \/>\n<meta name=\"twitter:card\" content=\"summary_large_image\" \/>\n<meta name=\"twitter:label1\" content=\"Tempo di lettura stimato\" \/>\n\t<meta name=\"twitter:data1\" content=\"4 minuti\" \/>\n<script type=\"application\/ld+json\" class=\"yoast-schema-graph\">{\"@context\":\"https:\\\/\\\/schema.org\",\"@graph\":[{\"@type\":\"Article\",\"@id\":\"https:\\\/\\\/lavocedelpaese.info\\\/index.php\\\/2023\\\/08\\\/19\\\/al-via-il-pronto-intervento-sociale-nellambito-territoriale-di-grumo-appula\\\/#article\",\"isPartOf\":{\"@id\":\"https:\\\/\\\/lavocedelpaese.info\\\/index.php\\\/2023\\\/08\\\/19\\\/al-via-il-pronto-intervento-sociale-nellambito-territoriale-di-grumo-appula\\\/\"},\"author\":{\"name\":\"\",\"@id\":\"\"},\"headline\":\"Al via il Pronto Intervento Sociale nell\u2019Ambito Territoriale di Grumo Appula\",\"datePublished\":\"2023-08-19T09:19:21+00:00\",\"mainEntityOfPage\":{\"@id\":\"https:\\\/\\\/lavocedelpaese.info\\\/index.php\\\/2023\\\/08\\\/19\\\/al-via-il-pronto-intervento-sociale-nellambito-territoriale-di-grumo-appula\\\/\"},\"wordCount\":742,\"commentCount\":0,\"publisher\":{\"@id\":\"https:\\\/\\\/lavocedelpaese.info\\\/#organization\"},\"articleSection\":[\"network\"],\"inLanguage\":\"it-IT\",\"potentialAction\":[{\"@type\":\"CommentAction\",\"name\":\"Comment\",\"target\":[\"https:\\\/\\\/lavocedelpaese.info\\\/index.php\\\/2023\\\/08\\\/19\\\/al-via-il-pronto-intervento-sociale-nellambito-territoriale-di-grumo-appula\\\/#respond\"]}]},{\"@type\":\"WebPage\",\"@id\":\"https:\\\/\\\/lavocedelpaese.info\\\/index.php\\\/2023\\\/08\\\/19\\\/al-via-il-pronto-intervento-sociale-nellambito-territoriale-di-grumo-appula\\\/\",\"url\":\"https:\\\/\\\/lavocedelpaese.info\\\/index.php\\\/2023\\\/08\\\/19\\\/al-via-il-pronto-intervento-sociale-nellambito-territoriale-di-grumo-appula\\\/\",\"name\":\"Al via il Pronto Intervento Sociale nell\u2019Ambito Territoriale di Grumo Appula - La Voce del Paese\",\"isPartOf\":{\"@id\":\"https:\\\/\\\/lavocedelpaese.info\\\/#website\"},\"datePublished\":\"2023-08-19T09:19:21+00:00\",\"breadcrumb\":{\"@id\":\"https:\\\/\\\/lavocedelpaese.info\\\/index.php\\\/2023\\\/08\\\/19\\\/al-via-il-pronto-intervento-sociale-nellambito-territoriale-di-grumo-appula\\\/#breadcrumb\"},\"inLanguage\":\"it-IT\",\"potentialAction\":[{\"@type\":\"ReadAction\",\"target\":[\"https:\\\/\\\/lavocedelpaese.info\\\/index.php\\\/2023\\\/08\\\/19\\\/al-via-il-pronto-intervento-sociale-nellambito-territoriale-di-grumo-appula\\\/\"]}]},{\"@type\":\"BreadcrumbList\",\"@id\":\"https:\\\/\\\/lavocedelpaese.info\\\/index.php\\\/2023\\\/08\\\/19\\\/al-via-il-pronto-intervento-sociale-nellambito-territoriale-di-grumo-appula\\\/#breadcrumb\",\"itemListElement\":[{\"@type\":\"ListItem\",\"position\":1,\"name\":\"Home\",\"item\":\"https:\\\/\\\/lavocedelpaese.info\\\/\"},{\"@type\":\"ListItem\",\"position\":2,\"name\":\"Al via il Pronto Intervento Sociale nell\u2019Ambito Territoriale di Grumo Appula\"}]},{\"@type\":\"WebSite\",\"@id\":\"https:\\\/\\\/lavocedelpaese.info\\\/#website\",\"url\":\"https:\\\/\\\/lavocedelpaese.info\\\/\",\"name\":\"La Voce del Paese\",\"description\":\"Un network di idee\",\"publisher\":{\"@id\":\"https:\\\/\\\/lavocedelpaese.info\\\/#organization\"},\"potentialAction\":[{\"@type\":\"SearchAction\",\"target\":{\"@type\":\"EntryPoint\",\"urlTemplate\":\"https:\\\/\\\/lavocedelpaese.info\\\/?s={search_term_string}\"},\"query-input\":{\"@type\":\"PropertyValueSpecification\",\"valueRequired\":true,\"valueName\":\"search_term_string\"}}],\"inLanguage\":\"it-IT\"},{\"@type\":\"Organization\",\"@id\":\"https:\\\/\\\/lavocedelpaese.info\\\/#organization\",\"name\":\"La Voce del Paese\",\"url\":\"https:\\\/\\\/lavocedelpaese.info\\\/\",\"logo\":{\"@type\":\"ImageObject\",\"inLanguage\":\"it-IT\",\"@id\":\"https:\\\/\\\/lavocedelpaese.info\\\/#\\\/schema\\\/logo\\\/image\\\/\",\"url\":\"https:\\\/\\\/lavocedelpaese.info\\\/wp-content\\\/uploads\\\/2023\\\/01\\\/cropped-logo-150-127.png\",\"contentUrl\":\"https:\\\/\\\/lavocedelpaese.info\\\/wp-content\\\/uploads\\\/2023\\\/01\\\/cropped-logo-150-127.png\",\"width\":137,\"height\":119,\"caption\":\"La Voce del Paese\"},\"image\":{\"@id\":\"https:\\\/\\\/lavocedelpaese.info\\\/#\\\/schema\\\/logo\\\/image\\\/\"},\"sameAs\":[\"https:\\\/\\\/www.facebook.com\\\/lavocedelpaese.info\"]}]}<\/script>\n<!-- \/ Yoast SEO plugin. -->","yoast_head_json":{"title":"Al via il Pronto Intervento Sociale nell\u2019Ambito Territoriale di Grumo Appula - La Voce del Paese","robots":{"index":"index","follow":"follow","max-snippet":"max-snippet:-1","max-image-preview":"max-image-preview:large","max-video-preview":"max-video-preview:-1"},"canonical":"https:\/\/lavocedelpaese.info\/index.php\/2023\/08\/19\/al-via-il-pronto-intervento-sociale-nellambito-territoriale-di-grumo-appula\/","og_locale":"it_IT","og_type":"article","og_title":"Al via il Pronto Intervento Sociale nell\u2019Ambito Territoriale di Grumo Appula - La Voce del Paese","og_description":"\u00a0 \u200b\u00a0 \u200bAcquaviva \u2013 La Voce del Paese\u00a0 Dal 1\u00b0 agosto attivo nei comuni dell\u2019Ambito il progetto pilota in favore","og_url":"https:\/\/lavocedelpaese.info\/index.php\/2023\/08\/19\/al-via-il-pronto-intervento-sociale-nellambito-territoriale-di-grumo-appula\/","og_site_name":"La Voce del Paese","article_publisher":"https:\/\/www.facebook.com\/lavocedelpaese.info","article_published_time":"2023-08-19T09:19:21+00:00","twitter_card":"summary_large_image","twitter_misc":{"Tempo di lettura stimato":"4 minuti"},"schema":{"@context":"https:\/\/schema.org","@graph":[{"@type":"Article","@id":"https:\/\/lavocedelpaese.info\/index.php\/2023\/08\/19\/al-via-il-pronto-intervento-sociale-nellambito-territoriale-di-grumo-appula\/#article","isPartOf":{"@id":"https:\/\/lavocedelpaese.info\/index.php\/2023\/08\/19\/al-via-il-pronto-intervento-sociale-nellambito-territoriale-di-grumo-appula\/"},"author":{"name":"","@id":""},"headline":"Al via il Pronto Intervento Sociale nell\u2019Ambito Territoriale di Grumo Appula","datePublished":"2023-08-19T09:19:21+00:00","mainEntityOfPage":{"@id":"https:\/\/lavocedelpaese.info\/index.php\/2023\/08\/19\/al-via-il-pronto-intervento-sociale-nellambito-territoriale-di-grumo-appula\/"},"wordCount":742,"commentCount":0,"publisher":{"@id":"https:\/\/lavocedelpaese.info\/#organization"},"articleSection":["network"],"inLanguage":"it-IT","potentialAction":[{"@type":"CommentAction","name":"Comment","target":["https:\/\/lavocedelpaese.info\/index.php\/2023\/08\/19\/al-via-il-pronto-intervento-sociale-nellambito-territoriale-di-grumo-appula\/#respond"]}]},{"@type":"WebPage","@id":"https:\/\/lavocedelpaese.info\/index.php\/2023\/08\/19\/al-via-il-pronto-intervento-sociale-nellambito-territoriale-di-grumo-appula\/","url":"https:\/\/lavocedelpaese.info\/index.php\/2023\/08\/19\/al-via-il-pronto-intervento-sociale-nellambito-territoriale-di-grumo-appula\/","name":"Al via il Pronto Intervento Sociale nell\u2019Ambito Territoriale di Grumo Appula - La Voce del Paese","isPartOf":{"@id":"https:\/\/lavocedelpaese.info\/#website"},"datePublished":"2023-08-19T09:19:21+00:00","breadcrumb":{"@id":"https:\/\/lavocedelpaese.info\/index.php\/2023\/08\/19\/al-via-il-pronto-intervento-sociale-nellambito-territoriale-di-grumo-appula\/#breadcrumb"},"inLanguage":"it-IT","potentialAction":[{"@type":"ReadAction","target":["https:\/\/lavocedelpaese.info\/index.php\/2023\/08\/19\/al-via-il-pronto-intervento-sociale-nellambito-territoriale-di-grumo-appula\/"]}]},{"@type":"BreadcrumbList","@id":"https:\/\/lavocedelpaese.info\/index.php\/2023\/08\/19\/al-via-il-pronto-intervento-sociale-nellambito-territoriale-di-grumo-appula\/#breadcrumb","itemListElement":[{"@type":"ListItem","position":1,"name":"Home","item":"https:\/\/lavocedelpaese.info\/"},{"@type":"ListItem","position":2,"name":"Al via il Pronto Intervento Sociale nell\u2019Ambito Territoriale di Grumo Appula"}]},{"@type":"WebSite","@id":"https:\/\/lavocedelpaese.info\/#website","url":"https:\/\/lavocedelpaese.info\/","name":"La Voce del Paese","description":"Un network di idee","publisher":{"@id":"https:\/\/lavocedelpaese.info\/#organization"},"potentialAction":[{"@type":"SearchAction","target":{"@type":"EntryPoint","urlTemplate":"https:\/\/lavocedelpaese.info\/?s={search_term_string}"},"query-input":{"@type":"PropertyValueSpecification","valueRequired":true,"valueName":"search_term_string"}}],"inLanguage":"it-IT"},{"@type":"Organization","@id":"https:\/\/lavocedelpaese.info\/#organization","name":"La Voce del Paese","url":"https:\/\/lavocedelpaese.info\/","logo":{"@type":"ImageObject","inLanguage":"it-IT","@id":"https:\/\/lavocedelpaese.info\/#\/schema\/logo\/image\/","url":"https:\/\/lavocedelpaese.info\/wp-content\/uploads\/2023\/01\/cropped-logo-150-127.png","contentUrl":"https:\/\/lavocedelpaese.info\/wp-content\/uploads\/2023\/01\/cropped-logo-150-127.png","width":137,"height":119,"caption":"La Voce del Paese"},"image":{"@id":"https:\/\/lavocedelpaese.info\/#\/schema\/logo\/image\/"},"sameAs":["https:\/\/www.facebook.com\/lavocedelpaese.info"]}]}},"_links":{"self":[{"href":"https:\/\/lavocedelpaese.info\/index.php\/wp-json\/wp\/v2\/posts\/1909","targetHints":{"allow":["GET"]}}],"collection":[{"href":"https:\/\/lavocedelpaese.info\/index.php\/wp-json\/wp\/v2\/posts"}],"about":[{"href":"https:\/\/lavocedelpaese.info\/index.php\/wp-json\/wp\/v2\/types\/post"}],"replies":[{"embeddable":true,"href":"https:\/\/lavocedelpaese.info\/index.php\/wp-json\/wp\/v2\/comments?post=1909"}],"version-history":[{"count":0,"href":"https:\/\/lavocedelpaese.info\/index.php\/wp-json\/wp\/v2\/posts\/1909\/revisions"}],"wp:attachment":[{"href":"https:\/\/lavocedelpaese.info\/index.php\/wp-json\/wp\/v2\/media?parent=1909"}],"wp:term":[{"taxonomy":"category","embeddable":true,"href":"https:\/\/lavocedelpaese.info\/index.php\/wp-json\/wp\/v2\/categories?post=1909"},{"taxonomy":"post_tag","embeddable":true,"href":"https:\/\/lavocedelpaese.info\/index.php\/wp-json\/wp\/v2\/tags?post=1909"}],"curies":[{"name":"wp","href":"https:\/\/api.w.org\/{rel}","templated":true}]}}