{"id":1901,"date":"2023-08-17T05:16:36","date_gmt":"2023-08-17T05:16:36","guid":{"rendered":"https:\/\/lavocedelpaese.info\/index.php\/2023\/08\/17\/cittadinanza-onoraria-per-don-giovanni-amodio-la-proposta-del-consigliere-tundo\/"},"modified":"2023-08-17T05:16:36","modified_gmt":"2023-08-17T05:16:36","slug":"cittadinanza-onoraria-per-don-giovanni-amodio-la-proposta-del-consigliere-tundo","status":"publish","type":"post","link":"https:\/\/lavocedelpaese.info\/index.php\/2023\/08\/17\/cittadinanza-onoraria-per-don-giovanni-amodio-la-proposta-del-consigliere-tundo\/","title":{"rendered":"Cittadinanza onoraria per don Giovanni Amodio? La proposta del consigliere Tundo"},"content":{"rendered":"<p>\u00a0<\/p>\n<p>\u200b\u00a0<\/p>\n<p>\u200bTuri \u2013 La Voce del Paese\u00a0<\/p>\n<p>Il prossimo settembre, dopo 22 anni di servizio, l\u2019Arciprete don Giovanni Amodio lascer\u00e0 la guida spirituale della nostra comunit\u00e0.<\/p>\n<p>La notizia, invero inaspettata, ha spinto il consigliere di minoranza Paolo Tundo ad avanzare la proposta di conferire a don Giovanni la cittadinanza onoraria \u201cquale sincero ringraziamento per il suo generoso impegno pastorale nei confronti di Turi e quale legame imperituro con la nostra comunit\u00e0\u201d.<\/p>\n<p>La richiesta \u2013 indirizzata al sindaco, alla Giunta e all\u2019intero Consiglio comunale \u2013 troverebbe la principale motivazione nella volont\u00e0 di premiare il lavoro avviato dall\u2019Arciprete, il quale \u201cha costruito nel nome del nostro Patrono Sant\u2019Oronzo, un profondo legame socio-culturale tra la nostra Comunit\u00e0 cittadina e quelle dalmatiche della Diocesi di Zara (Croazia) e, particolarmente, con la Citt\u00e0 di Nin, ove \u00e8 custodita la reliquia del nostro Santo\u201d.<\/p>\n<p>\u201cRecentemente \u2013 prosegue la nota del consigliere \u2013 proprio in virt\u00f9 dell\u2019impegno pastorale per far conoscere la Persona storica del nostro Patrono e incrementarne la Devozione, ha meritato di essere insignito, dall\u2019arcivescovo emerito di Zara, S. Ecc. Mons. \u017delimir Pulji\u0107 (anch\u2019egli nostro concittadino onorario) della prestigiosa onorificenza di Canonico onorario del Capitolo Cattedrale di Zara, che deve essere considerata non soltanto come onorificenza personale, ma come riconoscimento all\u2019intera Comunit\u00e0 cittadina\u201d.<\/p>\n<p><a class=\"a2a_button_facebook\" href=\"https:\/\/www.addtoany.com\/add_to\/facebook?linkurl=https%3A%2F%2Fturi.lavocedelpaese.info%2Fcittadinanza-onoraria-per-don-giovanni-amodio-la-proposta-del-consigliere-tundo%2F&amp;linkname=Cittadinanza%20onoraria%20per%20don%20Giovanni%20Amodio%3F%20La%20proposta%20del%20consigliere%20Tundo\" title=\"Facebook\" target=\"_blank\" rel=\"noopener\"><\/a><a class=\"a2a_button_twitter\" href=\"https:\/\/www.addtoany.com\/add_to\/twitter?linkurl=https%3A%2F%2Fturi.lavocedelpaese.info%2Fcittadinanza-onoraria-per-don-giovanni-amodio-la-proposta-del-consigliere-tundo%2F&amp;linkname=Cittadinanza%20onoraria%20per%20don%20Giovanni%20Amodio%3F%20La%20proposta%20del%20consigliere%20Tundo\" title=\"Twitter\" target=\"_blank\" rel=\"noopener\"><\/a><a class=\"a2a_button_whatsapp\" href=\"https:\/\/www.addtoany.com\/add_to\/whatsapp?linkurl=https%3A%2F%2Fturi.lavocedelpaese.info%2Fcittadinanza-onoraria-per-don-giovanni-amodio-la-proposta-del-consigliere-tundo%2F&amp;linkname=Cittadinanza%20onoraria%20per%20don%20Giovanni%20Amodio%3F%20La%20proposta%20del%20consigliere%20Tundo\" title=\"WhatsApp\" target=\"_blank\" rel=\"noopener\"><\/a><a class=\"a2a_button_telegram\" href=\"https:\/\/www.addtoany.com\/add_to\/telegram?linkurl=https%3A%2F%2Fturi.lavocedelpaese.info%2Fcittadinanza-onoraria-per-don-giovanni-amodio-la-proposta-del-consigliere-tundo%2F&amp;linkname=Cittadinanza%20onoraria%20per%20don%20Giovanni%20Amodio%3F%20La%20proposta%20del%20consigliere%20Tundo\" title=\"Telegram\" target=\"_blank\" rel=\"noopener\"><\/a><a class=\"a2a_button_email\" href=\"https:\/\/www.addtoany.com\/add_to\/email?linkurl=https%3A%2F%2Fturi.lavocedelpaese.info%2Fcittadinanza-onoraria-per-don-giovanni-amodio-la-proposta-del-consigliere-tundo%2F&amp;linkname=Cittadinanza%20onoraria%20per%20don%20Giovanni%20Amodio%3F%20La%20proposta%20del%20consigliere%20Tundo\" title=\"Email\" target=\"_blank\" rel=\"noopener\"><\/a><\/p>\n<p>\u00a0<\/p>","protected":false},"excerpt":{"rendered":"<p>\u00a0 \u200b\u00a0 \u200bTuri \u2013 La Voce del Paese\u00a0 Il prossimo settembre, dopo 22 anni di servizio, l\u2019Arciprete don Giovanni Amodio<\/p>\n","protected":false},"author":0,"featured_media":0,"comment_status":"open","ping_status":"closed","sticky":false,"template":"","format":"standard","meta":{"colormag_page_container_layout":"default_layout","colormag_page_sidebar_layout":"default_layout","footnotes":""},"categories":[33],"tags":[],"class_list":["post-1901","post","type-post","status-publish","format-standard","hentry","category-network"],"yoast_head":"<!-- This site is optimized with the Yoast SEO plugin v27.5 - https:\/\/yoast.com\/product\/yoast-seo-wordpress\/ -->\n<title>Cittadinanza onoraria per don Giovanni Amodio? La proposta del consigliere Tundo - La Voce del Paese<\/title>\n<meta name=\"robots\" content=\"index, follow, max-snippet:-1, max-image-preview:large, max-video-preview:-1\" \/>\n<link rel=\"canonical\" href=\"https:\/\/lavocedelpaese.info\/index.php\/2023\/08\/17\/cittadinanza-onoraria-per-don-giovanni-amodio-la-proposta-del-consigliere-tundo\/\" \/>\n<meta property=\"og:locale\" content=\"it_IT\" \/>\n<meta property=\"og:type\" content=\"article\" \/>\n<meta property=\"og:title\" content=\"Cittadinanza onoraria per don Giovanni Amodio? La proposta del consigliere Tundo - La Voce del Paese\" \/>\n<meta property=\"og:description\" content=\"\u00a0 \u200b\u00a0 \u200bTuri \u2013 La Voce del Paese\u00a0 Il prossimo settembre, dopo 22 anni di servizio, l\u2019Arciprete don Giovanni Amodio\" \/>\n<meta property=\"og:url\" content=\"https:\/\/lavocedelpaese.info\/index.php\/2023\/08\/17\/cittadinanza-onoraria-per-don-giovanni-amodio-la-proposta-del-consigliere-tundo\/\" \/>\n<meta property=\"og:site_name\" content=\"La Voce del Paese\" \/>\n<meta property=\"article:publisher\" content=\"https:\/\/www.facebook.com\/lavocedelpaese.info\" \/>\n<meta property=\"article:published_time\" content=\"2023-08-17T05:16:36+00:00\" \/>\n<meta name=\"twitter:card\" content=\"summary_large_image\" \/>\n<meta name=\"twitter:label1\" content=\"Tempo di lettura stimato\" \/>\n\t<meta name=\"twitter:data1\" content=\"1 minuto\" \/>\n<script type=\"application\/ld+json\" class=\"yoast-schema-graph\">{\"@context\":\"https:\\\/\\\/schema.org\",\"@graph\":[{\"@type\":\"Article\",\"@id\":\"https:\\\/\\\/lavocedelpaese.info\\\/index.php\\\/2023\\\/08\\\/17\\\/cittadinanza-onoraria-per-don-giovanni-amodio-la-proposta-del-consigliere-tundo\\\/#article\",\"isPartOf\":{\"@id\":\"https:\\\/\\\/lavocedelpaese.info\\\/index.php\\\/2023\\\/08\\\/17\\\/cittadinanza-onoraria-per-don-giovanni-amodio-la-proposta-del-consigliere-tundo\\\/\"},\"author\":{\"name\":\"\",\"@id\":\"\"},\"headline\":\"Cittadinanza onoraria per don Giovanni Amodio? La proposta del consigliere Tundo\",\"datePublished\":\"2023-08-17T05:16:36+00:00\",\"mainEntityOfPage\":{\"@id\":\"https:\\\/\\\/lavocedelpaese.info\\\/index.php\\\/2023\\\/08\\\/17\\\/cittadinanza-onoraria-per-don-giovanni-amodio-la-proposta-del-consigliere-tundo\\\/\"},\"wordCount\":219,\"commentCount\":0,\"publisher\":{\"@id\":\"https:\\\/\\\/lavocedelpaese.info\\\/#organization\"},\"articleSection\":[\"network\"],\"inLanguage\":\"it-IT\",\"potentialAction\":[{\"@type\":\"CommentAction\",\"name\":\"Comment\",\"target\":[\"https:\\\/\\\/lavocedelpaese.info\\\/index.php\\\/2023\\\/08\\\/17\\\/cittadinanza-onoraria-per-don-giovanni-amodio-la-proposta-del-consigliere-tundo\\\/#respond\"]}]},{\"@type\":\"WebPage\",\"@id\":\"https:\\\/\\\/lavocedelpaese.info\\\/index.php\\\/2023\\\/08\\\/17\\\/cittadinanza-onoraria-per-don-giovanni-amodio-la-proposta-del-consigliere-tundo\\\/\",\"url\":\"https:\\\/\\\/lavocedelpaese.info\\\/index.php\\\/2023\\\/08\\\/17\\\/cittadinanza-onoraria-per-don-giovanni-amodio-la-proposta-del-consigliere-tundo\\\/\",\"name\":\"Cittadinanza onoraria per don Giovanni Amodio? La proposta del consigliere Tundo - La Voce del Paese\",\"isPartOf\":{\"@id\":\"https:\\\/\\\/lavocedelpaese.info\\\/#website\"},\"datePublished\":\"2023-08-17T05:16:36+00:00\",\"breadcrumb\":{\"@id\":\"https:\\\/\\\/lavocedelpaese.info\\\/index.php\\\/2023\\\/08\\\/17\\\/cittadinanza-onoraria-per-don-giovanni-amodio-la-proposta-del-consigliere-tundo\\\/#breadcrumb\"},\"inLanguage\":\"it-IT\",\"potentialAction\":[{\"@type\":\"ReadAction\",\"target\":[\"https:\\\/\\\/lavocedelpaese.info\\\/index.php\\\/2023\\\/08\\\/17\\\/cittadinanza-onoraria-per-don-giovanni-amodio-la-proposta-del-consigliere-tundo\\\/\"]}]},{\"@type\":\"BreadcrumbList\",\"@id\":\"https:\\\/\\\/lavocedelpaese.info\\\/index.php\\\/2023\\\/08\\\/17\\\/cittadinanza-onoraria-per-don-giovanni-amodio-la-proposta-del-consigliere-tundo\\\/#breadcrumb\",\"itemListElement\":[{\"@type\":\"ListItem\",\"position\":1,\"name\":\"Home\",\"item\":\"https:\\\/\\\/lavocedelpaese.info\\\/\"},{\"@type\":\"ListItem\",\"position\":2,\"name\":\"Cittadinanza onoraria per don Giovanni Amodio? La proposta del consigliere Tundo\"}]},{\"@type\":\"WebSite\",\"@id\":\"https:\\\/\\\/lavocedelpaese.info\\\/#website\",\"url\":\"https:\\\/\\\/lavocedelpaese.info\\\/\",\"name\":\"La Voce del Paese\",\"description\":\"Un network di idee\",\"publisher\":{\"@id\":\"https:\\\/\\\/lavocedelpaese.info\\\/#organization\"},\"potentialAction\":[{\"@type\":\"SearchAction\",\"target\":{\"@type\":\"EntryPoint\",\"urlTemplate\":\"https:\\\/\\\/lavocedelpaese.info\\\/?s={search_term_string}\"},\"query-input\":{\"@type\":\"PropertyValueSpecification\",\"valueRequired\":true,\"valueName\":\"search_term_string\"}}],\"inLanguage\":\"it-IT\"},{\"@type\":\"Organization\",\"@id\":\"https:\\\/\\\/lavocedelpaese.info\\\/#organization\",\"name\":\"La Voce del Paese\",\"url\":\"https:\\\/\\\/lavocedelpaese.info\\\/\",\"logo\":{\"@type\":\"ImageObject\",\"inLanguage\":\"it-IT\",\"@id\":\"https:\\\/\\\/lavocedelpaese.info\\\/#\\\/schema\\\/logo\\\/image\\\/\",\"url\":\"https:\\\/\\\/lavocedelpaese.info\\\/wp-content\\\/uploads\\\/2023\\\/01\\\/cropped-logo-150-127.png\",\"contentUrl\":\"https:\\\/\\\/lavocedelpaese.info\\\/wp-content\\\/uploads\\\/2023\\\/01\\\/cropped-logo-150-127.png\",\"width\":137,\"height\":119,\"caption\":\"La Voce del Paese\"},\"image\":{\"@id\":\"https:\\\/\\\/lavocedelpaese.info\\\/#\\\/schema\\\/logo\\\/image\\\/\"},\"sameAs\":[\"https:\\\/\\\/www.facebook.com\\\/lavocedelpaese.info\"]}]}<\/script>\n<!-- \/ Yoast SEO plugin. -->","yoast_head_json":{"title":"Cittadinanza onoraria per don Giovanni Amodio? La proposta del consigliere Tundo - La Voce del Paese","robots":{"index":"index","follow":"follow","max-snippet":"max-snippet:-1","max-image-preview":"max-image-preview:large","max-video-preview":"max-video-preview:-1"},"canonical":"https:\/\/lavocedelpaese.info\/index.php\/2023\/08\/17\/cittadinanza-onoraria-per-don-giovanni-amodio-la-proposta-del-consigliere-tundo\/","og_locale":"it_IT","og_type":"article","og_title":"Cittadinanza onoraria per don Giovanni Amodio? La proposta del consigliere Tundo - La Voce del Paese","og_description":"\u00a0 \u200b\u00a0 \u200bTuri \u2013 La Voce del Paese\u00a0 Il prossimo settembre, dopo 22 anni di servizio, l\u2019Arciprete don Giovanni Amodio","og_url":"https:\/\/lavocedelpaese.info\/index.php\/2023\/08\/17\/cittadinanza-onoraria-per-don-giovanni-amodio-la-proposta-del-consigliere-tundo\/","og_site_name":"La Voce del Paese","article_publisher":"https:\/\/www.facebook.com\/lavocedelpaese.info","article_published_time":"2023-08-17T05:16:36+00:00","twitter_card":"summary_large_image","twitter_misc":{"Tempo di lettura stimato":"1 minuto"},"schema":{"@context":"https:\/\/schema.org","@graph":[{"@type":"Article","@id":"https:\/\/lavocedelpaese.info\/index.php\/2023\/08\/17\/cittadinanza-onoraria-per-don-giovanni-amodio-la-proposta-del-consigliere-tundo\/#article","isPartOf":{"@id":"https:\/\/lavocedelpaese.info\/index.php\/2023\/08\/17\/cittadinanza-onoraria-per-don-giovanni-amodio-la-proposta-del-consigliere-tundo\/"},"author":{"name":"","@id":""},"headline":"Cittadinanza onoraria per don Giovanni Amodio? La proposta del consigliere Tundo","datePublished":"2023-08-17T05:16:36+00:00","mainEntityOfPage":{"@id":"https:\/\/lavocedelpaese.info\/index.php\/2023\/08\/17\/cittadinanza-onoraria-per-don-giovanni-amodio-la-proposta-del-consigliere-tundo\/"},"wordCount":219,"commentCount":0,"publisher":{"@id":"https:\/\/lavocedelpaese.info\/#organization"},"articleSection":["network"],"inLanguage":"it-IT","potentialAction":[{"@type":"CommentAction","name":"Comment","target":["https:\/\/lavocedelpaese.info\/index.php\/2023\/08\/17\/cittadinanza-onoraria-per-don-giovanni-amodio-la-proposta-del-consigliere-tundo\/#respond"]}]},{"@type":"WebPage","@id":"https:\/\/lavocedelpaese.info\/index.php\/2023\/08\/17\/cittadinanza-onoraria-per-don-giovanni-amodio-la-proposta-del-consigliere-tundo\/","url":"https:\/\/lavocedelpaese.info\/index.php\/2023\/08\/17\/cittadinanza-onoraria-per-don-giovanni-amodio-la-proposta-del-consigliere-tundo\/","name":"Cittadinanza onoraria per don Giovanni Amodio? La proposta del consigliere Tundo - La Voce del Paese","isPartOf":{"@id":"https:\/\/lavocedelpaese.info\/#website"},"datePublished":"2023-08-17T05:16:36+00:00","breadcrumb":{"@id":"https:\/\/lavocedelpaese.info\/index.php\/2023\/08\/17\/cittadinanza-onoraria-per-don-giovanni-amodio-la-proposta-del-consigliere-tundo\/#breadcrumb"},"inLanguage":"it-IT","potentialAction":[{"@type":"ReadAction","target":["https:\/\/lavocedelpaese.info\/index.php\/2023\/08\/17\/cittadinanza-onoraria-per-don-giovanni-amodio-la-proposta-del-consigliere-tundo\/"]}]},{"@type":"BreadcrumbList","@id":"https:\/\/lavocedelpaese.info\/index.php\/2023\/08\/17\/cittadinanza-onoraria-per-don-giovanni-amodio-la-proposta-del-consigliere-tundo\/#breadcrumb","itemListElement":[{"@type":"ListItem","position":1,"name":"Home","item":"https:\/\/lavocedelpaese.info\/"},{"@type":"ListItem","position":2,"name":"Cittadinanza onoraria per don Giovanni Amodio? La proposta del consigliere Tundo"}]},{"@type":"WebSite","@id":"https:\/\/lavocedelpaese.info\/#website","url":"https:\/\/lavocedelpaese.info\/","name":"La Voce del Paese","description":"Un network di idee","publisher":{"@id":"https:\/\/lavocedelpaese.info\/#organization"},"potentialAction":[{"@type":"SearchAction","target":{"@type":"EntryPoint","urlTemplate":"https:\/\/lavocedelpaese.info\/?s={search_term_string}"},"query-input":{"@type":"PropertyValueSpecification","valueRequired":true,"valueName":"search_term_string"}}],"inLanguage":"it-IT"},{"@type":"Organization","@id":"https:\/\/lavocedelpaese.info\/#organization","name":"La Voce del Paese","url":"https:\/\/lavocedelpaese.info\/","logo":{"@type":"ImageObject","inLanguage":"it-IT","@id":"https:\/\/lavocedelpaese.info\/#\/schema\/logo\/image\/","url":"https:\/\/lavocedelpaese.info\/wp-content\/uploads\/2023\/01\/cropped-logo-150-127.png","contentUrl":"https:\/\/lavocedelpaese.info\/wp-content\/uploads\/2023\/01\/cropped-logo-150-127.png","width":137,"height":119,"caption":"La Voce del Paese"},"image":{"@id":"https:\/\/lavocedelpaese.info\/#\/schema\/logo\/image\/"},"sameAs":["https:\/\/www.facebook.com\/lavocedelpaese.info"]}]}},"_links":{"self":[{"href":"https:\/\/lavocedelpaese.info\/index.php\/wp-json\/wp\/v2\/posts\/1901","targetHints":{"allow":["GET"]}}],"collection":[{"href":"https:\/\/lavocedelpaese.info\/index.php\/wp-json\/wp\/v2\/posts"}],"about":[{"href":"https:\/\/lavocedelpaese.info\/index.php\/wp-json\/wp\/v2\/types\/post"}],"replies":[{"embeddable":true,"href":"https:\/\/lavocedelpaese.info\/index.php\/wp-json\/wp\/v2\/comments?post=1901"}],"version-history":[{"count":0,"href":"https:\/\/lavocedelpaese.info\/index.php\/wp-json\/wp\/v2\/posts\/1901\/revisions"}],"wp:attachment":[{"href":"https:\/\/lavocedelpaese.info\/index.php\/wp-json\/wp\/v2\/media?parent=1901"}],"wp:term":[{"taxonomy":"category","embeddable":true,"href":"https:\/\/lavocedelpaese.info\/index.php\/wp-json\/wp\/v2\/categories?post=1901"},{"taxonomy":"post_tag","embeddable":true,"href":"https:\/\/lavocedelpaese.info\/index.php\/wp-json\/wp\/v2\/tags?post=1901"}],"curies":[{"name":"wp","href":"https:\/\/api.w.org\/{rel}","templated":true}]}}