{"id":1894,"date":"2023-08-16T12:25:59","date_gmt":"2023-08-16T12:25:59","guid":{"rendered":"https:\/\/lavocedelpaese.info\/index.php\/2023\/08\/16\/fratres-e-centro-di-ascolto-donazioni-e-servizi-di-agosto-in-arrivo-sportello-legale\/"},"modified":"2023-08-16T12:25:59","modified_gmt":"2023-08-16T12:25:59","slug":"fratres-e-centro-di-ascolto-donazioni-e-servizi-di-agosto-in-arrivo-sportello-legale","status":"publish","type":"post","link":"https:\/\/lavocedelpaese.info\/index.php\/2023\/08\/16\/fratres-e-centro-di-ascolto-donazioni-e-servizi-di-agosto-in-arrivo-sportello-legale\/","title":{"rendered":"Fratres e Centro di Ascolto \u2013 Donazioni e servizi di agosto. In arrivo sportello legale"},"content":{"rendered":"<p>\u00a0<\/p>\n<p>\u200b\u00a0<\/p>\n<p>\u200bGioia \u2013 La Voce del Paese\u00a0<\/p>\n<p><strong>Il 19 agosto la Fratres<\/strong> ha programmato una <strong>donazione di sangue in piazza Plebiscito dalle ore 8 alle ore 12<\/strong>. I donatori saranno accolti dai sanitari nella autoemoteca .<\/p>\n<p>\u201cIn agosto la donazione di sangue \u00e8 vitale. Le scorte si assottigliano a causa di incidenti ed infortuni, oltre che per le esigenze calendarizzate per talassemici e interventi chirurgici programmati e le donazioni di chi non \u00e8 in vacanza non riescono a sopperire al fabbisogno minimo\u2026\u201d dichiara <strong>Rosanna D\u2019Aprile<\/strong>, da tre anni al timone dell\u2019associazione, invitando tutti a donare.<\/p>\n<p><strong>Il 27 agosto<\/strong>, terzo \u201ccompleanno\u201d del suo mandato, si doner\u00e0 sempre di mattina <strong>nei pressi della sede del Centro di Ascolto<\/strong> nonch\u00e9 sede Fratres <strong>in via Sannazzaro 15<\/strong>. Nella serata artisti di strada animeranno la ricorrenza e saranno consegnati attestati ai soci donatori.<\/p>\n<p>Stretto il connubio tra <strong>Fratres<\/strong> e <strong>Aido <\/strong>di cui la D\u2019Aprile \u00e8 membro, per cui sono in corso i preparativi per il <strong>50\u00b0 anniversario <\/strong>dalla sua istituzione, primo tra tutti l\u2019organizzazione di una tavola rotonda cui siederanno luminari del settore \u2026 Le associazioni di cui Rosanna fa parte hanno aderito al Palio delle Botti insieme ad altre del terzo settore per sensibilizzare alla cultura del dono, condividendo gli stessi intenti e gli stessi spazi.<\/p>\n<p>Rosanna D\u2019Aprile quando e dove \u00e8 possibile tende a fare rete sia condividendo gli spazi gestiti dal Centro di Ascolto di cui \u00e8 presidente, sia accogliendo iniziative che promuovono la solidariet\u00e0 in ogni sua forma.<\/p>\n<p>Tra l\u2019altro i vari servizi offerti dal Centro di Ascolto non sono stati sospesi neanche in agosto. <strong>L\u2019emporio solidale<\/strong> ha garantito l\u2019accesso ogni gioved\u00ec, il <strong>Centro di Ascolto<\/strong> il mercoled\u00ec ed il venerd\u00ec, il <strong>servizio guardaroba<\/strong> il luned\u00ec e gioved\u00ec, la <strong>mensa<\/strong> il marted\u00ec e gioved\u00ec. Un impegno costante che ha visto impegnati non solo i volontari ma anche i numerosi \u201c<strong>messi alla prova<\/strong>\u201d che il Centro ospita, una vera risorsa per competenze, buona volont\u00e0, disponibilit\u00e0 e professionalit\u00e0.<\/p>\n<p>\u201cAlcuni di questi giovani sono per il Centro vere risorse\u2026 Si occupano di piccole manutenzioni, giardinaggio, guardiania e lo fanno volentieri, grati di poter dare una mano, con grande disponibilit\u00e0 umana e buon cuore. Tengo a sottolinearlo perch\u00e9 a volte si stigmatizzano le persone che hanno storie e vissuti difficili o sono incappati nelle maglie della giustizia per errori veniali, ad esempio dipingere murales o peggio, coinvolti loro malgrado in vicende giudiziarie con ruoli marginali e di minima responsabilit\u00e0. Generalizzare non \u00e8 il caso, ma a tutti va data una possibilit\u00e0 di riscatto ed in questi anni posso affermare con sicurezza che i risultati ci sono stati, con recuperi completi. \u201c<\/p>\n<p>Una attenzione agli ultimi che Madre Teresa di Calcutta, per Rosanna luminoso esempio di carit\u00e0 agita, ben racchiude la frase: \u201c<strong>Non tutti possiamo fare grandi cose, ma tutti possiamo fare piccole cose con grande amore!<\/strong>\u201d<\/p>\n<p>Ed il <strong>5 settembre<\/strong> \u2013 nel 26\u00b0 anniversario della sua morte \u2013 <strong>presso la Chiesa di sant\u2019Antonio<\/strong> i volontari si ritroveranno in preghiera nella Santa Messa per il 15\u00b0 anniversario del servizio della mensa \u201c<strong>Pane di tutti<\/strong>\u201d e del guardaroba \u201c<strong>Vesti la dignit\u00e0<\/strong>\u201d.<\/p>\n<p>Tra i sogni nel cassetto di Rosanna, la riapertura del dormitorio \u201c<strong>Un tetto per vivere<\/strong>\u201d, alla luce delle tante indigenze sul territorio, un servizio di assoluta priorit\u00e0.<\/p>\n<p>\u201cHo chiesto al sindaco <strong>Mastrangelo<\/strong> di aiutarci, ho volontari disponibili per questo servizio di cui ovviamente mi assumerei la piena responsabilit\u00e0\u2026\u201d<\/p>\n<p>Al momento oltre ai servizi gi\u00e0 nominati il Centro offre quello della <strong>lavanderia sociale<\/strong>, lo <strong>sportello Alzheimer, Petali di rose<\/strong> \u2013 abiti da sposa donati e da donare \u2013 <strong>l\u2019ambulatorio \u201cPrenditi a cuore\u201d<\/strong> che in ottobre offrir\u00e0 nuovi screening e se giunger\u00e0 l\u2019atteso ecografo anche altri vitali servizi per chi a volte deve scegliere se curarsi o nutrirsi e dal 29 settembre anche uno <strong>sportello legale<\/strong> presso la sede del Centro. Sar\u00e0 possibile prenotare un appuntamento con l\u2019<strong>avvocato Montanaro<\/strong>, civilista di Casamassima, nella giornata del venerd\u00ec. \u201cQuest\u2019ultimo servizio \u2013 afferma la D\u2019Aprile \u2013 si inserisce in un contesto che pur se non paragonabile al gratuito patrocinio, potrebbe rivelarsi non meno importante per dirimere litigi, questioni e altro. Oltre a fornire delucidazioni e consigli prettamente legati al civile, per ogni altro problema gli utenti saranno aiutati per quanto possibile.\u201d<\/p>\n<p><a class=\"a2a_button_facebook\" href=\"https:\/\/www.addtoany.com\/add_to\/facebook?linkurl=https%3A%2F%2Fgioia.lavocedelpaese.info%2Findex.php%2F2023%2F08%2F16%2Ffratres-e-centro-di-ascolto-donazioni-e-servizi-di-agosto-in-arrivo-sportello-legale%2F&amp;linkname=Fratres%20e%20Centro%20di%20Ascolto%20%E2%80%93%20Donazioni%20e%20servizi%20di%20agosto.%20In%20arrivo%20sportello%20legale\" title=\"Facebook\" target=\"_blank\" rel=\"noopener\"><\/a><a class=\"a2a_button_twitter\" href=\"https:\/\/www.addtoany.com\/add_to\/twitter?linkurl=https%3A%2F%2Fgioia.lavocedelpaese.info%2Findex.php%2F2023%2F08%2F16%2Ffratres-e-centro-di-ascolto-donazioni-e-servizi-di-agosto-in-arrivo-sportello-legale%2F&amp;linkname=Fratres%20e%20Centro%20di%20Ascolto%20%E2%80%93%20Donazioni%20e%20servizi%20di%20agosto.%20In%20arrivo%20sportello%20legale\" title=\"Twitter\" target=\"_blank\" rel=\"noopener\"><\/a><a class=\"a2a_button_whatsapp\" href=\"https:\/\/www.addtoany.com\/add_to\/whatsapp?linkurl=https%3A%2F%2Fgioia.lavocedelpaese.info%2Findex.php%2F2023%2F08%2F16%2Ffratres-e-centro-di-ascolto-donazioni-e-servizi-di-agosto-in-arrivo-sportello-legale%2F&amp;linkname=Fratres%20e%20Centro%20di%20Ascolto%20%E2%80%93%20Donazioni%20e%20servizi%20di%20agosto.%20In%20arrivo%20sportello%20legale\" title=\"WhatsApp\" target=\"_blank\" rel=\"noopener\"><\/a><a class=\"a2a_button_telegram\" href=\"https:\/\/www.addtoany.com\/add_to\/telegram?linkurl=https%3A%2F%2Fgioia.lavocedelpaese.info%2Findex.php%2F2023%2F08%2F16%2Ffratres-e-centro-di-ascolto-donazioni-e-servizi-di-agosto-in-arrivo-sportello-legale%2F&amp;linkname=Fratres%20e%20Centro%20di%20Ascolto%20%E2%80%93%20Donazioni%20e%20servizi%20di%20agosto.%20In%20arrivo%20sportello%20legale\" title=\"Telegram\" target=\"_blank\" rel=\"noopener\"><\/a><a class=\"a2a_button_email\" href=\"https:\/\/www.addtoany.com\/add_to\/email?linkurl=https%3A%2F%2Fgioia.lavocedelpaese.info%2Findex.php%2F2023%2F08%2F16%2Ffratres-e-centro-di-ascolto-donazioni-e-servizi-di-agosto-in-arrivo-sportello-legale%2F&amp;linkname=Fratres%20e%20Centro%20di%20Ascolto%20%E2%80%93%20Donazioni%20e%20servizi%20di%20agosto.%20In%20arrivo%20sportello%20legale\" title=\"Email\" target=\"_blank\" rel=\"noopener\"><\/a><\/p>\n<p>\u00a0<\/p>","protected":false},"excerpt":{"rendered":"<p>\u00a0 \u200b\u00a0 \u200bGioia \u2013 La Voce del Paese\u00a0 Il 19 agosto la Fratres ha programmato una donazione di sangue in<\/p>\n","protected":false},"author":0,"featured_media":0,"comment_status":"open","ping_status":"closed","sticky":false,"template":"","format":"standard","meta":{"colormag_page_container_layout":"default_layout","colormag_page_sidebar_layout":"default_layout","footnotes":""},"categories":[33],"tags":[],"class_list":["post-1894","post","type-post","status-publish","format-standard","hentry","category-network"],"yoast_head":"<!-- This site is optimized with the Yoast SEO plugin v27.5 - https:\/\/yoast.com\/product\/yoast-seo-wordpress\/ -->\n<title>Fratres e Centro di Ascolto \u2013 Donazioni e servizi di agosto. In arrivo sportello legale - La Voce del Paese<\/title>\n<meta name=\"robots\" content=\"index, follow, max-snippet:-1, max-image-preview:large, max-video-preview:-1\" \/>\n<link rel=\"canonical\" href=\"https:\/\/lavocedelpaese.info\/index.php\/2023\/08\/16\/fratres-e-centro-di-ascolto-donazioni-e-servizi-di-agosto-in-arrivo-sportello-legale\/\" \/>\n<meta property=\"og:locale\" content=\"it_IT\" \/>\n<meta property=\"og:type\" content=\"article\" \/>\n<meta property=\"og:title\" content=\"Fratres e Centro di Ascolto \u2013 Donazioni e servizi di agosto. In arrivo sportello legale - La Voce del Paese\" \/>\n<meta property=\"og:description\" content=\"\u00a0 \u200b\u00a0 \u200bGioia \u2013 La Voce del Paese\u00a0 Il 19 agosto la Fratres ha programmato una donazione di sangue in\" \/>\n<meta property=\"og:url\" content=\"https:\/\/lavocedelpaese.info\/index.php\/2023\/08\/16\/fratres-e-centro-di-ascolto-donazioni-e-servizi-di-agosto-in-arrivo-sportello-legale\/\" \/>\n<meta property=\"og:site_name\" content=\"La Voce del Paese\" \/>\n<meta property=\"article:publisher\" content=\"https:\/\/www.facebook.com\/lavocedelpaese.info\" \/>\n<meta property=\"article:published_time\" content=\"2023-08-16T12:25:59+00:00\" \/>\n<meta name=\"twitter:card\" content=\"summary_large_image\" \/>\n<meta name=\"twitter:label1\" content=\"Tempo di lettura stimato\" \/>\n\t<meta name=\"twitter:data1\" content=\"3 minuti\" \/>\n<script type=\"application\/ld+json\" class=\"yoast-schema-graph\">{\"@context\":\"https:\\\/\\\/schema.org\",\"@graph\":[{\"@type\":\"Article\",\"@id\":\"https:\\\/\\\/lavocedelpaese.info\\\/index.php\\\/2023\\\/08\\\/16\\\/fratres-e-centro-di-ascolto-donazioni-e-servizi-di-agosto-in-arrivo-sportello-legale\\\/#article\",\"isPartOf\":{\"@id\":\"https:\\\/\\\/lavocedelpaese.info\\\/index.php\\\/2023\\\/08\\\/16\\\/fratres-e-centro-di-ascolto-donazioni-e-servizi-di-agosto-in-arrivo-sportello-legale\\\/\"},\"author\":{\"name\":\"\",\"@id\":\"\"},\"headline\":\"Fratres e Centro di Ascolto \u2013 Donazioni e servizi di agosto. In arrivo sportello legale\",\"datePublished\":\"2023-08-16T12:25:59+00:00\",\"mainEntityOfPage\":{\"@id\":\"https:\\\/\\\/lavocedelpaese.info\\\/index.php\\\/2023\\\/08\\\/16\\\/fratres-e-centro-di-ascolto-donazioni-e-servizi-di-agosto-in-arrivo-sportello-legale\\\/\"},\"wordCount\":701,\"commentCount\":0,\"publisher\":{\"@id\":\"https:\\\/\\\/lavocedelpaese.info\\\/#organization\"},\"articleSection\":[\"network\"],\"inLanguage\":\"it-IT\",\"potentialAction\":[{\"@type\":\"CommentAction\",\"name\":\"Comment\",\"target\":[\"https:\\\/\\\/lavocedelpaese.info\\\/index.php\\\/2023\\\/08\\\/16\\\/fratres-e-centro-di-ascolto-donazioni-e-servizi-di-agosto-in-arrivo-sportello-legale\\\/#respond\"]}]},{\"@type\":\"WebPage\",\"@id\":\"https:\\\/\\\/lavocedelpaese.info\\\/index.php\\\/2023\\\/08\\\/16\\\/fratres-e-centro-di-ascolto-donazioni-e-servizi-di-agosto-in-arrivo-sportello-legale\\\/\",\"url\":\"https:\\\/\\\/lavocedelpaese.info\\\/index.php\\\/2023\\\/08\\\/16\\\/fratres-e-centro-di-ascolto-donazioni-e-servizi-di-agosto-in-arrivo-sportello-legale\\\/\",\"name\":\"Fratres e Centro di Ascolto \u2013 Donazioni e servizi di agosto. In arrivo sportello legale - La Voce del Paese\",\"isPartOf\":{\"@id\":\"https:\\\/\\\/lavocedelpaese.info\\\/#website\"},\"datePublished\":\"2023-08-16T12:25:59+00:00\",\"breadcrumb\":{\"@id\":\"https:\\\/\\\/lavocedelpaese.info\\\/index.php\\\/2023\\\/08\\\/16\\\/fratres-e-centro-di-ascolto-donazioni-e-servizi-di-agosto-in-arrivo-sportello-legale\\\/#breadcrumb\"},\"inLanguage\":\"it-IT\",\"potentialAction\":[{\"@type\":\"ReadAction\",\"target\":[\"https:\\\/\\\/lavocedelpaese.info\\\/index.php\\\/2023\\\/08\\\/16\\\/fratres-e-centro-di-ascolto-donazioni-e-servizi-di-agosto-in-arrivo-sportello-legale\\\/\"]}]},{\"@type\":\"BreadcrumbList\",\"@id\":\"https:\\\/\\\/lavocedelpaese.info\\\/index.php\\\/2023\\\/08\\\/16\\\/fratres-e-centro-di-ascolto-donazioni-e-servizi-di-agosto-in-arrivo-sportello-legale\\\/#breadcrumb\",\"itemListElement\":[{\"@type\":\"ListItem\",\"position\":1,\"name\":\"Home\",\"item\":\"https:\\\/\\\/lavocedelpaese.info\\\/\"},{\"@type\":\"ListItem\",\"position\":2,\"name\":\"Fratres e Centro di Ascolto \u2013 Donazioni e servizi di agosto. In arrivo sportello legale\"}]},{\"@type\":\"WebSite\",\"@id\":\"https:\\\/\\\/lavocedelpaese.info\\\/#website\",\"url\":\"https:\\\/\\\/lavocedelpaese.info\\\/\",\"name\":\"La Voce del Paese\",\"description\":\"Un network di idee\",\"publisher\":{\"@id\":\"https:\\\/\\\/lavocedelpaese.info\\\/#organization\"},\"potentialAction\":[{\"@type\":\"SearchAction\",\"target\":{\"@type\":\"EntryPoint\",\"urlTemplate\":\"https:\\\/\\\/lavocedelpaese.info\\\/?s={search_term_string}\"},\"query-input\":{\"@type\":\"PropertyValueSpecification\",\"valueRequired\":true,\"valueName\":\"search_term_string\"}}],\"inLanguage\":\"it-IT\"},{\"@type\":\"Organization\",\"@id\":\"https:\\\/\\\/lavocedelpaese.info\\\/#organization\",\"name\":\"La Voce del Paese\",\"url\":\"https:\\\/\\\/lavocedelpaese.info\\\/\",\"logo\":{\"@type\":\"ImageObject\",\"inLanguage\":\"it-IT\",\"@id\":\"https:\\\/\\\/lavocedelpaese.info\\\/#\\\/schema\\\/logo\\\/image\\\/\",\"url\":\"https:\\\/\\\/lavocedelpaese.info\\\/wp-content\\\/uploads\\\/2023\\\/01\\\/cropped-logo-150-127.png\",\"contentUrl\":\"https:\\\/\\\/lavocedelpaese.info\\\/wp-content\\\/uploads\\\/2023\\\/01\\\/cropped-logo-150-127.png\",\"width\":137,\"height\":119,\"caption\":\"La Voce del Paese\"},\"image\":{\"@id\":\"https:\\\/\\\/lavocedelpaese.info\\\/#\\\/schema\\\/logo\\\/image\\\/\"},\"sameAs\":[\"https:\\\/\\\/www.facebook.com\\\/lavocedelpaese.info\"]}]}<\/script>\n<!-- \/ Yoast SEO plugin. -->","yoast_head_json":{"title":"Fratres e Centro di Ascolto \u2013 Donazioni e servizi di agosto. In arrivo sportello legale - La Voce del Paese","robots":{"index":"index","follow":"follow","max-snippet":"max-snippet:-1","max-image-preview":"max-image-preview:large","max-video-preview":"max-video-preview:-1"},"canonical":"https:\/\/lavocedelpaese.info\/index.php\/2023\/08\/16\/fratres-e-centro-di-ascolto-donazioni-e-servizi-di-agosto-in-arrivo-sportello-legale\/","og_locale":"it_IT","og_type":"article","og_title":"Fratres e Centro di Ascolto \u2013 Donazioni e servizi di agosto. In arrivo sportello legale - La Voce del Paese","og_description":"\u00a0 \u200b\u00a0 \u200bGioia \u2013 La Voce del Paese\u00a0 Il 19 agosto la Fratres ha programmato una donazione di sangue in","og_url":"https:\/\/lavocedelpaese.info\/index.php\/2023\/08\/16\/fratres-e-centro-di-ascolto-donazioni-e-servizi-di-agosto-in-arrivo-sportello-legale\/","og_site_name":"La Voce del Paese","article_publisher":"https:\/\/www.facebook.com\/lavocedelpaese.info","article_published_time":"2023-08-16T12:25:59+00:00","twitter_card":"summary_large_image","twitter_misc":{"Tempo di lettura stimato":"3 minuti"},"schema":{"@context":"https:\/\/schema.org","@graph":[{"@type":"Article","@id":"https:\/\/lavocedelpaese.info\/index.php\/2023\/08\/16\/fratres-e-centro-di-ascolto-donazioni-e-servizi-di-agosto-in-arrivo-sportello-legale\/#article","isPartOf":{"@id":"https:\/\/lavocedelpaese.info\/index.php\/2023\/08\/16\/fratres-e-centro-di-ascolto-donazioni-e-servizi-di-agosto-in-arrivo-sportello-legale\/"},"author":{"name":"","@id":""},"headline":"Fratres e Centro di Ascolto \u2013 Donazioni e servizi di agosto. In arrivo sportello legale","datePublished":"2023-08-16T12:25:59+00:00","mainEntityOfPage":{"@id":"https:\/\/lavocedelpaese.info\/index.php\/2023\/08\/16\/fratres-e-centro-di-ascolto-donazioni-e-servizi-di-agosto-in-arrivo-sportello-legale\/"},"wordCount":701,"commentCount":0,"publisher":{"@id":"https:\/\/lavocedelpaese.info\/#organization"},"articleSection":["network"],"inLanguage":"it-IT","potentialAction":[{"@type":"CommentAction","name":"Comment","target":["https:\/\/lavocedelpaese.info\/index.php\/2023\/08\/16\/fratres-e-centro-di-ascolto-donazioni-e-servizi-di-agosto-in-arrivo-sportello-legale\/#respond"]}]},{"@type":"WebPage","@id":"https:\/\/lavocedelpaese.info\/index.php\/2023\/08\/16\/fratres-e-centro-di-ascolto-donazioni-e-servizi-di-agosto-in-arrivo-sportello-legale\/","url":"https:\/\/lavocedelpaese.info\/index.php\/2023\/08\/16\/fratres-e-centro-di-ascolto-donazioni-e-servizi-di-agosto-in-arrivo-sportello-legale\/","name":"Fratres e Centro di Ascolto \u2013 Donazioni e servizi di agosto. In arrivo sportello legale - La Voce del Paese","isPartOf":{"@id":"https:\/\/lavocedelpaese.info\/#website"},"datePublished":"2023-08-16T12:25:59+00:00","breadcrumb":{"@id":"https:\/\/lavocedelpaese.info\/index.php\/2023\/08\/16\/fratres-e-centro-di-ascolto-donazioni-e-servizi-di-agosto-in-arrivo-sportello-legale\/#breadcrumb"},"inLanguage":"it-IT","potentialAction":[{"@type":"ReadAction","target":["https:\/\/lavocedelpaese.info\/index.php\/2023\/08\/16\/fratres-e-centro-di-ascolto-donazioni-e-servizi-di-agosto-in-arrivo-sportello-legale\/"]}]},{"@type":"BreadcrumbList","@id":"https:\/\/lavocedelpaese.info\/index.php\/2023\/08\/16\/fratres-e-centro-di-ascolto-donazioni-e-servizi-di-agosto-in-arrivo-sportello-legale\/#breadcrumb","itemListElement":[{"@type":"ListItem","position":1,"name":"Home","item":"https:\/\/lavocedelpaese.info\/"},{"@type":"ListItem","position":2,"name":"Fratres e Centro di Ascolto \u2013 Donazioni e servizi di agosto. In arrivo sportello legale"}]},{"@type":"WebSite","@id":"https:\/\/lavocedelpaese.info\/#website","url":"https:\/\/lavocedelpaese.info\/","name":"La Voce del Paese","description":"Un network di idee","publisher":{"@id":"https:\/\/lavocedelpaese.info\/#organization"},"potentialAction":[{"@type":"SearchAction","target":{"@type":"EntryPoint","urlTemplate":"https:\/\/lavocedelpaese.info\/?s={search_term_string}"},"query-input":{"@type":"PropertyValueSpecification","valueRequired":true,"valueName":"search_term_string"}}],"inLanguage":"it-IT"},{"@type":"Organization","@id":"https:\/\/lavocedelpaese.info\/#organization","name":"La Voce del Paese","url":"https:\/\/lavocedelpaese.info\/","logo":{"@type":"ImageObject","inLanguage":"it-IT","@id":"https:\/\/lavocedelpaese.info\/#\/schema\/logo\/image\/","url":"https:\/\/lavocedelpaese.info\/wp-content\/uploads\/2023\/01\/cropped-logo-150-127.png","contentUrl":"https:\/\/lavocedelpaese.info\/wp-content\/uploads\/2023\/01\/cropped-logo-150-127.png","width":137,"height":119,"caption":"La Voce del Paese"},"image":{"@id":"https:\/\/lavocedelpaese.info\/#\/schema\/logo\/image\/"},"sameAs":["https:\/\/www.facebook.com\/lavocedelpaese.info"]}]}},"_links":{"self":[{"href":"https:\/\/lavocedelpaese.info\/index.php\/wp-json\/wp\/v2\/posts\/1894","targetHints":{"allow":["GET"]}}],"collection":[{"href":"https:\/\/lavocedelpaese.info\/index.php\/wp-json\/wp\/v2\/posts"}],"about":[{"href":"https:\/\/lavocedelpaese.info\/index.php\/wp-json\/wp\/v2\/types\/post"}],"replies":[{"embeddable":true,"href":"https:\/\/lavocedelpaese.info\/index.php\/wp-json\/wp\/v2\/comments?post=1894"}],"version-history":[{"count":0,"href":"https:\/\/lavocedelpaese.info\/index.php\/wp-json\/wp\/v2\/posts\/1894\/revisions"}],"wp:attachment":[{"href":"https:\/\/lavocedelpaese.info\/index.php\/wp-json\/wp\/v2\/media?parent=1894"}],"wp:term":[{"taxonomy":"category","embeddable":true,"href":"https:\/\/lavocedelpaese.info\/index.php\/wp-json\/wp\/v2\/categories?post=1894"},{"taxonomy":"post_tag","embeddable":true,"href":"https:\/\/lavocedelpaese.info\/index.php\/wp-json\/wp\/v2\/tags?post=1894"}],"curies":[{"name":"wp","href":"https:\/\/api.w.org\/{rel}","templated":true}]}}