{"id":1863,"date":"2023-08-09T07:16:23","date_gmt":"2023-08-09T07:16:23","guid":{"rendered":"https:\/\/lavocedelpaese.info\/index.php\/2023\/08\/09\/tpl-campobasso-quella-delibera-e-malfatta-e-conferma-lincontro-dell11-agosto-in-foresta\/"},"modified":"2023-08-09T07:16:23","modified_gmt":"2023-08-09T07:16:23","slug":"tpl-campobasso-quella-delibera-e-malfatta-e-conferma-lincontro-dell11-agosto-in-foresta","status":"publish","type":"post","link":"https:\/\/lavocedelpaese.info\/index.php\/2023\/08\/09\/tpl-campobasso-quella-delibera-e-malfatta-e-conferma-lincontro-dell11-agosto-in-foresta\/","title":{"rendered":"TPL, Campobasso: \u201cquella delibera \u00e8 malfatta\u201d. E conferma l\u2019incontro dell\u201911 agosto in Foresta"},"content":{"rendered":"<p>\u00a0<\/p>\n<p>\u200b\u00a0<\/p>\n<p>\u200bCassano \u2013 La Voce del Paese\u00a0<\/p>\n<p>di Antonietta De Palma<\/p>\n<p>Molti sono i residenti di Cassano delle Murge che, abitando ai borghi del paese, riscontrano una precariet\u00e0 per lo spostamento dalla zona di abitazione al centro abitato del paese murgiano. Non raramente, a causa della disfunzione del mezzo di trasporto privato, anche le attivit\u00e0 quotidiane subiscono una compromissione. Per questa ragione, in questi giorni, si sta provvedendo ad una raccolta firme che ripristini il servizio di trasporto favorendone lo spostamento dei cittadini cassanesi residenti ai borghi. Non raramente, infatti, si leggono richieste di passaggio verso il centro abitato, postate sul gruppo Facebook \u201cCittadini di Cassano delle Murge\u201d; in quei post si avverte il disagio causato dall\u2019assenza di uno dei servizi fondamentali: il trasporto.<\/p>\n<p>A coordinare la richiesta cittadina \u00e8 il signor Germano Campobasso, portavoce degli altri residenti, che ringraziamo per l\u2019intervista rilasciata.<\/p>\n<p><strong>Sig. Campobasso, qual \u00e8 il motivo per cui si \u00e8 deciso di intraprendere una raccolta firme per l\u2019attivazione dei servizi di trasporto?<\/strong><em><\/em><\/p>\n<p><em>Tutto nasce da un episodio che mi \u00e8 capitato nel mese di Giugno, quando a causa di un\u2019avaria alla mia vettura che mi vide costretto a lasciarla a Bari in officina fui costretto a rientrare a Cassano con il mezzo pubblico. Lo stesso mi lasciava in piazza e sicuro del precario sistema di trasporto a chiamata provai a chiamare, senza alcuna risposta, il numero delle autolinee Leonetti che fino a qualche tempo fa faceva un servizio, a mio avviso non del tutto regolare.<\/em><\/p>\n<p><em>Dopo vari tentativi, non riuscendo a contattare le autolinee Leonetti mi avviai verso casa e percorsi una distanza di 7 kilometri sotto un sole cocente, in quei giorni toccavamo i 38 gradi.<\/em><\/p>\n<p><em>Una volta al mio residence, parlando con altri condomini scoprii che vi era una vera esigenza, quella di avere un mezzo pubblico che collegasse i borghi al paese, e non solo, con un servizio programmato e non a chiamata.<\/em><\/p>\n<p><strong><br \/>Per quale ragione si \u00e8 avviata una petizione se, sino al 2026, \u00e8 previsto il servizio \u201cnavetta\u00a0 Leonetti\u201d?<\/strong><em><\/em><\/p>\n<p><em>La ragione per la quale si \u00e8 giunti alla decisione di avviare una petizione \u00e8 naturale perch\u00e9 il servizio di collegamento tra il centro del paese e i borghi <strong>\u201c\u00e8 semplicemente necessario\u201d.<\/strong> Le motivazioni sono molteplici, poter andare al lavoro con il mezzo pubblico direttamente dalla propria abitazione anche perch\u00e9 prima qualcuno andava in paese con il proprio mezzo e poi proseguiva con il mezzo pubblico in direzione Bari, cosa non pi\u00f9 possibile perch\u00e9 questa amministrazione ha messo praticamente ovunque il parcheggio orario per cui non \u00e8 pi\u00f9 possibile far sostare l\u2019auto per pi\u00f9 di un ora; poter raggiungere la Foresta di Mercadante senza congestionare il polmone verde che tutti vogliamo preservare; consentire ai pi\u00f9 giovani che non hanno un mezzo proprio di potersi spostare liberamente senza aspettare la disponibilit\u00e0 del genitore, etc. etc.<\/em><\/p>\n<p><em>Se sino al 2026 era previsto il servizio \u201cnavetta Leonetti\u201d perch\u00e9 l\u2019amministrazione non si \u00e8 adoperata prima a far rispettare il servizio?<\/em><\/p>\n<p><em>Ritengo che non sia regolare la proroga fatta da questa amministrazione fino al 2026 per due motivi: il primo motivo \u00e8 che le proroghe si fanno di anno in anno e, comunque, facendo riferimento ad una nuova gara di appalto; si, parlo di nuova gara di appalto perch\u00e9 dalle informazioni assunte risulta che il precedente appalto era condizionato alle esigenze dell\u2019ospedale Maugeri, per cui nel momento in cui l\u2019ospedale si \u00e8 trasferito a Bari la gara \u00e8 decaduta.<\/em><\/p>\n<p><strong>La Foresta Mercadante \u00e8 una delle mete pi\u00f9 amate dai turisti e dagli sportivi che vi si recano quotidianamente. Il servizio di \u201cnavetta\u201d per cui si sta impegnando all\u2019attivazione prevede l\u2019incremento del turismo diretto all\u2019area denominata \u201cPolmone verde di Bari\u201d?<\/strong><em><\/em><\/p>\n<p><em>Certamente, \u00e8 un servizio che se adeguatamente pubblicizzato porter\u00e0 pi\u00f9 turismo nel nostro territorio, ma non \u00e8 solo questa la ragione: abbiamo avuto anche tantissime adesioni da cittadini che abitano il centro del paese i quali sarebbero contenti di poter avere un servizio pubblico che gli consenta di raggiungere la foresta anche solo per fare una passeggiata. Ci\u00f2, potr\u00e0 consentire anche ai tanti ragazzi di Cassano di recarsi in foresta con autonomia e in sicurezza; si, parlo di sicurezza perch\u00e9 la provinciale che collega il paese con la foresta \u00e8 una strada molto pericolosa in quanto il limite di 50 km\/h non viene quasi mai rispettato.<\/em><\/p>\n<p><strong>Quali sono i risultati raggiunti sino ad oggi della petizione?<\/strong><em><\/em><\/p>\n<p><em>I risultati sono soddisfacenti, sino al\u00a0 28 luglio abbiamo raccolto, tra raccolta cartacea e petizione online, quasi 500 sottoscrizioni.<\/em><\/p>\n<p><em>L\u201911 Agosto, alle ore 18:30, ci riuniremo in foresta per discutere della petizione in modo da sottoporre all\u2019amministrazione le esigenze della popolazione.<\/em><\/p>\n<p><em>Di tutta risposta hanno approvato un documento che non soddisfa le esigenze del territorio e comunque gli orari sono stati organizzati in maniera veloce senza fare sopralluogo, inoltre non entra in foresta, si ferma al primo ingresso e non va bene, daremo battaglia.<\/em><\/p>\n<p><em>Continueremo con le nostre battaglie per rendere le zone periferiche del paese pi\u00f9 a misura d\u2019uomo, stiamo preparando altre sottoscrizioni che riguardano la viabilit\u00e0, l\u2019igiene urbano, i servizi di acqua e fogna e tanto altro ancora.<\/em><\/p>\n<p><em>Non ci fermeremo perch\u00e9 riteniamo che il nostro territorio debba essere portato ad un livello turistico-culturale tale da attrarre il turismo internazionale, abbiamo una capacit\u00e0 ricettiva che neanche io conoscevo, ci sono nel nostro paese oltre 50 B&amp;B che hanno bisogno dell\u2019aiuto dell\u2019amministrazione per essere competitivi ed attrattivi.<\/em><\/p>\n<p><em>Ci aggiorneremo per le altre iniziative che metteremo in campo, noi andiamo avanti.<\/em><\/p>\n<p><a class=\"a2a_button_facebook\" href=\"https:\/\/www.addtoany.com\/add_to\/facebook?linkurl=https%3A%2F%2Fcassano.lavocedelpaese.info%2Findex.php%2F2023%2F08%2F09%2Ftpl-campobasso-quella-delibera-e-malfatta-e-conferma-lincontro-dell11-agosto-in-foresta%2F&amp;linkname=TPL%2C%20Campobasso%3A%20%E2%80%9Cquella%20delibera%20%C3%A8%20malfatta%E2%80%9D.%20E%20conferma%20l%E2%80%99incontro%20dell%E2%80%9911%20agosto%20in%20Foresta\" title=\"Facebook\" target=\"_blank\" rel=\"noopener\"><\/a><a class=\"a2a_button_twitter\" href=\"https:\/\/www.addtoany.com\/add_to\/twitter?linkurl=https%3A%2F%2Fcassano.lavocedelpaese.info%2Findex.php%2F2023%2F08%2F09%2Ftpl-campobasso-quella-delibera-e-malfatta-e-conferma-lincontro-dell11-agosto-in-foresta%2F&amp;linkname=TPL%2C%20Campobasso%3A%20%E2%80%9Cquella%20delibera%20%C3%A8%20malfatta%E2%80%9D.%20E%20conferma%20l%E2%80%99incontro%20dell%E2%80%9911%20agosto%20in%20Foresta\" title=\"Twitter\" target=\"_blank\" rel=\"noopener\"><\/a><a class=\"a2a_button_whatsapp\" href=\"https:\/\/www.addtoany.com\/add_to\/whatsapp?linkurl=https%3A%2F%2Fcassano.lavocedelpaese.info%2Findex.php%2F2023%2F08%2F09%2Ftpl-campobasso-quella-delibera-e-malfatta-e-conferma-lincontro-dell11-agosto-in-foresta%2F&amp;linkname=TPL%2C%20Campobasso%3A%20%E2%80%9Cquella%20delibera%20%C3%A8%20malfatta%E2%80%9D.%20E%20conferma%20l%E2%80%99incontro%20dell%E2%80%9911%20agosto%20in%20Foresta\" title=\"WhatsApp\" target=\"_blank\" rel=\"noopener\"><\/a><a class=\"a2a_button_telegram\" href=\"https:\/\/www.addtoany.com\/add_to\/telegram?linkurl=https%3A%2F%2Fcassano.lavocedelpaese.info%2Findex.php%2F2023%2F08%2F09%2Ftpl-campobasso-quella-delibera-e-malfatta-e-conferma-lincontro-dell11-agosto-in-foresta%2F&amp;linkname=TPL%2C%20Campobasso%3A%20%E2%80%9Cquella%20delibera%20%C3%A8%20malfatta%E2%80%9D.%20E%20conferma%20l%E2%80%99incontro%20dell%E2%80%9911%20agosto%20in%20Foresta\" title=\"Telegram\" target=\"_blank\" rel=\"noopener\"><\/a><a class=\"a2a_button_email\" href=\"https:\/\/www.addtoany.com\/add_to\/email?linkurl=https%3A%2F%2Fcassano.lavocedelpaese.info%2Findex.php%2F2023%2F08%2F09%2Ftpl-campobasso-quella-delibera-e-malfatta-e-conferma-lincontro-dell11-agosto-in-foresta%2F&amp;linkname=TPL%2C%20Campobasso%3A%20%E2%80%9Cquella%20delibera%20%C3%A8%20malfatta%E2%80%9D.%20E%20conferma%20l%E2%80%99incontro%20dell%E2%80%9911%20agosto%20in%20Foresta\" title=\"Email\" target=\"_blank\" rel=\"noopener\"><\/a><\/p>\n<p>\u00a0<\/p>","protected":false},"excerpt":{"rendered":"<p>\u00a0 \u200b\u00a0 \u200bCassano \u2013 La Voce del Paese\u00a0 di Antonietta De Palma Molti sono i residenti di Cassano delle Murge<\/p>\n","protected":false},"author":0,"featured_media":0,"comment_status":"open","ping_status":"closed","sticky":false,"template":"","format":"standard","meta":{"colormag_page_container_layout":"default_layout","colormag_page_sidebar_layout":"default_layout","footnotes":""},"categories":[33],"tags":[],"class_list":["post-1863","post","type-post","status-publish","format-standard","hentry","category-network"],"yoast_head":"<!-- This site is optimized with the Yoast SEO plugin v27.5 - https:\/\/yoast.com\/product\/yoast-seo-wordpress\/ -->\n<title>TPL, Campobasso: \u201cquella delibera \u00e8 malfatta\u201d. E conferma l\u2019incontro dell\u201911 agosto in Foresta - La Voce del Paese<\/title>\n<meta name=\"robots\" content=\"index, follow, max-snippet:-1, max-image-preview:large, max-video-preview:-1\" \/>\n<link rel=\"canonical\" href=\"https:\/\/lavocedelpaese.info\/index.php\/2023\/08\/09\/tpl-campobasso-quella-delibera-e-malfatta-e-conferma-lincontro-dell11-agosto-in-foresta\/\" \/>\n<meta property=\"og:locale\" content=\"it_IT\" \/>\n<meta property=\"og:type\" content=\"article\" \/>\n<meta property=\"og:title\" content=\"TPL, Campobasso: \u201cquella delibera \u00e8 malfatta\u201d. E conferma l\u2019incontro dell\u201911 agosto in Foresta - La Voce del Paese\" \/>\n<meta property=\"og:description\" content=\"\u00a0 \u200b\u00a0 \u200bCassano \u2013 La Voce del Paese\u00a0 di Antonietta De Palma Molti sono i residenti di Cassano delle Murge\" \/>\n<meta property=\"og:url\" content=\"https:\/\/lavocedelpaese.info\/index.php\/2023\/08\/09\/tpl-campobasso-quella-delibera-e-malfatta-e-conferma-lincontro-dell11-agosto-in-foresta\/\" \/>\n<meta property=\"og:site_name\" content=\"La Voce del Paese\" \/>\n<meta property=\"article:publisher\" content=\"https:\/\/www.facebook.com\/lavocedelpaese.info\" \/>\n<meta property=\"article:published_time\" content=\"2023-08-09T07:16:23+00:00\" \/>\n<meta name=\"twitter:card\" content=\"summary_large_image\" \/>\n<meta name=\"twitter:label1\" content=\"Tempo di lettura stimato\" \/>\n\t<meta name=\"twitter:data1\" content=\"4 minuti\" \/>\n<script type=\"application\/ld+json\" class=\"yoast-schema-graph\">{\"@context\":\"https:\\\/\\\/schema.org\",\"@graph\":[{\"@type\":\"Article\",\"@id\":\"https:\\\/\\\/lavocedelpaese.info\\\/index.php\\\/2023\\\/08\\\/09\\\/tpl-campobasso-quella-delibera-e-malfatta-e-conferma-lincontro-dell11-agosto-in-foresta\\\/#article\",\"isPartOf\":{\"@id\":\"https:\\\/\\\/lavocedelpaese.info\\\/index.php\\\/2023\\\/08\\\/09\\\/tpl-campobasso-quella-delibera-e-malfatta-e-conferma-lincontro-dell11-agosto-in-foresta\\\/\"},\"author\":{\"name\":\"\",\"@id\":\"\"},\"headline\":\"TPL, Campobasso: \u201cquella delibera \u00e8 malfatta\u201d. E conferma l\u2019incontro dell\u201911 agosto in Foresta\",\"datePublished\":\"2023-08-09T07:16:23+00:00\",\"mainEntityOfPage\":{\"@id\":\"https:\\\/\\\/lavocedelpaese.info\\\/index.php\\\/2023\\\/08\\\/09\\\/tpl-campobasso-quella-delibera-e-malfatta-e-conferma-lincontro-dell11-agosto-in-foresta\\\/\"},\"wordCount\":910,\"commentCount\":0,\"publisher\":{\"@id\":\"https:\\\/\\\/lavocedelpaese.info\\\/#organization\"},\"articleSection\":[\"network\"],\"inLanguage\":\"it-IT\",\"potentialAction\":[{\"@type\":\"CommentAction\",\"name\":\"Comment\",\"target\":[\"https:\\\/\\\/lavocedelpaese.info\\\/index.php\\\/2023\\\/08\\\/09\\\/tpl-campobasso-quella-delibera-e-malfatta-e-conferma-lincontro-dell11-agosto-in-foresta\\\/#respond\"]}]},{\"@type\":\"WebPage\",\"@id\":\"https:\\\/\\\/lavocedelpaese.info\\\/index.php\\\/2023\\\/08\\\/09\\\/tpl-campobasso-quella-delibera-e-malfatta-e-conferma-lincontro-dell11-agosto-in-foresta\\\/\",\"url\":\"https:\\\/\\\/lavocedelpaese.info\\\/index.php\\\/2023\\\/08\\\/09\\\/tpl-campobasso-quella-delibera-e-malfatta-e-conferma-lincontro-dell11-agosto-in-foresta\\\/\",\"name\":\"TPL, Campobasso: \u201cquella delibera \u00e8 malfatta\u201d. E conferma l\u2019incontro dell\u201911 agosto in Foresta - La Voce del Paese\",\"isPartOf\":{\"@id\":\"https:\\\/\\\/lavocedelpaese.info\\\/#website\"},\"datePublished\":\"2023-08-09T07:16:23+00:00\",\"breadcrumb\":{\"@id\":\"https:\\\/\\\/lavocedelpaese.info\\\/index.php\\\/2023\\\/08\\\/09\\\/tpl-campobasso-quella-delibera-e-malfatta-e-conferma-lincontro-dell11-agosto-in-foresta\\\/#breadcrumb\"},\"inLanguage\":\"it-IT\",\"potentialAction\":[{\"@type\":\"ReadAction\",\"target\":[\"https:\\\/\\\/lavocedelpaese.info\\\/index.php\\\/2023\\\/08\\\/09\\\/tpl-campobasso-quella-delibera-e-malfatta-e-conferma-lincontro-dell11-agosto-in-foresta\\\/\"]}]},{\"@type\":\"BreadcrumbList\",\"@id\":\"https:\\\/\\\/lavocedelpaese.info\\\/index.php\\\/2023\\\/08\\\/09\\\/tpl-campobasso-quella-delibera-e-malfatta-e-conferma-lincontro-dell11-agosto-in-foresta\\\/#breadcrumb\",\"itemListElement\":[{\"@type\":\"ListItem\",\"position\":1,\"name\":\"Home\",\"item\":\"https:\\\/\\\/lavocedelpaese.info\\\/\"},{\"@type\":\"ListItem\",\"position\":2,\"name\":\"TPL, Campobasso: \u201cquella delibera \u00e8 malfatta\u201d. E conferma l\u2019incontro dell\u201911 agosto in Foresta\"}]},{\"@type\":\"WebSite\",\"@id\":\"https:\\\/\\\/lavocedelpaese.info\\\/#website\",\"url\":\"https:\\\/\\\/lavocedelpaese.info\\\/\",\"name\":\"La Voce del Paese\",\"description\":\"Un network di idee\",\"publisher\":{\"@id\":\"https:\\\/\\\/lavocedelpaese.info\\\/#organization\"},\"potentialAction\":[{\"@type\":\"SearchAction\",\"target\":{\"@type\":\"EntryPoint\",\"urlTemplate\":\"https:\\\/\\\/lavocedelpaese.info\\\/?s={search_term_string}\"},\"query-input\":{\"@type\":\"PropertyValueSpecification\",\"valueRequired\":true,\"valueName\":\"search_term_string\"}}],\"inLanguage\":\"it-IT\"},{\"@type\":\"Organization\",\"@id\":\"https:\\\/\\\/lavocedelpaese.info\\\/#organization\",\"name\":\"La Voce del Paese\",\"url\":\"https:\\\/\\\/lavocedelpaese.info\\\/\",\"logo\":{\"@type\":\"ImageObject\",\"inLanguage\":\"it-IT\",\"@id\":\"https:\\\/\\\/lavocedelpaese.info\\\/#\\\/schema\\\/logo\\\/image\\\/\",\"url\":\"https:\\\/\\\/lavocedelpaese.info\\\/wp-content\\\/uploads\\\/2023\\\/01\\\/cropped-logo-150-127.png\",\"contentUrl\":\"https:\\\/\\\/lavocedelpaese.info\\\/wp-content\\\/uploads\\\/2023\\\/01\\\/cropped-logo-150-127.png\",\"width\":137,\"height\":119,\"caption\":\"La Voce del Paese\"},\"image\":{\"@id\":\"https:\\\/\\\/lavocedelpaese.info\\\/#\\\/schema\\\/logo\\\/image\\\/\"},\"sameAs\":[\"https:\\\/\\\/www.facebook.com\\\/lavocedelpaese.info\"]}]}<\/script>\n<!-- \/ Yoast SEO plugin. -->","yoast_head_json":{"title":"TPL, Campobasso: \u201cquella delibera \u00e8 malfatta\u201d. E conferma l\u2019incontro dell\u201911 agosto in Foresta - La Voce del Paese","robots":{"index":"index","follow":"follow","max-snippet":"max-snippet:-1","max-image-preview":"max-image-preview:large","max-video-preview":"max-video-preview:-1"},"canonical":"https:\/\/lavocedelpaese.info\/index.php\/2023\/08\/09\/tpl-campobasso-quella-delibera-e-malfatta-e-conferma-lincontro-dell11-agosto-in-foresta\/","og_locale":"it_IT","og_type":"article","og_title":"TPL, Campobasso: \u201cquella delibera \u00e8 malfatta\u201d. E conferma l\u2019incontro dell\u201911 agosto in Foresta - La Voce del Paese","og_description":"\u00a0 \u200b\u00a0 \u200bCassano \u2013 La Voce del Paese\u00a0 di Antonietta De Palma Molti sono i residenti di Cassano delle Murge","og_url":"https:\/\/lavocedelpaese.info\/index.php\/2023\/08\/09\/tpl-campobasso-quella-delibera-e-malfatta-e-conferma-lincontro-dell11-agosto-in-foresta\/","og_site_name":"La Voce del Paese","article_publisher":"https:\/\/www.facebook.com\/lavocedelpaese.info","article_published_time":"2023-08-09T07:16:23+00:00","twitter_card":"summary_large_image","twitter_misc":{"Tempo di lettura stimato":"4 minuti"},"schema":{"@context":"https:\/\/schema.org","@graph":[{"@type":"Article","@id":"https:\/\/lavocedelpaese.info\/index.php\/2023\/08\/09\/tpl-campobasso-quella-delibera-e-malfatta-e-conferma-lincontro-dell11-agosto-in-foresta\/#article","isPartOf":{"@id":"https:\/\/lavocedelpaese.info\/index.php\/2023\/08\/09\/tpl-campobasso-quella-delibera-e-malfatta-e-conferma-lincontro-dell11-agosto-in-foresta\/"},"author":{"name":"","@id":""},"headline":"TPL, Campobasso: \u201cquella delibera \u00e8 malfatta\u201d. E conferma l\u2019incontro dell\u201911 agosto in Foresta","datePublished":"2023-08-09T07:16:23+00:00","mainEntityOfPage":{"@id":"https:\/\/lavocedelpaese.info\/index.php\/2023\/08\/09\/tpl-campobasso-quella-delibera-e-malfatta-e-conferma-lincontro-dell11-agosto-in-foresta\/"},"wordCount":910,"commentCount":0,"publisher":{"@id":"https:\/\/lavocedelpaese.info\/#organization"},"articleSection":["network"],"inLanguage":"it-IT","potentialAction":[{"@type":"CommentAction","name":"Comment","target":["https:\/\/lavocedelpaese.info\/index.php\/2023\/08\/09\/tpl-campobasso-quella-delibera-e-malfatta-e-conferma-lincontro-dell11-agosto-in-foresta\/#respond"]}]},{"@type":"WebPage","@id":"https:\/\/lavocedelpaese.info\/index.php\/2023\/08\/09\/tpl-campobasso-quella-delibera-e-malfatta-e-conferma-lincontro-dell11-agosto-in-foresta\/","url":"https:\/\/lavocedelpaese.info\/index.php\/2023\/08\/09\/tpl-campobasso-quella-delibera-e-malfatta-e-conferma-lincontro-dell11-agosto-in-foresta\/","name":"TPL, Campobasso: \u201cquella delibera \u00e8 malfatta\u201d. E conferma l\u2019incontro dell\u201911 agosto in Foresta - La Voce del Paese","isPartOf":{"@id":"https:\/\/lavocedelpaese.info\/#website"},"datePublished":"2023-08-09T07:16:23+00:00","breadcrumb":{"@id":"https:\/\/lavocedelpaese.info\/index.php\/2023\/08\/09\/tpl-campobasso-quella-delibera-e-malfatta-e-conferma-lincontro-dell11-agosto-in-foresta\/#breadcrumb"},"inLanguage":"it-IT","potentialAction":[{"@type":"ReadAction","target":["https:\/\/lavocedelpaese.info\/index.php\/2023\/08\/09\/tpl-campobasso-quella-delibera-e-malfatta-e-conferma-lincontro-dell11-agosto-in-foresta\/"]}]},{"@type":"BreadcrumbList","@id":"https:\/\/lavocedelpaese.info\/index.php\/2023\/08\/09\/tpl-campobasso-quella-delibera-e-malfatta-e-conferma-lincontro-dell11-agosto-in-foresta\/#breadcrumb","itemListElement":[{"@type":"ListItem","position":1,"name":"Home","item":"https:\/\/lavocedelpaese.info\/"},{"@type":"ListItem","position":2,"name":"TPL, Campobasso: \u201cquella delibera \u00e8 malfatta\u201d. E conferma l\u2019incontro dell\u201911 agosto in Foresta"}]},{"@type":"WebSite","@id":"https:\/\/lavocedelpaese.info\/#website","url":"https:\/\/lavocedelpaese.info\/","name":"La Voce del Paese","description":"Un network di idee","publisher":{"@id":"https:\/\/lavocedelpaese.info\/#organization"},"potentialAction":[{"@type":"SearchAction","target":{"@type":"EntryPoint","urlTemplate":"https:\/\/lavocedelpaese.info\/?s={search_term_string}"},"query-input":{"@type":"PropertyValueSpecification","valueRequired":true,"valueName":"search_term_string"}}],"inLanguage":"it-IT"},{"@type":"Organization","@id":"https:\/\/lavocedelpaese.info\/#organization","name":"La Voce del Paese","url":"https:\/\/lavocedelpaese.info\/","logo":{"@type":"ImageObject","inLanguage":"it-IT","@id":"https:\/\/lavocedelpaese.info\/#\/schema\/logo\/image\/","url":"https:\/\/lavocedelpaese.info\/wp-content\/uploads\/2023\/01\/cropped-logo-150-127.png","contentUrl":"https:\/\/lavocedelpaese.info\/wp-content\/uploads\/2023\/01\/cropped-logo-150-127.png","width":137,"height":119,"caption":"La Voce del Paese"},"image":{"@id":"https:\/\/lavocedelpaese.info\/#\/schema\/logo\/image\/"},"sameAs":["https:\/\/www.facebook.com\/lavocedelpaese.info"]}]}},"_links":{"self":[{"href":"https:\/\/lavocedelpaese.info\/index.php\/wp-json\/wp\/v2\/posts\/1863","targetHints":{"allow":["GET"]}}],"collection":[{"href":"https:\/\/lavocedelpaese.info\/index.php\/wp-json\/wp\/v2\/posts"}],"about":[{"href":"https:\/\/lavocedelpaese.info\/index.php\/wp-json\/wp\/v2\/types\/post"}],"replies":[{"embeddable":true,"href":"https:\/\/lavocedelpaese.info\/index.php\/wp-json\/wp\/v2\/comments?post=1863"}],"version-history":[{"count":0,"href":"https:\/\/lavocedelpaese.info\/index.php\/wp-json\/wp\/v2\/posts\/1863\/revisions"}],"wp:attachment":[{"href":"https:\/\/lavocedelpaese.info\/index.php\/wp-json\/wp\/v2\/media?parent=1863"}],"wp:term":[{"taxonomy":"category","embeddable":true,"href":"https:\/\/lavocedelpaese.info\/index.php\/wp-json\/wp\/v2\/categories?post=1863"},{"taxonomy":"post_tag","embeddable":true,"href":"https:\/\/lavocedelpaese.info\/index.php\/wp-json\/wp\/v2\/tags?post=1863"}],"curies":[{"name":"wp","href":"https:\/\/api.w.org\/{rel}","templated":true}]}}