{"id":1862,"date":"2023-08-09T06:13:59","date_gmt":"2023-08-09T06:13:59","guid":{"rendered":"https:\/\/lavocedelpaese.info\/index.php\/2023\/08\/09\/parole-in-cantina-stasera-ultimo-appuntamento\/"},"modified":"2023-08-09T06:13:59","modified_gmt":"2023-08-09T06:13:59","slug":"parole-in-cantina-stasera-ultimo-appuntamento","status":"publish","type":"post","link":"https:\/\/lavocedelpaese.info\/index.php\/2023\/08\/09\/parole-in-cantina-stasera-ultimo-appuntamento\/","title":{"rendered":"\u201cParole in Cantina\u201d: stasera ultimo appuntamento"},"content":{"rendered":"<p>\u00a0<\/p>\n<p>\u200b\u00a0<\/p>\n<p>\u200bCassano \u2013 La Voce del Paese\u00a0<\/p>\n<p>Ultimo appuntamento, <strong>mercoled\u00ec 9 agosto dalla 19.30, <\/strong>con Parole in Cantina, la rassegna di eventi organizzata da Cantina Gentile all\u2019interno dei suoi spazi.<\/p>\n<p>Per la serata la Cantina si trasformer\u00e0 in un teatro e vedr\u00e0 la compagnia teatrale Teatrominimo portare in scena \u201cInterviste Impossibili \u2013 Alessandro Manzoni e Adamo\u201d, opera in due atti di Giuse Alemanno.<\/p>\n<p>Come sempre, l\u2019evento \u00e8 gratuito e a fine serata sar\u00e0 possibile degustare un calice dei vini di Cantina Gentile.<\/p>\n<p><em>L\u2019AUTORE<\/em><\/p>\n<p>Giuse Alemanno\u00a0\u00e8 nato nel 1962 a Copertino (LE) e vive tra Taranto, Martina Franca e Manduria. Ha pubblicato diversi libri, tra cui il romanzo \u201cTerra Nera\u201d (Stampa Alternativa, 2005), i due romanzi su Don Fef\u00e9 e Ciccillo, due testi sull\u2019Ilva di Taranto. \u201cCome belve feroci\u201d \u00e8 il primo capitolo della saga dei Sarmenta, a cui fanno seguito \u201cMattanza\u201d (Las Vegas edizioni, 2019) e \u201cNero finale\u201d (Las Vegas edizioni, 2022).<\/p>\n<p><em>LA COMPAGNIA<\/em><\/p>\n<p>La Compagnia d\u2019Arte stabile \u201cTeatrominimo\u201d ha cominciato le sue attivit\u00e0 all\u2019inizio della stagione artistica 2019-20 con lavori di teatro contemporaneo in lingua italiana di matrice divulgativa, portati in scena fuori dalle mura di Teatrominimo e destinati sia ad un classico pubblico teatrale, che agli studenti di ogni ordine e grado delle scuole nella regione Puglia.<br \/>Sono in programma anche spettacoli in dialetto tarantino, mirati alla ricerca, conservazione e divulgazione della nostra lingua locale nonch\u00e9 happening di teatro comico, stand up e cabaret oltre a laboratori di scrittura, lettura, dizione e discipline di stampo tecnico.<\/p>\n<p><em>SINOSSI<\/em><\/p>\n<p>Un intervistatore impertinente incontra un Alessandro Manzoni tanto tenero, quanto vanitoso e magniloquente. Da tale incontro nasce un dialogo che, in maniera piacevole e divertente, diventa strumento di divulgazione culturale. In tal modo diventa possibile \u2018ripassare\u2019 la vita e le opere del \u2018Padre della Letteratura Italiana\u2019. Per troppo tempo le geniali capacit\u00e0 letterarie di Alessandro Manzoni sono state oscurate da collettivi ricordi scolastici macchiati e confusi dalla noia; l\u2019autore de \u2018I promessi sposi\u2019, attraverso questa \u2018Intervista\u2019, viene offerto al pubblico in modo fresco, leggero e ironico, pur mantenendo un inappuntabile rigore culturale.\u00a0<\/p>\n<p>Lo stesso intervistatore \u2013 nel secondo atto \u2013\u00a0 incontra il Padre dell\u2019Umanit\u00e0. Adamo dimostra di essere profondamente uomo, esibendo la sua maturit\u00e0 e la sua capacit\u00e0 di analisi. Cos\u00ec il racconto della sua vita strabiliante e tormentata illustrer\u00e0 quanto abbia a cuore il destino dei suoi figli e quanto sia difficile per lui, uomo tra gli uomini, aiutare il genere umano. Ma, soprattutto, pur mescolato a un imprevedibile senso dell\u2019umorismo, Adamo non mancher\u00e0 di esprimere tutta la sua amarezza nei confronti del \u201cproprietario della ditta\u201d.<\/p>\n<p>Per maggiori info: 080 763294 \u2013 marketing@cantinagentile.com<\/p>\n<p><a class=\"a2a_button_facebook\" href=\"https:\/\/www.addtoany.com\/add_to\/facebook?linkurl=https%3A%2F%2Fcassano.lavocedelpaese.info%2Findex.php%2F2023%2F08%2F09%2Fparole-in-cantina-stasera-ultimo-appuntamento%2F&amp;linkname=%E2%80%9CParole%20in%20Cantina%E2%80%9D%3A%20stasera%20ultimo%20appuntamento\" title=\"Facebook\" target=\"_blank\" rel=\"noopener\"><\/a><a class=\"a2a_button_twitter\" href=\"https:\/\/www.addtoany.com\/add_to\/twitter?linkurl=https%3A%2F%2Fcassano.lavocedelpaese.info%2Findex.php%2F2023%2F08%2F09%2Fparole-in-cantina-stasera-ultimo-appuntamento%2F&amp;linkname=%E2%80%9CParole%20in%20Cantina%E2%80%9D%3A%20stasera%20ultimo%20appuntamento\" title=\"Twitter\" target=\"_blank\" rel=\"noopener\"><\/a><a class=\"a2a_button_whatsapp\" href=\"https:\/\/www.addtoany.com\/add_to\/whatsapp?linkurl=https%3A%2F%2Fcassano.lavocedelpaese.info%2Findex.php%2F2023%2F08%2F09%2Fparole-in-cantina-stasera-ultimo-appuntamento%2F&amp;linkname=%E2%80%9CParole%20in%20Cantina%E2%80%9D%3A%20stasera%20ultimo%20appuntamento\" title=\"WhatsApp\" target=\"_blank\" rel=\"noopener\"><\/a><a class=\"a2a_button_telegram\" href=\"https:\/\/www.addtoany.com\/add_to\/telegram?linkurl=https%3A%2F%2Fcassano.lavocedelpaese.info%2Findex.php%2F2023%2F08%2F09%2Fparole-in-cantina-stasera-ultimo-appuntamento%2F&amp;linkname=%E2%80%9CParole%20in%20Cantina%E2%80%9D%3A%20stasera%20ultimo%20appuntamento\" title=\"Telegram\" target=\"_blank\" rel=\"noopener\"><\/a><a class=\"a2a_button_email\" href=\"https:\/\/www.addtoany.com\/add_to\/email?linkurl=https%3A%2F%2Fcassano.lavocedelpaese.info%2Findex.php%2F2023%2F08%2F09%2Fparole-in-cantina-stasera-ultimo-appuntamento%2F&amp;linkname=%E2%80%9CParole%20in%20Cantina%E2%80%9D%3A%20stasera%20ultimo%20appuntamento\" title=\"Email\" target=\"_blank\" rel=\"noopener\"><\/a><\/p>\n<p>\u00a0<\/p>","protected":false},"excerpt":{"rendered":"<p>\u00a0 \u200b\u00a0 \u200bCassano \u2013 La Voce del Paese\u00a0 Ultimo appuntamento, mercoled\u00ec 9 agosto dalla 19.30, con Parole in Cantina, la<\/p>\n","protected":false},"author":0,"featured_media":0,"comment_status":"open","ping_status":"closed","sticky":false,"template":"","format":"standard","meta":{"colormag_page_container_layout":"default_layout","colormag_page_sidebar_layout":"default_layout","footnotes":""},"categories":[33],"tags":[],"class_list":["post-1862","post","type-post","status-publish","format-standard","hentry","category-network"],"yoast_head":"<!-- This site is optimized with the Yoast SEO plugin v27.5 - https:\/\/yoast.com\/product\/yoast-seo-wordpress\/ -->\n<title>\u201cParole in Cantina\u201d: stasera ultimo appuntamento - La Voce del Paese<\/title>\n<meta name=\"robots\" content=\"index, follow, max-snippet:-1, max-image-preview:large, max-video-preview:-1\" \/>\n<link rel=\"canonical\" href=\"https:\/\/lavocedelpaese.info\/index.php\/2023\/08\/09\/parole-in-cantina-stasera-ultimo-appuntamento\/\" \/>\n<meta property=\"og:locale\" content=\"it_IT\" \/>\n<meta property=\"og:type\" content=\"article\" \/>\n<meta property=\"og:title\" content=\"\u201cParole in Cantina\u201d: stasera ultimo appuntamento - La Voce del Paese\" \/>\n<meta property=\"og:description\" content=\"\u00a0 \u200b\u00a0 \u200bCassano \u2013 La Voce del Paese\u00a0 Ultimo appuntamento, mercoled\u00ec 9 agosto dalla 19.30, con Parole in Cantina, la\" \/>\n<meta property=\"og:url\" content=\"https:\/\/lavocedelpaese.info\/index.php\/2023\/08\/09\/parole-in-cantina-stasera-ultimo-appuntamento\/\" \/>\n<meta property=\"og:site_name\" content=\"La Voce del Paese\" \/>\n<meta property=\"article:publisher\" content=\"https:\/\/www.facebook.com\/lavocedelpaese.info\" \/>\n<meta property=\"article:published_time\" content=\"2023-08-09T06:13:59+00:00\" \/>\n<meta name=\"twitter:card\" content=\"summary_large_image\" \/>\n<meta name=\"twitter:label1\" content=\"Tempo di lettura stimato\" \/>\n\t<meta name=\"twitter:data1\" content=\"2 minuti\" \/>\n<script type=\"application\/ld+json\" class=\"yoast-schema-graph\">{\"@context\":\"https:\\\/\\\/schema.org\",\"@graph\":[{\"@type\":\"Article\",\"@id\":\"https:\\\/\\\/lavocedelpaese.info\\\/index.php\\\/2023\\\/08\\\/09\\\/parole-in-cantina-stasera-ultimo-appuntamento\\\/#article\",\"isPartOf\":{\"@id\":\"https:\\\/\\\/lavocedelpaese.info\\\/index.php\\\/2023\\\/08\\\/09\\\/parole-in-cantina-stasera-ultimo-appuntamento\\\/\"},\"author\":{\"name\":\"\",\"@id\":\"\"},\"headline\":\"\u201cParole in Cantina\u201d: stasera ultimo appuntamento\",\"datePublished\":\"2023-08-09T06:13:59+00:00\",\"mainEntityOfPage\":{\"@id\":\"https:\\\/\\\/lavocedelpaese.info\\\/index.php\\\/2023\\\/08\\\/09\\\/parole-in-cantina-stasera-ultimo-appuntamento\\\/\"},\"wordCount\":434,\"commentCount\":0,\"publisher\":{\"@id\":\"https:\\\/\\\/lavocedelpaese.info\\\/#organization\"},\"articleSection\":[\"network\"],\"inLanguage\":\"it-IT\",\"potentialAction\":[{\"@type\":\"CommentAction\",\"name\":\"Comment\",\"target\":[\"https:\\\/\\\/lavocedelpaese.info\\\/index.php\\\/2023\\\/08\\\/09\\\/parole-in-cantina-stasera-ultimo-appuntamento\\\/#respond\"]}]},{\"@type\":\"WebPage\",\"@id\":\"https:\\\/\\\/lavocedelpaese.info\\\/index.php\\\/2023\\\/08\\\/09\\\/parole-in-cantina-stasera-ultimo-appuntamento\\\/\",\"url\":\"https:\\\/\\\/lavocedelpaese.info\\\/index.php\\\/2023\\\/08\\\/09\\\/parole-in-cantina-stasera-ultimo-appuntamento\\\/\",\"name\":\"\u201cParole in Cantina\u201d: stasera ultimo appuntamento - La Voce del Paese\",\"isPartOf\":{\"@id\":\"https:\\\/\\\/lavocedelpaese.info\\\/#website\"},\"datePublished\":\"2023-08-09T06:13:59+00:00\",\"breadcrumb\":{\"@id\":\"https:\\\/\\\/lavocedelpaese.info\\\/index.php\\\/2023\\\/08\\\/09\\\/parole-in-cantina-stasera-ultimo-appuntamento\\\/#breadcrumb\"},\"inLanguage\":\"it-IT\",\"potentialAction\":[{\"@type\":\"ReadAction\",\"target\":[\"https:\\\/\\\/lavocedelpaese.info\\\/index.php\\\/2023\\\/08\\\/09\\\/parole-in-cantina-stasera-ultimo-appuntamento\\\/\"]}]},{\"@type\":\"BreadcrumbList\",\"@id\":\"https:\\\/\\\/lavocedelpaese.info\\\/index.php\\\/2023\\\/08\\\/09\\\/parole-in-cantina-stasera-ultimo-appuntamento\\\/#breadcrumb\",\"itemListElement\":[{\"@type\":\"ListItem\",\"position\":1,\"name\":\"Home\",\"item\":\"https:\\\/\\\/lavocedelpaese.info\\\/\"},{\"@type\":\"ListItem\",\"position\":2,\"name\":\"\u201cParole in Cantina\u201d: stasera ultimo appuntamento\"}]},{\"@type\":\"WebSite\",\"@id\":\"https:\\\/\\\/lavocedelpaese.info\\\/#website\",\"url\":\"https:\\\/\\\/lavocedelpaese.info\\\/\",\"name\":\"La Voce del Paese\",\"description\":\"Un network di idee\",\"publisher\":{\"@id\":\"https:\\\/\\\/lavocedelpaese.info\\\/#organization\"},\"potentialAction\":[{\"@type\":\"SearchAction\",\"target\":{\"@type\":\"EntryPoint\",\"urlTemplate\":\"https:\\\/\\\/lavocedelpaese.info\\\/?s={search_term_string}\"},\"query-input\":{\"@type\":\"PropertyValueSpecification\",\"valueRequired\":true,\"valueName\":\"search_term_string\"}}],\"inLanguage\":\"it-IT\"},{\"@type\":\"Organization\",\"@id\":\"https:\\\/\\\/lavocedelpaese.info\\\/#organization\",\"name\":\"La Voce del Paese\",\"url\":\"https:\\\/\\\/lavocedelpaese.info\\\/\",\"logo\":{\"@type\":\"ImageObject\",\"inLanguage\":\"it-IT\",\"@id\":\"https:\\\/\\\/lavocedelpaese.info\\\/#\\\/schema\\\/logo\\\/image\\\/\",\"url\":\"https:\\\/\\\/lavocedelpaese.info\\\/wp-content\\\/uploads\\\/2023\\\/01\\\/cropped-logo-150-127.png\",\"contentUrl\":\"https:\\\/\\\/lavocedelpaese.info\\\/wp-content\\\/uploads\\\/2023\\\/01\\\/cropped-logo-150-127.png\",\"width\":137,\"height\":119,\"caption\":\"La Voce del Paese\"},\"image\":{\"@id\":\"https:\\\/\\\/lavocedelpaese.info\\\/#\\\/schema\\\/logo\\\/image\\\/\"},\"sameAs\":[\"https:\\\/\\\/www.facebook.com\\\/lavocedelpaese.info\"]}]}<\/script>\n<!-- \/ Yoast SEO plugin. -->","yoast_head_json":{"title":"\u201cParole in Cantina\u201d: stasera ultimo appuntamento - La Voce del Paese","robots":{"index":"index","follow":"follow","max-snippet":"max-snippet:-1","max-image-preview":"max-image-preview:large","max-video-preview":"max-video-preview:-1"},"canonical":"https:\/\/lavocedelpaese.info\/index.php\/2023\/08\/09\/parole-in-cantina-stasera-ultimo-appuntamento\/","og_locale":"it_IT","og_type":"article","og_title":"\u201cParole in Cantina\u201d: stasera ultimo appuntamento - La Voce del Paese","og_description":"\u00a0 \u200b\u00a0 \u200bCassano \u2013 La Voce del Paese\u00a0 Ultimo appuntamento, mercoled\u00ec 9 agosto dalla 19.30, con Parole in Cantina, la","og_url":"https:\/\/lavocedelpaese.info\/index.php\/2023\/08\/09\/parole-in-cantina-stasera-ultimo-appuntamento\/","og_site_name":"La Voce del Paese","article_publisher":"https:\/\/www.facebook.com\/lavocedelpaese.info","article_published_time":"2023-08-09T06:13:59+00:00","twitter_card":"summary_large_image","twitter_misc":{"Tempo di lettura stimato":"2 minuti"},"schema":{"@context":"https:\/\/schema.org","@graph":[{"@type":"Article","@id":"https:\/\/lavocedelpaese.info\/index.php\/2023\/08\/09\/parole-in-cantina-stasera-ultimo-appuntamento\/#article","isPartOf":{"@id":"https:\/\/lavocedelpaese.info\/index.php\/2023\/08\/09\/parole-in-cantina-stasera-ultimo-appuntamento\/"},"author":{"name":"","@id":""},"headline":"\u201cParole in Cantina\u201d: stasera ultimo appuntamento","datePublished":"2023-08-09T06:13:59+00:00","mainEntityOfPage":{"@id":"https:\/\/lavocedelpaese.info\/index.php\/2023\/08\/09\/parole-in-cantina-stasera-ultimo-appuntamento\/"},"wordCount":434,"commentCount":0,"publisher":{"@id":"https:\/\/lavocedelpaese.info\/#organization"},"articleSection":["network"],"inLanguage":"it-IT","potentialAction":[{"@type":"CommentAction","name":"Comment","target":["https:\/\/lavocedelpaese.info\/index.php\/2023\/08\/09\/parole-in-cantina-stasera-ultimo-appuntamento\/#respond"]}]},{"@type":"WebPage","@id":"https:\/\/lavocedelpaese.info\/index.php\/2023\/08\/09\/parole-in-cantina-stasera-ultimo-appuntamento\/","url":"https:\/\/lavocedelpaese.info\/index.php\/2023\/08\/09\/parole-in-cantina-stasera-ultimo-appuntamento\/","name":"\u201cParole in Cantina\u201d: stasera ultimo appuntamento - La Voce del Paese","isPartOf":{"@id":"https:\/\/lavocedelpaese.info\/#website"},"datePublished":"2023-08-09T06:13:59+00:00","breadcrumb":{"@id":"https:\/\/lavocedelpaese.info\/index.php\/2023\/08\/09\/parole-in-cantina-stasera-ultimo-appuntamento\/#breadcrumb"},"inLanguage":"it-IT","potentialAction":[{"@type":"ReadAction","target":["https:\/\/lavocedelpaese.info\/index.php\/2023\/08\/09\/parole-in-cantina-stasera-ultimo-appuntamento\/"]}]},{"@type":"BreadcrumbList","@id":"https:\/\/lavocedelpaese.info\/index.php\/2023\/08\/09\/parole-in-cantina-stasera-ultimo-appuntamento\/#breadcrumb","itemListElement":[{"@type":"ListItem","position":1,"name":"Home","item":"https:\/\/lavocedelpaese.info\/"},{"@type":"ListItem","position":2,"name":"\u201cParole in Cantina\u201d: stasera ultimo appuntamento"}]},{"@type":"WebSite","@id":"https:\/\/lavocedelpaese.info\/#website","url":"https:\/\/lavocedelpaese.info\/","name":"La Voce del Paese","description":"Un network di idee","publisher":{"@id":"https:\/\/lavocedelpaese.info\/#organization"},"potentialAction":[{"@type":"SearchAction","target":{"@type":"EntryPoint","urlTemplate":"https:\/\/lavocedelpaese.info\/?s={search_term_string}"},"query-input":{"@type":"PropertyValueSpecification","valueRequired":true,"valueName":"search_term_string"}}],"inLanguage":"it-IT"},{"@type":"Organization","@id":"https:\/\/lavocedelpaese.info\/#organization","name":"La Voce del Paese","url":"https:\/\/lavocedelpaese.info\/","logo":{"@type":"ImageObject","inLanguage":"it-IT","@id":"https:\/\/lavocedelpaese.info\/#\/schema\/logo\/image\/","url":"https:\/\/lavocedelpaese.info\/wp-content\/uploads\/2023\/01\/cropped-logo-150-127.png","contentUrl":"https:\/\/lavocedelpaese.info\/wp-content\/uploads\/2023\/01\/cropped-logo-150-127.png","width":137,"height":119,"caption":"La Voce del Paese"},"image":{"@id":"https:\/\/lavocedelpaese.info\/#\/schema\/logo\/image\/"},"sameAs":["https:\/\/www.facebook.com\/lavocedelpaese.info"]}]}},"_links":{"self":[{"href":"https:\/\/lavocedelpaese.info\/index.php\/wp-json\/wp\/v2\/posts\/1862","targetHints":{"allow":["GET"]}}],"collection":[{"href":"https:\/\/lavocedelpaese.info\/index.php\/wp-json\/wp\/v2\/posts"}],"about":[{"href":"https:\/\/lavocedelpaese.info\/index.php\/wp-json\/wp\/v2\/types\/post"}],"replies":[{"embeddable":true,"href":"https:\/\/lavocedelpaese.info\/index.php\/wp-json\/wp\/v2\/comments?post=1862"}],"version-history":[{"count":0,"href":"https:\/\/lavocedelpaese.info\/index.php\/wp-json\/wp\/v2\/posts\/1862\/revisions"}],"wp:attachment":[{"href":"https:\/\/lavocedelpaese.info\/index.php\/wp-json\/wp\/v2\/media?parent=1862"}],"wp:term":[{"taxonomy":"category","embeddable":true,"href":"https:\/\/lavocedelpaese.info\/index.php\/wp-json\/wp\/v2\/categories?post=1862"},{"taxonomy":"post_tag","embeddable":true,"href":"https:\/\/lavocedelpaese.info\/index.php\/wp-json\/wp\/v2\/tags?post=1862"}],"curies":[{"name":"wp","href":"https:\/\/api.w.org\/{rel}","templated":true}]}}