{"id":1850,"date":"2023-08-07T10:13:43","date_gmt":"2023-08-07T10:13:43","guid":{"rendered":"https:\/\/lavocedelpaese.info\/index.php\/2023\/08\/07\/le-dimissioni-dellamministrazione-resta-sono-un-atto-dovuto\/"},"modified":"2023-08-07T10:13:43","modified_gmt":"2023-08-07T10:13:43","slug":"le-dimissioni-dellamministrazione-resta-sono-un-atto-dovuto","status":"publish","type":"post","link":"https:\/\/lavocedelpaese.info\/index.php\/2023\/08\/07\/le-dimissioni-dellamministrazione-resta-sono-un-atto-dovuto\/","title":{"rendered":"\u201cLe dimissioni dell\u2019Amministrazione Resta sono un atto dovuto\u201d"},"content":{"rendered":"<p>\u00a0<\/p>\n<p>\u200b\u00a0<\/p>\n<p>\u200bTuri \u2013 La Voce del Paese\u00a0<\/p>\n<p><strong>Dall\u2019ultimo Consiglio comunale al sondaggio di \u201cTuri, Davvero\u201d, passando per prospettive del movimento \u201cCon\u201d. Le riflessioni di Paolo Tundo<\/strong><\/p>\n<p>All\u2019indomani dell\u2019ultimo Consiglio comunale, in cui sono stati discussi e approvati debiti fuori Bilancio per 173.000 euro, il consigliere Paolo Tundo pone l\u2019accento sulla responsabilit\u00e0 politica del governo \u00a0Resta: \u00abNon \u00e8 accettabile che, per oltre due anni, un\u2019Amministrazione \u201cdimentichi\u201d di pagare le fatture di servizi essenziali, come quelli legati al ciclo dei rifiuti, spingendo le imprese creditrici a ricorrere in giudizio\u00bb.<\/p>\n<p>\u00abAncora meno tollerabile \u2013 prosegue \u2013 \u00e8 che si lasci degenerare la situazione fino ad arrivare a decreti ingiuntivi, con tanto di pignoramento del conto corrente comunale, e a costringere i cittadini a pagare quasi 30.000 euro di spese legali\u00bb. \u00ab\u00c8 un dato di inaudita gravit\u00e0 \u2013 incalza \u2013 che dimostra l\u2019inettitudine del governo Resta nella gestione della parte amministrativa e che rende le dimissioni un atto dovuto\u00bb.<\/p>\n<p>\u00ab\u00c8 troppo facile scaricare le colpe su ipotetiche inadempienze degli Uffici. C\u2019\u00e8 un\u2019evidente responsabilit\u00e0 politica \u2013 insiste Tundo \u2013 che non si pu\u00f2 tacere: il sindaco, che prende visione di ogni provvedimento, era a conoscenza di queste fatture non pagate e avrebbe dovuto attivarsi nell\u2019immediato, anche tramite gli assessori delegati, affinch\u00e9 fossero onorate. Invece, si \u00e8 fatto finta di nulla\u2026\u00bb.<\/p>\n<p>Biasimevole, a parere di Tundo, anche il silenzio dei consiglieri di maggioranza: \u00abAmministrare non pu\u00f2 ridursi ad alzare la mano come burattini, senza valutare se si stia perseguendo l\u2019interesse dei cittadini\u00bb. \u00abSpero \u2013 chiosa \u2013 si vada a votare quanto prima, perch\u00e9 Turi sta perdendo troppe occasioni. Uno degli esempi pi\u00f9 plateali, ritornato alla ribalta in questi giorni, \u00e8 il problema dei passaggi a livello. Possibile che in quattro anni non si sia riusciti ad avviare un tavolo di concertazione con Regione e FSE per denunciare i disagi dei cittadini e trovare una soluzione?\u00bb.<\/p>\n<p><strong>Le prospettive del movimento \u201cCon\u201d<\/strong><\/p>\n<p>Altro argomento di stretta attualit\u00e0 \u00e8 il processo organizzativo del movimento \u201cCon\u201d. Il neo coordinatore regionale, Michele Boccardi, ha dichiarato che i coordinatori cittadini non potranno rivestire cariche amministrative. In soldoni, per Turi, questa linea porterebbe alla decadenza di Paolo Tundo (attuale coordinatore cittadino e consigliere comunale).<\/p>\n<p>\u00abPremesso che sembra un \u201ccavillo\u201d formale da utilizzare per mettermi da parte, qualora diventassi scomodo, posso affermare con tranquillit\u00e0 che reputo questi \u201cgiochi di potere\u201d di scarso interesse\u00bb \u2013risponde Tundo, precisando che \u00abnon sono contro nessuno, tantomeno contro Boccardi, ma deve essere chiaro a tutti che questa visione \u201cbaronale\u201d della politica non mi appartiene. Non sono mai andato alla ricerca di incarichi o poltrone comode: la mia idea di politica \u00e8 essere al servizio dei cittadini, impegnandomi a risolvere i problemi del territorio, al di l\u00e0 delle bandiere di partito\u00bb.<\/p>\n<p><strong>Il sondaggio di \u201cTuri, Davvero!\u201d<\/strong><\/p>\n<p>Un ultimo commento lo chiediamo sul sondaggio organizzato dal comitato civico \u201cTuri, Davvero!\u201d, i cui risultati sono stati recentemente presentati alla cittadinanza.<\/p>\n<p>\u00ab\u00c8 un\u2019iniziativa meritoria; tuttavia \u2013 annota Tundo \u2013 il coinvolgimento dei cittadini non si improvvisa: va costruito nel tempo, come tappa finale di un percorso strutturato\u00bb.<\/p>\n<p>\u00abIl primo passaggio \u2013 spiega \u2013 \u00e8 instaurare un confronto tra tutte le forze determinate a lavorare per un\u2019idea alternativa di sviluppo di Turi, coinvolgendo soprattutto i giovani. Una volta definita la squadra, si passa ad elaborare il programma, mettendo in piedi una piattaforma di punti qualificanti per il rilancio della nostra comunit\u00e0. A questo punto, quando si hanno le idee chiare sulle prospettive che si intendono coltivare, si apre il dialogo con i cittadini, recependo osservazioni e suggerimenti.<\/p>\n<p>\u00abA coronamento di questo cammino \u2013 conclude \u2013 c\u2019\u00e8 la scelta del candidato sindaco, cui spetta il compito di coordinare la squadra, facendosi promotore e garante del raggiungimento degli obiettivi prefissati\u00bb.<\/p>\n<p><a class=\"a2a_button_facebook\" href=\"https:\/\/www.addtoany.com\/add_to\/facebook?linkurl=https%3A%2F%2Fturi.lavocedelpaese.info%2Fle-dimissioni-dellamministrazione-resta-sono-un-atto-dovuto%2F&amp;linkname=%E2%80%9CLe%20dimissioni%20dell%E2%80%99Amministrazione%20Resta%20sono%20un%20atto%20dovuto%E2%80%9D\" title=\"Facebook\" target=\"_blank\" rel=\"noopener\"><\/a><a class=\"a2a_button_twitter\" href=\"https:\/\/www.addtoany.com\/add_to\/twitter?linkurl=https%3A%2F%2Fturi.lavocedelpaese.info%2Fle-dimissioni-dellamministrazione-resta-sono-un-atto-dovuto%2F&amp;linkname=%E2%80%9CLe%20dimissioni%20dell%E2%80%99Amministrazione%20Resta%20sono%20un%20atto%20dovuto%E2%80%9D\" title=\"Twitter\" target=\"_blank\" rel=\"noopener\"><\/a><a class=\"a2a_button_whatsapp\" href=\"https:\/\/www.addtoany.com\/add_to\/whatsapp?linkurl=https%3A%2F%2Fturi.lavocedelpaese.info%2Fle-dimissioni-dellamministrazione-resta-sono-un-atto-dovuto%2F&amp;linkname=%E2%80%9CLe%20dimissioni%20dell%E2%80%99Amministrazione%20Resta%20sono%20un%20atto%20dovuto%E2%80%9D\" title=\"WhatsApp\" target=\"_blank\" rel=\"noopener\"><\/a><a class=\"a2a_button_telegram\" href=\"https:\/\/www.addtoany.com\/add_to\/telegram?linkurl=https%3A%2F%2Fturi.lavocedelpaese.info%2Fle-dimissioni-dellamministrazione-resta-sono-un-atto-dovuto%2F&amp;linkname=%E2%80%9CLe%20dimissioni%20dell%E2%80%99Amministrazione%20Resta%20sono%20un%20atto%20dovuto%E2%80%9D\" title=\"Telegram\" target=\"_blank\" rel=\"noopener\"><\/a><a class=\"a2a_button_email\" href=\"https:\/\/www.addtoany.com\/add_to\/email?linkurl=https%3A%2F%2Fturi.lavocedelpaese.info%2Fle-dimissioni-dellamministrazione-resta-sono-un-atto-dovuto%2F&amp;linkname=%E2%80%9CLe%20dimissioni%20dell%E2%80%99Amministrazione%20Resta%20sono%20un%20atto%20dovuto%E2%80%9D\" title=\"Email\" target=\"_blank\" rel=\"noopener\"><\/a><\/p>\n<p>\u00a0<\/p>","protected":false},"excerpt":{"rendered":"<p>\u00a0 \u200b\u00a0 \u200bTuri \u2013 La Voce del Paese\u00a0 Dall\u2019ultimo Consiglio comunale al sondaggio di \u201cTuri, Davvero\u201d, passando per prospettive del<\/p>\n","protected":false},"author":0,"featured_media":0,"comment_status":"open","ping_status":"closed","sticky":false,"template":"","format":"standard","meta":{"colormag_page_container_layout":"default_layout","colormag_page_sidebar_layout":"default_layout","footnotes":""},"categories":[33],"tags":[],"class_list":["post-1850","post","type-post","status-publish","format-standard","hentry","category-network"],"yoast_head":"<!-- This site is optimized with the Yoast SEO plugin v27.5 - https:\/\/yoast.com\/product\/yoast-seo-wordpress\/ -->\n<title>\u201cLe dimissioni dell\u2019Amministrazione Resta sono un atto dovuto\u201d - La Voce del Paese<\/title>\n<meta name=\"robots\" content=\"index, follow, max-snippet:-1, max-image-preview:large, max-video-preview:-1\" \/>\n<link rel=\"canonical\" href=\"https:\/\/lavocedelpaese.info\/index.php\/2023\/08\/07\/le-dimissioni-dellamministrazione-resta-sono-un-atto-dovuto\/\" \/>\n<meta property=\"og:locale\" content=\"it_IT\" \/>\n<meta property=\"og:type\" content=\"article\" \/>\n<meta property=\"og:title\" content=\"\u201cLe dimissioni dell\u2019Amministrazione Resta sono un atto dovuto\u201d - La Voce del Paese\" \/>\n<meta property=\"og:description\" content=\"\u00a0 \u200b\u00a0 \u200bTuri \u2013 La Voce del Paese\u00a0 Dall\u2019ultimo Consiglio comunale al sondaggio di \u201cTuri, Davvero\u201d, passando per prospettive del\" \/>\n<meta property=\"og:url\" content=\"https:\/\/lavocedelpaese.info\/index.php\/2023\/08\/07\/le-dimissioni-dellamministrazione-resta-sono-un-atto-dovuto\/\" \/>\n<meta property=\"og:site_name\" content=\"La Voce del Paese\" \/>\n<meta property=\"article:publisher\" content=\"https:\/\/www.facebook.com\/lavocedelpaese.info\" \/>\n<meta property=\"article:published_time\" content=\"2023-08-07T10:13:43+00:00\" \/>\n<meta name=\"twitter:card\" content=\"summary_large_image\" \/>\n<meta name=\"twitter:label1\" content=\"Tempo di lettura stimato\" \/>\n\t<meta name=\"twitter:data1\" content=\"3 minuti\" \/>\n<script type=\"application\/ld+json\" class=\"yoast-schema-graph\">{\"@context\":\"https:\\\/\\\/schema.org\",\"@graph\":[{\"@type\":\"Article\",\"@id\":\"https:\\\/\\\/lavocedelpaese.info\\\/index.php\\\/2023\\\/08\\\/07\\\/le-dimissioni-dellamministrazione-resta-sono-un-atto-dovuto\\\/#article\",\"isPartOf\":{\"@id\":\"https:\\\/\\\/lavocedelpaese.info\\\/index.php\\\/2023\\\/08\\\/07\\\/le-dimissioni-dellamministrazione-resta-sono-un-atto-dovuto\\\/\"},\"author\":{\"name\":\"\",\"@id\":\"\"},\"headline\":\"\u201cLe dimissioni dell\u2019Amministrazione Resta sono un atto dovuto\u201d\",\"datePublished\":\"2023-08-07T10:13:43+00:00\",\"mainEntityOfPage\":{\"@id\":\"https:\\\/\\\/lavocedelpaese.info\\\/index.php\\\/2023\\\/08\\\/07\\\/le-dimissioni-dellamministrazione-resta-sono-un-atto-dovuto\\\/\"},\"wordCount\":606,\"commentCount\":0,\"publisher\":{\"@id\":\"https:\\\/\\\/lavocedelpaese.info\\\/#organization\"},\"articleSection\":[\"network\"],\"inLanguage\":\"it-IT\",\"potentialAction\":[{\"@type\":\"CommentAction\",\"name\":\"Comment\",\"target\":[\"https:\\\/\\\/lavocedelpaese.info\\\/index.php\\\/2023\\\/08\\\/07\\\/le-dimissioni-dellamministrazione-resta-sono-un-atto-dovuto\\\/#respond\"]}]},{\"@type\":\"WebPage\",\"@id\":\"https:\\\/\\\/lavocedelpaese.info\\\/index.php\\\/2023\\\/08\\\/07\\\/le-dimissioni-dellamministrazione-resta-sono-un-atto-dovuto\\\/\",\"url\":\"https:\\\/\\\/lavocedelpaese.info\\\/index.php\\\/2023\\\/08\\\/07\\\/le-dimissioni-dellamministrazione-resta-sono-un-atto-dovuto\\\/\",\"name\":\"\u201cLe dimissioni dell\u2019Amministrazione Resta sono un atto dovuto\u201d - La Voce del Paese\",\"isPartOf\":{\"@id\":\"https:\\\/\\\/lavocedelpaese.info\\\/#website\"},\"datePublished\":\"2023-08-07T10:13:43+00:00\",\"breadcrumb\":{\"@id\":\"https:\\\/\\\/lavocedelpaese.info\\\/index.php\\\/2023\\\/08\\\/07\\\/le-dimissioni-dellamministrazione-resta-sono-un-atto-dovuto\\\/#breadcrumb\"},\"inLanguage\":\"it-IT\",\"potentialAction\":[{\"@type\":\"ReadAction\",\"target\":[\"https:\\\/\\\/lavocedelpaese.info\\\/index.php\\\/2023\\\/08\\\/07\\\/le-dimissioni-dellamministrazione-resta-sono-un-atto-dovuto\\\/\"]}]},{\"@type\":\"BreadcrumbList\",\"@id\":\"https:\\\/\\\/lavocedelpaese.info\\\/index.php\\\/2023\\\/08\\\/07\\\/le-dimissioni-dellamministrazione-resta-sono-un-atto-dovuto\\\/#breadcrumb\",\"itemListElement\":[{\"@type\":\"ListItem\",\"position\":1,\"name\":\"Home\",\"item\":\"https:\\\/\\\/lavocedelpaese.info\\\/\"},{\"@type\":\"ListItem\",\"position\":2,\"name\":\"\u201cLe dimissioni dell\u2019Amministrazione Resta sono un atto dovuto\u201d\"}]},{\"@type\":\"WebSite\",\"@id\":\"https:\\\/\\\/lavocedelpaese.info\\\/#website\",\"url\":\"https:\\\/\\\/lavocedelpaese.info\\\/\",\"name\":\"La Voce del Paese\",\"description\":\"Un network di idee\",\"publisher\":{\"@id\":\"https:\\\/\\\/lavocedelpaese.info\\\/#organization\"},\"potentialAction\":[{\"@type\":\"SearchAction\",\"target\":{\"@type\":\"EntryPoint\",\"urlTemplate\":\"https:\\\/\\\/lavocedelpaese.info\\\/?s={search_term_string}\"},\"query-input\":{\"@type\":\"PropertyValueSpecification\",\"valueRequired\":true,\"valueName\":\"search_term_string\"}}],\"inLanguage\":\"it-IT\"},{\"@type\":\"Organization\",\"@id\":\"https:\\\/\\\/lavocedelpaese.info\\\/#organization\",\"name\":\"La Voce del Paese\",\"url\":\"https:\\\/\\\/lavocedelpaese.info\\\/\",\"logo\":{\"@type\":\"ImageObject\",\"inLanguage\":\"it-IT\",\"@id\":\"https:\\\/\\\/lavocedelpaese.info\\\/#\\\/schema\\\/logo\\\/image\\\/\",\"url\":\"https:\\\/\\\/lavocedelpaese.info\\\/wp-content\\\/uploads\\\/2023\\\/01\\\/cropped-logo-150-127.png\",\"contentUrl\":\"https:\\\/\\\/lavocedelpaese.info\\\/wp-content\\\/uploads\\\/2023\\\/01\\\/cropped-logo-150-127.png\",\"width\":137,\"height\":119,\"caption\":\"La Voce del Paese\"},\"image\":{\"@id\":\"https:\\\/\\\/lavocedelpaese.info\\\/#\\\/schema\\\/logo\\\/image\\\/\"},\"sameAs\":[\"https:\\\/\\\/www.facebook.com\\\/lavocedelpaese.info\"]}]}<\/script>\n<!-- \/ Yoast SEO plugin. -->","yoast_head_json":{"title":"\u201cLe dimissioni dell\u2019Amministrazione Resta sono un atto dovuto\u201d - La Voce del Paese","robots":{"index":"index","follow":"follow","max-snippet":"max-snippet:-1","max-image-preview":"max-image-preview:large","max-video-preview":"max-video-preview:-1"},"canonical":"https:\/\/lavocedelpaese.info\/index.php\/2023\/08\/07\/le-dimissioni-dellamministrazione-resta-sono-un-atto-dovuto\/","og_locale":"it_IT","og_type":"article","og_title":"\u201cLe dimissioni dell\u2019Amministrazione Resta sono un atto dovuto\u201d - La Voce del Paese","og_description":"\u00a0 \u200b\u00a0 \u200bTuri \u2013 La Voce del Paese\u00a0 Dall\u2019ultimo Consiglio comunale al sondaggio di \u201cTuri, Davvero\u201d, passando per prospettive del","og_url":"https:\/\/lavocedelpaese.info\/index.php\/2023\/08\/07\/le-dimissioni-dellamministrazione-resta-sono-un-atto-dovuto\/","og_site_name":"La Voce del Paese","article_publisher":"https:\/\/www.facebook.com\/lavocedelpaese.info","article_published_time":"2023-08-07T10:13:43+00:00","twitter_card":"summary_large_image","twitter_misc":{"Tempo di lettura stimato":"3 minuti"},"schema":{"@context":"https:\/\/schema.org","@graph":[{"@type":"Article","@id":"https:\/\/lavocedelpaese.info\/index.php\/2023\/08\/07\/le-dimissioni-dellamministrazione-resta-sono-un-atto-dovuto\/#article","isPartOf":{"@id":"https:\/\/lavocedelpaese.info\/index.php\/2023\/08\/07\/le-dimissioni-dellamministrazione-resta-sono-un-atto-dovuto\/"},"author":{"name":"","@id":""},"headline":"\u201cLe dimissioni dell\u2019Amministrazione Resta sono un atto dovuto\u201d","datePublished":"2023-08-07T10:13:43+00:00","mainEntityOfPage":{"@id":"https:\/\/lavocedelpaese.info\/index.php\/2023\/08\/07\/le-dimissioni-dellamministrazione-resta-sono-un-atto-dovuto\/"},"wordCount":606,"commentCount":0,"publisher":{"@id":"https:\/\/lavocedelpaese.info\/#organization"},"articleSection":["network"],"inLanguage":"it-IT","potentialAction":[{"@type":"CommentAction","name":"Comment","target":["https:\/\/lavocedelpaese.info\/index.php\/2023\/08\/07\/le-dimissioni-dellamministrazione-resta-sono-un-atto-dovuto\/#respond"]}]},{"@type":"WebPage","@id":"https:\/\/lavocedelpaese.info\/index.php\/2023\/08\/07\/le-dimissioni-dellamministrazione-resta-sono-un-atto-dovuto\/","url":"https:\/\/lavocedelpaese.info\/index.php\/2023\/08\/07\/le-dimissioni-dellamministrazione-resta-sono-un-atto-dovuto\/","name":"\u201cLe dimissioni dell\u2019Amministrazione Resta sono un atto dovuto\u201d - La Voce del Paese","isPartOf":{"@id":"https:\/\/lavocedelpaese.info\/#website"},"datePublished":"2023-08-07T10:13:43+00:00","breadcrumb":{"@id":"https:\/\/lavocedelpaese.info\/index.php\/2023\/08\/07\/le-dimissioni-dellamministrazione-resta-sono-un-atto-dovuto\/#breadcrumb"},"inLanguage":"it-IT","potentialAction":[{"@type":"ReadAction","target":["https:\/\/lavocedelpaese.info\/index.php\/2023\/08\/07\/le-dimissioni-dellamministrazione-resta-sono-un-atto-dovuto\/"]}]},{"@type":"BreadcrumbList","@id":"https:\/\/lavocedelpaese.info\/index.php\/2023\/08\/07\/le-dimissioni-dellamministrazione-resta-sono-un-atto-dovuto\/#breadcrumb","itemListElement":[{"@type":"ListItem","position":1,"name":"Home","item":"https:\/\/lavocedelpaese.info\/"},{"@type":"ListItem","position":2,"name":"\u201cLe dimissioni dell\u2019Amministrazione Resta sono un atto dovuto\u201d"}]},{"@type":"WebSite","@id":"https:\/\/lavocedelpaese.info\/#website","url":"https:\/\/lavocedelpaese.info\/","name":"La Voce del Paese","description":"Un network di idee","publisher":{"@id":"https:\/\/lavocedelpaese.info\/#organization"},"potentialAction":[{"@type":"SearchAction","target":{"@type":"EntryPoint","urlTemplate":"https:\/\/lavocedelpaese.info\/?s={search_term_string}"},"query-input":{"@type":"PropertyValueSpecification","valueRequired":true,"valueName":"search_term_string"}}],"inLanguage":"it-IT"},{"@type":"Organization","@id":"https:\/\/lavocedelpaese.info\/#organization","name":"La Voce del Paese","url":"https:\/\/lavocedelpaese.info\/","logo":{"@type":"ImageObject","inLanguage":"it-IT","@id":"https:\/\/lavocedelpaese.info\/#\/schema\/logo\/image\/","url":"https:\/\/lavocedelpaese.info\/wp-content\/uploads\/2023\/01\/cropped-logo-150-127.png","contentUrl":"https:\/\/lavocedelpaese.info\/wp-content\/uploads\/2023\/01\/cropped-logo-150-127.png","width":137,"height":119,"caption":"La Voce del Paese"},"image":{"@id":"https:\/\/lavocedelpaese.info\/#\/schema\/logo\/image\/"},"sameAs":["https:\/\/www.facebook.com\/lavocedelpaese.info"]}]}},"_links":{"self":[{"href":"https:\/\/lavocedelpaese.info\/index.php\/wp-json\/wp\/v2\/posts\/1850","targetHints":{"allow":["GET"]}}],"collection":[{"href":"https:\/\/lavocedelpaese.info\/index.php\/wp-json\/wp\/v2\/posts"}],"about":[{"href":"https:\/\/lavocedelpaese.info\/index.php\/wp-json\/wp\/v2\/types\/post"}],"replies":[{"embeddable":true,"href":"https:\/\/lavocedelpaese.info\/index.php\/wp-json\/wp\/v2\/comments?post=1850"}],"version-history":[{"count":0,"href":"https:\/\/lavocedelpaese.info\/index.php\/wp-json\/wp\/v2\/posts\/1850\/revisions"}],"wp:attachment":[{"href":"https:\/\/lavocedelpaese.info\/index.php\/wp-json\/wp\/v2\/media?parent=1850"}],"wp:term":[{"taxonomy":"category","embeddable":true,"href":"https:\/\/lavocedelpaese.info\/index.php\/wp-json\/wp\/v2\/categories?post=1850"},{"taxonomy":"post_tag","embeddable":true,"href":"https:\/\/lavocedelpaese.info\/index.php\/wp-json\/wp\/v2\/tags?post=1850"}],"curies":[{"name":"wp","href":"https:\/\/api.w.org\/{rel}","templated":true}]}}