{"id":1840,"date":"2023-08-05T05:17:29","date_gmt":"2023-08-05T05:17:29","guid":{"rendered":"https:\/\/lavocedelpaese.info\/index.php\/2023\/08\/05\/assestamento-di-bilancio-approvato-a-maggioranza\/"},"modified":"2023-08-05T05:17:29","modified_gmt":"2023-08-05T05:17:29","slug":"assestamento-di-bilancio-approvato-a-maggioranza","status":"publish","type":"post","link":"https:\/\/lavocedelpaese.info\/index.php\/2023\/08\/05\/assestamento-di-bilancio-approvato-a-maggioranza\/","title":{"rendered":"Assestamento di Bilancio approvato a maggioranza"},"content":{"rendered":"<p>\u00a0<\/p>\n<p>\u200b\u00a0<\/p>\n<p>\u200bTuri \u2013 La Voce del Paese\u00a0<\/p>\n<p class=\"has-text-align-left\"><strong>La relazione dell\u2019assessore Gigantelli si sofferma sull\u2019avanzo di amministrazione, <\/strong><br \/><strong>che sar\u00e0 utilizzato per migliorare il decoro urbano e continuare la manutenzione del cimitero<\/strong><\/p>\n<div class=\"wp-block-spacer\"><\/div>\n<p>Il Consiglio comunale, celebrato lo scorso 31 luglio, si \u00e8 centrato sull\u2019approvazione dell\u2019assestamento di Bilancio, illustrato dall\u2019assessore al ramo, Graziano Gigantelli.<\/p>\n<h4 class=\"wp-block-heading has-vivid-cyan-blue-color has-text-color\"><strong>Un avanzo da mezzo milione di euro<\/strong><\/h4>\n<p>Riprendendo i punti salienti evidenziati nella relazione dell\u2019assessore, il primo elemento messo in luce \u00e8 l\u2019avanzo di amministrazione di circa 647 mila euro, frutto della \u00abpolitica virtuosa di recupero dei tributi evasi\u00bb.<\/p>\n<p>\u00abPoco pi\u00f9 di 173.000 euro \u2013 dettaglia Gigantelli \u2013 sono stati accantonati per i debiti fuori Bilancio; i restanti 470.000 euro sono stati impiegati per portare avanti progettualit\u00e0 e investimenti coerenti con il nostro programma elettorale\u00bb, concentrando le risorse su \u00abtre punti cardine: la sicurezza e il decoro del paese, il monitoraggio del patrimonio degli immobili comunali ed il cimitero\u00bb.<\/p>\n<p>\u00abPer il primo punto \u2013 spiega \u2013 abbiamo destinato 50.000 euro per la manutenzione straordinaria delle strade (che si sommano ai circa 346.000 euro precedentemente stanziati); 35.000 euro per l\u2019acquisto di un nuovo autoveicolo, al fine di rafforzare il parco mezzi della Polizia Locale; 15.000 euro per l\u2019apposizione della segnaletica stradale e 24.400 euro per l\u2019impianto di videosorveglianza<strong>\u00bb.<\/strong><\/p>\n<p>\u00abQuanto al secondo elemento cardine \u2013 prosegue \u2013 abbiamo impiegato una parte dell\u2019avanzo per mettere in ordine la situazione strutturale e catastale degli immobili comunali. Nel dettaglio, sono stati appostati 30.000 euro per il rifacimento dell\u2019impiantistica dei bagni pubblici in villa comunale; 2.000 euro per gli accatastamenti degli immobili comunali e degli alloggi Erp; 6.000 euro per le verifiche biennali degli impianti degli edifici comunali\u00bb.<\/p>\n<p>\u00abInfine \u2013 annota \u2013 abbiamo impegnato ulteriori 230.000 euro per la manutenzione straordinaria del cimitero, prevedendo la bonifica e la sistemazione di circa 400 metri lineari, nonch\u00e9 la rimozione degli alberi presenti lungo il viale interno, le cui radici stanno mettendo a rischio le cappelle private. In pi\u00f9, sono stati inseriti 5.000 euro per la redazione del Piano regolatore cimiteriale, passaggio indispensabile per qualsiasi futuro progetto di riqualificazione\u00bb.<\/p>\n<h4 class=\"wp-block-heading has-vivid-cyan-blue-color has-text-color\"><strong>Il peso dei debiti fuori Bilancio<\/strong><\/h4>\n<p>Dopo aver elencato i contributi statali e regionali destinati al Comune di Turi, l\u2019assessore ha fatto il punto sui debiti fuori Bilancio, che, come segnalato dai Responsabili di Settore, ammontano a 173.878,66 euro. Un dato quest\u2019ultimo su cui la minoranza ha aperto serrato dibattito, spingendo i consiglieri di \u201cPatto per Turi\u201d a chiedere \u00able immediate dimissioni e il Commissariamento dell\u2019Ente per incapacit\u00e0 amministrativa e per non arrecare ulteriori danni erariali e pregiudizi agli interessi dei cittadini turesi\u00bb.<\/p>\n<h4 class=\"wp-block-heading has-vivid-cyan-blue-color has-text-color\"><strong>Tributi: \u201cAbbiamo promosso un cambio di mentalit\u00e0\u201d<\/strong><\/h4>\n<p>Prima di cedere la parola, Gigantelli ha voluto condividere con l\u2019assise una breve riflessione politica:<strong> \u00ab<\/strong>Devo ringraziare il sindaco per la fiducia accordata al Settore Economico-Finanziario nell\u2019azione di recupero dei tributi evasi. Un\u2019azione condotta con trasparenza e determinazione, con l\u2019unico obiettivo di ripristinare l\u2019uguaglianza fiscale, sradicando la pessima consuetudine a non pagare le tasse comunali, consolidata in una ristretta cerchia di contribuenti, che per troppo tempo ha penalizzato l\u2019intera comunit\u00e0.<\/p>\n<p>Grazie anche al supporto e alla professionalit\u00e0 della dott.ssa Calisi, siamo riusciti a promuovere un cambio di mentalit\u00e0, motivando la maggior parte dei concittadini \u201cin difetto\u201d a regolarizzare volontariamente la propria posizione tributaria.<\/p>\n<p>Abbiamo avviato un percorso virtuoso di risanamento delle casse comunali, ridimensionando il Fondo crediti di dubbia esigibilit\u00e0 che, negli ultimi 7 anni, ha vincolato la capacit\u00e0 di spesa dell\u2019Ente. Un percorso virtuoso che ci porta oggi, in sede di approvazione dell\u2019assestamento di Bilancio, ad avere un avanzo libero di circa mezzo milione di euro da investire nel miglioramento dei servizi offerti ai turesi. Ad iniziare dalla manutenzione straordinaria del cimitero: un impegno assunto nel nostro programma elettorale che onoreremo non contraendo un ulteriore debito, ma attingendo proprio a quelle risorse rinvenienti dall\u2019attivit\u00e0 di accertamento\u00bb.<\/p>\n<h4 class=\"wp-block-heading has-vivid-cyan-blue-color has-text-color\"><strong>Gli altri dati<\/strong><\/h4>\n<p>Per completezza, riportiamo di seguito gli altri dati sviscerati nella relazione propedeutica all\u2019approvazione dell\u2019assestamento:<\/p>\n<p><strong>Contributi statali e regionali<\/strong><\/p>\n<p>poco pi\u00f9 di 310.000 euro a titolo di ristoro per la calamit\u00e0 atmosferica verificatasi nel 2022 (ossia il lungo periodo di siccit\u00e0);<\/p>\n<p>38.000 euro annui per il triennio 2023-2025 vincolati all\u2019assunzione tramite concorso di un tecnico che curer\u00e0 l\u2019iter delle progettualit\u00e0 finanziate dal PNRR. Da sottolineare che, in virt\u00f9 di questo contributo statale, abbiamo potuto ridurre di 10.000 euro il budget degli incarichi di supporto al RUP, con la previsione di un\u2019ulteriore riduzione di circa 4.500 euro per il biennio 2024-2025;<\/p>\n<p>circa 13.000 per il progetto dei \u201cCentri estivi\u201d dedicato ai minori;<\/p>\n<p>4.000 euro per la redazione del PUMS (Piano urbano della mobilit\u00e0 sostenibile)\u00bb<\/p>\n<p><strong>Minori spese:<\/strong><\/p>\n<p>28.500 euro per il servizio di igiene urbana Aro BA5;<\/p>\n<p>13.000 euro per la lotta all\u2019evasione tributaria e l\u2019accertamento dei tributi evasi (8.000 + 5.000 euro)<\/p>\n<p>10.000 euro per manutenzione ville e giardini pubblici;<\/p>\n<p>9.800 euro per il monitoraggio dello stato dell\u2019arte delle utenze degli edifici comunali (riduzione motivata dalla previsione di avviare il servizio nell\u2019ultimo trimestre del 2023)<\/p>\n<p>9.500 euro per corsi di formazione e aggiornamento del Settore Finanziario;<\/p>\n<p>8.000 euro per i servizi Rupar;<\/p>\n<p>5.000 euro per l\u2019acquisto di licenze software per gli uffici comunali;<\/p>\n<p><strong>Maggiori uscite:<\/strong><\/p>\n<p>poco meno di 155.000 euro per gli oneri da sentenze esecutive, relativi a debiti fuori Bilancio del Settore Lavori Pubblici;<\/p>\n<p>circa 52.200 euro confluiti nel Fondo crediti di dubbia esigibilit\u00e0, relativi ai canoni di locazione degli alloggi Erp e al Canone Unico per l\u2019occupazione del suolo pubblico;<\/p>\n<p>35.000 euro per gli interventi a favore di infanzia e adolescenza;<\/p>\n<p>15.000 euro per le rette per il ricovero di anziani e inabili nelle strutture residenziali e semiresidenziali;\u00a0<\/p>\n<p>15.000 euro per gli incarichi di patrocinio legale, coperti in parte da una riduzione di 13.000 euro degli oneri di transazione, gi\u00e0 inseriti nel Fondo Contenzioso.<\/p>\n<p><a class=\"a2a_button_facebook\" href=\"https:\/\/www.addtoany.com\/add_to\/facebook?linkurl=https%3A%2F%2Fturi.lavocedelpaese.info%2Fassestamento-di-bilancio-approvato-a-maggioranza%2F&amp;linkname=Assestamento%20di%20Bilancio%20approvato%20a%20maggioranza\" title=\"Facebook\" target=\"_blank\" rel=\"noopener\"><\/a><a class=\"a2a_button_twitter\" href=\"https:\/\/www.addtoany.com\/add_to\/twitter?linkurl=https%3A%2F%2Fturi.lavocedelpaese.info%2Fassestamento-di-bilancio-approvato-a-maggioranza%2F&amp;linkname=Assestamento%20di%20Bilancio%20approvato%20a%20maggioranza\" title=\"Twitter\" target=\"_blank\" rel=\"noopener\"><\/a><a class=\"a2a_button_whatsapp\" href=\"https:\/\/www.addtoany.com\/add_to\/whatsapp?linkurl=https%3A%2F%2Fturi.lavocedelpaese.info%2Fassestamento-di-bilancio-approvato-a-maggioranza%2F&amp;linkname=Assestamento%20di%20Bilancio%20approvato%20a%20maggioranza\" title=\"WhatsApp\" target=\"_blank\" rel=\"noopener\"><\/a><a class=\"a2a_button_telegram\" href=\"https:\/\/www.addtoany.com\/add_to\/telegram?linkurl=https%3A%2F%2Fturi.lavocedelpaese.info%2Fassestamento-di-bilancio-approvato-a-maggioranza%2F&amp;linkname=Assestamento%20di%20Bilancio%20approvato%20a%20maggioranza\" title=\"Telegram\" target=\"_blank\" rel=\"noopener\"><\/a><a class=\"a2a_button_email\" href=\"https:\/\/www.addtoany.com\/add_to\/email?linkurl=https%3A%2F%2Fturi.lavocedelpaese.info%2Fassestamento-di-bilancio-approvato-a-maggioranza%2F&amp;linkname=Assestamento%20di%20Bilancio%20approvato%20a%20maggioranza\" title=\"Email\" target=\"_blank\" rel=\"noopener\"><\/a><\/p>\n<p>\u00a0<\/p>","protected":false},"excerpt":{"rendered":"<p>\u00a0 \u200b\u00a0 \u200bTuri \u2013 La Voce del Paese\u00a0 La relazione dell\u2019assessore Gigantelli si sofferma sull\u2019avanzo di amministrazione, che sar\u00e0 utilizzato<\/p>\n","protected":false},"author":0,"featured_media":0,"comment_status":"open","ping_status":"closed","sticky":false,"template":"","format":"standard","meta":{"colormag_page_container_layout":"default_layout","colormag_page_sidebar_layout":"default_layout","footnotes":""},"categories":[33],"tags":[],"class_list":["post-1840","post","type-post","status-publish","format-standard","hentry","category-network"],"yoast_head":"<!-- This site is optimized with the Yoast SEO plugin v27.5 - https:\/\/yoast.com\/product\/yoast-seo-wordpress\/ -->\n<title>Assestamento di Bilancio approvato a maggioranza - La Voce del Paese<\/title>\n<meta name=\"robots\" content=\"index, follow, max-snippet:-1, max-image-preview:large, max-video-preview:-1\" \/>\n<link rel=\"canonical\" href=\"https:\/\/lavocedelpaese.info\/index.php\/2023\/08\/05\/assestamento-di-bilancio-approvato-a-maggioranza\/\" \/>\n<meta property=\"og:locale\" content=\"it_IT\" \/>\n<meta property=\"og:type\" content=\"article\" \/>\n<meta property=\"og:title\" content=\"Assestamento di Bilancio approvato a maggioranza - La Voce del Paese\" \/>\n<meta property=\"og:description\" content=\"\u00a0 \u200b\u00a0 \u200bTuri \u2013 La Voce del Paese\u00a0 La relazione dell\u2019assessore Gigantelli si sofferma sull\u2019avanzo di amministrazione, che sar\u00e0 utilizzato\" \/>\n<meta property=\"og:url\" content=\"https:\/\/lavocedelpaese.info\/index.php\/2023\/08\/05\/assestamento-di-bilancio-approvato-a-maggioranza\/\" \/>\n<meta property=\"og:site_name\" content=\"La Voce del Paese\" \/>\n<meta property=\"article:publisher\" content=\"https:\/\/www.facebook.com\/lavocedelpaese.info\" \/>\n<meta property=\"article:published_time\" content=\"2023-08-05T05:17:29+00:00\" \/>\n<meta name=\"twitter:card\" content=\"summary_large_image\" \/>\n<meta name=\"twitter:label1\" content=\"Tempo di lettura stimato\" \/>\n\t<meta name=\"twitter:data1\" content=\"5 minuti\" \/>\n<script type=\"application\/ld+json\" class=\"yoast-schema-graph\">{\"@context\":\"https:\\\/\\\/schema.org\",\"@graph\":[{\"@type\":\"Article\",\"@id\":\"https:\\\/\\\/lavocedelpaese.info\\\/index.php\\\/2023\\\/08\\\/05\\\/assestamento-di-bilancio-approvato-a-maggioranza\\\/#article\",\"isPartOf\":{\"@id\":\"https:\\\/\\\/lavocedelpaese.info\\\/index.php\\\/2023\\\/08\\\/05\\\/assestamento-di-bilancio-approvato-a-maggioranza\\\/\"},\"author\":{\"name\":\"\",\"@id\":\"\"},\"headline\":\"Assestamento di Bilancio approvato a maggioranza\",\"datePublished\":\"2023-08-05T05:17:29+00:00\",\"mainEntityOfPage\":{\"@id\":\"https:\\\/\\\/lavocedelpaese.info\\\/index.php\\\/2023\\\/08\\\/05\\\/assestamento-di-bilancio-approvato-a-maggioranza\\\/\"},\"wordCount\":934,\"commentCount\":0,\"publisher\":{\"@id\":\"https:\\\/\\\/lavocedelpaese.info\\\/#organization\"},\"articleSection\":[\"network\"],\"inLanguage\":\"it-IT\",\"potentialAction\":[{\"@type\":\"CommentAction\",\"name\":\"Comment\",\"target\":[\"https:\\\/\\\/lavocedelpaese.info\\\/index.php\\\/2023\\\/08\\\/05\\\/assestamento-di-bilancio-approvato-a-maggioranza\\\/#respond\"]}]},{\"@type\":\"WebPage\",\"@id\":\"https:\\\/\\\/lavocedelpaese.info\\\/index.php\\\/2023\\\/08\\\/05\\\/assestamento-di-bilancio-approvato-a-maggioranza\\\/\",\"url\":\"https:\\\/\\\/lavocedelpaese.info\\\/index.php\\\/2023\\\/08\\\/05\\\/assestamento-di-bilancio-approvato-a-maggioranza\\\/\",\"name\":\"Assestamento di Bilancio approvato a maggioranza - La Voce del Paese\",\"isPartOf\":{\"@id\":\"https:\\\/\\\/lavocedelpaese.info\\\/#website\"},\"datePublished\":\"2023-08-05T05:17:29+00:00\",\"breadcrumb\":{\"@id\":\"https:\\\/\\\/lavocedelpaese.info\\\/index.php\\\/2023\\\/08\\\/05\\\/assestamento-di-bilancio-approvato-a-maggioranza\\\/#breadcrumb\"},\"inLanguage\":\"it-IT\",\"potentialAction\":[{\"@type\":\"ReadAction\",\"target\":[\"https:\\\/\\\/lavocedelpaese.info\\\/index.php\\\/2023\\\/08\\\/05\\\/assestamento-di-bilancio-approvato-a-maggioranza\\\/\"]}]},{\"@type\":\"BreadcrumbList\",\"@id\":\"https:\\\/\\\/lavocedelpaese.info\\\/index.php\\\/2023\\\/08\\\/05\\\/assestamento-di-bilancio-approvato-a-maggioranza\\\/#breadcrumb\",\"itemListElement\":[{\"@type\":\"ListItem\",\"position\":1,\"name\":\"Home\",\"item\":\"https:\\\/\\\/lavocedelpaese.info\\\/\"},{\"@type\":\"ListItem\",\"position\":2,\"name\":\"Assestamento di Bilancio approvato a maggioranza\"}]},{\"@type\":\"WebSite\",\"@id\":\"https:\\\/\\\/lavocedelpaese.info\\\/#website\",\"url\":\"https:\\\/\\\/lavocedelpaese.info\\\/\",\"name\":\"La Voce del Paese\",\"description\":\"Un network di idee\",\"publisher\":{\"@id\":\"https:\\\/\\\/lavocedelpaese.info\\\/#organization\"},\"potentialAction\":[{\"@type\":\"SearchAction\",\"target\":{\"@type\":\"EntryPoint\",\"urlTemplate\":\"https:\\\/\\\/lavocedelpaese.info\\\/?s={search_term_string}\"},\"query-input\":{\"@type\":\"PropertyValueSpecification\",\"valueRequired\":true,\"valueName\":\"search_term_string\"}}],\"inLanguage\":\"it-IT\"},{\"@type\":\"Organization\",\"@id\":\"https:\\\/\\\/lavocedelpaese.info\\\/#organization\",\"name\":\"La Voce del Paese\",\"url\":\"https:\\\/\\\/lavocedelpaese.info\\\/\",\"logo\":{\"@type\":\"ImageObject\",\"inLanguage\":\"it-IT\",\"@id\":\"https:\\\/\\\/lavocedelpaese.info\\\/#\\\/schema\\\/logo\\\/image\\\/\",\"url\":\"https:\\\/\\\/lavocedelpaese.info\\\/wp-content\\\/uploads\\\/2023\\\/01\\\/cropped-logo-150-127.png\",\"contentUrl\":\"https:\\\/\\\/lavocedelpaese.info\\\/wp-content\\\/uploads\\\/2023\\\/01\\\/cropped-logo-150-127.png\",\"width\":137,\"height\":119,\"caption\":\"La Voce del Paese\"},\"image\":{\"@id\":\"https:\\\/\\\/lavocedelpaese.info\\\/#\\\/schema\\\/logo\\\/image\\\/\"},\"sameAs\":[\"https:\\\/\\\/www.facebook.com\\\/lavocedelpaese.info\"]}]}<\/script>\n<!-- \/ Yoast SEO plugin. -->","yoast_head_json":{"title":"Assestamento di Bilancio approvato a maggioranza - La Voce del Paese","robots":{"index":"index","follow":"follow","max-snippet":"max-snippet:-1","max-image-preview":"max-image-preview:large","max-video-preview":"max-video-preview:-1"},"canonical":"https:\/\/lavocedelpaese.info\/index.php\/2023\/08\/05\/assestamento-di-bilancio-approvato-a-maggioranza\/","og_locale":"it_IT","og_type":"article","og_title":"Assestamento di Bilancio approvato a maggioranza - La Voce del Paese","og_description":"\u00a0 \u200b\u00a0 \u200bTuri \u2013 La Voce del Paese\u00a0 La relazione dell\u2019assessore Gigantelli si sofferma sull\u2019avanzo di amministrazione, che sar\u00e0 utilizzato","og_url":"https:\/\/lavocedelpaese.info\/index.php\/2023\/08\/05\/assestamento-di-bilancio-approvato-a-maggioranza\/","og_site_name":"La Voce del Paese","article_publisher":"https:\/\/www.facebook.com\/lavocedelpaese.info","article_published_time":"2023-08-05T05:17:29+00:00","twitter_card":"summary_large_image","twitter_misc":{"Tempo di lettura stimato":"5 minuti"},"schema":{"@context":"https:\/\/schema.org","@graph":[{"@type":"Article","@id":"https:\/\/lavocedelpaese.info\/index.php\/2023\/08\/05\/assestamento-di-bilancio-approvato-a-maggioranza\/#article","isPartOf":{"@id":"https:\/\/lavocedelpaese.info\/index.php\/2023\/08\/05\/assestamento-di-bilancio-approvato-a-maggioranza\/"},"author":{"name":"","@id":""},"headline":"Assestamento di Bilancio approvato a maggioranza","datePublished":"2023-08-05T05:17:29+00:00","mainEntityOfPage":{"@id":"https:\/\/lavocedelpaese.info\/index.php\/2023\/08\/05\/assestamento-di-bilancio-approvato-a-maggioranza\/"},"wordCount":934,"commentCount":0,"publisher":{"@id":"https:\/\/lavocedelpaese.info\/#organization"},"articleSection":["network"],"inLanguage":"it-IT","potentialAction":[{"@type":"CommentAction","name":"Comment","target":["https:\/\/lavocedelpaese.info\/index.php\/2023\/08\/05\/assestamento-di-bilancio-approvato-a-maggioranza\/#respond"]}]},{"@type":"WebPage","@id":"https:\/\/lavocedelpaese.info\/index.php\/2023\/08\/05\/assestamento-di-bilancio-approvato-a-maggioranza\/","url":"https:\/\/lavocedelpaese.info\/index.php\/2023\/08\/05\/assestamento-di-bilancio-approvato-a-maggioranza\/","name":"Assestamento di Bilancio approvato a maggioranza - La Voce del Paese","isPartOf":{"@id":"https:\/\/lavocedelpaese.info\/#website"},"datePublished":"2023-08-05T05:17:29+00:00","breadcrumb":{"@id":"https:\/\/lavocedelpaese.info\/index.php\/2023\/08\/05\/assestamento-di-bilancio-approvato-a-maggioranza\/#breadcrumb"},"inLanguage":"it-IT","potentialAction":[{"@type":"ReadAction","target":["https:\/\/lavocedelpaese.info\/index.php\/2023\/08\/05\/assestamento-di-bilancio-approvato-a-maggioranza\/"]}]},{"@type":"BreadcrumbList","@id":"https:\/\/lavocedelpaese.info\/index.php\/2023\/08\/05\/assestamento-di-bilancio-approvato-a-maggioranza\/#breadcrumb","itemListElement":[{"@type":"ListItem","position":1,"name":"Home","item":"https:\/\/lavocedelpaese.info\/"},{"@type":"ListItem","position":2,"name":"Assestamento di Bilancio approvato a maggioranza"}]},{"@type":"WebSite","@id":"https:\/\/lavocedelpaese.info\/#website","url":"https:\/\/lavocedelpaese.info\/","name":"La Voce del Paese","description":"Un network di idee","publisher":{"@id":"https:\/\/lavocedelpaese.info\/#organization"},"potentialAction":[{"@type":"SearchAction","target":{"@type":"EntryPoint","urlTemplate":"https:\/\/lavocedelpaese.info\/?s={search_term_string}"},"query-input":{"@type":"PropertyValueSpecification","valueRequired":true,"valueName":"search_term_string"}}],"inLanguage":"it-IT"},{"@type":"Organization","@id":"https:\/\/lavocedelpaese.info\/#organization","name":"La Voce del Paese","url":"https:\/\/lavocedelpaese.info\/","logo":{"@type":"ImageObject","inLanguage":"it-IT","@id":"https:\/\/lavocedelpaese.info\/#\/schema\/logo\/image\/","url":"https:\/\/lavocedelpaese.info\/wp-content\/uploads\/2023\/01\/cropped-logo-150-127.png","contentUrl":"https:\/\/lavocedelpaese.info\/wp-content\/uploads\/2023\/01\/cropped-logo-150-127.png","width":137,"height":119,"caption":"La Voce del Paese"},"image":{"@id":"https:\/\/lavocedelpaese.info\/#\/schema\/logo\/image\/"},"sameAs":["https:\/\/www.facebook.com\/lavocedelpaese.info"]}]}},"_links":{"self":[{"href":"https:\/\/lavocedelpaese.info\/index.php\/wp-json\/wp\/v2\/posts\/1840","targetHints":{"allow":["GET"]}}],"collection":[{"href":"https:\/\/lavocedelpaese.info\/index.php\/wp-json\/wp\/v2\/posts"}],"about":[{"href":"https:\/\/lavocedelpaese.info\/index.php\/wp-json\/wp\/v2\/types\/post"}],"replies":[{"embeddable":true,"href":"https:\/\/lavocedelpaese.info\/index.php\/wp-json\/wp\/v2\/comments?post=1840"}],"version-history":[{"count":0,"href":"https:\/\/lavocedelpaese.info\/index.php\/wp-json\/wp\/v2\/posts\/1840\/revisions"}],"wp:attachment":[{"href":"https:\/\/lavocedelpaese.info\/index.php\/wp-json\/wp\/v2\/media?parent=1840"}],"wp:term":[{"taxonomy":"category","embeddable":true,"href":"https:\/\/lavocedelpaese.info\/index.php\/wp-json\/wp\/v2\/categories?post=1840"},{"taxonomy":"post_tag","embeddable":true,"href":"https:\/\/lavocedelpaese.info\/index.php\/wp-json\/wp\/v2\/tags?post=1840"}],"curies":[{"name":"wp","href":"https:\/\/api.w.org\/{rel}","templated":true}]}}