{"id":1834,"date":"2023-08-04T15:25:24","date_gmt":"2023-08-04T15:25:24","guid":{"rendered":"https:\/\/lavocedelpaese.info\/index.php\/2023\/08\/04\/protezione-civile-regionale-allerta-meteo-per-temporali\/"},"modified":"2023-08-04T15:25:24","modified_gmt":"2023-08-04T15:25:24","slug":"protezione-civile-regionale-allerta-meteo-per-temporali","status":"publish","type":"post","link":"https:\/\/lavocedelpaese.info\/index.php\/2023\/08\/04\/protezione-civile-regionale-allerta-meteo-per-temporali\/","title":{"rendered":"Protezione Civile Regionale: allerta meteo per temporali"},"content":{"rendered":"<p>\u00a0<\/p>\n<p>\u200b\u00a0<\/p>\n<p>\u200bCassano \u2013 La Voce del Paese\u00a0<\/p>\n<p>La Protezione Civile Regionale ha emanato una allerta meteo \u201cgialla\u201d (dunque di \u201cattenzione\u201d) valevole dalle ore 20.00 del 4 agosto e per le successive 24 ore su tutto il territorio della Puglia.<\/p>\n<p>Il rischio \u00e8 legato ai temporali che potrebbero investire in tutto o in parte il territorio interessato: sono inoltre previste precipitazioni a prevalente carattere di rovescio con quantitativi cumulati generalmente moderati.<\/p>\n<p>I fenomeni possono essere accompagnati da rovesci intensi, frequente attivit\u00e0 elettrica, locali grandinate e forti raffiche di vento.<\/p>\n<p>Se sei in AUTOMOBILE<\/p>\n<p> non sostare sui ponti, limita la velocit\u00e0, e appena possibile fai una sosta in attesa che la fase pi\u00f9 intensa del temporale, che difficilmente dura pi\u00f9 di mezz\u2019ora, si attenui. Piogge intense possono provocare frane, colate di fango e smottamenti che potrebbero raggiungere la strada che stai percorrendo. Ricorda anche che il temporale pu\u00f2 essere associato a grandine, con chicchi di ghiaccio che possono raggiungere anche dimensioni ragguardevoli, capaci di danneggiare le lamiere di un\u2019automobile e di mettere a rischio la tua incolumit\u00e0.<\/p>\n<p> Se la strada \u00e8 gi\u00e0 allagata, non fermarti e cerca di raggiungere, sempre a velocit\u00e0 moderata, un luogo sicuro dove sostare.<\/p>\n<p>Se sei in CITTA\u2019<\/p>\n<p>\u2705 in caso di temporale in corso o appena avvenuto, non entrare in auto in un sottopasso se non hai la certezza che sia sgombro dall&#8217;acqua. E ricorda che anche poche decine di centimetri d&#8217;acqua posso costituire un grave pericolo.<\/p>\n<p>\u2705 evita di sostare in scantinati, seminterrati, piani bassi, garage, a forte rischio di allagamento durante intensi scrosci di pioggia.<\/p>\n<p>Un discorso a parte meritano i FULMINI:<\/p>\n<p>Se sei all\u2019INTERNO di un struttura o in auto<\/p>\n<p> non uscire.<\/p>\n<p>Se sei all\u2019APERTO<\/p>\n<p> non sostare accanto alle auto e cerca un riparo, camminando a passi brevi<\/p>\n<p> stai lontano dai tronchi degli alberi pi\u00f9 alti e non ripararti sotto alberi isolati<\/p>\n<p> togliti di dosso oggetti metallici (orologi, braccialetti, anelli, collane, orecchini e monili), che possono causare bruciature<\/p>\n<p> non usare il telefono cellulare o altri apparecchi a radiofrequenza<\/p>\n<p> liberati da ombrelli e allontanati da pali, campanili, tetti, tralicci, gru, cime, antenne, alberi di metallo di una barca<\/p>\n<p> resta lontano anche dai tralicci dell\u2019alta tensione, attraverso i quali i fulmini, attirati dai cavi elettrici rischiano di scaricarsi a terra<\/p>\n<p> non accendere fuochi perch\u00e9 il calore svolge una forte funzione catalizzatrice.<\/p>\n<p><a class=\"a2a_button_facebook\" href=\"https:\/\/www.addtoany.com\/add_to\/facebook?linkurl=https%3A%2F%2Fcassano.lavocedelpaese.info%2Findex.php%2F2023%2F08%2F04%2Fprotezione-civile-regionale-allerta-meteo-per-temporali%2F&amp;linkname=Protezione%20Civile%20Regionale%3A%20allerta%20meteo%20per%20temporali\" title=\"Facebook\" target=\"_blank\" rel=\"noopener\"><\/a><a class=\"a2a_button_twitter\" href=\"https:\/\/www.addtoany.com\/add_to\/twitter?linkurl=https%3A%2F%2Fcassano.lavocedelpaese.info%2Findex.php%2F2023%2F08%2F04%2Fprotezione-civile-regionale-allerta-meteo-per-temporali%2F&amp;linkname=Protezione%20Civile%20Regionale%3A%20allerta%20meteo%20per%20temporali\" title=\"Twitter\" target=\"_blank\" rel=\"noopener\"><\/a><a class=\"a2a_button_whatsapp\" href=\"https:\/\/www.addtoany.com\/add_to\/whatsapp?linkurl=https%3A%2F%2Fcassano.lavocedelpaese.info%2Findex.php%2F2023%2F08%2F04%2Fprotezione-civile-regionale-allerta-meteo-per-temporali%2F&amp;linkname=Protezione%20Civile%20Regionale%3A%20allerta%20meteo%20per%20temporali\" title=\"WhatsApp\" target=\"_blank\" rel=\"noopener\"><\/a><a class=\"a2a_button_telegram\" href=\"https:\/\/www.addtoany.com\/add_to\/telegram?linkurl=https%3A%2F%2Fcassano.lavocedelpaese.info%2Findex.php%2F2023%2F08%2F04%2Fprotezione-civile-regionale-allerta-meteo-per-temporali%2F&amp;linkname=Protezione%20Civile%20Regionale%3A%20allerta%20meteo%20per%20temporali\" title=\"Telegram\" target=\"_blank\" rel=\"noopener\"><\/a><a class=\"a2a_button_email\" href=\"https:\/\/www.addtoany.com\/add_to\/email?linkurl=https%3A%2F%2Fcassano.lavocedelpaese.info%2Findex.php%2F2023%2F08%2F04%2Fprotezione-civile-regionale-allerta-meteo-per-temporali%2F&amp;linkname=Protezione%20Civile%20Regionale%3A%20allerta%20meteo%20per%20temporali\" title=\"Email\" target=\"_blank\" rel=\"noopener\"><\/a><\/p>\n<p>\u00a0<\/p>","protected":false},"excerpt":{"rendered":"<p>\u00a0 \u200b\u00a0 \u200bCassano \u2013 La Voce del Paese\u00a0 La Protezione Civile Regionale ha emanato una allerta meteo \u201cgialla\u201d (dunque di<\/p>\n","protected":false},"author":0,"featured_media":0,"comment_status":"open","ping_status":"closed","sticky":false,"template":"","format":"standard","meta":{"colormag_page_container_layout":"default_layout","colormag_page_sidebar_layout":"default_layout","footnotes":""},"categories":[33],"tags":[],"class_list":["post-1834","post","type-post","status-publish","format-standard","hentry","category-network"],"yoast_head":"<!-- This site is optimized with the Yoast SEO plugin v27.5 - https:\/\/yoast.com\/product\/yoast-seo-wordpress\/ -->\n<title>Protezione Civile Regionale: allerta meteo per temporali - La Voce del Paese<\/title>\n<meta name=\"robots\" content=\"index, follow, max-snippet:-1, max-image-preview:large, max-video-preview:-1\" \/>\n<link rel=\"canonical\" href=\"https:\/\/lavocedelpaese.info\/index.php\/2023\/08\/04\/protezione-civile-regionale-allerta-meteo-per-temporali\/\" \/>\n<meta property=\"og:locale\" content=\"it_IT\" \/>\n<meta property=\"og:type\" content=\"article\" \/>\n<meta property=\"og:title\" content=\"Protezione Civile Regionale: allerta meteo per temporali - La Voce del Paese\" \/>\n<meta property=\"og:description\" content=\"\u00a0 \u200b\u00a0 \u200bCassano \u2013 La Voce del Paese\u00a0 La Protezione Civile Regionale ha emanato una allerta meteo \u201cgialla\u201d (dunque di\" \/>\n<meta property=\"og:url\" content=\"https:\/\/lavocedelpaese.info\/index.php\/2023\/08\/04\/protezione-civile-regionale-allerta-meteo-per-temporali\/\" \/>\n<meta property=\"og:site_name\" content=\"La Voce del Paese\" \/>\n<meta property=\"article:publisher\" content=\"https:\/\/www.facebook.com\/lavocedelpaese.info\" \/>\n<meta property=\"article:published_time\" content=\"2023-08-04T15:25:24+00:00\" \/>\n<meta name=\"twitter:card\" content=\"summary_large_image\" \/>\n<meta name=\"twitter:label1\" content=\"Tempo di lettura stimato\" \/>\n\t<meta name=\"twitter:data1\" content=\"2 minuti\" \/>\n<script type=\"application\/ld+json\" class=\"yoast-schema-graph\">{\"@context\":\"https:\\\/\\\/schema.org\",\"@graph\":[{\"@type\":\"Article\",\"@id\":\"https:\\\/\\\/lavocedelpaese.info\\\/index.php\\\/2023\\\/08\\\/04\\\/protezione-civile-regionale-allerta-meteo-per-temporali\\\/#article\",\"isPartOf\":{\"@id\":\"https:\\\/\\\/lavocedelpaese.info\\\/index.php\\\/2023\\\/08\\\/04\\\/protezione-civile-regionale-allerta-meteo-per-temporali\\\/\"},\"author\":{\"name\":\"\",\"@id\":\"\"},\"headline\":\"Protezione Civile Regionale: allerta meteo per temporali\",\"datePublished\":\"2023-08-04T15:25:24+00:00\",\"mainEntityOfPage\":{\"@id\":\"https:\\\/\\\/lavocedelpaese.info\\\/index.php\\\/2023\\\/08\\\/04\\\/protezione-civile-regionale-allerta-meteo-per-temporali\\\/\"},\"wordCount\":390,\"commentCount\":0,\"publisher\":{\"@id\":\"https:\\\/\\\/lavocedelpaese.info\\\/#organization\"},\"articleSection\":[\"network\"],\"inLanguage\":\"it-IT\",\"potentialAction\":[{\"@type\":\"CommentAction\",\"name\":\"Comment\",\"target\":[\"https:\\\/\\\/lavocedelpaese.info\\\/index.php\\\/2023\\\/08\\\/04\\\/protezione-civile-regionale-allerta-meteo-per-temporali\\\/#respond\"]}]},{\"@type\":\"WebPage\",\"@id\":\"https:\\\/\\\/lavocedelpaese.info\\\/index.php\\\/2023\\\/08\\\/04\\\/protezione-civile-regionale-allerta-meteo-per-temporali\\\/\",\"url\":\"https:\\\/\\\/lavocedelpaese.info\\\/index.php\\\/2023\\\/08\\\/04\\\/protezione-civile-regionale-allerta-meteo-per-temporali\\\/\",\"name\":\"Protezione Civile Regionale: allerta meteo per temporali - La Voce del Paese\",\"isPartOf\":{\"@id\":\"https:\\\/\\\/lavocedelpaese.info\\\/#website\"},\"datePublished\":\"2023-08-04T15:25:24+00:00\",\"breadcrumb\":{\"@id\":\"https:\\\/\\\/lavocedelpaese.info\\\/index.php\\\/2023\\\/08\\\/04\\\/protezione-civile-regionale-allerta-meteo-per-temporali\\\/#breadcrumb\"},\"inLanguage\":\"it-IT\",\"potentialAction\":[{\"@type\":\"ReadAction\",\"target\":[\"https:\\\/\\\/lavocedelpaese.info\\\/index.php\\\/2023\\\/08\\\/04\\\/protezione-civile-regionale-allerta-meteo-per-temporali\\\/\"]}]},{\"@type\":\"BreadcrumbList\",\"@id\":\"https:\\\/\\\/lavocedelpaese.info\\\/index.php\\\/2023\\\/08\\\/04\\\/protezione-civile-regionale-allerta-meteo-per-temporali\\\/#breadcrumb\",\"itemListElement\":[{\"@type\":\"ListItem\",\"position\":1,\"name\":\"Home\",\"item\":\"https:\\\/\\\/lavocedelpaese.info\\\/\"},{\"@type\":\"ListItem\",\"position\":2,\"name\":\"Protezione Civile Regionale: allerta meteo per temporali\"}]},{\"@type\":\"WebSite\",\"@id\":\"https:\\\/\\\/lavocedelpaese.info\\\/#website\",\"url\":\"https:\\\/\\\/lavocedelpaese.info\\\/\",\"name\":\"La Voce del Paese\",\"description\":\"Un network di idee\",\"publisher\":{\"@id\":\"https:\\\/\\\/lavocedelpaese.info\\\/#organization\"},\"potentialAction\":[{\"@type\":\"SearchAction\",\"target\":{\"@type\":\"EntryPoint\",\"urlTemplate\":\"https:\\\/\\\/lavocedelpaese.info\\\/?s={search_term_string}\"},\"query-input\":{\"@type\":\"PropertyValueSpecification\",\"valueRequired\":true,\"valueName\":\"search_term_string\"}}],\"inLanguage\":\"it-IT\"},{\"@type\":\"Organization\",\"@id\":\"https:\\\/\\\/lavocedelpaese.info\\\/#organization\",\"name\":\"La Voce del Paese\",\"url\":\"https:\\\/\\\/lavocedelpaese.info\\\/\",\"logo\":{\"@type\":\"ImageObject\",\"inLanguage\":\"it-IT\",\"@id\":\"https:\\\/\\\/lavocedelpaese.info\\\/#\\\/schema\\\/logo\\\/image\\\/\",\"url\":\"https:\\\/\\\/lavocedelpaese.info\\\/wp-content\\\/uploads\\\/2023\\\/01\\\/cropped-logo-150-127.png\",\"contentUrl\":\"https:\\\/\\\/lavocedelpaese.info\\\/wp-content\\\/uploads\\\/2023\\\/01\\\/cropped-logo-150-127.png\",\"width\":137,\"height\":119,\"caption\":\"La Voce del Paese\"},\"image\":{\"@id\":\"https:\\\/\\\/lavocedelpaese.info\\\/#\\\/schema\\\/logo\\\/image\\\/\"},\"sameAs\":[\"https:\\\/\\\/www.facebook.com\\\/lavocedelpaese.info\"]}]}<\/script>\n<!-- \/ Yoast SEO plugin. -->","yoast_head_json":{"title":"Protezione Civile Regionale: allerta meteo per temporali - La Voce del Paese","robots":{"index":"index","follow":"follow","max-snippet":"max-snippet:-1","max-image-preview":"max-image-preview:large","max-video-preview":"max-video-preview:-1"},"canonical":"https:\/\/lavocedelpaese.info\/index.php\/2023\/08\/04\/protezione-civile-regionale-allerta-meteo-per-temporali\/","og_locale":"it_IT","og_type":"article","og_title":"Protezione Civile Regionale: allerta meteo per temporali - La Voce del Paese","og_description":"\u00a0 \u200b\u00a0 \u200bCassano \u2013 La Voce del Paese\u00a0 La Protezione Civile Regionale ha emanato una allerta meteo \u201cgialla\u201d (dunque di","og_url":"https:\/\/lavocedelpaese.info\/index.php\/2023\/08\/04\/protezione-civile-regionale-allerta-meteo-per-temporali\/","og_site_name":"La Voce del Paese","article_publisher":"https:\/\/www.facebook.com\/lavocedelpaese.info","article_published_time":"2023-08-04T15:25:24+00:00","twitter_card":"summary_large_image","twitter_misc":{"Tempo di lettura stimato":"2 minuti"},"schema":{"@context":"https:\/\/schema.org","@graph":[{"@type":"Article","@id":"https:\/\/lavocedelpaese.info\/index.php\/2023\/08\/04\/protezione-civile-regionale-allerta-meteo-per-temporali\/#article","isPartOf":{"@id":"https:\/\/lavocedelpaese.info\/index.php\/2023\/08\/04\/protezione-civile-regionale-allerta-meteo-per-temporali\/"},"author":{"name":"","@id":""},"headline":"Protezione Civile Regionale: allerta meteo per temporali","datePublished":"2023-08-04T15:25:24+00:00","mainEntityOfPage":{"@id":"https:\/\/lavocedelpaese.info\/index.php\/2023\/08\/04\/protezione-civile-regionale-allerta-meteo-per-temporali\/"},"wordCount":390,"commentCount":0,"publisher":{"@id":"https:\/\/lavocedelpaese.info\/#organization"},"articleSection":["network"],"inLanguage":"it-IT","potentialAction":[{"@type":"CommentAction","name":"Comment","target":["https:\/\/lavocedelpaese.info\/index.php\/2023\/08\/04\/protezione-civile-regionale-allerta-meteo-per-temporali\/#respond"]}]},{"@type":"WebPage","@id":"https:\/\/lavocedelpaese.info\/index.php\/2023\/08\/04\/protezione-civile-regionale-allerta-meteo-per-temporali\/","url":"https:\/\/lavocedelpaese.info\/index.php\/2023\/08\/04\/protezione-civile-regionale-allerta-meteo-per-temporali\/","name":"Protezione Civile Regionale: allerta meteo per temporali - La Voce del Paese","isPartOf":{"@id":"https:\/\/lavocedelpaese.info\/#website"},"datePublished":"2023-08-04T15:25:24+00:00","breadcrumb":{"@id":"https:\/\/lavocedelpaese.info\/index.php\/2023\/08\/04\/protezione-civile-regionale-allerta-meteo-per-temporali\/#breadcrumb"},"inLanguage":"it-IT","potentialAction":[{"@type":"ReadAction","target":["https:\/\/lavocedelpaese.info\/index.php\/2023\/08\/04\/protezione-civile-regionale-allerta-meteo-per-temporali\/"]}]},{"@type":"BreadcrumbList","@id":"https:\/\/lavocedelpaese.info\/index.php\/2023\/08\/04\/protezione-civile-regionale-allerta-meteo-per-temporali\/#breadcrumb","itemListElement":[{"@type":"ListItem","position":1,"name":"Home","item":"https:\/\/lavocedelpaese.info\/"},{"@type":"ListItem","position":2,"name":"Protezione Civile Regionale: allerta meteo per temporali"}]},{"@type":"WebSite","@id":"https:\/\/lavocedelpaese.info\/#website","url":"https:\/\/lavocedelpaese.info\/","name":"La Voce del Paese","description":"Un network di idee","publisher":{"@id":"https:\/\/lavocedelpaese.info\/#organization"},"potentialAction":[{"@type":"SearchAction","target":{"@type":"EntryPoint","urlTemplate":"https:\/\/lavocedelpaese.info\/?s={search_term_string}"},"query-input":{"@type":"PropertyValueSpecification","valueRequired":true,"valueName":"search_term_string"}}],"inLanguage":"it-IT"},{"@type":"Organization","@id":"https:\/\/lavocedelpaese.info\/#organization","name":"La Voce del Paese","url":"https:\/\/lavocedelpaese.info\/","logo":{"@type":"ImageObject","inLanguage":"it-IT","@id":"https:\/\/lavocedelpaese.info\/#\/schema\/logo\/image\/","url":"https:\/\/lavocedelpaese.info\/wp-content\/uploads\/2023\/01\/cropped-logo-150-127.png","contentUrl":"https:\/\/lavocedelpaese.info\/wp-content\/uploads\/2023\/01\/cropped-logo-150-127.png","width":137,"height":119,"caption":"La Voce del Paese"},"image":{"@id":"https:\/\/lavocedelpaese.info\/#\/schema\/logo\/image\/"},"sameAs":["https:\/\/www.facebook.com\/lavocedelpaese.info"]}]}},"_links":{"self":[{"href":"https:\/\/lavocedelpaese.info\/index.php\/wp-json\/wp\/v2\/posts\/1834","targetHints":{"allow":["GET"]}}],"collection":[{"href":"https:\/\/lavocedelpaese.info\/index.php\/wp-json\/wp\/v2\/posts"}],"about":[{"href":"https:\/\/lavocedelpaese.info\/index.php\/wp-json\/wp\/v2\/types\/post"}],"replies":[{"embeddable":true,"href":"https:\/\/lavocedelpaese.info\/index.php\/wp-json\/wp\/v2\/comments?post=1834"}],"version-history":[{"count":0,"href":"https:\/\/lavocedelpaese.info\/index.php\/wp-json\/wp\/v2\/posts\/1834\/revisions"}],"wp:attachment":[{"href":"https:\/\/lavocedelpaese.info\/index.php\/wp-json\/wp\/v2\/media?parent=1834"}],"wp:term":[{"taxonomy":"category","embeddable":true,"href":"https:\/\/lavocedelpaese.info\/index.php\/wp-json\/wp\/v2\/categories?post=1834"},{"taxonomy":"post_tag","embeddable":true,"href":"https:\/\/lavocedelpaese.info\/index.php\/wp-json\/wp\/v2\/tags?post=1834"}],"curies":[{"name":"wp","href":"https:\/\/api.w.org\/{rel}","templated":true}]}}