{"id":1818,"date":"2023-08-01T01:17:18","date_gmt":"2023-08-01T01:17:18","guid":{"rendered":"https:\/\/lavocedelpaese.info\/index.php\/2023\/08\/01\/la-secolare-fiera-del-1-agosto-apre-i-festeggiamenti-della-santa-patrona\/"},"modified":"2023-08-01T01:17:18","modified_gmt":"2023-08-01T01:17:18","slug":"la-secolare-fiera-del-1-agosto-apre-i-festeggiamenti-della-santa-patrona","status":"publish","type":"post","link":"https:\/\/lavocedelpaese.info\/index.php\/2023\/08\/01\/la-secolare-fiera-del-1-agosto-apre-i-festeggiamenti-della-santa-patrona\/","title":{"rendered":"La secolare Fiera del 1\u00b0 agosto apre i festeggiamenti della Santa Patrona"},"content":{"rendered":"<p>\u00a0<\/p>\n<p>\u200b\u00a0<\/p>\n<p>\u200bCassano \u2013 La Voce del Paese\u00a0<\/p>\n<p>di Giovanni Brunelli<\/p>\n<p>Affondano nei secoli le radici della Fiera del 1\u00b0 agosto che apre i festeggiamenti della Festa Patronale di Cassano delle Murge.<\/p>\n<p>Con una ricorrenza particolare quest\u2019anno ossia il 200\u00b0 anniversario del Regio Decreto del 2 dicembre 1823 a firma di Re Ferdinando II di Borbone che la consacrava come \u201cFiera d\u2019agosto\u201d.<\/p>\n<p>Per secoli la Fiera di Cassano aveva attirato contadini, artigiani, allevatori e massai da ogni dove, sin dal 1495 quando <em>\u201cl\u2019Universit\u00e0 di Cassano (il corrispondente dell\u2019attuale Consiglio Comunale) ottenne dal Re di Francia Carlo VIII le franchigie per otto giorni per l\u2019istituzione di una Fiera da svolgersi attorno al Convento della Madonna degli Angeli\u201d<\/em> (Tonino Giorgio, <em>\u201cStoria e storie della Madonna degli Angeli protettrice di Cassano delle Murge\u201d, <\/em>2015).<\/p>\n<p>Privilegio confermato, come dimostrato dallo storico Nicola Alessandrelli nei suoi scritti, nel 1504 dal vicer\u00e9 spagnolo Consalvo di Cordova con l\u2019istituzione di un \u201cMaestro di Fiera\u201d che aveva giurisdizione civile e \u201ccriminale\u201d nei giorni della Fiera sul territorio dove essa si svolgeva ovvero il Santuario e gli immediati dintorni.<\/p>\n<p>Greggi e armenti, oggetti di rame e di terracotta, attrezzi per la campagna e per la vita di tutti i giorni venivano acquistati e venduti in un tempo nel quale non esistevano i negozi n\u00e9 era facile spostarsi in un altro paese per fare acquisti; nella piccola Cassano, poi, le botteghe artigiane erano pochissime per cui spesso si doveva attendere la Fiera per acquistare il necessario.<\/p>\n<p>Solo nel 1823, appunto, la Fiera \u2013 ottenuto il rinnovo del riconoscimento definitivo da parte del Re delle Due Sicilie \u2013 fu spostata in paese nello spiazzo attualmente occupato da Piazza Garibaldi, la Villa Comunale, acquistata ed espropriata dal Comune per allestire la Fiera e a fine festa esplodere i fuochi pirotecnici tanto che l\u2019area fu soprannominata in dialetto cassanese \u201c<em>da for\u2019u spare\u201d.<\/em><\/p>\n<p>In quella occasione la Fiera fu ridotta da otto a due giorni per poi passare definitivamente alla durata attuale ossia la mattinata del 1\u00b0 agosto.<\/p>\n<p>Oggi la Fiera di Cassano, come tante altre, \u00e8 certamente mutata ed ha perso la sua importanza a causa dei cambiamenti sociali ed economici che hanno investito anche la nostra comunit\u00e0: quella attuale \u00e8 praticamente un grosso mercato settimanale, sempre buono, per\u00f2, per fare qualche buon affare, reincontrare vecchi amici e conoscenti di cui magari si erano perse le tracce e che tornano \u201cper la Madonna\u201d, lamentarsi del caldo e rispondere alla tradizionale domanda: <em>\u201cC\u2019\u00e8 si accattate josce alla fere?\u201d <\/em><\/p>\n<p><a class=\"a2a_button_facebook\" href=\"https:\/\/www.addtoany.com\/add_to\/facebook?linkurl=https%3A%2F%2Fcassano.lavocedelpaese.info%2Findex.php%2F2023%2F07%2F31%2Fla-secolare-fiera-del-1-agosto-apre-i-festeggiamenti-della-santa-patrona%2F&amp;linkname=La%20secolare%20Fiera%20del%201%C2%B0%20agosto%20apre%20i%20festeggiamenti%20della%20Santa%20Patrona\" title=\"Facebook\" target=\"_blank\" rel=\"noopener\"><\/a><a class=\"a2a_button_twitter\" href=\"https:\/\/www.addtoany.com\/add_to\/twitter?linkurl=https%3A%2F%2Fcassano.lavocedelpaese.info%2Findex.php%2F2023%2F07%2F31%2Fla-secolare-fiera-del-1-agosto-apre-i-festeggiamenti-della-santa-patrona%2F&amp;linkname=La%20secolare%20Fiera%20del%201%C2%B0%20agosto%20apre%20i%20festeggiamenti%20della%20Santa%20Patrona\" title=\"Twitter\" target=\"_blank\" rel=\"noopener\"><\/a><a class=\"a2a_button_whatsapp\" href=\"https:\/\/www.addtoany.com\/add_to\/whatsapp?linkurl=https%3A%2F%2Fcassano.lavocedelpaese.info%2Findex.php%2F2023%2F07%2F31%2Fla-secolare-fiera-del-1-agosto-apre-i-festeggiamenti-della-santa-patrona%2F&amp;linkname=La%20secolare%20Fiera%20del%201%C2%B0%20agosto%20apre%20i%20festeggiamenti%20della%20Santa%20Patrona\" title=\"WhatsApp\" target=\"_blank\" rel=\"noopener\"><\/a><a class=\"a2a_button_telegram\" href=\"https:\/\/www.addtoany.com\/add_to\/telegram?linkurl=https%3A%2F%2Fcassano.lavocedelpaese.info%2Findex.php%2F2023%2F07%2F31%2Fla-secolare-fiera-del-1-agosto-apre-i-festeggiamenti-della-santa-patrona%2F&amp;linkname=La%20secolare%20Fiera%20del%201%C2%B0%20agosto%20apre%20i%20festeggiamenti%20della%20Santa%20Patrona\" title=\"Telegram\" target=\"_blank\" rel=\"noopener\"><\/a><a class=\"a2a_button_email\" href=\"https:\/\/www.addtoany.com\/add_to\/email?linkurl=https%3A%2F%2Fcassano.lavocedelpaese.info%2Findex.php%2F2023%2F07%2F31%2Fla-secolare-fiera-del-1-agosto-apre-i-festeggiamenti-della-santa-patrona%2F&amp;linkname=La%20secolare%20Fiera%20del%201%C2%B0%20agosto%20apre%20i%20festeggiamenti%20della%20Santa%20Patrona\" title=\"Email\" target=\"_blank\" rel=\"noopener\"><\/a><\/p>\n<p>\u00a0<\/p>","protected":false},"excerpt":{"rendered":"<p>\u00a0 \u200b\u00a0 \u200bCassano \u2013 La Voce del Paese\u00a0 di Giovanni Brunelli Affondano nei secoli le radici della Fiera del 1\u00b0<\/p>\n","protected":false},"author":0,"featured_media":0,"comment_status":"open","ping_status":"closed","sticky":false,"template":"","format":"standard","meta":{"colormag_page_container_layout":"default_layout","colormag_page_sidebar_layout":"default_layout","footnotes":""},"categories":[33],"tags":[],"class_list":["post-1818","post","type-post","status-publish","format-standard","hentry","category-network"],"yoast_head":"<!-- This site is optimized with the Yoast SEO plugin v27.5 - https:\/\/yoast.com\/product\/yoast-seo-wordpress\/ -->\n<title>La secolare Fiera del 1\u00b0 agosto apre i festeggiamenti della Santa Patrona - La Voce del Paese<\/title>\n<meta name=\"robots\" content=\"index, follow, max-snippet:-1, max-image-preview:large, max-video-preview:-1\" \/>\n<link rel=\"canonical\" href=\"https:\/\/lavocedelpaese.info\/index.php\/2023\/08\/01\/la-secolare-fiera-del-1-agosto-apre-i-festeggiamenti-della-santa-patrona\/\" \/>\n<meta property=\"og:locale\" content=\"it_IT\" \/>\n<meta property=\"og:type\" content=\"article\" \/>\n<meta property=\"og:title\" content=\"La secolare Fiera del 1\u00b0 agosto apre i festeggiamenti della Santa Patrona - La Voce del Paese\" \/>\n<meta property=\"og:description\" content=\"\u00a0 \u200b\u00a0 \u200bCassano \u2013 La Voce del Paese\u00a0 di Giovanni Brunelli Affondano nei secoli le radici della Fiera del 1\u00b0\" \/>\n<meta property=\"og:url\" content=\"https:\/\/lavocedelpaese.info\/index.php\/2023\/08\/01\/la-secolare-fiera-del-1-agosto-apre-i-festeggiamenti-della-santa-patrona\/\" \/>\n<meta property=\"og:site_name\" content=\"La Voce del Paese\" \/>\n<meta property=\"article:publisher\" content=\"https:\/\/www.facebook.com\/lavocedelpaese.info\" \/>\n<meta property=\"article:published_time\" content=\"2023-08-01T01:17:18+00:00\" \/>\n<meta name=\"twitter:card\" content=\"summary_large_image\" \/>\n<meta name=\"twitter:label1\" content=\"Tempo di lettura stimato\" \/>\n\t<meta name=\"twitter:data1\" content=\"2 minuti\" \/>\n<script type=\"application\/ld+json\" class=\"yoast-schema-graph\">{\"@context\":\"https:\\\/\\\/schema.org\",\"@graph\":[{\"@type\":\"Article\",\"@id\":\"https:\\\/\\\/lavocedelpaese.info\\\/index.php\\\/2023\\\/08\\\/01\\\/la-secolare-fiera-del-1-agosto-apre-i-festeggiamenti-della-santa-patrona\\\/#article\",\"isPartOf\":{\"@id\":\"https:\\\/\\\/lavocedelpaese.info\\\/index.php\\\/2023\\\/08\\\/01\\\/la-secolare-fiera-del-1-agosto-apre-i-festeggiamenti-della-santa-patrona\\\/\"},\"author\":{\"name\":\"\",\"@id\":\"\"},\"headline\":\"La secolare Fiera del 1\u00b0 agosto apre i festeggiamenti della Santa Patrona\",\"datePublished\":\"2023-08-01T01:17:18+00:00\",\"mainEntityOfPage\":{\"@id\":\"https:\\\/\\\/lavocedelpaese.info\\\/index.php\\\/2023\\\/08\\\/01\\\/la-secolare-fiera-del-1-agosto-apre-i-festeggiamenti-della-santa-patrona\\\/\"},\"wordCount\":417,\"commentCount\":0,\"publisher\":{\"@id\":\"https:\\\/\\\/lavocedelpaese.info\\\/#organization\"},\"articleSection\":[\"network\"],\"inLanguage\":\"it-IT\",\"potentialAction\":[{\"@type\":\"CommentAction\",\"name\":\"Comment\",\"target\":[\"https:\\\/\\\/lavocedelpaese.info\\\/index.php\\\/2023\\\/08\\\/01\\\/la-secolare-fiera-del-1-agosto-apre-i-festeggiamenti-della-santa-patrona\\\/#respond\"]}]},{\"@type\":\"WebPage\",\"@id\":\"https:\\\/\\\/lavocedelpaese.info\\\/index.php\\\/2023\\\/08\\\/01\\\/la-secolare-fiera-del-1-agosto-apre-i-festeggiamenti-della-santa-patrona\\\/\",\"url\":\"https:\\\/\\\/lavocedelpaese.info\\\/index.php\\\/2023\\\/08\\\/01\\\/la-secolare-fiera-del-1-agosto-apre-i-festeggiamenti-della-santa-patrona\\\/\",\"name\":\"La secolare Fiera del 1\u00b0 agosto apre i festeggiamenti della Santa Patrona - La Voce del Paese\",\"isPartOf\":{\"@id\":\"https:\\\/\\\/lavocedelpaese.info\\\/#website\"},\"datePublished\":\"2023-08-01T01:17:18+00:00\",\"breadcrumb\":{\"@id\":\"https:\\\/\\\/lavocedelpaese.info\\\/index.php\\\/2023\\\/08\\\/01\\\/la-secolare-fiera-del-1-agosto-apre-i-festeggiamenti-della-santa-patrona\\\/#breadcrumb\"},\"inLanguage\":\"it-IT\",\"potentialAction\":[{\"@type\":\"ReadAction\",\"target\":[\"https:\\\/\\\/lavocedelpaese.info\\\/index.php\\\/2023\\\/08\\\/01\\\/la-secolare-fiera-del-1-agosto-apre-i-festeggiamenti-della-santa-patrona\\\/\"]}]},{\"@type\":\"BreadcrumbList\",\"@id\":\"https:\\\/\\\/lavocedelpaese.info\\\/index.php\\\/2023\\\/08\\\/01\\\/la-secolare-fiera-del-1-agosto-apre-i-festeggiamenti-della-santa-patrona\\\/#breadcrumb\",\"itemListElement\":[{\"@type\":\"ListItem\",\"position\":1,\"name\":\"Home\",\"item\":\"https:\\\/\\\/lavocedelpaese.info\\\/\"},{\"@type\":\"ListItem\",\"position\":2,\"name\":\"La secolare Fiera del 1\u00b0 agosto apre i festeggiamenti della Santa Patrona\"}]},{\"@type\":\"WebSite\",\"@id\":\"https:\\\/\\\/lavocedelpaese.info\\\/#website\",\"url\":\"https:\\\/\\\/lavocedelpaese.info\\\/\",\"name\":\"La Voce del Paese\",\"description\":\"Un network di idee\",\"publisher\":{\"@id\":\"https:\\\/\\\/lavocedelpaese.info\\\/#organization\"},\"potentialAction\":[{\"@type\":\"SearchAction\",\"target\":{\"@type\":\"EntryPoint\",\"urlTemplate\":\"https:\\\/\\\/lavocedelpaese.info\\\/?s={search_term_string}\"},\"query-input\":{\"@type\":\"PropertyValueSpecification\",\"valueRequired\":true,\"valueName\":\"search_term_string\"}}],\"inLanguage\":\"it-IT\"},{\"@type\":\"Organization\",\"@id\":\"https:\\\/\\\/lavocedelpaese.info\\\/#organization\",\"name\":\"La Voce del Paese\",\"url\":\"https:\\\/\\\/lavocedelpaese.info\\\/\",\"logo\":{\"@type\":\"ImageObject\",\"inLanguage\":\"it-IT\",\"@id\":\"https:\\\/\\\/lavocedelpaese.info\\\/#\\\/schema\\\/logo\\\/image\\\/\",\"url\":\"https:\\\/\\\/lavocedelpaese.info\\\/wp-content\\\/uploads\\\/2023\\\/01\\\/cropped-logo-150-127.png\",\"contentUrl\":\"https:\\\/\\\/lavocedelpaese.info\\\/wp-content\\\/uploads\\\/2023\\\/01\\\/cropped-logo-150-127.png\",\"width\":137,\"height\":119,\"caption\":\"La Voce del Paese\"},\"image\":{\"@id\":\"https:\\\/\\\/lavocedelpaese.info\\\/#\\\/schema\\\/logo\\\/image\\\/\"},\"sameAs\":[\"https:\\\/\\\/www.facebook.com\\\/lavocedelpaese.info\"]}]}<\/script>\n<!-- \/ Yoast SEO plugin. -->","yoast_head_json":{"title":"La secolare Fiera del 1\u00b0 agosto apre i festeggiamenti della Santa Patrona - La Voce del Paese","robots":{"index":"index","follow":"follow","max-snippet":"max-snippet:-1","max-image-preview":"max-image-preview:large","max-video-preview":"max-video-preview:-1"},"canonical":"https:\/\/lavocedelpaese.info\/index.php\/2023\/08\/01\/la-secolare-fiera-del-1-agosto-apre-i-festeggiamenti-della-santa-patrona\/","og_locale":"it_IT","og_type":"article","og_title":"La secolare Fiera del 1\u00b0 agosto apre i festeggiamenti della Santa Patrona - La Voce del Paese","og_description":"\u00a0 \u200b\u00a0 \u200bCassano \u2013 La Voce del Paese\u00a0 di Giovanni Brunelli Affondano nei secoli le radici della Fiera del 1\u00b0","og_url":"https:\/\/lavocedelpaese.info\/index.php\/2023\/08\/01\/la-secolare-fiera-del-1-agosto-apre-i-festeggiamenti-della-santa-patrona\/","og_site_name":"La Voce del Paese","article_publisher":"https:\/\/www.facebook.com\/lavocedelpaese.info","article_published_time":"2023-08-01T01:17:18+00:00","twitter_card":"summary_large_image","twitter_misc":{"Tempo di lettura stimato":"2 minuti"},"schema":{"@context":"https:\/\/schema.org","@graph":[{"@type":"Article","@id":"https:\/\/lavocedelpaese.info\/index.php\/2023\/08\/01\/la-secolare-fiera-del-1-agosto-apre-i-festeggiamenti-della-santa-patrona\/#article","isPartOf":{"@id":"https:\/\/lavocedelpaese.info\/index.php\/2023\/08\/01\/la-secolare-fiera-del-1-agosto-apre-i-festeggiamenti-della-santa-patrona\/"},"author":{"name":"","@id":""},"headline":"La secolare Fiera del 1\u00b0 agosto apre i festeggiamenti della Santa Patrona","datePublished":"2023-08-01T01:17:18+00:00","mainEntityOfPage":{"@id":"https:\/\/lavocedelpaese.info\/index.php\/2023\/08\/01\/la-secolare-fiera-del-1-agosto-apre-i-festeggiamenti-della-santa-patrona\/"},"wordCount":417,"commentCount":0,"publisher":{"@id":"https:\/\/lavocedelpaese.info\/#organization"},"articleSection":["network"],"inLanguage":"it-IT","potentialAction":[{"@type":"CommentAction","name":"Comment","target":["https:\/\/lavocedelpaese.info\/index.php\/2023\/08\/01\/la-secolare-fiera-del-1-agosto-apre-i-festeggiamenti-della-santa-patrona\/#respond"]}]},{"@type":"WebPage","@id":"https:\/\/lavocedelpaese.info\/index.php\/2023\/08\/01\/la-secolare-fiera-del-1-agosto-apre-i-festeggiamenti-della-santa-patrona\/","url":"https:\/\/lavocedelpaese.info\/index.php\/2023\/08\/01\/la-secolare-fiera-del-1-agosto-apre-i-festeggiamenti-della-santa-patrona\/","name":"La secolare Fiera del 1\u00b0 agosto apre i festeggiamenti della Santa Patrona - La Voce del Paese","isPartOf":{"@id":"https:\/\/lavocedelpaese.info\/#website"},"datePublished":"2023-08-01T01:17:18+00:00","breadcrumb":{"@id":"https:\/\/lavocedelpaese.info\/index.php\/2023\/08\/01\/la-secolare-fiera-del-1-agosto-apre-i-festeggiamenti-della-santa-patrona\/#breadcrumb"},"inLanguage":"it-IT","potentialAction":[{"@type":"ReadAction","target":["https:\/\/lavocedelpaese.info\/index.php\/2023\/08\/01\/la-secolare-fiera-del-1-agosto-apre-i-festeggiamenti-della-santa-patrona\/"]}]},{"@type":"BreadcrumbList","@id":"https:\/\/lavocedelpaese.info\/index.php\/2023\/08\/01\/la-secolare-fiera-del-1-agosto-apre-i-festeggiamenti-della-santa-patrona\/#breadcrumb","itemListElement":[{"@type":"ListItem","position":1,"name":"Home","item":"https:\/\/lavocedelpaese.info\/"},{"@type":"ListItem","position":2,"name":"La secolare Fiera del 1\u00b0 agosto apre i festeggiamenti della Santa Patrona"}]},{"@type":"WebSite","@id":"https:\/\/lavocedelpaese.info\/#website","url":"https:\/\/lavocedelpaese.info\/","name":"La Voce del Paese","description":"Un network di idee","publisher":{"@id":"https:\/\/lavocedelpaese.info\/#organization"},"potentialAction":[{"@type":"SearchAction","target":{"@type":"EntryPoint","urlTemplate":"https:\/\/lavocedelpaese.info\/?s={search_term_string}"},"query-input":{"@type":"PropertyValueSpecification","valueRequired":true,"valueName":"search_term_string"}}],"inLanguage":"it-IT"},{"@type":"Organization","@id":"https:\/\/lavocedelpaese.info\/#organization","name":"La Voce del Paese","url":"https:\/\/lavocedelpaese.info\/","logo":{"@type":"ImageObject","inLanguage":"it-IT","@id":"https:\/\/lavocedelpaese.info\/#\/schema\/logo\/image\/","url":"https:\/\/lavocedelpaese.info\/wp-content\/uploads\/2023\/01\/cropped-logo-150-127.png","contentUrl":"https:\/\/lavocedelpaese.info\/wp-content\/uploads\/2023\/01\/cropped-logo-150-127.png","width":137,"height":119,"caption":"La Voce del Paese"},"image":{"@id":"https:\/\/lavocedelpaese.info\/#\/schema\/logo\/image\/"},"sameAs":["https:\/\/www.facebook.com\/lavocedelpaese.info"]}]}},"_links":{"self":[{"href":"https:\/\/lavocedelpaese.info\/index.php\/wp-json\/wp\/v2\/posts\/1818","targetHints":{"allow":["GET"]}}],"collection":[{"href":"https:\/\/lavocedelpaese.info\/index.php\/wp-json\/wp\/v2\/posts"}],"about":[{"href":"https:\/\/lavocedelpaese.info\/index.php\/wp-json\/wp\/v2\/types\/post"}],"replies":[{"embeddable":true,"href":"https:\/\/lavocedelpaese.info\/index.php\/wp-json\/wp\/v2\/comments?post=1818"}],"version-history":[{"count":0,"href":"https:\/\/lavocedelpaese.info\/index.php\/wp-json\/wp\/v2\/posts\/1818\/revisions"}],"wp:attachment":[{"href":"https:\/\/lavocedelpaese.info\/index.php\/wp-json\/wp\/v2\/media?parent=1818"}],"wp:term":[{"taxonomy":"category","embeddable":true,"href":"https:\/\/lavocedelpaese.info\/index.php\/wp-json\/wp\/v2\/categories?post=1818"},{"taxonomy":"post_tag","embeddable":true,"href":"https:\/\/lavocedelpaese.info\/index.php\/wp-json\/wp\/v2\/tags?post=1818"}],"curies":[{"name":"wp","href":"https:\/\/api.w.org\/{rel}","templated":true}]}}