{"id":1803,"date":"2023-07-28T21:20:01","date_gmt":"2023-07-28T21:20:01","guid":{"rendered":"https:\/\/lavocedelpaese.info\/index.php\/2023\/07\/28\/arriva-anche-a-gioia-miss-mamma-grazie-ad-anna-maria-renna\/"},"modified":"2023-07-28T21:20:01","modified_gmt":"2023-07-28T21:20:01","slug":"arriva-anche-a-gioia-miss-mamma-grazie-ad-anna-maria-renna","status":"publish","type":"post","link":"https:\/\/lavocedelpaese.info\/index.php\/2023\/07\/28\/arriva-anche-a-gioia-miss-mamma-grazie-ad-anna-maria-renna\/","title":{"rendered":"Arriva anche a Gioia \u201cMiss Mamma\u201d grazie ad Anna Maria Renna"},"content":{"rendered":"<p>\u00a0<\/p>\n<p>\u200b\u00a0<\/p>\n<p>\u200bGioia \u2013 La Voce del Paese\u00a0<\/p>\n<p>Grazie all\u2019impegno di <strong>Anna Maria Renna<\/strong>, madrina d\u2019onore e Miss Mamma pollice verde 2021, la 30^ Edizione di Miss Mamma Italiana si terr\u00e0 a Gioia in Piazza Plebiscito sabato 29 luglio alle 20.30. Il concorso nazionale di bellezza e simpatia sar\u00e0 presentato da <strong>Lucia Dipaola<\/strong>, Miss mamma Glamour 2015.<\/p>\n<p>Ricordiamo che Miss Mamma \u00e8 un\u2019idea TE.Ma organizzazione spettacoli, un concorso nazionale di bellezza e simpatia ideato da <strong>Paolo Teti<\/strong>\u00a0riservato a tutte le mamme di et\u00e0 compresa tra i 25 e i 45 anni, con fascia \u201cMiss Mamma Italiana Gold\u201d per le mamme dai 46 ai 55 anni e fascia \u201cMiss Mamma Italiana Evergreen\u201d per le mamme dai 56 anni a salire.<\/p>\n<p>Lo scopo principale del Concorso \u00e8 quello di valorizzare al massimo la figura della Donna e in modo particolare quello della Mamma.<\/p>\n<p>\u201cMiss Mamma Italiana \u2013 precisa Paolo Teti \u2013 ha nel suo intento uno sguardo pi\u00f9 profondo, un\u2019attenzione che oltre alla bellezza delle partecipanti coglier\u00e0 l\u2019espressione pi\u00f9 completa della loro personalit\u00e0, perch\u00e9 la mamma eletta sia la fusione di tutte le identit\u00e0 materne del paese. Non faremo quindi semplicemente salire le aspiranti Miss su una passerella, parleremo con loro della famiglia, del lavoro, dei loro hobbies, del mondo che ci circonda e faremo sostenere loro simpatiche prove di abilit\u00e0.\u201d<\/p>\n<p><a class=\"a2a_button_facebook\" href=\"https:\/\/www.addtoany.com\/add_to\/facebook?linkurl=https%3A%2F%2Fgioia.lavocedelpaese.info%2Findex.php%2F2023%2F07%2F28%2Farriva-anche-a-gioia-miss-mamma-grazie-ad-anna-maria-renna%2F&amp;linkname=Arriva%20anche%20a%20Gioia%20%E2%80%9CMiss%20Mamma%E2%80%9D%20grazie%20ad%20Anna%20Maria%20Renna\" title=\"Facebook\" target=\"_blank\" rel=\"noopener\"><\/a><a class=\"a2a_button_twitter\" href=\"https:\/\/www.addtoany.com\/add_to\/twitter?linkurl=https%3A%2F%2Fgioia.lavocedelpaese.info%2Findex.php%2F2023%2F07%2F28%2Farriva-anche-a-gioia-miss-mamma-grazie-ad-anna-maria-renna%2F&amp;linkname=Arriva%20anche%20a%20Gioia%20%E2%80%9CMiss%20Mamma%E2%80%9D%20grazie%20ad%20Anna%20Maria%20Renna\" title=\"Twitter\" target=\"_blank\" rel=\"noopener\"><\/a><a class=\"a2a_button_whatsapp\" href=\"https:\/\/www.addtoany.com\/add_to\/whatsapp?linkurl=https%3A%2F%2Fgioia.lavocedelpaese.info%2Findex.php%2F2023%2F07%2F28%2Farriva-anche-a-gioia-miss-mamma-grazie-ad-anna-maria-renna%2F&amp;linkname=Arriva%20anche%20a%20Gioia%20%E2%80%9CMiss%20Mamma%E2%80%9D%20grazie%20ad%20Anna%20Maria%20Renna\" title=\"WhatsApp\" target=\"_blank\" rel=\"noopener\"><\/a><a class=\"a2a_button_telegram\" href=\"https:\/\/www.addtoany.com\/add_to\/telegram?linkurl=https%3A%2F%2Fgioia.lavocedelpaese.info%2Findex.php%2F2023%2F07%2F28%2Farriva-anche-a-gioia-miss-mamma-grazie-ad-anna-maria-renna%2F&amp;linkname=Arriva%20anche%20a%20Gioia%20%E2%80%9CMiss%20Mamma%E2%80%9D%20grazie%20ad%20Anna%20Maria%20Renna\" title=\"Telegram\" target=\"_blank\" rel=\"noopener\"><\/a><a class=\"a2a_button_email\" href=\"https:\/\/www.addtoany.com\/add_to\/email?linkurl=https%3A%2F%2Fgioia.lavocedelpaese.info%2Findex.php%2F2023%2F07%2F28%2Farriva-anche-a-gioia-miss-mamma-grazie-ad-anna-maria-renna%2F&amp;linkname=Arriva%20anche%20a%20Gioia%20%E2%80%9CMiss%20Mamma%E2%80%9D%20grazie%20ad%20Anna%20Maria%20Renna\" title=\"Email\" target=\"_blank\" rel=\"noopener\"><\/a><\/p>\n<p>\u00a0<\/p>","protected":false},"excerpt":{"rendered":"<p>\u00a0 \u200b\u00a0 \u200bGioia \u2013 La Voce del Paese\u00a0 Grazie all\u2019impegno di Anna Maria Renna, madrina d\u2019onore e Miss Mamma pollice<\/p>\n","protected":false},"author":0,"featured_media":0,"comment_status":"open","ping_status":"closed","sticky":false,"template":"","format":"standard","meta":{"colormag_page_container_layout":"default_layout","colormag_page_sidebar_layout":"default_layout","footnotes":""},"categories":[33],"tags":[],"class_list":["post-1803","post","type-post","status-publish","format-standard","hentry","category-network"],"yoast_head":"<!-- This site is optimized with the Yoast SEO plugin v27.5 - https:\/\/yoast.com\/product\/yoast-seo-wordpress\/ -->\n<title>Arriva anche a Gioia \u201cMiss Mamma\u201d grazie ad Anna Maria Renna - La Voce del Paese<\/title>\n<meta name=\"robots\" content=\"index, follow, max-snippet:-1, max-image-preview:large, max-video-preview:-1\" \/>\n<link rel=\"canonical\" href=\"https:\/\/lavocedelpaese.info\/index.php\/2023\/07\/28\/arriva-anche-a-gioia-miss-mamma-grazie-ad-anna-maria-renna\/\" \/>\n<meta property=\"og:locale\" content=\"it_IT\" \/>\n<meta property=\"og:type\" content=\"article\" \/>\n<meta property=\"og:title\" content=\"Arriva anche a Gioia \u201cMiss Mamma\u201d grazie ad Anna Maria Renna - La Voce del Paese\" \/>\n<meta property=\"og:description\" content=\"\u00a0 \u200b\u00a0 \u200bGioia \u2013 La Voce del Paese\u00a0 Grazie all\u2019impegno di Anna Maria Renna, madrina d\u2019onore e Miss Mamma pollice\" \/>\n<meta property=\"og:url\" content=\"https:\/\/lavocedelpaese.info\/index.php\/2023\/07\/28\/arriva-anche-a-gioia-miss-mamma-grazie-ad-anna-maria-renna\/\" \/>\n<meta property=\"og:site_name\" content=\"La Voce del Paese\" \/>\n<meta property=\"article:publisher\" content=\"https:\/\/www.facebook.com\/lavocedelpaese.info\" \/>\n<meta property=\"article:published_time\" content=\"2023-07-28T21:20:01+00:00\" \/>\n<meta name=\"twitter:card\" content=\"summary_large_image\" \/>\n<meta name=\"twitter:label1\" content=\"Tempo di lettura stimato\" \/>\n\t<meta name=\"twitter:data1\" content=\"1 minuto\" \/>\n<script type=\"application\/ld+json\" class=\"yoast-schema-graph\">{\"@context\":\"https:\\\/\\\/schema.org\",\"@graph\":[{\"@type\":\"Article\",\"@id\":\"https:\\\/\\\/lavocedelpaese.info\\\/index.php\\\/2023\\\/07\\\/28\\\/arriva-anche-a-gioia-miss-mamma-grazie-ad-anna-maria-renna\\\/#article\",\"isPartOf\":{\"@id\":\"https:\\\/\\\/lavocedelpaese.info\\\/index.php\\\/2023\\\/07\\\/28\\\/arriva-anche-a-gioia-miss-mamma-grazie-ad-anna-maria-renna\\\/\"},\"author\":{\"name\":\"\",\"@id\":\"\"},\"headline\":\"Arriva anche a Gioia \u201cMiss Mamma\u201d grazie ad Anna Maria Renna\",\"datePublished\":\"2023-07-28T21:20:01+00:00\",\"mainEntityOfPage\":{\"@id\":\"https:\\\/\\\/lavocedelpaese.info\\\/index.php\\\/2023\\\/07\\\/28\\\/arriva-anche-a-gioia-miss-mamma-grazie-ad-anna-maria-renna\\\/\"},\"wordCount\":220,\"commentCount\":0,\"publisher\":{\"@id\":\"https:\\\/\\\/lavocedelpaese.info\\\/#organization\"},\"articleSection\":[\"network\"],\"inLanguage\":\"it-IT\",\"potentialAction\":[{\"@type\":\"CommentAction\",\"name\":\"Comment\",\"target\":[\"https:\\\/\\\/lavocedelpaese.info\\\/index.php\\\/2023\\\/07\\\/28\\\/arriva-anche-a-gioia-miss-mamma-grazie-ad-anna-maria-renna\\\/#respond\"]}]},{\"@type\":\"WebPage\",\"@id\":\"https:\\\/\\\/lavocedelpaese.info\\\/index.php\\\/2023\\\/07\\\/28\\\/arriva-anche-a-gioia-miss-mamma-grazie-ad-anna-maria-renna\\\/\",\"url\":\"https:\\\/\\\/lavocedelpaese.info\\\/index.php\\\/2023\\\/07\\\/28\\\/arriva-anche-a-gioia-miss-mamma-grazie-ad-anna-maria-renna\\\/\",\"name\":\"Arriva anche a Gioia \u201cMiss Mamma\u201d grazie ad Anna Maria Renna - La Voce del Paese\",\"isPartOf\":{\"@id\":\"https:\\\/\\\/lavocedelpaese.info\\\/#website\"},\"datePublished\":\"2023-07-28T21:20:01+00:00\",\"breadcrumb\":{\"@id\":\"https:\\\/\\\/lavocedelpaese.info\\\/index.php\\\/2023\\\/07\\\/28\\\/arriva-anche-a-gioia-miss-mamma-grazie-ad-anna-maria-renna\\\/#breadcrumb\"},\"inLanguage\":\"it-IT\",\"potentialAction\":[{\"@type\":\"ReadAction\",\"target\":[\"https:\\\/\\\/lavocedelpaese.info\\\/index.php\\\/2023\\\/07\\\/28\\\/arriva-anche-a-gioia-miss-mamma-grazie-ad-anna-maria-renna\\\/\"]}]},{\"@type\":\"BreadcrumbList\",\"@id\":\"https:\\\/\\\/lavocedelpaese.info\\\/index.php\\\/2023\\\/07\\\/28\\\/arriva-anche-a-gioia-miss-mamma-grazie-ad-anna-maria-renna\\\/#breadcrumb\",\"itemListElement\":[{\"@type\":\"ListItem\",\"position\":1,\"name\":\"Home\",\"item\":\"https:\\\/\\\/lavocedelpaese.info\\\/\"},{\"@type\":\"ListItem\",\"position\":2,\"name\":\"Arriva anche a Gioia \u201cMiss Mamma\u201d grazie ad Anna Maria Renna\"}]},{\"@type\":\"WebSite\",\"@id\":\"https:\\\/\\\/lavocedelpaese.info\\\/#website\",\"url\":\"https:\\\/\\\/lavocedelpaese.info\\\/\",\"name\":\"La Voce del Paese\",\"description\":\"Un network di idee\",\"publisher\":{\"@id\":\"https:\\\/\\\/lavocedelpaese.info\\\/#organization\"},\"potentialAction\":[{\"@type\":\"SearchAction\",\"target\":{\"@type\":\"EntryPoint\",\"urlTemplate\":\"https:\\\/\\\/lavocedelpaese.info\\\/?s={search_term_string}\"},\"query-input\":{\"@type\":\"PropertyValueSpecification\",\"valueRequired\":true,\"valueName\":\"search_term_string\"}}],\"inLanguage\":\"it-IT\"},{\"@type\":\"Organization\",\"@id\":\"https:\\\/\\\/lavocedelpaese.info\\\/#organization\",\"name\":\"La Voce del Paese\",\"url\":\"https:\\\/\\\/lavocedelpaese.info\\\/\",\"logo\":{\"@type\":\"ImageObject\",\"inLanguage\":\"it-IT\",\"@id\":\"https:\\\/\\\/lavocedelpaese.info\\\/#\\\/schema\\\/logo\\\/image\\\/\",\"url\":\"https:\\\/\\\/lavocedelpaese.info\\\/wp-content\\\/uploads\\\/2023\\\/01\\\/cropped-logo-150-127.png\",\"contentUrl\":\"https:\\\/\\\/lavocedelpaese.info\\\/wp-content\\\/uploads\\\/2023\\\/01\\\/cropped-logo-150-127.png\",\"width\":137,\"height\":119,\"caption\":\"La Voce del Paese\"},\"image\":{\"@id\":\"https:\\\/\\\/lavocedelpaese.info\\\/#\\\/schema\\\/logo\\\/image\\\/\"},\"sameAs\":[\"https:\\\/\\\/www.facebook.com\\\/lavocedelpaese.info\"]}]}<\/script>\n<!-- \/ Yoast SEO plugin. -->","yoast_head_json":{"title":"Arriva anche a Gioia \u201cMiss Mamma\u201d grazie ad Anna Maria Renna - La Voce del Paese","robots":{"index":"index","follow":"follow","max-snippet":"max-snippet:-1","max-image-preview":"max-image-preview:large","max-video-preview":"max-video-preview:-1"},"canonical":"https:\/\/lavocedelpaese.info\/index.php\/2023\/07\/28\/arriva-anche-a-gioia-miss-mamma-grazie-ad-anna-maria-renna\/","og_locale":"it_IT","og_type":"article","og_title":"Arriva anche a Gioia \u201cMiss Mamma\u201d grazie ad Anna Maria Renna - La Voce del Paese","og_description":"\u00a0 \u200b\u00a0 \u200bGioia \u2013 La Voce del Paese\u00a0 Grazie all\u2019impegno di Anna Maria Renna, madrina d\u2019onore e Miss Mamma pollice","og_url":"https:\/\/lavocedelpaese.info\/index.php\/2023\/07\/28\/arriva-anche-a-gioia-miss-mamma-grazie-ad-anna-maria-renna\/","og_site_name":"La Voce del Paese","article_publisher":"https:\/\/www.facebook.com\/lavocedelpaese.info","article_published_time":"2023-07-28T21:20:01+00:00","twitter_card":"summary_large_image","twitter_misc":{"Tempo di lettura stimato":"1 minuto"},"schema":{"@context":"https:\/\/schema.org","@graph":[{"@type":"Article","@id":"https:\/\/lavocedelpaese.info\/index.php\/2023\/07\/28\/arriva-anche-a-gioia-miss-mamma-grazie-ad-anna-maria-renna\/#article","isPartOf":{"@id":"https:\/\/lavocedelpaese.info\/index.php\/2023\/07\/28\/arriva-anche-a-gioia-miss-mamma-grazie-ad-anna-maria-renna\/"},"author":{"name":"","@id":""},"headline":"Arriva anche a Gioia \u201cMiss Mamma\u201d grazie ad Anna Maria Renna","datePublished":"2023-07-28T21:20:01+00:00","mainEntityOfPage":{"@id":"https:\/\/lavocedelpaese.info\/index.php\/2023\/07\/28\/arriva-anche-a-gioia-miss-mamma-grazie-ad-anna-maria-renna\/"},"wordCount":220,"commentCount":0,"publisher":{"@id":"https:\/\/lavocedelpaese.info\/#organization"},"articleSection":["network"],"inLanguage":"it-IT","potentialAction":[{"@type":"CommentAction","name":"Comment","target":["https:\/\/lavocedelpaese.info\/index.php\/2023\/07\/28\/arriva-anche-a-gioia-miss-mamma-grazie-ad-anna-maria-renna\/#respond"]}]},{"@type":"WebPage","@id":"https:\/\/lavocedelpaese.info\/index.php\/2023\/07\/28\/arriva-anche-a-gioia-miss-mamma-grazie-ad-anna-maria-renna\/","url":"https:\/\/lavocedelpaese.info\/index.php\/2023\/07\/28\/arriva-anche-a-gioia-miss-mamma-grazie-ad-anna-maria-renna\/","name":"Arriva anche a Gioia \u201cMiss Mamma\u201d grazie ad Anna Maria Renna - La Voce del Paese","isPartOf":{"@id":"https:\/\/lavocedelpaese.info\/#website"},"datePublished":"2023-07-28T21:20:01+00:00","breadcrumb":{"@id":"https:\/\/lavocedelpaese.info\/index.php\/2023\/07\/28\/arriva-anche-a-gioia-miss-mamma-grazie-ad-anna-maria-renna\/#breadcrumb"},"inLanguage":"it-IT","potentialAction":[{"@type":"ReadAction","target":["https:\/\/lavocedelpaese.info\/index.php\/2023\/07\/28\/arriva-anche-a-gioia-miss-mamma-grazie-ad-anna-maria-renna\/"]}]},{"@type":"BreadcrumbList","@id":"https:\/\/lavocedelpaese.info\/index.php\/2023\/07\/28\/arriva-anche-a-gioia-miss-mamma-grazie-ad-anna-maria-renna\/#breadcrumb","itemListElement":[{"@type":"ListItem","position":1,"name":"Home","item":"https:\/\/lavocedelpaese.info\/"},{"@type":"ListItem","position":2,"name":"Arriva anche a Gioia \u201cMiss Mamma\u201d grazie ad Anna Maria Renna"}]},{"@type":"WebSite","@id":"https:\/\/lavocedelpaese.info\/#website","url":"https:\/\/lavocedelpaese.info\/","name":"La Voce del Paese","description":"Un network di idee","publisher":{"@id":"https:\/\/lavocedelpaese.info\/#organization"},"potentialAction":[{"@type":"SearchAction","target":{"@type":"EntryPoint","urlTemplate":"https:\/\/lavocedelpaese.info\/?s={search_term_string}"},"query-input":{"@type":"PropertyValueSpecification","valueRequired":true,"valueName":"search_term_string"}}],"inLanguage":"it-IT"},{"@type":"Organization","@id":"https:\/\/lavocedelpaese.info\/#organization","name":"La Voce del Paese","url":"https:\/\/lavocedelpaese.info\/","logo":{"@type":"ImageObject","inLanguage":"it-IT","@id":"https:\/\/lavocedelpaese.info\/#\/schema\/logo\/image\/","url":"https:\/\/lavocedelpaese.info\/wp-content\/uploads\/2023\/01\/cropped-logo-150-127.png","contentUrl":"https:\/\/lavocedelpaese.info\/wp-content\/uploads\/2023\/01\/cropped-logo-150-127.png","width":137,"height":119,"caption":"La Voce del Paese"},"image":{"@id":"https:\/\/lavocedelpaese.info\/#\/schema\/logo\/image\/"},"sameAs":["https:\/\/www.facebook.com\/lavocedelpaese.info"]}]}},"_links":{"self":[{"href":"https:\/\/lavocedelpaese.info\/index.php\/wp-json\/wp\/v2\/posts\/1803","targetHints":{"allow":["GET"]}}],"collection":[{"href":"https:\/\/lavocedelpaese.info\/index.php\/wp-json\/wp\/v2\/posts"}],"about":[{"href":"https:\/\/lavocedelpaese.info\/index.php\/wp-json\/wp\/v2\/types\/post"}],"replies":[{"embeddable":true,"href":"https:\/\/lavocedelpaese.info\/index.php\/wp-json\/wp\/v2\/comments?post=1803"}],"version-history":[{"count":0,"href":"https:\/\/lavocedelpaese.info\/index.php\/wp-json\/wp\/v2\/posts\/1803\/revisions"}],"wp:attachment":[{"href":"https:\/\/lavocedelpaese.info\/index.php\/wp-json\/wp\/v2\/media?parent=1803"}],"wp:term":[{"taxonomy":"category","embeddable":true,"href":"https:\/\/lavocedelpaese.info\/index.php\/wp-json\/wp\/v2\/categories?post=1803"},{"taxonomy":"post_tag","embeddable":true,"href":"https:\/\/lavocedelpaese.info\/index.php\/wp-json\/wp\/v2\/tags?post=1803"}],"curies":[{"name":"wp","href":"https:\/\/api.w.org\/{rel}","templated":true}]}}