{"id":1793,"date":"2023-07-26T17:30:56","date_gmt":"2023-07-26T17:30:56","guid":{"rendered":"https:\/\/lavocedelpaese.info\/index.php\/2023\/07\/26\/avvicinarsi-alla-fede-a-ogni-eta\/"},"modified":"2023-07-26T17:30:56","modified_gmt":"2023-07-26T17:30:56","slug":"avvicinarsi-alla-fede-a-ogni-eta","status":"publish","type":"post","link":"https:\/\/lavocedelpaese.info\/index.php\/2023\/07\/26\/avvicinarsi-alla-fede-a-ogni-eta\/","title":{"rendered":"Avvicinarsi alla fede a ogni et\u00e0"},"content":{"rendered":"<p>\u00a0<\/p>\n<p>\u200b\u00a0<\/p>\n<p>\u200bAcquaviva \u2013 La Voce del Paese\u00a0<\/p>\n<p><em>187 nuovi battezzati alla serie dei congressi dei Testimoni di Geova<\/em><\/p>\n<p>\u201c<em>Siate pazienti\u201d tenuti a Bari dal 7 al 23 luglio 2023<\/em><\/p>\n<p><strong>Giuseppe Carbonara<\/strong>\u00a0\u2013 Portavoce dei Testimoni di Geova per Puglia e Basilicata<\/p>\n<p>Dopo 3 anni di attesa a motivo della pandemia, da venerd\u00ec 7 a domenica 23 luglio si sono svolti nuovamente in presenza alla Fiera del Levante di Bari i tre congressi dei Testimoni di Geova dal tema \u201cSiate pazienti\u201d. Agli eventi hanno partecipato gli <strong>oltre 22.000<\/strong> <strong>fedeli e simpatizzanti <\/strong>delle diverse provincie di Bari, Lecce, Brindisi, Taranto, Foggia, Matera, Potenza e Chieti che si aggiungono ai circa 20 milioni di persone che partecipano allo stesso evento in tutto il mondo.<\/p>\n<p>I Sabati 8, 15 e 22 sono stati fra i momenti pi\u00f9 attesi con il <strong>battesimo di un totale di 187 nuovi fedeli per immersione completa in acqua<\/strong>,seguendo il modello descritto nei Vangeli del battesimo di Ges\u00f9, che fu immerso nel fiume Giordano. Lo scorso anno i nuovi battezzati in Italia sono stati circa 3.200 e nel mondo oltre 145.000.<\/p>\n<p>Giuseppe Carbonara, portavoce dei Testimoni di Geova per la Puglia e Basilicata, spiega: \u201c<em>Il battesimo \u00e8 una scelta personale. A battezzarsi non sono i bambini ma uomini e donne, giovani e anziani. Prima di prendere questa decisione, che comporta anche grandi cambiamenti, hanno studiato la Bibbia sicuramente per molti mesi, spesso per anni<\/em>\u201d.<\/p>\n<p><strong>Roberto 25 anni, di Turi<\/strong> (Bari), aveva perso la fede:<em>\u202f\u201cSono cresciuto in una famiglia cattolica di sani principi. Da piccolo ero molto credente e mi facevo molte domande su Dio e sul senso della vita. Comunque, le risposte approssimative e misteriose che ho ricevuto alla fine mi hanno spinto a diventare ateo e a credere nella teoria evoluzionistica. Grazie allo studio della Bibbia ho trovato una risposta convincente a tutte le mie domande. Adesso la mia vita ha un vero scopo e anche il rapporto con la mia famiglia \u00e8 migliorato\u201d.<\/em><\/p>\n<p>L\u2019emozione \u00e8 stata palpabile anche per le migliaia di presenti che hanno osservato i \u201cnuovi fedeli\u201d immergersi completamente nella piscina per il battesimo.<\/p>\n<p>\u201c<em>Avvicinarsi alla fede oggi \u00e8 una scelta controcorrente, spesso coraggiosa, e la gioia dei nuovi fedeli che si sono battezzati ha avuto un notevole effetto sugli oltre 22.000 partecipanti<\/em>\u201d, conclude Giuseppe Carbonara. \u201c<em>Tutto il programma del congresso \u2018Siate Pazienti\u2019, presentato sotto forma di discorsi, video, interviste e musica, ha dato a tutti noi molti motivi di riflessione. La pazienza \u00e8 una parola cos\u00ec poco di moda in questi giorni frenetici, ma abbiamo compreso che pu\u00f2 aiutarci ad avere fiducia in Dio e a migliorare la nostra vita<\/em>\u201d.<\/p>\n<p>Da oltre 100 anni i Testimoni di Geova tengono congressi in stadi, arene, centri fieristici e teatri in tutto il mondo. Ad aprile 2020 erano stati sospesi gli eventi in presenza a causa della pandemia. Dopo aver ripreso le riunioni e il ministero pubblico nel 2022, l\u2019estate 2023 segna la prima volta in cui i Testimoni di Geova si riuniscono in grandi eventi in tutto il mondo.<\/p>\n<p>Per ulteriori informazioni sul programma dell\u2019evento o per trovare altre date e sedi dei congressi (sono ben 75 quelli organizzati in Italia, in altre 13 citt\u00e0 oltre a Bari) visitate il sito <a href=\"https:\/\/www.jw.org\/it\/\">jw.org<\/a> e navigate nella scheda \u201cChi siamo\u201d.<\/p>\n\n<p><a class=\"a2a_button_facebook\" href=\"https:\/\/www.addtoany.com\/add_to\/facebook?linkurl=https%3A%2F%2Facquaviva.lavocedelpaese.info%2Findex.php%2F2023%2F07%2F26%2Favvicinarsi-alla-fede-a-ogni-eta%2F&amp;linkname=Avvicinarsi%20alla%20fede%20a%20ogni%20et%C3%A0\" title=\"Facebook\" target=\"_blank\" rel=\"noopener\"><\/a><a class=\"a2a_button_twitter\" href=\"https:\/\/www.addtoany.com\/add_to\/twitter?linkurl=https%3A%2F%2Facquaviva.lavocedelpaese.info%2Findex.php%2F2023%2F07%2F26%2Favvicinarsi-alla-fede-a-ogni-eta%2F&amp;linkname=Avvicinarsi%20alla%20fede%20a%20ogni%20et%C3%A0\" title=\"Twitter\" target=\"_blank\" rel=\"noopener\"><\/a><a class=\"a2a_button_whatsapp\" href=\"https:\/\/www.addtoany.com\/add_to\/whatsapp?linkurl=https%3A%2F%2Facquaviva.lavocedelpaese.info%2Findex.php%2F2023%2F07%2F26%2Favvicinarsi-alla-fede-a-ogni-eta%2F&amp;linkname=Avvicinarsi%20alla%20fede%20a%20ogni%20et%C3%A0\" title=\"WhatsApp\" target=\"_blank\" rel=\"noopener\"><\/a><a class=\"a2a_button_telegram\" href=\"https:\/\/www.addtoany.com\/add_to\/telegram?linkurl=https%3A%2F%2Facquaviva.lavocedelpaese.info%2Findex.php%2F2023%2F07%2F26%2Favvicinarsi-alla-fede-a-ogni-eta%2F&amp;linkname=Avvicinarsi%20alla%20fede%20a%20ogni%20et%C3%A0\" title=\"Telegram\" target=\"_blank\" rel=\"noopener\"><\/a><a class=\"a2a_button_email\" href=\"https:\/\/www.addtoany.com\/add_to\/email?linkurl=https%3A%2F%2Facquaviva.lavocedelpaese.info%2Findex.php%2F2023%2F07%2F26%2Favvicinarsi-alla-fede-a-ogni-eta%2F&amp;linkname=Avvicinarsi%20alla%20fede%20a%20ogni%20et%C3%A0\" title=\"Email\" target=\"_blank\" rel=\"noopener\"><\/a><\/p>\n<p>\u00a0<\/p>","protected":false},"excerpt":{"rendered":"<p>\u00a0 \u200b\u00a0 \u200bAcquaviva \u2013 La Voce del Paese\u00a0 187 nuovi battezzati alla serie dei congressi dei Testimoni di Geova \u201cSiate<\/p>\n","protected":false},"author":0,"featured_media":0,"comment_status":"open","ping_status":"closed","sticky":false,"template":"","format":"standard","meta":{"colormag_page_container_layout":"default_layout","colormag_page_sidebar_layout":"default_layout","footnotes":""},"categories":[33],"tags":[],"class_list":["post-1793","post","type-post","status-publish","format-standard","hentry","category-network"],"yoast_head":"<!-- This site is optimized with the Yoast SEO plugin v27.5 - https:\/\/yoast.com\/product\/yoast-seo-wordpress\/ -->\n<title>Avvicinarsi alla fede a ogni et\u00e0 - La Voce del Paese<\/title>\n<meta name=\"robots\" content=\"index, follow, max-snippet:-1, max-image-preview:large, max-video-preview:-1\" \/>\n<link rel=\"canonical\" href=\"https:\/\/lavocedelpaese.info\/index.php\/2023\/07\/26\/avvicinarsi-alla-fede-a-ogni-eta\/\" \/>\n<meta property=\"og:locale\" content=\"it_IT\" \/>\n<meta property=\"og:type\" content=\"article\" \/>\n<meta property=\"og:title\" content=\"Avvicinarsi alla fede a ogni et\u00e0 - La Voce del Paese\" \/>\n<meta property=\"og:description\" content=\"\u00a0 \u200b\u00a0 \u200bAcquaviva \u2013 La Voce del Paese\u00a0 187 nuovi battezzati alla serie dei congressi dei Testimoni di Geova \u201cSiate\" \/>\n<meta property=\"og:url\" content=\"https:\/\/lavocedelpaese.info\/index.php\/2023\/07\/26\/avvicinarsi-alla-fede-a-ogni-eta\/\" \/>\n<meta property=\"og:site_name\" content=\"La Voce del Paese\" \/>\n<meta property=\"article:publisher\" content=\"https:\/\/www.facebook.com\/lavocedelpaese.info\" \/>\n<meta property=\"article:published_time\" content=\"2023-07-26T17:30:56+00:00\" \/>\n<meta name=\"twitter:card\" content=\"summary_large_image\" \/>\n<meta name=\"twitter:label1\" content=\"Tempo di lettura stimato\" \/>\n\t<meta name=\"twitter:data1\" content=\"3 minuti\" \/>\n<script type=\"application\/ld+json\" class=\"yoast-schema-graph\">{\"@context\":\"https:\\\/\\\/schema.org\",\"@graph\":[{\"@type\":\"Article\",\"@id\":\"https:\\\/\\\/lavocedelpaese.info\\\/index.php\\\/2023\\\/07\\\/26\\\/avvicinarsi-alla-fede-a-ogni-eta\\\/#article\",\"isPartOf\":{\"@id\":\"https:\\\/\\\/lavocedelpaese.info\\\/index.php\\\/2023\\\/07\\\/26\\\/avvicinarsi-alla-fede-a-ogni-eta\\\/\"},\"author\":{\"name\":\"\",\"@id\":\"\"},\"headline\":\"Avvicinarsi alla fede a ogni et\u00e0\",\"datePublished\":\"2023-07-26T17:30:56+00:00\",\"mainEntityOfPage\":{\"@id\":\"https:\\\/\\\/lavocedelpaese.info\\\/index.php\\\/2023\\\/07\\\/26\\\/avvicinarsi-alla-fede-a-ogni-eta\\\/\"},\"wordCount\":522,\"commentCount\":0,\"publisher\":{\"@id\":\"https:\\\/\\\/lavocedelpaese.info\\\/#organization\"},\"articleSection\":[\"network\"],\"inLanguage\":\"it-IT\",\"potentialAction\":[{\"@type\":\"CommentAction\",\"name\":\"Comment\",\"target\":[\"https:\\\/\\\/lavocedelpaese.info\\\/index.php\\\/2023\\\/07\\\/26\\\/avvicinarsi-alla-fede-a-ogni-eta\\\/#respond\"]}]},{\"@type\":\"WebPage\",\"@id\":\"https:\\\/\\\/lavocedelpaese.info\\\/index.php\\\/2023\\\/07\\\/26\\\/avvicinarsi-alla-fede-a-ogni-eta\\\/\",\"url\":\"https:\\\/\\\/lavocedelpaese.info\\\/index.php\\\/2023\\\/07\\\/26\\\/avvicinarsi-alla-fede-a-ogni-eta\\\/\",\"name\":\"Avvicinarsi alla fede a ogni et\u00e0 - La Voce del Paese\",\"isPartOf\":{\"@id\":\"https:\\\/\\\/lavocedelpaese.info\\\/#website\"},\"datePublished\":\"2023-07-26T17:30:56+00:00\",\"breadcrumb\":{\"@id\":\"https:\\\/\\\/lavocedelpaese.info\\\/index.php\\\/2023\\\/07\\\/26\\\/avvicinarsi-alla-fede-a-ogni-eta\\\/#breadcrumb\"},\"inLanguage\":\"it-IT\",\"potentialAction\":[{\"@type\":\"ReadAction\",\"target\":[\"https:\\\/\\\/lavocedelpaese.info\\\/index.php\\\/2023\\\/07\\\/26\\\/avvicinarsi-alla-fede-a-ogni-eta\\\/\"]}]},{\"@type\":\"BreadcrumbList\",\"@id\":\"https:\\\/\\\/lavocedelpaese.info\\\/index.php\\\/2023\\\/07\\\/26\\\/avvicinarsi-alla-fede-a-ogni-eta\\\/#breadcrumb\",\"itemListElement\":[{\"@type\":\"ListItem\",\"position\":1,\"name\":\"Home\",\"item\":\"https:\\\/\\\/lavocedelpaese.info\\\/\"},{\"@type\":\"ListItem\",\"position\":2,\"name\":\"Avvicinarsi alla fede a ogni et\u00e0\"}]},{\"@type\":\"WebSite\",\"@id\":\"https:\\\/\\\/lavocedelpaese.info\\\/#website\",\"url\":\"https:\\\/\\\/lavocedelpaese.info\\\/\",\"name\":\"La Voce del Paese\",\"description\":\"Un network di idee\",\"publisher\":{\"@id\":\"https:\\\/\\\/lavocedelpaese.info\\\/#organization\"},\"potentialAction\":[{\"@type\":\"SearchAction\",\"target\":{\"@type\":\"EntryPoint\",\"urlTemplate\":\"https:\\\/\\\/lavocedelpaese.info\\\/?s={search_term_string}\"},\"query-input\":{\"@type\":\"PropertyValueSpecification\",\"valueRequired\":true,\"valueName\":\"search_term_string\"}}],\"inLanguage\":\"it-IT\"},{\"@type\":\"Organization\",\"@id\":\"https:\\\/\\\/lavocedelpaese.info\\\/#organization\",\"name\":\"La Voce del Paese\",\"url\":\"https:\\\/\\\/lavocedelpaese.info\\\/\",\"logo\":{\"@type\":\"ImageObject\",\"inLanguage\":\"it-IT\",\"@id\":\"https:\\\/\\\/lavocedelpaese.info\\\/#\\\/schema\\\/logo\\\/image\\\/\",\"url\":\"https:\\\/\\\/lavocedelpaese.info\\\/wp-content\\\/uploads\\\/2023\\\/01\\\/cropped-logo-150-127.png\",\"contentUrl\":\"https:\\\/\\\/lavocedelpaese.info\\\/wp-content\\\/uploads\\\/2023\\\/01\\\/cropped-logo-150-127.png\",\"width\":137,\"height\":119,\"caption\":\"La Voce del Paese\"},\"image\":{\"@id\":\"https:\\\/\\\/lavocedelpaese.info\\\/#\\\/schema\\\/logo\\\/image\\\/\"},\"sameAs\":[\"https:\\\/\\\/www.facebook.com\\\/lavocedelpaese.info\"]}]}<\/script>\n<!-- \/ Yoast SEO plugin. -->","yoast_head_json":{"title":"Avvicinarsi alla fede a ogni et\u00e0 - La Voce del Paese","robots":{"index":"index","follow":"follow","max-snippet":"max-snippet:-1","max-image-preview":"max-image-preview:large","max-video-preview":"max-video-preview:-1"},"canonical":"https:\/\/lavocedelpaese.info\/index.php\/2023\/07\/26\/avvicinarsi-alla-fede-a-ogni-eta\/","og_locale":"it_IT","og_type":"article","og_title":"Avvicinarsi alla fede a ogni et\u00e0 - La Voce del Paese","og_description":"\u00a0 \u200b\u00a0 \u200bAcquaviva \u2013 La Voce del Paese\u00a0 187 nuovi battezzati alla serie dei congressi dei Testimoni di Geova \u201cSiate","og_url":"https:\/\/lavocedelpaese.info\/index.php\/2023\/07\/26\/avvicinarsi-alla-fede-a-ogni-eta\/","og_site_name":"La Voce del Paese","article_publisher":"https:\/\/www.facebook.com\/lavocedelpaese.info","article_published_time":"2023-07-26T17:30:56+00:00","twitter_card":"summary_large_image","twitter_misc":{"Tempo di lettura stimato":"3 minuti"},"schema":{"@context":"https:\/\/schema.org","@graph":[{"@type":"Article","@id":"https:\/\/lavocedelpaese.info\/index.php\/2023\/07\/26\/avvicinarsi-alla-fede-a-ogni-eta\/#article","isPartOf":{"@id":"https:\/\/lavocedelpaese.info\/index.php\/2023\/07\/26\/avvicinarsi-alla-fede-a-ogni-eta\/"},"author":{"name":"","@id":""},"headline":"Avvicinarsi alla fede a ogni et\u00e0","datePublished":"2023-07-26T17:30:56+00:00","mainEntityOfPage":{"@id":"https:\/\/lavocedelpaese.info\/index.php\/2023\/07\/26\/avvicinarsi-alla-fede-a-ogni-eta\/"},"wordCount":522,"commentCount":0,"publisher":{"@id":"https:\/\/lavocedelpaese.info\/#organization"},"articleSection":["network"],"inLanguage":"it-IT","potentialAction":[{"@type":"CommentAction","name":"Comment","target":["https:\/\/lavocedelpaese.info\/index.php\/2023\/07\/26\/avvicinarsi-alla-fede-a-ogni-eta\/#respond"]}]},{"@type":"WebPage","@id":"https:\/\/lavocedelpaese.info\/index.php\/2023\/07\/26\/avvicinarsi-alla-fede-a-ogni-eta\/","url":"https:\/\/lavocedelpaese.info\/index.php\/2023\/07\/26\/avvicinarsi-alla-fede-a-ogni-eta\/","name":"Avvicinarsi alla fede a ogni et\u00e0 - La Voce del Paese","isPartOf":{"@id":"https:\/\/lavocedelpaese.info\/#website"},"datePublished":"2023-07-26T17:30:56+00:00","breadcrumb":{"@id":"https:\/\/lavocedelpaese.info\/index.php\/2023\/07\/26\/avvicinarsi-alla-fede-a-ogni-eta\/#breadcrumb"},"inLanguage":"it-IT","potentialAction":[{"@type":"ReadAction","target":["https:\/\/lavocedelpaese.info\/index.php\/2023\/07\/26\/avvicinarsi-alla-fede-a-ogni-eta\/"]}]},{"@type":"BreadcrumbList","@id":"https:\/\/lavocedelpaese.info\/index.php\/2023\/07\/26\/avvicinarsi-alla-fede-a-ogni-eta\/#breadcrumb","itemListElement":[{"@type":"ListItem","position":1,"name":"Home","item":"https:\/\/lavocedelpaese.info\/"},{"@type":"ListItem","position":2,"name":"Avvicinarsi alla fede a ogni et\u00e0"}]},{"@type":"WebSite","@id":"https:\/\/lavocedelpaese.info\/#website","url":"https:\/\/lavocedelpaese.info\/","name":"La Voce del Paese","description":"Un network di idee","publisher":{"@id":"https:\/\/lavocedelpaese.info\/#organization"},"potentialAction":[{"@type":"SearchAction","target":{"@type":"EntryPoint","urlTemplate":"https:\/\/lavocedelpaese.info\/?s={search_term_string}"},"query-input":{"@type":"PropertyValueSpecification","valueRequired":true,"valueName":"search_term_string"}}],"inLanguage":"it-IT"},{"@type":"Organization","@id":"https:\/\/lavocedelpaese.info\/#organization","name":"La Voce del Paese","url":"https:\/\/lavocedelpaese.info\/","logo":{"@type":"ImageObject","inLanguage":"it-IT","@id":"https:\/\/lavocedelpaese.info\/#\/schema\/logo\/image\/","url":"https:\/\/lavocedelpaese.info\/wp-content\/uploads\/2023\/01\/cropped-logo-150-127.png","contentUrl":"https:\/\/lavocedelpaese.info\/wp-content\/uploads\/2023\/01\/cropped-logo-150-127.png","width":137,"height":119,"caption":"La Voce del Paese"},"image":{"@id":"https:\/\/lavocedelpaese.info\/#\/schema\/logo\/image\/"},"sameAs":["https:\/\/www.facebook.com\/lavocedelpaese.info"]}]}},"_links":{"self":[{"href":"https:\/\/lavocedelpaese.info\/index.php\/wp-json\/wp\/v2\/posts\/1793","targetHints":{"allow":["GET"]}}],"collection":[{"href":"https:\/\/lavocedelpaese.info\/index.php\/wp-json\/wp\/v2\/posts"}],"about":[{"href":"https:\/\/lavocedelpaese.info\/index.php\/wp-json\/wp\/v2\/types\/post"}],"replies":[{"embeddable":true,"href":"https:\/\/lavocedelpaese.info\/index.php\/wp-json\/wp\/v2\/comments?post=1793"}],"version-history":[{"count":0,"href":"https:\/\/lavocedelpaese.info\/index.php\/wp-json\/wp\/v2\/posts\/1793\/revisions"}],"wp:attachment":[{"href":"https:\/\/lavocedelpaese.info\/index.php\/wp-json\/wp\/v2\/media?parent=1793"}],"wp:term":[{"taxonomy":"category","embeddable":true,"href":"https:\/\/lavocedelpaese.info\/index.php\/wp-json\/wp\/v2\/categories?post=1793"},{"taxonomy":"post_tag","embeddable":true,"href":"https:\/\/lavocedelpaese.info\/index.php\/wp-json\/wp\/v2\/tags?post=1793"}],"curies":[{"name":"wp","href":"https:\/\/api.w.org\/{rel}","templated":true}]}}