{"id":1787,"date":"2023-07-25T05:17:19","date_gmt":"2023-07-25T05:17:19","guid":{"rendered":"https:\/\/lavocedelpaese.info\/index.php\/2023\/07\/25\/volleyup-acquaviva-serie-c-la-prima-riconferma-per-la-stagione-2023-2024-e-luciana-forino\/"},"modified":"2023-07-25T05:17:19","modified_gmt":"2023-07-25T05:17:19","slug":"volleyup-acquaviva-serie-c-la-prima-riconferma-per-la-stagione-2023-2024-e-luciana-forino","status":"publish","type":"post","link":"https:\/\/lavocedelpaese.info\/index.php\/2023\/07\/25\/volleyup-acquaviva-serie-c-la-prima-riconferma-per-la-stagione-2023-2024-e-luciana-forino\/","title":{"rendered":"Volleyup Acquaviva- Serie C: la prima riconferma per la stagione 2023\/2024 \u00e8 Luciana Forino"},"content":{"rendered":"<p>\u00a0<\/p>\n<p>\u200b\u00a0<\/p>\n<p>\u200bAcquaviva \u2013 La Voce del Paese\u00a0<\/p>\n<p>Luciana Forino \u00e8 la prima riconferma in casa VOLLEYUP della stagione 2023\/2024 per il prossimo Campionato Nazionale di 1\u00b0 livello \u2013 serie C femminile.<\/p>\n<p>Laterale, classe 1997, perfetto mix tra intelligenza e tecnica, rappresenta uno dei volti pi\u00f9 noti all\u2019interno della societ\u00e0 acquavivese.<\/p>\n<p>Luciana, che anche quest\u2019anno sar\u00e0 un importante punto di riferimento per le compagne di squadra, nel corso della sua carriera ha maturato una decennale esperienza pallavolistica, disputando 3 stagioni in serie D e 8 in serie C.<\/p>\n<p>In particolare, dopo una parentesi di 5 anni trascorsa tra le societ\u00e0 di Cassano, Gioia del Colle e Castellana, dal 2017 \u00e8 rientrata definitivamente ad Acquaviva, diventando nel corso degli anni una \u201ccolonna portante\u201d della squadra di vertice della societ\u00e0 guidata dal Presidente Convertini.<\/p>\n<p>Laureata in scienze motorie, lo scorso anno ha minuziosamente curato anche la preparazione atletica delle sue compagne e della compagine della Prima Divisione Femminile.<\/p>\n<p>Per il Direttore Sportivo Giuseppe Petrelli, \u201c<em>Luciana \u00e8 legatissima alla societ\u00e0, la sua riconferma rappresenta una garanzia di professionalit\u00e0, impegno e tecnica.\u201d<\/em><\/p>\n<p>\u201c<em>Condivido pienamente il progetto della VOLLEYUP, sono davvero entusiasta di continuare a farne parte. Lo scorso anno abbiamo vissuto una stagione piena di alti e bassi, nonostante i tantissimi imprevisti ed infortuni abbiamo disputato una buona stagione e sono certa che anche quest\u2019anno ce la metteremo tutta per ben figurare nel massimo campionato regionale\u2026\u00e8 stato splendido vedere il palazzetto \u201cTommaso Valeriano\u201d pieno di tantissimi tifosi che ci incitavano ad ogni partita<\/em>\u201d, queste le parole della confermata libellula.<\/p>\n\n<p><a class=\"a2a_button_facebook\" href=\"https:\/\/www.addtoany.com\/add_to\/facebook?linkurl=https%3A%2F%2Facquaviva.lavocedelpaese.info%2Findex.php%2F2023%2F07%2F24%2Fvolleyup-acquaviva-serie-c-la-prima-riconferma-per-la-stagione-2023-2024-e-luciana-forino%2F&amp;linkname=Volleyup%20Acquaviva-%20Serie%20C%3A%20la%20prima%20riconferma%20per%20la%20stagione%202023%2F2024%20%C3%A8%20Luciana%20Forino\" title=\"Facebook\" target=\"_blank\" rel=\"noopener\"><\/a><a class=\"a2a_button_twitter\" href=\"https:\/\/www.addtoany.com\/add_to\/twitter?linkurl=https%3A%2F%2Facquaviva.lavocedelpaese.info%2Findex.php%2F2023%2F07%2F24%2Fvolleyup-acquaviva-serie-c-la-prima-riconferma-per-la-stagione-2023-2024-e-luciana-forino%2F&amp;linkname=Volleyup%20Acquaviva-%20Serie%20C%3A%20la%20prima%20riconferma%20per%20la%20stagione%202023%2F2024%20%C3%A8%20Luciana%20Forino\" title=\"Twitter\" target=\"_blank\" rel=\"noopener\"><\/a><a class=\"a2a_button_whatsapp\" href=\"https:\/\/www.addtoany.com\/add_to\/whatsapp?linkurl=https%3A%2F%2Facquaviva.lavocedelpaese.info%2Findex.php%2F2023%2F07%2F24%2Fvolleyup-acquaviva-serie-c-la-prima-riconferma-per-la-stagione-2023-2024-e-luciana-forino%2F&amp;linkname=Volleyup%20Acquaviva-%20Serie%20C%3A%20la%20prima%20riconferma%20per%20la%20stagione%202023%2F2024%20%C3%A8%20Luciana%20Forino\" title=\"WhatsApp\" target=\"_blank\" rel=\"noopener\"><\/a><a class=\"a2a_button_telegram\" href=\"https:\/\/www.addtoany.com\/add_to\/telegram?linkurl=https%3A%2F%2Facquaviva.lavocedelpaese.info%2Findex.php%2F2023%2F07%2F24%2Fvolleyup-acquaviva-serie-c-la-prima-riconferma-per-la-stagione-2023-2024-e-luciana-forino%2F&amp;linkname=Volleyup%20Acquaviva-%20Serie%20C%3A%20la%20prima%20riconferma%20per%20la%20stagione%202023%2F2024%20%C3%A8%20Luciana%20Forino\" title=\"Telegram\" target=\"_blank\" rel=\"noopener\"><\/a><a class=\"a2a_button_email\" href=\"https:\/\/www.addtoany.com\/add_to\/email?linkurl=https%3A%2F%2Facquaviva.lavocedelpaese.info%2Findex.php%2F2023%2F07%2F24%2Fvolleyup-acquaviva-serie-c-la-prima-riconferma-per-la-stagione-2023-2024-e-luciana-forino%2F&amp;linkname=Volleyup%20Acquaviva-%20Serie%20C%3A%20la%20prima%20riconferma%20per%20la%20stagione%202023%2F2024%20%C3%A8%20Luciana%20Forino\" title=\"Email\" target=\"_blank\" rel=\"noopener\"><\/a><\/p>\n<p>\u00a0<\/p>","protected":false},"excerpt":{"rendered":"<p>\u00a0 \u200b\u00a0 \u200bAcquaviva \u2013 La Voce del Paese\u00a0 Luciana Forino \u00e8 la prima riconferma in casa VOLLEYUP della stagione 2023\/2024<\/p>\n","protected":false},"author":0,"featured_media":0,"comment_status":"open","ping_status":"closed","sticky":false,"template":"","format":"standard","meta":{"colormag_page_container_layout":"default_layout","colormag_page_sidebar_layout":"default_layout","footnotes":""},"categories":[33],"tags":[],"class_list":["post-1787","post","type-post","status-publish","format-standard","hentry","category-network"],"yoast_head":"<!-- This site is optimized with the Yoast SEO plugin v27.5 - https:\/\/yoast.com\/product\/yoast-seo-wordpress\/ -->\n<title>Volleyup Acquaviva- Serie C: la prima riconferma per la stagione 2023\/2024 \u00e8 Luciana Forino - La Voce del Paese<\/title>\n<meta name=\"robots\" content=\"index, follow, max-snippet:-1, max-image-preview:large, max-video-preview:-1\" \/>\n<link rel=\"canonical\" href=\"https:\/\/lavocedelpaese.info\/index.php\/2023\/07\/25\/volleyup-acquaviva-serie-c-la-prima-riconferma-per-la-stagione-2023-2024-e-luciana-forino\/\" \/>\n<meta property=\"og:locale\" content=\"it_IT\" \/>\n<meta property=\"og:type\" content=\"article\" \/>\n<meta property=\"og:title\" content=\"Volleyup Acquaviva- Serie C: la prima riconferma per la stagione 2023\/2024 \u00e8 Luciana Forino - La Voce del Paese\" \/>\n<meta property=\"og:description\" content=\"\u00a0 \u200b\u00a0 \u200bAcquaviva \u2013 La Voce del Paese\u00a0 Luciana Forino \u00e8 la prima riconferma in casa VOLLEYUP della stagione 2023\/2024\" \/>\n<meta property=\"og:url\" content=\"https:\/\/lavocedelpaese.info\/index.php\/2023\/07\/25\/volleyup-acquaviva-serie-c-la-prima-riconferma-per-la-stagione-2023-2024-e-luciana-forino\/\" \/>\n<meta property=\"og:site_name\" content=\"La Voce del Paese\" \/>\n<meta property=\"article:publisher\" content=\"https:\/\/www.facebook.com\/lavocedelpaese.info\" \/>\n<meta property=\"article:published_time\" content=\"2023-07-25T05:17:19+00:00\" \/>\n<meta name=\"twitter:card\" content=\"summary_large_image\" \/>\n<meta name=\"twitter:label1\" content=\"Tempo di lettura stimato\" \/>\n\t<meta name=\"twitter:data1\" content=\"1 minuto\" \/>\n<script type=\"application\/ld+json\" class=\"yoast-schema-graph\">{\"@context\":\"https:\\\/\\\/schema.org\",\"@graph\":[{\"@type\":\"Article\",\"@id\":\"https:\\\/\\\/lavocedelpaese.info\\\/index.php\\\/2023\\\/07\\\/25\\\/volleyup-acquaviva-serie-c-la-prima-riconferma-per-la-stagione-2023-2024-e-luciana-forino\\\/#article\",\"isPartOf\":{\"@id\":\"https:\\\/\\\/lavocedelpaese.info\\\/index.php\\\/2023\\\/07\\\/25\\\/volleyup-acquaviva-serie-c-la-prima-riconferma-per-la-stagione-2023-2024-e-luciana-forino\\\/\"},\"author\":{\"name\":\"\",\"@id\":\"\"},\"headline\":\"Volleyup Acquaviva- Serie C: la prima riconferma per la stagione 2023\\\/2024 \u00e8 Luciana Forino\",\"datePublished\":\"2023-07-25T05:17:19+00:00\",\"mainEntityOfPage\":{\"@id\":\"https:\\\/\\\/lavocedelpaese.info\\\/index.php\\\/2023\\\/07\\\/25\\\/volleyup-acquaviva-serie-c-la-prima-riconferma-per-la-stagione-2023-2024-e-luciana-forino\\\/\"},\"wordCount\":256,\"commentCount\":0,\"publisher\":{\"@id\":\"https:\\\/\\\/lavocedelpaese.info\\\/#organization\"},\"articleSection\":[\"network\"],\"inLanguage\":\"it-IT\",\"potentialAction\":[{\"@type\":\"CommentAction\",\"name\":\"Comment\",\"target\":[\"https:\\\/\\\/lavocedelpaese.info\\\/index.php\\\/2023\\\/07\\\/25\\\/volleyup-acquaviva-serie-c-la-prima-riconferma-per-la-stagione-2023-2024-e-luciana-forino\\\/#respond\"]}]},{\"@type\":\"WebPage\",\"@id\":\"https:\\\/\\\/lavocedelpaese.info\\\/index.php\\\/2023\\\/07\\\/25\\\/volleyup-acquaviva-serie-c-la-prima-riconferma-per-la-stagione-2023-2024-e-luciana-forino\\\/\",\"url\":\"https:\\\/\\\/lavocedelpaese.info\\\/index.php\\\/2023\\\/07\\\/25\\\/volleyup-acquaviva-serie-c-la-prima-riconferma-per-la-stagione-2023-2024-e-luciana-forino\\\/\",\"name\":\"Volleyup Acquaviva- Serie C: la prima riconferma per la stagione 2023\\\/2024 \u00e8 Luciana Forino - La Voce del Paese\",\"isPartOf\":{\"@id\":\"https:\\\/\\\/lavocedelpaese.info\\\/#website\"},\"datePublished\":\"2023-07-25T05:17:19+00:00\",\"breadcrumb\":{\"@id\":\"https:\\\/\\\/lavocedelpaese.info\\\/index.php\\\/2023\\\/07\\\/25\\\/volleyup-acquaviva-serie-c-la-prima-riconferma-per-la-stagione-2023-2024-e-luciana-forino\\\/#breadcrumb\"},\"inLanguage\":\"it-IT\",\"potentialAction\":[{\"@type\":\"ReadAction\",\"target\":[\"https:\\\/\\\/lavocedelpaese.info\\\/index.php\\\/2023\\\/07\\\/25\\\/volleyup-acquaviva-serie-c-la-prima-riconferma-per-la-stagione-2023-2024-e-luciana-forino\\\/\"]}]},{\"@type\":\"BreadcrumbList\",\"@id\":\"https:\\\/\\\/lavocedelpaese.info\\\/index.php\\\/2023\\\/07\\\/25\\\/volleyup-acquaviva-serie-c-la-prima-riconferma-per-la-stagione-2023-2024-e-luciana-forino\\\/#breadcrumb\",\"itemListElement\":[{\"@type\":\"ListItem\",\"position\":1,\"name\":\"Home\",\"item\":\"https:\\\/\\\/lavocedelpaese.info\\\/\"},{\"@type\":\"ListItem\",\"position\":2,\"name\":\"Volleyup Acquaviva- Serie C: la prima riconferma per la stagione 2023\\\/2024 \u00e8 Luciana Forino\"}]},{\"@type\":\"WebSite\",\"@id\":\"https:\\\/\\\/lavocedelpaese.info\\\/#website\",\"url\":\"https:\\\/\\\/lavocedelpaese.info\\\/\",\"name\":\"La Voce del Paese\",\"description\":\"Un network di idee\",\"publisher\":{\"@id\":\"https:\\\/\\\/lavocedelpaese.info\\\/#organization\"},\"potentialAction\":[{\"@type\":\"SearchAction\",\"target\":{\"@type\":\"EntryPoint\",\"urlTemplate\":\"https:\\\/\\\/lavocedelpaese.info\\\/?s={search_term_string}\"},\"query-input\":{\"@type\":\"PropertyValueSpecification\",\"valueRequired\":true,\"valueName\":\"search_term_string\"}}],\"inLanguage\":\"it-IT\"},{\"@type\":\"Organization\",\"@id\":\"https:\\\/\\\/lavocedelpaese.info\\\/#organization\",\"name\":\"La Voce del Paese\",\"url\":\"https:\\\/\\\/lavocedelpaese.info\\\/\",\"logo\":{\"@type\":\"ImageObject\",\"inLanguage\":\"it-IT\",\"@id\":\"https:\\\/\\\/lavocedelpaese.info\\\/#\\\/schema\\\/logo\\\/image\\\/\",\"url\":\"https:\\\/\\\/lavocedelpaese.info\\\/wp-content\\\/uploads\\\/2023\\\/01\\\/cropped-logo-150-127.png\",\"contentUrl\":\"https:\\\/\\\/lavocedelpaese.info\\\/wp-content\\\/uploads\\\/2023\\\/01\\\/cropped-logo-150-127.png\",\"width\":137,\"height\":119,\"caption\":\"La Voce del Paese\"},\"image\":{\"@id\":\"https:\\\/\\\/lavocedelpaese.info\\\/#\\\/schema\\\/logo\\\/image\\\/\"},\"sameAs\":[\"https:\\\/\\\/www.facebook.com\\\/lavocedelpaese.info\"]}]}<\/script>\n<!-- \/ Yoast SEO plugin. -->","yoast_head_json":{"title":"Volleyup Acquaviva- Serie C: la prima riconferma per la stagione 2023\/2024 \u00e8 Luciana Forino - La Voce del Paese","robots":{"index":"index","follow":"follow","max-snippet":"max-snippet:-1","max-image-preview":"max-image-preview:large","max-video-preview":"max-video-preview:-1"},"canonical":"https:\/\/lavocedelpaese.info\/index.php\/2023\/07\/25\/volleyup-acquaviva-serie-c-la-prima-riconferma-per-la-stagione-2023-2024-e-luciana-forino\/","og_locale":"it_IT","og_type":"article","og_title":"Volleyup Acquaviva- Serie C: la prima riconferma per la stagione 2023\/2024 \u00e8 Luciana Forino - La Voce del Paese","og_description":"\u00a0 \u200b\u00a0 \u200bAcquaviva \u2013 La Voce del Paese\u00a0 Luciana Forino \u00e8 la prima riconferma in casa VOLLEYUP della stagione 2023\/2024","og_url":"https:\/\/lavocedelpaese.info\/index.php\/2023\/07\/25\/volleyup-acquaviva-serie-c-la-prima-riconferma-per-la-stagione-2023-2024-e-luciana-forino\/","og_site_name":"La Voce del Paese","article_publisher":"https:\/\/www.facebook.com\/lavocedelpaese.info","article_published_time":"2023-07-25T05:17:19+00:00","twitter_card":"summary_large_image","twitter_misc":{"Tempo di lettura stimato":"1 minuto"},"schema":{"@context":"https:\/\/schema.org","@graph":[{"@type":"Article","@id":"https:\/\/lavocedelpaese.info\/index.php\/2023\/07\/25\/volleyup-acquaviva-serie-c-la-prima-riconferma-per-la-stagione-2023-2024-e-luciana-forino\/#article","isPartOf":{"@id":"https:\/\/lavocedelpaese.info\/index.php\/2023\/07\/25\/volleyup-acquaviva-serie-c-la-prima-riconferma-per-la-stagione-2023-2024-e-luciana-forino\/"},"author":{"name":"","@id":""},"headline":"Volleyup Acquaviva- Serie C: la prima riconferma per la stagione 2023\/2024 \u00e8 Luciana Forino","datePublished":"2023-07-25T05:17:19+00:00","mainEntityOfPage":{"@id":"https:\/\/lavocedelpaese.info\/index.php\/2023\/07\/25\/volleyup-acquaviva-serie-c-la-prima-riconferma-per-la-stagione-2023-2024-e-luciana-forino\/"},"wordCount":256,"commentCount":0,"publisher":{"@id":"https:\/\/lavocedelpaese.info\/#organization"},"articleSection":["network"],"inLanguage":"it-IT","potentialAction":[{"@type":"CommentAction","name":"Comment","target":["https:\/\/lavocedelpaese.info\/index.php\/2023\/07\/25\/volleyup-acquaviva-serie-c-la-prima-riconferma-per-la-stagione-2023-2024-e-luciana-forino\/#respond"]}]},{"@type":"WebPage","@id":"https:\/\/lavocedelpaese.info\/index.php\/2023\/07\/25\/volleyup-acquaviva-serie-c-la-prima-riconferma-per-la-stagione-2023-2024-e-luciana-forino\/","url":"https:\/\/lavocedelpaese.info\/index.php\/2023\/07\/25\/volleyup-acquaviva-serie-c-la-prima-riconferma-per-la-stagione-2023-2024-e-luciana-forino\/","name":"Volleyup Acquaviva- Serie C: la prima riconferma per la stagione 2023\/2024 \u00e8 Luciana Forino - La Voce del Paese","isPartOf":{"@id":"https:\/\/lavocedelpaese.info\/#website"},"datePublished":"2023-07-25T05:17:19+00:00","breadcrumb":{"@id":"https:\/\/lavocedelpaese.info\/index.php\/2023\/07\/25\/volleyup-acquaviva-serie-c-la-prima-riconferma-per-la-stagione-2023-2024-e-luciana-forino\/#breadcrumb"},"inLanguage":"it-IT","potentialAction":[{"@type":"ReadAction","target":["https:\/\/lavocedelpaese.info\/index.php\/2023\/07\/25\/volleyup-acquaviva-serie-c-la-prima-riconferma-per-la-stagione-2023-2024-e-luciana-forino\/"]}]},{"@type":"BreadcrumbList","@id":"https:\/\/lavocedelpaese.info\/index.php\/2023\/07\/25\/volleyup-acquaviva-serie-c-la-prima-riconferma-per-la-stagione-2023-2024-e-luciana-forino\/#breadcrumb","itemListElement":[{"@type":"ListItem","position":1,"name":"Home","item":"https:\/\/lavocedelpaese.info\/"},{"@type":"ListItem","position":2,"name":"Volleyup Acquaviva- Serie C: la prima riconferma per la stagione 2023\/2024 \u00e8 Luciana Forino"}]},{"@type":"WebSite","@id":"https:\/\/lavocedelpaese.info\/#website","url":"https:\/\/lavocedelpaese.info\/","name":"La Voce del Paese","description":"Un network di idee","publisher":{"@id":"https:\/\/lavocedelpaese.info\/#organization"},"potentialAction":[{"@type":"SearchAction","target":{"@type":"EntryPoint","urlTemplate":"https:\/\/lavocedelpaese.info\/?s={search_term_string}"},"query-input":{"@type":"PropertyValueSpecification","valueRequired":true,"valueName":"search_term_string"}}],"inLanguage":"it-IT"},{"@type":"Organization","@id":"https:\/\/lavocedelpaese.info\/#organization","name":"La Voce del Paese","url":"https:\/\/lavocedelpaese.info\/","logo":{"@type":"ImageObject","inLanguage":"it-IT","@id":"https:\/\/lavocedelpaese.info\/#\/schema\/logo\/image\/","url":"https:\/\/lavocedelpaese.info\/wp-content\/uploads\/2023\/01\/cropped-logo-150-127.png","contentUrl":"https:\/\/lavocedelpaese.info\/wp-content\/uploads\/2023\/01\/cropped-logo-150-127.png","width":137,"height":119,"caption":"La Voce del Paese"},"image":{"@id":"https:\/\/lavocedelpaese.info\/#\/schema\/logo\/image\/"},"sameAs":["https:\/\/www.facebook.com\/lavocedelpaese.info"]}]}},"_links":{"self":[{"href":"https:\/\/lavocedelpaese.info\/index.php\/wp-json\/wp\/v2\/posts\/1787","targetHints":{"allow":["GET"]}}],"collection":[{"href":"https:\/\/lavocedelpaese.info\/index.php\/wp-json\/wp\/v2\/posts"}],"about":[{"href":"https:\/\/lavocedelpaese.info\/index.php\/wp-json\/wp\/v2\/types\/post"}],"replies":[{"embeddable":true,"href":"https:\/\/lavocedelpaese.info\/index.php\/wp-json\/wp\/v2\/comments?post=1787"}],"version-history":[{"count":0,"href":"https:\/\/lavocedelpaese.info\/index.php\/wp-json\/wp\/v2\/posts\/1787\/revisions"}],"wp:attachment":[{"href":"https:\/\/lavocedelpaese.info\/index.php\/wp-json\/wp\/v2\/media?parent=1787"}],"wp:term":[{"taxonomy":"category","embeddable":true,"href":"https:\/\/lavocedelpaese.info\/index.php\/wp-json\/wp\/v2\/categories?post=1787"},{"taxonomy":"post_tag","embeddable":true,"href":"https:\/\/lavocedelpaese.info\/index.php\/wp-json\/wp\/v2\/tags?post=1787"}],"curies":[{"name":"wp","href":"https:\/\/api.w.org\/{rel}","templated":true}]}}