{"id":1778,"date":"2023-07-22T08:17:55","date_gmt":"2023-07-22T08:17:55","guid":{"rendered":"https:\/\/lavocedelpaese.info\/index.php\/2023\/07\/22\/con-la-novena-inizia-il-cammino-verso-la-festa-patronale-di-cassano\/"},"modified":"2023-07-22T08:17:55","modified_gmt":"2023-07-22T08:17:55","slug":"con-la-novena-inizia-il-cammino-verso-la-festa-patronale-di-cassano","status":"publish","type":"post","link":"https:\/\/lavocedelpaese.info\/index.php\/2023\/07\/22\/con-la-novena-inizia-il-cammino-verso-la-festa-patronale-di-cassano\/","title":{"rendered":"Con la Novena inizia il cammino verso la Festa Patronale di Cassano"},"content":{"rendered":"<p>\u00a0<\/p>\n<p>\u200b\u00a0<\/p>\n<p>\u200bCassano \u2013 La Voce del Paese\u00a0<\/p>\n<p>Con la Novena di Preghiera <strong>che inizia domenica 23 luglio<\/strong>, si rinnova l\u2019appuntamento con la \u201cFesta Granne\u201d che Cassano delle Murge dedica alla Madonna degli Angeli i primi 4 giorni del mese di agosto.<\/p>\n<p>Giorni di fede, devozione ma anche socialit\u00e0 e solidariet\u00e0 che la Comunit\u00e0 cattolica cassanese organizza in collaborazione con l\u2019Amministrazione Comunale ed il tessuto imprenditoriale, sempre generoso nel sostenere la grande festa patronale cassanese.<\/p>\n<p>Quest\u2019anno il Comitato Festa vede a capo il nuovo Presidente delegato, Michele Larato che prosegue nel lavoro svolto negli ultimi anni dall\u2019Arciprete don Francesco Gramegna ovvero creare una Festa che coinvolga tutte le fasce d\u2019et\u00e0 e tutte le aree sociali del paese: dai pi\u00f9 giovani agli anziani, da chi ama il bel canto e la musica classica ai giovani che adorano la \u201cpizzica\u201d e questo solo per fermarci alla parte musicale della Festa.<\/p>\n<p>Che quest\u2019anno avr\u00e0 anche numerosi momenti di riflessione: il 23 luglio con la messa in scena della tragica vicenda di Michele Fazio, giovanissima vittima della mafia barese e poi la mostra sui santi della porta accanto, aperta fino al 5 agosto.<\/p>\n<p>Come non ricordare, poi, la tradizionale Fiera \u201cdelle merci varie\u201d (come si chiama nei tempi moderni) che quest\u2019anno festeggia i 200 anni da quando ne fu autorizzata l\u2019istituzione? All\u2019epoca i negozi non esistevano e le botteghe non sempre avevano quel che necessitava e dunque le Fiere \u2013 contese dalle diverse municipalit\u00e0 \u2013 costituivano un prezioso ed irrinunciabile appuntamento per coloro che voleva acquistare ma anche vendere le proprie merci.<\/p>\n<p>Buona festa a tutti, allora: anche nel tempo dei social che fanno scorrere queste giornate come un film visto e rivisto ma che si ammanta di storia e folclore e rende tutto pi\u00f9 bello, pi\u00f9 vivo, pi\u00f9 nostro.<\/p>\n<p><strong>CONCERTI MUSICALI e BANDISTICI<\/strong><\/p>\n<p>23 LUGLIO \u20131-2-3 AGOSTO<\/p>\n<p>Premiata Associazione Musicale Bassa Musica Citt\u00e0 di Mola di Bari e Noicattaro, di Francesco Furio<\/p>\n<p>1-2-3-4 AGOSTO<\/p>\n<p>Associazione musicale \u201cSanta Maria degli Angeli\u201d Citt\u00e0 di Cassano delle Murge<\/p>\n<p>31 LUGLIO-ORE 21.00<\/p>\n<p>Gruppo Musicale Folkloristico I Terraross<\/p>\n<p>1 AGOSTO<\/p>\n<p>Storico Premiato Gran Concerto Bandistico \u201cG.Piantoni\u201d Citt\u00e0 di Conversano, Maestro Direttore e Concertatore Susanna Pescetti.<\/p>\n<p>ORE 8.30 e 18.30: Giro per la citt\u00e0<\/p>\n<p>ORE 10.00 e 19.00: Servizio in Cassarmonica<\/p>\n<p>2 AGOSTO<\/p>\n<p>Gran Concerto musicale Municipale Citt\u00e0 di Francavilla Fontana, Maestro Direttore e Concertatore Ermir Krantja.<\/p>\n<p>ORE 8.30 e 18.30: Giro per la citt\u00e0<\/p>\n<p>ORE 10.00 e 19.00: Servizio in Cassarmonica<\/p>\n<p>3 AGOSTO<\/p>\n<p>Premiato Gran Concerto Bandistico Citt\u00e0 di Gioia del Colle, Maestro direttore e concertatore Paolo Falcicchio.<\/p>\n<p>ORE 8.30 e 18.30: Giro per la citt\u00e0<\/p>\n<p>ORE 10.00 e 19.00: Servizio in Cassarmonica<\/p>\n<p>4 AGOSTO<\/p>\n<p>Gran Concerto bandistico Citt\u00e0 di Cassano delle Murge, Maestro Direttore e Concertatore Giuseppe Smaldino.<\/p>\n<p>Accompagner\u00e0 la processione in giro per la citt\u00e0. Dopo la processione: Servizio in Cassarmonica<\/p>\n<p><strong>SPETTACOLI PIROTECNICI E DIANE<\/strong><\/p>\n<p>23 LUGLIO-ore 18.00<\/p>\n<p>DIANA, a cura della ditta Maxima Fireworks<\/p>\n<p>2 AGOSTO-ore 8.00<\/p>\n<p>GRAN DIANA APERTURA FESTEGGIAMENTI, a cura della ditta Maxima Fireworks<\/p>\n<p>2 AGOSTO-ore 01.15<\/p>\n<p>GRANDIOSO SPETTACOLO PIROTECNICO, a cura della ditta Maxima Fireworks<\/p>\n<p>3 AGOSTO-ore 00.30<\/p>\n<p>SPETTACOLO PIROTECNICO, a cura della ditta Pirotecnica Moderna.<\/p>\n<p><strong>LUNA PARK ED ATTRAZIONI<\/strong><\/p>\n<p>SERATE DEL 1-2-3-4 AGOSTO<\/p>\n<p>Zona industriale, tra Via Grumo e Via Beato Giovanni da Parma<\/p>\n<p><strong>PANINOTECHE MOBILI<\/strong><\/p>\n<p>SERATE DEL 1-2-3-4 AGOSTO<\/p>\n<p>Piazza Rossani, Via Beato Giovanni da Parma<\/p>\n<p><strong>FIERA MERCI VARIE<\/strong><\/p>\n<p>MATTINATA DEL 1 AGOSTO<\/p>\n<p>Piazza Garibaldi, via Maggior Turitto, via Cadorna, Piazza Galileo Galilei, via Gramsci, via Capitano Galietti, zona Sacro Cuore<\/p>\n<p><a class=\"a2a_button_facebook\" href=\"https:\/\/www.addtoany.com\/add_to\/facebook?linkurl=https%3A%2F%2Fcassano.lavocedelpaese.info%2Findex.php%2F2023%2F07%2F22%2Fcon-la-novena-inizia-il-cammino-verso-la-festa-patronale-di-cassano%2F&amp;linkname=Con%20la%20Novena%20inizia%20il%20cammino%20verso%20la%20Festa%20Patronale%20di%20Cassano\" title=\"Facebook\" target=\"_blank\" rel=\"noopener\"><\/a><a class=\"a2a_button_twitter\" href=\"https:\/\/www.addtoany.com\/add_to\/twitter?linkurl=https%3A%2F%2Fcassano.lavocedelpaese.info%2Findex.php%2F2023%2F07%2F22%2Fcon-la-novena-inizia-il-cammino-verso-la-festa-patronale-di-cassano%2F&amp;linkname=Con%20la%20Novena%20inizia%20il%20cammino%20verso%20la%20Festa%20Patronale%20di%20Cassano\" title=\"Twitter\" target=\"_blank\" rel=\"noopener\"><\/a><a class=\"a2a_button_whatsapp\" href=\"https:\/\/www.addtoany.com\/add_to\/whatsapp?linkurl=https%3A%2F%2Fcassano.lavocedelpaese.info%2Findex.php%2F2023%2F07%2F22%2Fcon-la-novena-inizia-il-cammino-verso-la-festa-patronale-di-cassano%2F&amp;linkname=Con%20la%20Novena%20inizia%20il%20cammino%20verso%20la%20Festa%20Patronale%20di%20Cassano\" title=\"WhatsApp\" target=\"_blank\" rel=\"noopener\"><\/a><a class=\"a2a_button_telegram\" href=\"https:\/\/www.addtoany.com\/add_to\/telegram?linkurl=https%3A%2F%2Fcassano.lavocedelpaese.info%2Findex.php%2F2023%2F07%2F22%2Fcon-la-novena-inizia-il-cammino-verso-la-festa-patronale-di-cassano%2F&amp;linkname=Con%20la%20Novena%20inizia%20il%20cammino%20verso%20la%20Festa%20Patronale%20di%20Cassano\" title=\"Telegram\" target=\"_blank\" rel=\"noopener\"><\/a><a class=\"a2a_button_email\" href=\"https:\/\/www.addtoany.com\/add_to\/email?linkurl=https%3A%2F%2Fcassano.lavocedelpaese.info%2Findex.php%2F2023%2F07%2F22%2Fcon-la-novena-inizia-il-cammino-verso-la-festa-patronale-di-cassano%2F&amp;linkname=Con%20la%20Novena%20inizia%20il%20cammino%20verso%20la%20Festa%20Patronale%20di%20Cassano\" title=\"Email\" target=\"_blank\" rel=\"noopener\"><\/a><\/p>\n<p>\u00a0<\/p>","protected":false},"excerpt":{"rendered":"<p>\u00a0 \u200b\u00a0 \u200bCassano \u2013 La Voce del Paese\u00a0 Con la Novena di Preghiera che inizia domenica 23 luglio, si rinnova<\/p>\n","protected":false},"author":0,"featured_media":0,"comment_status":"open","ping_status":"closed","sticky":false,"template":"","format":"standard","meta":{"colormag_page_container_layout":"default_layout","colormag_page_sidebar_layout":"default_layout","footnotes":""},"categories":[33],"tags":[],"class_list":["post-1778","post","type-post","status-publish","format-standard","hentry","category-network"],"yoast_head":"<!-- This site is optimized with the Yoast SEO plugin v27.5 - https:\/\/yoast.com\/product\/yoast-seo-wordpress\/ -->\n<title>Con la Novena inizia il cammino verso la Festa Patronale di Cassano - La Voce del Paese<\/title>\n<meta name=\"robots\" content=\"index, follow, max-snippet:-1, max-image-preview:large, max-video-preview:-1\" \/>\n<link rel=\"canonical\" href=\"https:\/\/lavocedelpaese.info\/index.php\/2023\/07\/22\/con-la-novena-inizia-il-cammino-verso-la-festa-patronale-di-cassano\/\" \/>\n<meta property=\"og:locale\" content=\"it_IT\" \/>\n<meta property=\"og:type\" content=\"article\" \/>\n<meta property=\"og:title\" content=\"Con la Novena inizia il cammino verso la Festa Patronale di Cassano - La Voce del Paese\" \/>\n<meta property=\"og:description\" content=\"\u00a0 \u200b\u00a0 \u200bCassano \u2013 La Voce del Paese\u00a0 Con la Novena di Preghiera che inizia domenica 23 luglio, si rinnova\" \/>\n<meta property=\"og:url\" content=\"https:\/\/lavocedelpaese.info\/index.php\/2023\/07\/22\/con-la-novena-inizia-il-cammino-verso-la-festa-patronale-di-cassano\/\" \/>\n<meta property=\"og:site_name\" content=\"La Voce del Paese\" \/>\n<meta property=\"article:publisher\" content=\"https:\/\/www.facebook.com\/lavocedelpaese.info\" \/>\n<meta property=\"article:published_time\" content=\"2023-07-22T08:17:55+00:00\" \/>\n<meta name=\"twitter:card\" content=\"summary_large_image\" \/>\n<meta name=\"twitter:label1\" content=\"Tempo di lettura stimato\" \/>\n\t<meta name=\"twitter:data1\" content=\"3 minuti\" \/>\n<script type=\"application\/ld+json\" class=\"yoast-schema-graph\">{\"@context\":\"https:\\\/\\\/schema.org\",\"@graph\":[{\"@type\":\"Article\",\"@id\":\"https:\\\/\\\/lavocedelpaese.info\\\/index.php\\\/2023\\\/07\\\/22\\\/con-la-novena-inizia-il-cammino-verso-la-festa-patronale-di-cassano\\\/#article\",\"isPartOf\":{\"@id\":\"https:\\\/\\\/lavocedelpaese.info\\\/index.php\\\/2023\\\/07\\\/22\\\/con-la-novena-inizia-il-cammino-verso-la-festa-patronale-di-cassano\\\/\"},\"author\":{\"name\":\"\",\"@id\":\"\"},\"headline\":\"Con la Novena inizia il cammino verso la Festa Patronale di Cassano\",\"datePublished\":\"2023-07-22T08:17:55+00:00\",\"mainEntityOfPage\":{\"@id\":\"https:\\\/\\\/lavocedelpaese.info\\\/index.php\\\/2023\\\/07\\\/22\\\/con-la-novena-inizia-il-cammino-verso-la-festa-patronale-di-cassano\\\/\"},\"wordCount\":563,\"commentCount\":0,\"publisher\":{\"@id\":\"https:\\\/\\\/lavocedelpaese.info\\\/#organization\"},\"articleSection\":[\"network\"],\"inLanguage\":\"it-IT\",\"potentialAction\":[{\"@type\":\"CommentAction\",\"name\":\"Comment\",\"target\":[\"https:\\\/\\\/lavocedelpaese.info\\\/index.php\\\/2023\\\/07\\\/22\\\/con-la-novena-inizia-il-cammino-verso-la-festa-patronale-di-cassano\\\/#respond\"]}]},{\"@type\":\"WebPage\",\"@id\":\"https:\\\/\\\/lavocedelpaese.info\\\/index.php\\\/2023\\\/07\\\/22\\\/con-la-novena-inizia-il-cammino-verso-la-festa-patronale-di-cassano\\\/\",\"url\":\"https:\\\/\\\/lavocedelpaese.info\\\/index.php\\\/2023\\\/07\\\/22\\\/con-la-novena-inizia-il-cammino-verso-la-festa-patronale-di-cassano\\\/\",\"name\":\"Con la Novena inizia il cammino verso la Festa Patronale di Cassano - La Voce del Paese\",\"isPartOf\":{\"@id\":\"https:\\\/\\\/lavocedelpaese.info\\\/#website\"},\"datePublished\":\"2023-07-22T08:17:55+00:00\",\"breadcrumb\":{\"@id\":\"https:\\\/\\\/lavocedelpaese.info\\\/index.php\\\/2023\\\/07\\\/22\\\/con-la-novena-inizia-il-cammino-verso-la-festa-patronale-di-cassano\\\/#breadcrumb\"},\"inLanguage\":\"it-IT\",\"potentialAction\":[{\"@type\":\"ReadAction\",\"target\":[\"https:\\\/\\\/lavocedelpaese.info\\\/index.php\\\/2023\\\/07\\\/22\\\/con-la-novena-inizia-il-cammino-verso-la-festa-patronale-di-cassano\\\/\"]}]},{\"@type\":\"BreadcrumbList\",\"@id\":\"https:\\\/\\\/lavocedelpaese.info\\\/index.php\\\/2023\\\/07\\\/22\\\/con-la-novena-inizia-il-cammino-verso-la-festa-patronale-di-cassano\\\/#breadcrumb\",\"itemListElement\":[{\"@type\":\"ListItem\",\"position\":1,\"name\":\"Home\",\"item\":\"https:\\\/\\\/lavocedelpaese.info\\\/\"},{\"@type\":\"ListItem\",\"position\":2,\"name\":\"Con la Novena inizia il cammino verso la Festa Patronale di Cassano\"}]},{\"@type\":\"WebSite\",\"@id\":\"https:\\\/\\\/lavocedelpaese.info\\\/#website\",\"url\":\"https:\\\/\\\/lavocedelpaese.info\\\/\",\"name\":\"La Voce del Paese\",\"description\":\"Un network di idee\",\"publisher\":{\"@id\":\"https:\\\/\\\/lavocedelpaese.info\\\/#organization\"},\"potentialAction\":[{\"@type\":\"SearchAction\",\"target\":{\"@type\":\"EntryPoint\",\"urlTemplate\":\"https:\\\/\\\/lavocedelpaese.info\\\/?s={search_term_string}\"},\"query-input\":{\"@type\":\"PropertyValueSpecification\",\"valueRequired\":true,\"valueName\":\"search_term_string\"}}],\"inLanguage\":\"it-IT\"},{\"@type\":\"Organization\",\"@id\":\"https:\\\/\\\/lavocedelpaese.info\\\/#organization\",\"name\":\"La Voce del Paese\",\"url\":\"https:\\\/\\\/lavocedelpaese.info\\\/\",\"logo\":{\"@type\":\"ImageObject\",\"inLanguage\":\"it-IT\",\"@id\":\"https:\\\/\\\/lavocedelpaese.info\\\/#\\\/schema\\\/logo\\\/image\\\/\",\"url\":\"https:\\\/\\\/lavocedelpaese.info\\\/wp-content\\\/uploads\\\/2023\\\/01\\\/cropped-logo-150-127.png\",\"contentUrl\":\"https:\\\/\\\/lavocedelpaese.info\\\/wp-content\\\/uploads\\\/2023\\\/01\\\/cropped-logo-150-127.png\",\"width\":137,\"height\":119,\"caption\":\"La Voce del Paese\"},\"image\":{\"@id\":\"https:\\\/\\\/lavocedelpaese.info\\\/#\\\/schema\\\/logo\\\/image\\\/\"},\"sameAs\":[\"https:\\\/\\\/www.facebook.com\\\/lavocedelpaese.info\"]}]}<\/script>\n<!-- \/ Yoast SEO plugin. -->","yoast_head_json":{"title":"Con la Novena inizia il cammino verso la Festa Patronale di Cassano - La Voce del Paese","robots":{"index":"index","follow":"follow","max-snippet":"max-snippet:-1","max-image-preview":"max-image-preview:large","max-video-preview":"max-video-preview:-1"},"canonical":"https:\/\/lavocedelpaese.info\/index.php\/2023\/07\/22\/con-la-novena-inizia-il-cammino-verso-la-festa-patronale-di-cassano\/","og_locale":"it_IT","og_type":"article","og_title":"Con la Novena inizia il cammino verso la Festa Patronale di Cassano - La Voce del Paese","og_description":"\u00a0 \u200b\u00a0 \u200bCassano \u2013 La Voce del Paese\u00a0 Con la Novena di Preghiera che inizia domenica 23 luglio, si rinnova","og_url":"https:\/\/lavocedelpaese.info\/index.php\/2023\/07\/22\/con-la-novena-inizia-il-cammino-verso-la-festa-patronale-di-cassano\/","og_site_name":"La Voce del Paese","article_publisher":"https:\/\/www.facebook.com\/lavocedelpaese.info","article_published_time":"2023-07-22T08:17:55+00:00","twitter_card":"summary_large_image","twitter_misc":{"Tempo di lettura stimato":"3 minuti"},"schema":{"@context":"https:\/\/schema.org","@graph":[{"@type":"Article","@id":"https:\/\/lavocedelpaese.info\/index.php\/2023\/07\/22\/con-la-novena-inizia-il-cammino-verso-la-festa-patronale-di-cassano\/#article","isPartOf":{"@id":"https:\/\/lavocedelpaese.info\/index.php\/2023\/07\/22\/con-la-novena-inizia-il-cammino-verso-la-festa-patronale-di-cassano\/"},"author":{"name":"","@id":""},"headline":"Con la Novena inizia il cammino verso la Festa Patronale di Cassano","datePublished":"2023-07-22T08:17:55+00:00","mainEntityOfPage":{"@id":"https:\/\/lavocedelpaese.info\/index.php\/2023\/07\/22\/con-la-novena-inizia-il-cammino-verso-la-festa-patronale-di-cassano\/"},"wordCount":563,"commentCount":0,"publisher":{"@id":"https:\/\/lavocedelpaese.info\/#organization"},"articleSection":["network"],"inLanguage":"it-IT","potentialAction":[{"@type":"CommentAction","name":"Comment","target":["https:\/\/lavocedelpaese.info\/index.php\/2023\/07\/22\/con-la-novena-inizia-il-cammino-verso-la-festa-patronale-di-cassano\/#respond"]}]},{"@type":"WebPage","@id":"https:\/\/lavocedelpaese.info\/index.php\/2023\/07\/22\/con-la-novena-inizia-il-cammino-verso-la-festa-patronale-di-cassano\/","url":"https:\/\/lavocedelpaese.info\/index.php\/2023\/07\/22\/con-la-novena-inizia-il-cammino-verso-la-festa-patronale-di-cassano\/","name":"Con la Novena inizia il cammino verso la Festa Patronale di Cassano - La Voce del Paese","isPartOf":{"@id":"https:\/\/lavocedelpaese.info\/#website"},"datePublished":"2023-07-22T08:17:55+00:00","breadcrumb":{"@id":"https:\/\/lavocedelpaese.info\/index.php\/2023\/07\/22\/con-la-novena-inizia-il-cammino-verso-la-festa-patronale-di-cassano\/#breadcrumb"},"inLanguage":"it-IT","potentialAction":[{"@type":"ReadAction","target":["https:\/\/lavocedelpaese.info\/index.php\/2023\/07\/22\/con-la-novena-inizia-il-cammino-verso-la-festa-patronale-di-cassano\/"]}]},{"@type":"BreadcrumbList","@id":"https:\/\/lavocedelpaese.info\/index.php\/2023\/07\/22\/con-la-novena-inizia-il-cammino-verso-la-festa-patronale-di-cassano\/#breadcrumb","itemListElement":[{"@type":"ListItem","position":1,"name":"Home","item":"https:\/\/lavocedelpaese.info\/"},{"@type":"ListItem","position":2,"name":"Con la Novena inizia il cammino verso la Festa Patronale di Cassano"}]},{"@type":"WebSite","@id":"https:\/\/lavocedelpaese.info\/#website","url":"https:\/\/lavocedelpaese.info\/","name":"La Voce del Paese","description":"Un network di idee","publisher":{"@id":"https:\/\/lavocedelpaese.info\/#organization"},"potentialAction":[{"@type":"SearchAction","target":{"@type":"EntryPoint","urlTemplate":"https:\/\/lavocedelpaese.info\/?s={search_term_string}"},"query-input":{"@type":"PropertyValueSpecification","valueRequired":true,"valueName":"search_term_string"}}],"inLanguage":"it-IT"},{"@type":"Organization","@id":"https:\/\/lavocedelpaese.info\/#organization","name":"La Voce del Paese","url":"https:\/\/lavocedelpaese.info\/","logo":{"@type":"ImageObject","inLanguage":"it-IT","@id":"https:\/\/lavocedelpaese.info\/#\/schema\/logo\/image\/","url":"https:\/\/lavocedelpaese.info\/wp-content\/uploads\/2023\/01\/cropped-logo-150-127.png","contentUrl":"https:\/\/lavocedelpaese.info\/wp-content\/uploads\/2023\/01\/cropped-logo-150-127.png","width":137,"height":119,"caption":"La Voce del Paese"},"image":{"@id":"https:\/\/lavocedelpaese.info\/#\/schema\/logo\/image\/"},"sameAs":["https:\/\/www.facebook.com\/lavocedelpaese.info"]}]}},"_links":{"self":[{"href":"https:\/\/lavocedelpaese.info\/index.php\/wp-json\/wp\/v2\/posts\/1778","targetHints":{"allow":["GET"]}}],"collection":[{"href":"https:\/\/lavocedelpaese.info\/index.php\/wp-json\/wp\/v2\/posts"}],"about":[{"href":"https:\/\/lavocedelpaese.info\/index.php\/wp-json\/wp\/v2\/types\/post"}],"replies":[{"embeddable":true,"href":"https:\/\/lavocedelpaese.info\/index.php\/wp-json\/wp\/v2\/comments?post=1778"}],"version-history":[{"count":0,"href":"https:\/\/lavocedelpaese.info\/index.php\/wp-json\/wp\/v2\/posts\/1778\/revisions"}],"wp:attachment":[{"href":"https:\/\/lavocedelpaese.info\/index.php\/wp-json\/wp\/v2\/media?parent=1778"}],"wp:term":[{"taxonomy":"category","embeddable":true,"href":"https:\/\/lavocedelpaese.info\/index.php\/wp-json\/wp\/v2\/categories?post=1778"},{"taxonomy":"post_tag","embeddable":true,"href":"https:\/\/lavocedelpaese.info\/index.php\/wp-json\/wp\/v2\/tags?post=1778"}],"curies":[{"name":"wp","href":"https:\/\/api.w.org\/{rel}","templated":true}]}}