{"id":1767,"date":"2023-07-20T02:16:49","date_gmt":"2023-07-20T02:16:49","guid":{"rendered":"https:\/\/lavocedelpaese.info\/index.php\/2023\/07\/20\/sebastiano-salamida-e-alessandro-gentile-sposi\/"},"modified":"2023-07-20T02:16:49","modified_gmt":"2023-07-20T02:16:49","slug":"sebastiano-salamida-e-alessandro-gentile-sposi","status":"publish","type":"post","link":"https:\/\/lavocedelpaese.info\/index.php\/2023\/07\/20\/sebastiano-salamida-e-alessandro-gentile-sposi\/","title":{"rendered":"Sebastiano Salamida e Alessandro Gentile sposi"},"content":{"rendered":"<p>\u00a0<\/p>\n<p>\u200b\u00a0<\/p>\n<p>\u200bGioia \u2013 La Voce del Paese\u00a0<\/p>\n<p>Ci sono storie speciali, di quelle destinate a tracciare un solco, da raccontare\u2026 Una di queste ha per protagonisti <strong>Sebastiano Salamida<\/strong>, hair stylist e <strong>Alessandro Gentile<\/strong>, attualmente titolare di un pet shop. Due giovani gioiesi che il 7 luglio si sono sposati in comune ed hanno festeggiato con amici e parenti al Coco Beach di Polignano dove si sono scambiati al tramonto la loro promessa.<\/p>\n<p>Una storia nata nel 2018, sfociata in una convivenza poco dopo, in pieno covid a cui entrambi hanno voluto dare una veste istituzionale. Ha celebrato il matrimonio l\u2019assessore Vito Etna, una cerimonia sobria che ha visto in municipio tantissimi clienti ed amici stretti intorno ai due sposi per augurare loro tanta felicit\u00e0.<\/p>\n<p>Un iter burocratico durato oltre un anno, che ha messo a dura prova la pazienza, anche perch\u00e9 costituiva in assoluto una prima esperienza per tutti, giunto infine al traguardo.<\/p>\n<p>Emozionante la festa sulla spiaggia, illuminata da un tramonto da favola mentre la risacca delle onde ne scriveva la colonna sonora. Tanta la felicit\u00e0 e l\u2019emozione che ha accompagnato questo momento, condiviso con le loro meravigliose famiglie, con scambio di bomboniere rigorosamente scelte da Gaetano in Sicilia e i dolci della sposa in pasta di mandorla\u2026<\/p>\n<p>Famiglie che hanno compreso, accettato, rispettato e posto la felicit\u00e0 dei loro figli al primo posto, al di l\u00e0 di tutto e tutti, e con amore accompagnato questi due giovani nelle loro scelte di vita. La stessa comunit\u00e0 con amicizia, rispetto e simpatia ha accolto questa unione, anche per la semplicit\u00e0 che contraddistingue questi due ragazzi, scevri da ostentazioni, umili, veri.<\/p>\n<p>Due temperamenti molto diversi\u2026 fantasioso, estroverso, determinato, pronto a progettare e volare in alto Sebastiano, tranquillo, posato, con i piedi per terra, spesso indeciso, prudente, a tratti \u201ctradizionalista\u201d anche nella scelta di un dono Alessandro, ma con una stessa visione del futuro in cui al primo posto c\u2019\u00e8 il desiderio di metter su famiglia ed assaporarne le gioie e le inevitabili responsabilit\u00e0.<\/p>\n<p>Una coppia decisamente ben assortita, a tratti complementare cui va l\u2019augurio di tanta felicit\u00e0, anche per il coraggio di aver dato l\u2019esempio e tracciato un percorso che chi vive in clandestinit\u00e0, con timore o peggio, vergogna la propria storia d\u2019amore, potr\u00e0 oggi seguire, contando su una comunit\u00e0 aperta ed accogliente e sugli affetti famigliari che non dovrebbero mai venire meno.<\/p>\n<p><a class=\"a2a_button_facebook\" href=\"https:\/\/www.addtoany.com\/add_to\/facebook?linkurl=https%3A%2F%2Fgioia.lavocedelpaese.info%2Findex.php%2F2023%2F07%2F19%2Fsebastiano-salamida-e-alessandro-gentile-sposi%2F&amp;linkname=Sebastiano%20Salamida%20e%20Alessandro%20Gentile%20sposi\" title=\"Facebook\" target=\"_blank\" rel=\"noopener\"><\/a><a class=\"a2a_button_twitter\" href=\"https:\/\/www.addtoany.com\/add_to\/twitter?linkurl=https%3A%2F%2Fgioia.lavocedelpaese.info%2Findex.php%2F2023%2F07%2F19%2Fsebastiano-salamida-e-alessandro-gentile-sposi%2F&amp;linkname=Sebastiano%20Salamida%20e%20Alessandro%20Gentile%20sposi\" title=\"Twitter\" target=\"_blank\" rel=\"noopener\"><\/a><a class=\"a2a_button_whatsapp\" href=\"https:\/\/www.addtoany.com\/add_to\/whatsapp?linkurl=https%3A%2F%2Fgioia.lavocedelpaese.info%2Findex.php%2F2023%2F07%2F19%2Fsebastiano-salamida-e-alessandro-gentile-sposi%2F&amp;linkname=Sebastiano%20Salamida%20e%20Alessandro%20Gentile%20sposi\" title=\"WhatsApp\" target=\"_blank\" rel=\"noopener\"><\/a><a class=\"a2a_button_telegram\" href=\"https:\/\/www.addtoany.com\/add_to\/telegram?linkurl=https%3A%2F%2Fgioia.lavocedelpaese.info%2Findex.php%2F2023%2F07%2F19%2Fsebastiano-salamida-e-alessandro-gentile-sposi%2F&amp;linkname=Sebastiano%20Salamida%20e%20Alessandro%20Gentile%20sposi\" title=\"Telegram\" target=\"_blank\" rel=\"noopener\"><\/a><a class=\"a2a_button_email\" href=\"https:\/\/www.addtoany.com\/add_to\/email?linkurl=https%3A%2F%2Fgioia.lavocedelpaese.info%2Findex.php%2F2023%2F07%2F19%2Fsebastiano-salamida-e-alessandro-gentile-sposi%2F&amp;linkname=Sebastiano%20Salamida%20e%20Alessandro%20Gentile%20sposi\" title=\"Email\" target=\"_blank\" rel=\"noopener\"><\/a><\/p>\n<p>\u00a0<\/p>","protected":false},"excerpt":{"rendered":"<p>\u00a0 \u200b\u00a0 \u200bGioia \u2013 La Voce del Paese\u00a0 Ci sono storie speciali, di quelle destinate a tracciare un solco, da<\/p>\n","protected":false},"author":0,"featured_media":0,"comment_status":"open","ping_status":"closed","sticky":false,"template":"","format":"standard","meta":{"colormag_page_container_layout":"default_layout","colormag_page_sidebar_layout":"default_layout","footnotes":""},"categories":[33],"tags":[],"class_list":["post-1767","post","type-post","status-publish","format-standard","hentry","category-network"],"yoast_head":"<!-- This site is optimized with the Yoast SEO plugin v27.5 - https:\/\/yoast.com\/product\/yoast-seo-wordpress\/ -->\n<title>Sebastiano Salamida e Alessandro Gentile sposi - La Voce del Paese<\/title>\n<meta name=\"robots\" content=\"index, follow, max-snippet:-1, max-image-preview:large, max-video-preview:-1\" \/>\n<link rel=\"canonical\" href=\"https:\/\/lavocedelpaese.info\/index.php\/2023\/07\/20\/sebastiano-salamida-e-alessandro-gentile-sposi\/\" \/>\n<meta property=\"og:locale\" content=\"it_IT\" \/>\n<meta property=\"og:type\" content=\"article\" \/>\n<meta property=\"og:title\" content=\"Sebastiano Salamida e Alessandro Gentile sposi - La Voce del Paese\" \/>\n<meta property=\"og:description\" content=\"\u00a0 \u200b\u00a0 \u200bGioia \u2013 La Voce del Paese\u00a0 Ci sono storie speciali, di quelle destinate a tracciare un solco, da\" \/>\n<meta property=\"og:url\" content=\"https:\/\/lavocedelpaese.info\/index.php\/2023\/07\/20\/sebastiano-salamida-e-alessandro-gentile-sposi\/\" \/>\n<meta property=\"og:site_name\" content=\"La Voce del Paese\" \/>\n<meta property=\"article:publisher\" content=\"https:\/\/www.facebook.com\/lavocedelpaese.info\" \/>\n<meta property=\"article:published_time\" content=\"2023-07-20T02:16:49+00:00\" \/>\n<meta name=\"twitter:card\" content=\"summary_large_image\" \/>\n<meta name=\"twitter:label1\" content=\"Tempo di lettura stimato\" \/>\n\t<meta name=\"twitter:data1\" content=\"2 minuti\" \/>\n<script type=\"application\/ld+json\" class=\"yoast-schema-graph\">{\"@context\":\"https:\\\/\\\/schema.org\",\"@graph\":[{\"@type\":\"Article\",\"@id\":\"https:\\\/\\\/lavocedelpaese.info\\\/index.php\\\/2023\\\/07\\\/20\\\/sebastiano-salamida-e-alessandro-gentile-sposi\\\/#article\",\"isPartOf\":{\"@id\":\"https:\\\/\\\/lavocedelpaese.info\\\/index.php\\\/2023\\\/07\\\/20\\\/sebastiano-salamida-e-alessandro-gentile-sposi\\\/\"},\"author\":{\"name\":\"\",\"@id\":\"\"},\"headline\":\"Sebastiano Salamida e Alessandro Gentile sposi\",\"datePublished\":\"2023-07-20T02:16:49+00:00\",\"mainEntityOfPage\":{\"@id\":\"https:\\\/\\\/lavocedelpaese.info\\\/index.php\\\/2023\\\/07\\\/20\\\/sebastiano-salamida-e-alessandro-gentile-sposi\\\/\"},\"wordCount\":399,\"commentCount\":0,\"publisher\":{\"@id\":\"https:\\\/\\\/lavocedelpaese.info\\\/#organization\"},\"articleSection\":[\"network\"],\"inLanguage\":\"it-IT\",\"potentialAction\":[{\"@type\":\"CommentAction\",\"name\":\"Comment\",\"target\":[\"https:\\\/\\\/lavocedelpaese.info\\\/index.php\\\/2023\\\/07\\\/20\\\/sebastiano-salamida-e-alessandro-gentile-sposi\\\/#respond\"]}]},{\"@type\":\"WebPage\",\"@id\":\"https:\\\/\\\/lavocedelpaese.info\\\/index.php\\\/2023\\\/07\\\/20\\\/sebastiano-salamida-e-alessandro-gentile-sposi\\\/\",\"url\":\"https:\\\/\\\/lavocedelpaese.info\\\/index.php\\\/2023\\\/07\\\/20\\\/sebastiano-salamida-e-alessandro-gentile-sposi\\\/\",\"name\":\"Sebastiano Salamida e Alessandro Gentile sposi - La Voce del Paese\",\"isPartOf\":{\"@id\":\"https:\\\/\\\/lavocedelpaese.info\\\/#website\"},\"datePublished\":\"2023-07-20T02:16:49+00:00\",\"breadcrumb\":{\"@id\":\"https:\\\/\\\/lavocedelpaese.info\\\/index.php\\\/2023\\\/07\\\/20\\\/sebastiano-salamida-e-alessandro-gentile-sposi\\\/#breadcrumb\"},\"inLanguage\":\"it-IT\",\"potentialAction\":[{\"@type\":\"ReadAction\",\"target\":[\"https:\\\/\\\/lavocedelpaese.info\\\/index.php\\\/2023\\\/07\\\/20\\\/sebastiano-salamida-e-alessandro-gentile-sposi\\\/\"]}]},{\"@type\":\"BreadcrumbList\",\"@id\":\"https:\\\/\\\/lavocedelpaese.info\\\/index.php\\\/2023\\\/07\\\/20\\\/sebastiano-salamida-e-alessandro-gentile-sposi\\\/#breadcrumb\",\"itemListElement\":[{\"@type\":\"ListItem\",\"position\":1,\"name\":\"Home\",\"item\":\"https:\\\/\\\/lavocedelpaese.info\\\/\"},{\"@type\":\"ListItem\",\"position\":2,\"name\":\"Sebastiano Salamida e Alessandro Gentile sposi\"}]},{\"@type\":\"WebSite\",\"@id\":\"https:\\\/\\\/lavocedelpaese.info\\\/#website\",\"url\":\"https:\\\/\\\/lavocedelpaese.info\\\/\",\"name\":\"La Voce del Paese\",\"description\":\"Un network di idee\",\"publisher\":{\"@id\":\"https:\\\/\\\/lavocedelpaese.info\\\/#organization\"},\"potentialAction\":[{\"@type\":\"SearchAction\",\"target\":{\"@type\":\"EntryPoint\",\"urlTemplate\":\"https:\\\/\\\/lavocedelpaese.info\\\/?s={search_term_string}\"},\"query-input\":{\"@type\":\"PropertyValueSpecification\",\"valueRequired\":true,\"valueName\":\"search_term_string\"}}],\"inLanguage\":\"it-IT\"},{\"@type\":\"Organization\",\"@id\":\"https:\\\/\\\/lavocedelpaese.info\\\/#organization\",\"name\":\"La Voce del Paese\",\"url\":\"https:\\\/\\\/lavocedelpaese.info\\\/\",\"logo\":{\"@type\":\"ImageObject\",\"inLanguage\":\"it-IT\",\"@id\":\"https:\\\/\\\/lavocedelpaese.info\\\/#\\\/schema\\\/logo\\\/image\\\/\",\"url\":\"https:\\\/\\\/lavocedelpaese.info\\\/wp-content\\\/uploads\\\/2023\\\/01\\\/cropped-logo-150-127.png\",\"contentUrl\":\"https:\\\/\\\/lavocedelpaese.info\\\/wp-content\\\/uploads\\\/2023\\\/01\\\/cropped-logo-150-127.png\",\"width\":137,\"height\":119,\"caption\":\"La Voce del Paese\"},\"image\":{\"@id\":\"https:\\\/\\\/lavocedelpaese.info\\\/#\\\/schema\\\/logo\\\/image\\\/\"},\"sameAs\":[\"https:\\\/\\\/www.facebook.com\\\/lavocedelpaese.info\"]}]}<\/script>\n<!-- \/ Yoast SEO plugin. -->","yoast_head_json":{"title":"Sebastiano Salamida e Alessandro Gentile sposi - La Voce del Paese","robots":{"index":"index","follow":"follow","max-snippet":"max-snippet:-1","max-image-preview":"max-image-preview:large","max-video-preview":"max-video-preview:-1"},"canonical":"https:\/\/lavocedelpaese.info\/index.php\/2023\/07\/20\/sebastiano-salamida-e-alessandro-gentile-sposi\/","og_locale":"it_IT","og_type":"article","og_title":"Sebastiano Salamida e Alessandro Gentile sposi - La Voce del Paese","og_description":"\u00a0 \u200b\u00a0 \u200bGioia \u2013 La Voce del Paese\u00a0 Ci sono storie speciali, di quelle destinate a tracciare un solco, da","og_url":"https:\/\/lavocedelpaese.info\/index.php\/2023\/07\/20\/sebastiano-salamida-e-alessandro-gentile-sposi\/","og_site_name":"La Voce del Paese","article_publisher":"https:\/\/www.facebook.com\/lavocedelpaese.info","article_published_time":"2023-07-20T02:16:49+00:00","twitter_card":"summary_large_image","twitter_misc":{"Tempo di lettura stimato":"2 minuti"},"schema":{"@context":"https:\/\/schema.org","@graph":[{"@type":"Article","@id":"https:\/\/lavocedelpaese.info\/index.php\/2023\/07\/20\/sebastiano-salamida-e-alessandro-gentile-sposi\/#article","isPartOf":{"@id":"https:\/\/lavocedelpaese.info\/index.php\/2023\/07\/20\/sebastiano-salamida-e-alessandro-gentile-sposi\/"},"author":{"name":"","@id":""},"headline":"Sebastiano Salamida e Alessandro Gentile sposi","datePublished":"2023-07-20T02:16:49+00:00","mainEntityOfPage":{"@id":"https:\/\/lavocedelpaese.info\/index.php\/2023\/07\/20\/sebastiano-salamida-e-alessandro-gentile-sposi\/"},"wordCount":399,"commentCount":0,"publisher":{"@id":"https:\/\/lavocedelpaese.info\/#organization"},"articleSection":["network"],"inLanguage":"it-IT","potentialAction":[{"@type":"CommentAction","name":"Comment","target":["https:\/\/lavocedelpaese.info\/index.php\/2023\/07\/20\/sebastiano-salamida-e-alessandro-gentile-sposi\/#respond"]}]},{"@type":"WebPage","@id":"https:\/\/lavocedelpaese.info\/index.php\/2023\/07\/20\/sebastiano-salamida-e-alessandro-gentile-sposi\/","url":"https:\/\/lavocedelpaese.info\/index.php\/2023\/07\/20\/sebastiano-salamida-e-alessandro-gentile-sposi\/","name":"Sebastiano Salamida e Alessandro Gentile sposi - La Voce del Paese","isPartOf":{"@id":"https:\/\/lavocedelpaese.info\/#website"},"datePublished":"2023-07-20T02:16:49+00:00","breadcrumb":{"@id":"https:\/\/lavocedelpaese.info\/index.php\/2023\/07\/20\/sebastiano-salamida-e-alessandro-gentile-sposi\/#breadcrumb"},"inLanguage":"it-IT","potentialAction":[{"@type":"ReadAction","target":["https:\/\/lavocedelpaese.info\/index.php\/2023\/07\/20\/sebastiano-salamida-e-alessandro-gentile-sposi\/"]}]},{"@type":"BreadcrumbList","@id":"https:\/\/lavocedelpaese.info\/index.php\/2023\/07\/20\/sebastiano-salamida-e-alessandro-gentile-sposi\/#breadcrumb","itemListElement":[{"@type":"ListItem","position":1,"name":"Home","item":"https:\/\/lavocedelpaese.info\/"},{"@type":"ListItem","position":2,"name":"Sebastiano Salamida e Alessandro Gentile sposi"}]},{"@type":"WebSite","@id":"https:\/\/lavocedelpaese.info\/#website","url":"https:\/\/lavocedelpaese.info\/","name":"La Voce del Paese","description":"Un network di idee","publisher":{"@id":"https:\/\/lavocedelpaese.info\/#organization"},"potentialAction":[{"@type":"SearchAction","target":{"@type":"EntryPoint","urlTemplate":"https:\/\/lavocedelpaese.info\/?s={search_term_string}"},"query-input":{"@type":"PropertyValueSpecification","valueRequired":true,"valueName":"search_term_string"}}],"inLanguage":"it-IT"},{"@type":"Organization","@id":"https:\/\/lavocedelpaese.info\/#organization","name":"La Voce del Paese","url":"https:\/\/lavocedelpaese.info\/","logo":{"@type":"ImageObject","inLanguage":"it-IT","@id":"https:\/\/lavocedelpaese.info\/#\/schema\/logo\/image\/","url":"https:\/\/lavocedelpaese.info\/wp-content\/uploads\/2023\/01\/cropped-logo-150-127.png","contentUrl":"https:\/\/lavocedelpaese.info\/wp-content\/uploads\/2023\/01\/cropped-logo-150-127.png","width":137,"height":119,"caption":"La Voce del Paese"},"image":{"@id":"https:\/\/lavocedelpaese.info\/#\/schema\/logo\/image\/"},"sameAs":["https:\/\/www.facebook.com\/lavocedelpaese.info"]}]}},"_links":{"self":[{"href":"https:\/\/lavocedelpaese.info\/index.php\/wp-json\/wp\/v2\/posts\/1767","targetHints":{"allow":["GET"]}}],"collection":[{"href":"https:\/\/lavocedelpaese.info\/index.php\/wp-json\/wp\/v2\/posts"}],"about":[{"href":"https:\/\/lavocedelpaese.info\/index.php\/wp-json\/wp\/v2\/types\/post"}],"replies":[{"embeddable":true,"href":"https:\/\/lavocedelpaese.info\/index.php\/wp-json\/wp\/v2\/comments?post=1767"}],"version-history":[{"count":0,"href":"https:\/\/lavocedelpaese.info\/index.php\/wp-json\/wp\/v2\/posts\/1767\/revisions"}],"wp:attachment":[{"href":"https:\/\/lavocedelpaese.info\/index.php\/wp-json\/wp\/v2\/media?parent=1767"}],"wp:term":[{"taxonomy":"category","embeddable":true,"href":"https:\/\/lavocedelpaese.info\/index.php\/wp-json\/wp\/v2\/categories?post=1767"},{"taxonomy":"post_tag","embeddable":true,"href":"https:\/\/lavocedelpaese.info\/index.php\/wp-json\/wp\/v2\/tags?post=1767"}],"curies":[{"name":"wp","href":"https:\/\/api.w.org\/{rel}","templated":true}]}}