{"id":1766,"date":"2023-07-19T08:20:55","date_gmt":"2023-07-19T08:20:55","guid":{"rendered":"https:\/\/lavocedelpaese.info\/index.php\/2023\/07\/19\/parte-la-distribuzione-della-carta-dedicata-a-te-in-comune\/"},"modified":"2023-07-19T08:20:55","modified_gmt":"2023-07-19T08:20:55","slug":"parte-la-distribuzione-della-carta-dedicata-a-te-in-comune","status":"publish","type":"post","link":"https:\/\/lavocedelpaese.info\/index.php\/2023\/07\/19\/parte-la-distribuzione-della-carta-dedicata-a-te-in-comune\/","title":{"rendered":"Parte la distribuzione della carta \u201cDedicata a te\u201d in Comune"},"content":{"rendered":"<p>\u00a0<\/p>\n<p>\u200b\u00a0<\/p>\n<p>\u200bCassano \u2013 La Voce del Paese\u00a0<\/p>\n<p>Da oggi 19 luglio parte la distribuzione presso il Comune di Cassano delle Murge (in piazza Mario Rossani) della carta \u201cDedicata a te\u201d, secondo questi giorni e orari:<\/p>\n<p>mercoled\u00ec 19 luglio ore 09:00 \u2013 12:00 cognomi dalla\u00a0<strong>A<\/strong>\u00a0alla\u00a0<strong>C<\/strong>;<\/p>\n<p>gioved\u00ec 20 luglio ore 09:00 \u2013 12:00 cognomi dalla\u00a0<strong>D<\/strong>\u00a0alla\u00a0<strong>F<\/strong>;<\/p>\n<p>venerd\u00ec 21 luglio ore 09:00 \u2013 12:00 cognomi dalla\u00a0<strong>G<\/strong>\u00a0alla\u00a0<strong>L<\/strong>;<\/p>\n<p>luned\u00ec 24 luglio ore 09:00 \u2013 12:00 cognomi dalla\u00a0<strong>M<\/strong>\u00a0alla\u00a0<strong>O<\/strong>;<\/p>\n<p>marted\u00ec 25 luglio ore 09:00 \u2013 12:00 cognomi dalla\u00a0<strong>P<\/strong>\u00a0alla\u00a0<strong>S<\/strong>;<\/p>\n<p>mercoled\u00ec 26 luglio ore 09:00 \u2013 12:00 cognomi dalla\u00a0<strong>T<\/strong>\u00a0alla\u00a0<strong>Z<\/strong>.<\/p>\n<p><strong>Per il ritiro \u00e8 necessario che si presenti il beneficiario munito di un documento di identit\u00e0 in corso di validit\u00e0<\/strong>.<\/p>\n<p><em><strong>Dedicata a te<\/strong><\/em>\u00a0\u00e8 il nome della nuova social card per il\u00a0<strong>risparmio alimentare<\/strong>, distribuita da Poste italiane (\u00e8 una\u00a0<strong>Postepay<\/strong>) e contente il\u00a0<strong>contributo\u00a0<\/strong>governativo da 382 euro per acquisto di generi alimentari di prima necessit\u00e0 e scontistica presso esercizi convenzionati.<\/p>\n<p>Assegnata dai Comuni in base alle liste di\u00a0<strong>beneficiari<\/strong>\u00a0individuati assieme all\u2019INPS (su criteri ISEE ed anagrafici), prevede graduatorie definitive entro il 15 luglio, rese note entro il 18 luglio e comunicate ai destinatari tramite lettera del Comune, con attivazione immediata con ritiro alle Poste.\u00a0<\/p>\n<p>A ricevere la\u00a0<a href=\"https:\/\/www.pmi.it\/economia\/mercati\/410517\/carta-risparmio-spesa.html\"><strong>tessera Poste Pay<\/strong>\u00a0<strong>nominativa<\/strong><\/a>\u00a0da 382,5 euro, da utilizzare per acquistare beni di prima necessit\u00e0, saranno 1,3 milioni di\u00a0<strong>famiglie<\/strong>\u00a0(con iscrizione di tutti i membri nell\u2019<strong>Anagrafe comunale<\/strong>\u00a0della Popolazione Residente \u2013 ANPR) e \u00a0con\u00a0<strong>ISEE fino a 15.000 euro<\/strong>\u00a0(come riportato in DSU alla data del 12 maggio 2023) presenti in 8 mila Comuni italiani.<\/p>\n<p>La carta che sar\u00e0 consegnata \u00e8 gi\u00e0 attiva e potr\u00e0 essere utilizzata presso gli esercizi commerciali che vendono generi alimentari e presso quelli che aderiranno al progetto proponendo sconti in favore dei possessori delle carte.<\/p>\n\n<p><a class=\"a2a_button_facebook\" href=\"https:\/\/www.addtoany.com\/add_to\/facebook?linkurl=https%3A%2F%2Fcassano.lavocedelpaese.info%2Findex.php%2F2023%2F07%2F19%2Fparte-la-distribuzione-della-carta-dedicata-a-te-in-comune%2F&amp;linkname=Parte%20la%20distribuzione%20della%20carta%20%E2%80%9CDedicata%20a%20te%E2%80%9D%20in%20Comune\" title=\"Facebook\" target=\"_blank\" rel=\"noopener\"><\/a><a class=\"a2a_button_twitter\" href=\"https:\/\/www.addtoany.com\/add_to\/twitter?linkurl=https%3A%2F%2Fcassano.lavocedelpaese.info%2Findex.php%2F2023%2F07%2F19%2Fparte-la-distribuzione-della-carta-dedicata-a-te-in-comune%2F&amp;linkname=Parte%20la%20distribuzione%20della%20carta%20%E2%80%9CDedicata%20a%20te%E2%80%9D%20in%20Comune\" title=\"Twitter\" target=\"_blank\" rel=\"noopener\"><\/a><a class=\"a2a_button_whatsapp\" href=\"https:\/\/www.addtoany.com\/add_to\/whatsapp?linkurl=https%3A%2F%2Fcassano.lavocedelpaese.info%2Findex.php%2F2023%2F07%2F19%2Fparte-la-distribuzione-della-carta-dedicata-a-te-in-comune%2F&amp;linkname=Parte%20la%20distribuzione%20della%20carta%20%E2%80%9CDedicata%20a%20te%E2%80%9D%20in%20Comune\" title=\"WhatsApp\" target=\"_blank\" rel=\"noopener\"><\/a><a class=\"a2a_button_telegram\" href=\"https:\/\/www.addtoany.com\/add_to\/telegram?linkurl=https%3A%2F%2Fcassano.lavocedelpaese.info%2Findex.php%2F2023%2F07%2F19%2Fparte-la-distribuzione-della-carta-dedicata-a-te-in-comune%2F&amp;linkname=Parte%20la%20distribuzione%20della%20carta%20%E2%80%9CDedicata%20a%20te%E2%80%9D%20in%20Comune\" title=\"Telegram\" target=\"_blank\" rel=\"noopener\"><\/a><a class=\"a2a_button_email\" href=\"https:\/\/www.addtoany.com\/add_to\/email?linkurl=https%3A%2F%2Fcassano.lavocedelpaese.info%2Findex.php%2F2023%2F07%2F19%2Fparte-la-distribuzione-della-carta-dedicata-a-te-in-comune%2F&amp;linkname=Parte%20la%20distribuzione%20della%20carta%20%E2%80%9CDedicata%20a%20te%E2%80%9D%20in%20Comune\" title=\"Email\" target=\"_blank\" rel=\"noopener\"><\/a><\/p>\n<p>\u00a0<\/p>","protected":false},"excerpt":{"rendered":"<p>\u00a0 \u200b\u00a0 \u200bCassano \u2013 La Voce del Paese\u00a0 Da oggi 19 luglio parte la distribuzione presso il Comune di Cassano<\/p>\n","protected":false},"author":0,"featured_media":0,"comment_status":"open","ping_status":"closed","sticky":false,"template":"","format":"standard","meta":{"colormag_page_container_layout":"default_layout","colormag_page_sidebar_layout":"default_layout","footnotes":""},"categories":[33],"tags":[],"class_list":["post-1766","post","type-post","status-publish","format-standard","hentry","category-network"],"yoast_head":"<!-- This site is optimized with the Yoast SEO plugin v27.5 - https:\/\/yoast.com\/product\/yoast-seo-wordpress\/ -->\n<title>Parte la distribuzione della carta \u201cDedicata a te\u201d in Comune - La Voce del Paese<\/title>\n<meta name=\"robots\" content=\"index, follow, max-snippet:-1, max-image-preview:large, max-video-preview:-1\" \/>\n<link rel=\"canonical\" href=\"https:\/\/lavocedelpaese.info\/index.php\/2023\/07\/19\/parte-la-distribuzione-della-carta-dedicata-a-te-in-comune\/\" \/>\n<meta property=\"og:locale\" content=\"it_IT\" \/>\n<meta property=\"og:type\" content=\"article\" \/>\n<meta property=\"og:title\" content=\"Parte la distribuzione della carta \u201cDedicata a te\u201d in Comune - La Voce del Paese\" \/>\n<meta property=\"og:description\" content=\"\u00a0 \u200b\u00a0 \u200bCassano \u2013 La Voce del Paese\u00a0 Da oggi 19 luglio parte la distribuzione presso il Comune di Cassano\" \/>\n<meta property=\"og:url\" content=\"https:\/\/lavocedelpaese.info\/index.php\/2023\/07\/19\/parte-la-distribuzione-della-carta-dedicata-a-te-in-comune\/\" \/>\n<meta property=\"og:site_name\" content=\"La Voce del Paese\" \/>\n<meta property=\"article:publisher\" content=\"https:\/\/www.facebook.com\/lavocedelpaese.info\" \/>\n<meta property=\"article:published_time\" content=\"2023-07-19T08:20:55+00:00\" \/>\n<meta name=\"twitter:card\" content=\"summary_large_image\" \/>\n<meta name=\"twitter:label1\" content=\"Tempo di lettura stimato\" \/>\n\t<meta name=\"twitter:data1\" content=\"1 minuto\" \/>\n<script type=\"application\/ld+json\" class=\"yoast-schema-graph\">{\"@context\":\"https:\\\/\\\/schema.org\",\"@graph\":[{\"@type\":\"Article\",\"@id\":\"https:\\\/\\\/lavocedelpaese.info\\\/index.php\\\/2023\\\/07\\\/19\\\/parte-la-distribuzione-della-carta-dedicata-a-te-in-comune\\\/#article\",\"isPartOf\":{\"@id\":\"https:\\\/\\\/lavocedelpaese.info\\\/index.php\\\/2023\\\/07\\\/19\\\/parte-la-distribuzione-della-carta-dedicata-a-te-in-comune\\\/\"},\"author\":{\"name\":\"\",\"@id\":\"\"},\"headline\":\"Parte la distribuzione della carta \u201cDedicata a te\u201d in Comune\",\"datePublished\":\"2023-07-19T08:20:55+00:00\",\"mainEntityOfPage\":{\"@id\":\"https:\\\/\\\/lavocedelpaese.info\\\/index.php\\\/2023\\\/07\\\/19\\\/parte-la-distribuzione-della-carta-dedicata-a-te-in-comune\\\/\"},\"wordCount\":279,\"commentCount\":0,\"publisher\":{\"@id\":\"https:\\\/\\\/lavocedelpaese.info\\\/#organization\"},\"articleSection\":[\"network\"],\"inLanguage\":\"it-IT\",\"potentialAction\":[{\"@type\":\"CommentAction\",\"name\":\"Comment\",\"target\":[\"https:\\\/\\\/lavocedelpaese.info\\\/index.php\\\/2023\\\/07\\\/19\\\/parte-la-distribuzione-della-carta-dedicata-a-te-in-comune\\\/#respond\"]}]},{\"@type\":\"WebPage\",\"@id\":\"https:\\\/\\\/lavocedelpaese.info\\\/index.php\\\/2023\\\/07\\\/19\\\/parte-la-distribuzione-della-carta-dedicata-a-te-in-comune\\\/\",\"url\":\"https:\\\/\\\/lavocedelpaese.info\\\/index.php\\\/2023\\\/07\\\/19\\\/parte-la-distribuzione-della-carta-dedicata-a-te-in-comune\\\/\",\"name\":\"Parte la distribuzione della carta \u201cDedicata a te\u201d in Comune - La Voce del Paese\",\"isPartOf\":{\"@id\":\"https:\\\/\\\/lavocedelpaese.info\\\/#website\"},\"datePublished\":\"2023-07-19T08:20:55+00:00\",\"breadcrumb\":{\"@id\":\"https:\\\/\\\/lavocedelpaese.info\\\/index.php\\\/2023\\\/07\\\/19\\\/parte-la-distribuzione-della-carta-dedicata-a-te-in-comune\\\/#breadcrumb\"},\"inLanguage\":\"it-IT\",\"potentialAction\":[{\"@type\":\"ReadAction\",\"target\":[\"https:\\\/\\\/lavocedelpaese.info\\\/index.php\\\/2023\\\/07\\\/19\\\/parte-la-distribuzione-della-carta-dedicata-a-te-in-comune\\\/\"]}]},{\"@type\":\"BreadcrumbList\",\"@id\":\"https:\\\/\\\/lavocedelpaese.info\\\/index.php\\\/2023\\\/07\\\/19\\\/parte-la-distribuzione-della-carta-dedicata-a-te-in-comune\\\/#breadcrumb\",\"itemListElement\":[{\"@type\":\"ListItem\",\"position\":1,\"name\":\"Home\",\"item\":\"https:\\\/\\\/lavocedelpaese.info\\\/\"},{\"@type\":\"ListItem\",\"position\":2,\"name\":\"Parte la distribuzione della carta \u201cDedicata a te\u201d in Comune\"}]},{\"@type\":\"WebSite\",\"@id\":\"https:\\\/\\\/lavocedelpaese.info\\\/#website\",\"url\":\"https:\\\/\\\/lavocedelpaese.info\\\/\",\"name\":\"La Voce del Paese\",\"description\":\"Un network di idee\",\"publisher\":{\"@id\":\"https:\\\/\\\/lavocedelpaese.info\\\/#organization\"},\"potentialAction\":[{\"@type\":\"SearchAction\",\"target\":{\"@type\":\"EntryPoint\",\"urlTemplate\":\"https:\\\/\\\/lavocedelpaese.info\\\/?s={search_term_string}\"},\"query-input\":{\"@type\":\"PropertyValueSpecification\",\"valueRequired\":true,\"valueName\":\"search_term_string\"}}],\"inLanguage\":\"it-IT\"},{\"@type\":\"Organization\",\"@id\":\"https:\\\/\\\/lavocedelpaese.info\\\/#organization\",\"name\":\"La Voce del Paese\",\"url\":\"https:\\\/\\\/lavocedelpaese.info\\\/\",\"logo\":{\"@type\":\"ImageObject\",\"inLanguage\":\"it-IT\",\"@id\":\"https:\\\/\\\/lavocedelpaese.info\\\/#\\\/schema\\\/logo\\\/image\\\/\",\"url\":\"https:\\\/\\\/lavocedelpaese.info\\\/wp-content\\\/uploads\\\/2023\\\/01\\\/cropped-logo-150-127.png\",\"contentUrl\":\"https:\\\/\\\/lavocedelpaese.info\\\/wp-content\\\/uploads\\\/2023\\\/01\\\/cropped-logo-150-127.png\",\"width\":137,\"height\":119,\"caption\":\"La Voce del Paese\"},\"image\":{\"@id\":\"https:\\\/\\\/lavocedelpaese.info\\\/#\\\/schema\\\/logo\\\/image\\\/\"},\"sameAs\":[\"https:\\\/\\\/www.facebook.com\\\/lavocedelpaese.info\"]}]}<\/script>\n<!-- \/ Yoast SEO plugin. -->","yoast_head_json":{"title":"Parte la distribuzione della carta \u201cDedicata a te\u201d in Comune - La Voce del Paese","robots":{"index":"index","follow":"follow","max-snippet":"max-snippet:-1","max-image-preview":"max-image-preview:large","max-video-preview":"max-video-preview:-1"},"canonical":"https:\/\/lavocedelpaese.info\/index.php\/2023\/07\/19\/parte-la-distribuzione-della-carta-dedicata-a-te-in-comune\/","og_locale":"it_IT","og_type":"article","og_title":"Parte la distribuzione della carta \u201cDedicata a te\u201d in Comune - La Voce del Paese","og_description":"\u00a0 \u200b\u00a0 \u200bCassano \u2013 La Voce del Paese\u00a0 Da oggi 19 luglio parte la distribuzione presso il Comune di Cassano","og_url":"https:\/\/lavocedelpaese.info\/index.php\/2023\/07\/19\/parte-la-distribuzione-della-carta-dedicata-a-te-in-comune\/","og_site_name":"La Voce del Paese","article_publisher":"https:\/\/www.facebook.com\/lavocedelpaese.info","article_published_time":"2023-07-19T08:20:55+00:00","twitter_card":"summary_large_image","twitter_misc":{"Tempo di lettura stimato":"1 minuto"},"schema":{"@context":"https:\/\/schema.org","@graph":[{"@type":"Article","@id":"https:\/\/lavocedelpaese.info\/index.php\/2023\/07\/19\/parte-la-distribuzione-della-carta-dedicata-a-te-in-comune\/#article","isPartOf":{"@id":"https:\/\/lavocedelpaese.info\/index.php\/2023\/07\/19\/parte-la-distribuzione-della-carta-dedicata-a-te-in-comune\/"},"author":{"name":"","@id":""},"headline":"Parte la distribuzione della carta \u201cDedicata a te\u201d in Comune","datePublished":"2023-07-19T08:20:55+00:00","mainEntityOfPage":{"@id":"https:\/\/lavocedelpaese.info\/index.php\/2023\/07\/19\/parte-la-distribuzione-della-carta-dedicata-a-te-in-comune\/"},"wordCount":279,"commentCount":0,"publisher":{"@id":"https:\/\/lavocedelpaese.info\/#organization"},"articleSection":["network"],"inLanguage":"it-IT","potentialAction":[{"@type":"CommentAction","name":"Comment","target":["https:\/\/lavocedelpaese.info\/index.php\/2023\/07\/19\/parte-la-distribuzione-della-carta-dedicata-a-te-in-comune\/#respond"]}]},{"@type":"WebPage","@id":"https:\/\/lavocedelpaese.info\/index.php\/2023\/07\/19\/parte-la-distribuzione-della-carta-dedicata-a-te-in-comune\/","url":"https:\/\/lavocedelpaese.info\/index.php\/2023\/07\/19\/parte-la-distribuzione-della-carta-dedicata-a-te-in-comune\/","name":"Parte la distribuzione della carta \u201cDedicata a te\u201d in Comune - La Voce del Paese","isPartOf":{"@id":"https:\/\/lavocedelpaese.info\/#website"},"datePublished":"2023-07-19T08:20:55+00:00","breadcrumb":{"@id":"https:\/\/lavocedelpaese.info\/index.php\/2023\/07\/19\/parte-la-distribuzione-della-carta-dedicata-a-te-in-comune\/#breadcrumb"},"inLanguage":"it-IT","potentialAction":[{"@type":"ReadAction","target":["https:\/\/lavocedelpaese.info\/index.php\/2023\/07\/19\/parte-la-distribuzione-della-carta-dedicata-a-te-in-comune\/"]}]},{"@type":"BreadcrumbList","@id":"https:\/\/lavocedelpaese.info\/index.php\/2023\/07\/19\/parte-la-distribuzione-della-carta-dedicata-a-te-in-comune\/#breadcrumb","itemListElement":[{"@type":"ListItem","position":1,"name":"Home","item":"https:\/\/lavocedelpaese.info\/"},{"@type":"ListItem","position":2,"name":"Parte la distribuzione della carta \u201cDedicata a te\u201d in Comune"}]},{"@type":"WebSite","@id":"https:\/\/lavocedelpaese.info\/#website","url":"https:\/\/lavocedelpaese.info\/","name":"La Voce del Paese","description":"Un network di idee","publisher":{"@id":"https:\/\/lavocedelpaese.info\/#organization"},"potentialAction":[{"@type":"SearchAction","target":{"@type":"EntryPoint","urlTemplate":"https:\/\/lavocedelpaese.info\/?s={search_term_string}"},"query-input":{"@type":"PropertyValueSpecification","valueRequired":true,"valueName":"search_term_string"}}],"inLanguage":"it-IT"},{"@type":"Organization","@id":"https:\/\/lavocedelpaese.info\/#organization","name":"La Voce del Paese","url":"https:\/\/lavocedelpaese.info\/","logo":{"@type":"ImageObject","inLanguage":"it-IT","@id":"https:\/\/lavocedelpaese.info\/#\/schema\/logo\/image\/","url":"https:\/\/lavocedelpaese.info\/wp-content\/uploads\/2023\/01\/cropped-logo-150-127.png","contentUrl":"https:\/\/lavocedelpaese.info\/wp-content\/uploads\/2023\/01\/cropped-logo-150-127.png","width":137,"height":119,"caption":"La Voce del Paese"},"image":{"@id":"https:\/\/lavocedelpaese.info\/#\/schema\/logo\/image\/"},"sameAs":["https:\/\/www.facebook.com\/lavocedelpaese.info"]}]}},"_links":{"self":[{"href":"https:\/\/lavocedelpaese.info\/index.php\/wp-json\/wp\/v2\/posts\/1766","targetHints":{"allow":["GET"]}}],"collection":[{"href":"https:\/\/lavocedelpaese.info\/index.php\/wp-json\/wp\/v2\/posts"}],"about":[{"href":"https:\/\/lavocedelpaese.info\/index.php\/wp-json\/wp\/v2\/types\/post"}],"replies":[{"embeddable":true,"href":"https:\/\/lavocedelpaese.info\/index.php\/wp-json\/wp\/v2\/comments?post=1766"}],"version-history":[{"count":0,"href":"https:\/\/lavocedelpaese.info\/index.php\/wp-json\/wp\/v2\/posts\/1766\/revisions"}],"wp:attachment":[{"href":"https:\/\/lavocedelpaese.info\/index.php\/wp-json\/wp\/v2\/media?parent=1766"}],"wp:term":[{"taxonomy":"category","embeddable":true,"href":"https:\/\/lavocedelpaese.info\/index.php\/wp-json\/wp\/v2\/categories?post=1766"},{"taxonomy":"post_tag","embeddable":true,"href":"https:\/\/lavocedelpaese.info\/index.php\/wp-json\/wp\/v2\/tags?post=1766"}],"curies":[{"name":"wp","href":"https:\/\/api.w.org\/{rel}","templated":true}]}}