{"id":1761,"date":"2023-07-18T18:26:08","date_gmt":"2023-07-18T18:26:08","guid":{"rendered":"https:\/\/lavocedelpaese.info\/index.php\/2023\/07\/18\/avviso-alla-cittadinanza-carta-solidale-2023\/"},"modified":"2023-07-18T18:26:08","modified_gmt":"2023-07-18T18:26:08","slug":"avviso-alla-cittadinanza-carta-solidale-2023","status":"publish","type":"post","link":"https:\/\/lavocedelpaese.info\/index.php\/2023\/07\/18\/avviso-alla-cittadinanza-carta-solidale-2023\/","title":{"rendered":"Avviso alla cittadinanza: Carta solidale 2023"},"content":{"rendered":"<p>\u00a0<\/p>\n<p>\u200b\u00a0<\/p>\n<p>\u200bAcquaviva \u2013 La Voce del Paese\u00a0<\/p>\n<p><strong>CARTA SOLIDALE 2023<\/strong><\/p>\n<p>Con la Legge di Bilancio 2023 \u00e8 stato istituito un fondo con una dotazione di 500 milioni di euro per l\u2019anno 2023, destinato all\u2019acquisito di beni alimentari di prima necessit\u00e0 da fruire mediante l\u2019utilizzo di una\u00a0<strong>carta elettronica<\/strong>\u00a0di pagamento denominata\u00a0<strong><em>CARTA SOLIDALE<\/em><\/strong>\u00a0che consentir\u00e0 di\u00a0<strong>acquistare beni alimentari di prima necessit\u00e0<\/strong>\u00a0presso gli esercizi commerciali convenzionati.\u00a0<strong>PER RICEVERLA NON \u00c8 NECESSARIO PRESENTARE DOMANDA.<\/strong><\/p>\n<p>I beneficiari sono stati individuati dall\u2019INPS tra i cittadini appartenenti ai nuclei familiari in possesso dei seguenti requisiti:<\/p>\n<p>iscrizione nell\u2019Anagrafe della Popolazione Residente (Anagrafe comunale);<\/p>\n<p>titolarit\u00e0 di una certificazione ISEE ordinario, di cui al decreto legislativo 31 marzo 1998, n. 109 e del DPCM n. 159\/2013, in corso di validit\u00e0, con indicatore non superiore ai 15.000 euro annui.<\/p>\n<p>I criteri di priorit\u00e0 per l\u2019individuazione dei nuclei familiari in stato di bisogno, beneficiari del contributo economico sono:<\/p>\n<p>nuclei familiari, composti da non meno di tre componenti, di cui almeno uno nato entro il 31 dicembre 2009, priorit\u00e0 \u00e8 data ai nuclei con indicatore ISEE pi\u00f9 basso;<\/p>\n<p>nuclei familiari, composti da non meno di tre componenti, di cui almeno uno nato entro il 31 dicembre 2005, priorit\u00e0 \u00e8 data ai nuclei con indicatore ISEE pi\u00f9 basso;<\/p>\n<p>nuclei familiari composti da non meno di tre componenti, priorit\u00e0 \u00e8 data ai nuclei con indicatore ISEE pi\u00f9 basso.<\/p>\n<p>La\u00a0<strong>CARTA SOLIDALE\u00a0<\/strong>\u00e8 nominativa e sar\u00e0 rilasciata da Poste Italiane tramite Postepay. La carta sar\u00e0 operativa da luglio 2023 e rappresenta\u00a0<strong>un contributo<\/strong>\u00a0<strong>economico\u00a0<em>una tantum<\/em><\/strong>\u00a0di importo complessivo di\u00a0<strong>\u20ac 382.50 per nucleo familiare.<\/strong><\/p>\n<p><strong>Il contributo economico non spetta<\/strong>\u00a0ai nuclei familiari che al 18 aprile 2023 (data di entrata in vigore della Legge di Bilancio) includano titolari di: reddito di cittadinanza, reddito di inclusione, qualsiasi altra misura di inclusione sociale o sostegno alla povert\u00e0 e\u00a0<strong>non spetta, inoltre,<\/strong>\u00a0ai nuclei familiari nei quali almeno un componente sia percettore di nuova assicurazione sociale per l\u2019impiego \u2013 NASPI e indennit\u00e0 mensile di disoccupazione per i collaboratori \u2013 DIS-COLL, indennit\u00e0 di mobilit\u00e0, fondi di solidariet\u00e0 per l\u2019integrazione del reddito, cassa integrazione guadagni-CIG e qualsivoglia differente forma di integrazione salariale erogata dallo Stato.<\/p>\n<p>Il Comune di Acquaviva delle Fonti ha ricevuto dall\u2019INPS l\u2019elenco dei beneficiari delle\u00a0<em>CARTE SOLIDALI<\/em>\u00a0e dopo una fase di verifica dei controlli anagrafici l\u2019Ente ha rinviato l\u2019elenco consolidato all\u2019INPS.<strong>\u00a0Si invitano i cittadini\u00a0a\u00a0telefonare all\u2019Ufficio P.U.A numero 080.3065297\u00a0per sapere se il proprio nominativo \u00e8 nell\u2019elenco dei beneficiari della CARTA SOLIDALE e per ricevere eventualmente indicazioni sulle modalit\u00e0 del suo ritiro.\u00a0I soli soggetti titolari della dichiarazione I.S.E.E.\u00a0potranno chiamare dal luned\u00ec al venerd\u00ec dalle ore 9:00 alle ore 12:00 e nella giornata del marted\u00ec anche dalle ore 16:00 alle 18:00 oppure recarsi presso l\u2019Ufficio P.U.A. sito al secondo piano negli stessi giorni ed orari.<em>\u00a0<\/em><\/strong><\/p>\n<p><strong><em>L\u2019Assessora alle Politiche Sociali \u2013\u00a0Dr.ssa Morano Immacolata<\/em><\/strong><\/p>\n<p><strong><em>Il Sindaco \u2013 Avv. Marco Lenoci<\/em><\/strong><\/p>\n<p><strong><em>Il Dirigente \u2013 Dr. Filippo Lorusso<\/em><\/strong><\/p>\n<h3 class=\"wp-block-heading\">Avviso alla Cittadinanza<\/h3>\n\n<div class=\"wp-block-file\"><a href=\"https:\/\/acquaviva.lavocedelpaese.info\/wp-content\/uploads\/2023\/07\/Avviso-Carta-Solidale.pdf\">Avviso-Carta-Solidale<\/a><a href=\"https:\/\/acquaviva.lavocedelpaese.info\/wp-content\/uploads\/2023\/07\/Avviso-Carta-Solidale.pdf\" class=\"wp-block-file__button wp-element-button\">Download<\/a><\/div>\n<p><a class=\"a2a_button_facebook\" href=\"https:\/\/www.addtoany.com\/add_to\/facebook?linkurl=https%3A%2F%2Facquaviva.lavocedelpaese.info%2Findex.php%2F2023%2F07%2F18%2Favviso-alla-cittadinanza-carta-solidale-2023%2F&amp;linkname=Avviso%20alla%20cittadinanza%3A%20Carta%20solidale%202023\" title=\"Facebook\" target=\"_blank\" rel=\"noopener\"><\/a><a class=\"a2a_button_twitter\" href=\"https:\/\/www.addtoany.com\/add_to\/twitter?linkurl=https%3A%2F%2Facquaviva.lavocedelpaese.info%2Findex.php%2F2023%2F07%2F18%2Favviso-alla-cittadinanza-carta-solidale-2023%2F&amp;linkname=Avviso%20alla%20cittadinanza%3A%20Carta%20solidale%202023\" title=\"Twitter\" target=\"_blank\" rel=\"noopener\"><\/a><a class=\"a2a_button_whatsapp\" href=\"https:\/\/www.addtoany.com\/add_to\/whatsapp?linkurl=https%3A%2F%2Facquaviva.lavocedelpaese.info%2Findex.php%2F2023%2F07%2F18%2Favviso-alla-cittadinanza-carta-solidale-2023%2F&amp;linkname=Avviso%20alla%20cittadinanza%3A%20Carta%20solidale%202023\" title=\"WhatsApp\" target=\"_blank\" rel=\"noopener\"><\/a><a class=\"a2a_button_telegram\" href=\"https:\/\/www.addtoany.com\/add_to\/telegram?linkurl=https%3A%2F%2Facquaviva.lavocedelpaese.info%2Findex.php%2F2023%2F07%2F18%2Favviso-alla-cittadinanza-carta-solidale-2023%2F&amp;linkname=Avviso%20alla%20cittadinanza%3A%20Carta%20solidale%202023\" title=\"Telegram\" target=\"_blank\" rel=\"noopener\"><\/a><a class=\"a2a_button_email\" href=\"https:\/\/www.addtoany.com\/add_to\/email?linkurl=https%3A%2F%2Facquaviva.lavocedelpaese.info%2Findex.php%2F2023%2F07%2F18%2Favviso-alla-cittadinanza-carta-solidale-2023%2F&amp;linkname=Avviso%20alla%20cittadinanza%3A%20Carta%20solidale%202023\" title=\"Email\" target=\"_blank\" rel=\"noopener\"><\/a><\/p>\n<p>\u00a0<\/p>","protected":false},"excerpt":{"rendered":"<p>\u00a0 \u200b\u00a0 \u200bAcquaviva \u2013 La Voce del Paese\u00a0 CARTA SOLIDALE 2023 Con la Legge di Bilancio 2023 \u00e8 stato istituito<\/p>\n","protected":false},"author":0,"featured_media":0,"comment_status":"open","ping_status":"closed","sticky":false,"template":"","format":"standard","meta":{"colormag_page_container_layout":"default_layout","colormag_page_sidebar_layout":"default_layout","footnotes":""},"categories":[33],"tags":[],"class_list":["post-1761","post","type-post","status-publish","format-standard","hentry","category-network"],"yoast_head":"<!-- This site is optimized with the Yoast SEO plugin v27.5 - https:\/\/yoast.com\/product\/yoast-seo-wordpress\/ -->\n<title>Avviso alla cittadinanza: Carta solidale 2023 - La Voce del Paese<\/title>\n<meta name=\"robots\" content=\"index, follow, max-snippet:-1, max-image-preview:large, max-video-preview:-1\" \/>\n<link rel=\"canonical\" href=\"https:\/\/lavocedelpaese.info\/index.php\/2023\/07\/18\/avviso-alla-cittadinanza-carta-solidale-2023\/\" \/>\n<meta property=\"og:locale\" content=\"it_IT\" \/>\n<meta property=\"og:type\" content=\"article\" \/>\n<meta property=\"og:title\" content=\"Avviso alla cittadinanza: Carta solidale 2023 - La Voce del Paese\" \/>\n<meta property=\"og:description\" content=\"\u00a0 \u200b\u00a0 \u200bAcquaviva \u2013 La Voce del Paese\u00a0 CARTA SOLIDALE 2023 Con la Legge di Bilancio 2023 \u00e8 stato istituito\" \/>\n<meta property=\"og:url\" content=\"https:\/\/lavocedelpaese.info\/index.php\/2023\/07\/18\/avviso-alla-cittadinanza-carta-solidale-2023\/\" \/>\n<meta property=\"og:site_name\" content=\"La Voce del Paese\" \/>\n<meta property=\"article:publisher\" content=\"https:\/\/www.facebook.com\/lavocedelpaese.info\" \/>\n<meta property=\"article:published_time\" content=\"2023-07-18T18:26:08+00:00\" \/>\n<meta name=\"twitter:card\" content=\"summary_large_image\" \/>\n<meta name=\"twitter:label1\" content=\"Tempo di lettura stimato\" \/>\n\t<meta name=\"twitter:data1\" content=\"2 minuti\" \/>\n<script type=\"application\/ld+json\" class=\"yoast-schema-graph\">{\"@context\":\"https:\\\/\\\/schema.org\",\"@graph\":[{\"@type\":\"Article\",\"@id\":\"https:\\\/\\\/lavocedelpaese.info\\\/index.php\\\/2023\\\/07\\\/18\\\/avviso-alla-cittadinanza-carta-solidale-2023\\\/#article\",\"isPartOf\":{\"@id\":\"https:\\\/\\\/lavocedelpaese.info\\\/index.php\\\/2023\\\/07\\\/18\\\/avviso-alla-cittadinanza-carta-solidale-2023\\\/\"},\"author\":{\"name\":\"\",\"@id\":\"\"},\"headline\":\"Avviso alla cittadinanza: Carta solidale 2023\",\"datePublished\":\"2023-07-18T18:26:08+00:00\",\"mainEntityOfPage\":{\"@id\":\"https:\\\/\\\/lavocedelpaese.info\\\/index.php\\\/2023\\\/07\\\/18\\\/avviso-alla-cittadinanza-carta-solidale-2023\\\/\"},\"wordCount\":484,\"commentCount\":0,\"publisher\":{\"@id\":\"https:\\\/\\\/lavocedelpaese.info\\\/#organization\"},\"articleSection\":[\"network\"],\"inLanguage\":\"it-IT\",\"potentialAction\":[{\"@type\":\"CommentAction\",\"name\":\"Comment\",\"target\":[\"https:\\\/\\\/lavocedelpaese.info\\\/index.php\\\/2023\\\/07\\\/18\\\/avviso-alla-cittadinanza-carta-solidale-2023\\\/#respond\"]}]},{\"@type\":\"WebPage\",\"@id\":\"https:\\\/\\\/lavocedelpaese.info\\\/index.php\\\/2023\\\/07\\\/18\\\/avviso-alla-cittadinanza-carta-solidale-2023\\\/\",\"url\":\"https:\\\/\\\/lavocedelpaese.info\\\/index.php\\\/2023\\\/07\\\/18\\\/avviso-alla-cittadinanza-carta-solidale-2023\\\/\",\"name\":\"Avviso alla cittadinanza: Carta solidale 2023 - La Voce del Paese\",\"isPartOf\":{\"@id\":\"https:\\\/\\\/lavocedelpaese.info\\\/#website\"},\"datePublished\":\"2023-07-18T18:26:08+00:00\",\"breadcrumb\":{\"@id\":\"https:\\\/\\\/lavocedelpaese.info\\\/index.php\\\/2023\\\/07\\\/18\\\/avviso-alla-cittadinanza-carta-solidale-2023\\\/#breadcrumb\"},\"inLanguage\":\"it-IT\",\"potentialAction\":[{\"@type\":\"ReadAction\",\"target\":[\"https:\\\/\\\/lavocedelpaese.info\\\/index.php\\\/2023\\\/07\\\/18\\\/avviso-alla-cittadinanza-carta-solidale-2023\\\/\"]}]},{\"@type\":\"BreadcrumbList\",\"@id\":\"https:\\\/\\\/lavocedelpaese.info\\\/index.php\\\/2023\\\/07\\\/18\\\/avviso-alla-cittadinanza-carta-solidale-2023\\\/#breadcrumb\",\"itemListElement\":[{\"@type\":\"ListItem\",\"position\":1,\"name\":\"Home\",\"item\":\"https:\\\/\\\/lavocedelpaese.info\\\/\"},{\"@type\":\"ListItem\",\"position\":2,\"name\":\"Avviso alla cittadinanza: Carta solidale 2023\"}]},{\"@type\":\"WebSite\",\"@id\":\"https:\\\/\\\/lavocedelpaese.info\\\/#website\",\"url\":\"https:\\\/\\\/lavocedelpaese.info\\\/\",\"name\":\"La Voce del Paese\",\"description\":\"Un network di idee\",\"publisher\":{\"@id\":\"https:\\\/\\\/lavocedelpaese.info\\\/#organization\"},\"potentialAction\":[{\"@type\":\"SearchAction\",\"target\":{\"@type\":\"EntryPoint\",\"urlTemplate\":\"https:\\\/\\\/lavocedelpaese.info\\\/?s={search_term_string}\"},\"query-input\":{\"@type\":\"PropertyValueSpecification\",\"valueRequired\":true,\"valueName\":\"search_term_string\"}}],\"inLanguage\":\"it-IT\"},{\"@type\":\"Organization\",\"@id\":\"https:\\\/\\\/lavocedelpaese.info\\\/#organization\",\"name\":\"La Voce del Paese\",\"url\":\"https:\\\/\\\/lavocedelpaese.info\\\/\",\"logo\":{\"@type\":\"ImageObject\",\"inLanguage\":\"it-IT\",\"@id\":\"https:\\\/\\\/lavocedelpaese.info\\\/#\\\/schema\\\/logo\\\/image\\\/\",\"url\":\"https:\\\/\\\/lavocedelpaese.info\\\/wp-content\\\/uploads\\\/2023\\\/01\\\/cropped-logo-150-127.png\",\"contentUrl\":\"https:\\\/\\\/lavocedelpaese.info\\\/wp-content\\\/uploads\\\/2023\\\/01\\\/cropped-logo-150-127.png\",\"width\":137,\"height\":119,\"caption\":\"La Voce del Paese\"},\"image\":{\"@id\":\"https:\\\/\\\/lavocedelpaese.info\\\/#\\\/schema\\\/logo\\\/image\\\/\"},\"sameAs\":[\"https:\\\/\\\/www.facebook.com\\\/lavocedelpaese.info\"]}]}<\/script>\n<!-- \/ Yoast SEO plugin. -->","yoast_head_json":{"title":"Avviso alla cittadinanza: Carta solidale 2023 - La Voce del Paese","robots":{"index":"index","follow":"follow","max-snippet":"max-snippet:-1","max-image-preview":"max-image-preview:large","max-video-preview":"max-video-preview:-1"},"canonical":"https:\/\/lavocedelpaese.info\/index.php\/2023\/07\/18\/avviso-alla-cittadinanza-carta-solidale-2023\/","og_locale":"it_IT","og_type":"article","og_title":"Avviso alla cittadinanza: Carta solidale 2023 - La Voce del Paese","og_description":"\u00a0 \u200b\u00a0 \u200bAcquaviva \u2013 La Voce del Paese\u00a0 CARTA SOLIDALE 2023 Con la Legge di Bilancio 2023 \u00e8 stato istituito","og_url":"https:\/\/lavocedelpaese.info\/index.php\/2023\/07\/18\/avviso-alla-cittadinanza-carta-solidale-2023\/","og_site_name":"La Voce del Paese","article_publisher":"https:\/\/www.facebook.com\/lavocedelpaese.info","article_published_time":"2023-07-18T18:26:08+00:00","twitter_card":"summary_large_image","twitter_misc":{"Tempo di lettura stimato":"2 minuti"},"schema":{"@context":"https:\/\/schema.org","@graph":[{"@type":"Article","@id":"https:\/\/lavocedelpaese.info\/index.php\/2023\/07\/18\/avviso-alla-cittadinanza-carta-solidale-2023\/#article","isPartOf":{"@id":"https:\/\/lavocedelpaese.info\/index.php\/2023\/07\/18\/avviso-alla-cittadinanza-carta-solidale-2023\/"},"author":{"name":"","@id":""},"headline":"Avviso alla cittadinanza: Carta solidale 2023","datePublished":"2023-07-18T18:26:08+00:00","mainEntityOfPage":{"@id":"https:\/\/lavocedelpaese.info\/index.php\/2023\/07\/18\/avviso-alla-cittadinanza-carta-solidale-2023\/"},"wordCount":484,"commentCount":0,"publisher":{"@id":"https:\/\/lavocedelpaese.info\/#organization"},"articleSection":["network"],"inLanguage":"it-IT","potentialAction":[{"@type":"CommentAction","name":"Comment","target":["https:\/\/lavocedelpaese.info\/index.php\/2023\/07\/18\/avviso-alla-cittadinanza-carta-solidale-2023\/#respond"]}]},{"@type":"WebPage","@id":"https:\/\/lavocedelpaese.info\/index.php\/2023\/07\/18\/avviso-alla-cittadinanza-carta-solidale-2023\/","url":"https:\/\/lavocedelpaese.info\/index.php\/2023\/07\/18\/avviso-alla-cittadinanza-carta-solidale-2023\/","name":"Avviso alla cittadinanza: Carta solidale 2023 - La Voce del Paese","isPartOf":{"@id":"https:\/\/lavocedelpaese.info\/#website"},"datePublished":"2023-07-18T18:26:08+00:00","breadcrumb":{"@id":"https:\/\/lavocedelpaese.info\/index.php\/2023\/07\/18\/avviso-alla-cittadinanza-carta-solidale-2023\/#breadcrumb"},"inLanguage":"it-IT","potentialAction":[{"@type":"ReadAction","target":["https:\/\/lavocedelpaese.info\/index.php\/2023\/07\/18\/avviso-alla-cittadinanza-carta-solidale-2023\/"]}]},{"@type":"BreadcrumbList","@id":"https:\/\/lavocedelpaese.info\/index.php\/2023\/07\/18\/avviso-alla-cittadinanza-carta-solidale-2023\/#breadcrumb","itemListElement":[{"@type":"ListItem","position":1,"name":"Home","item":"https:\/\/lavocedelpaese.info\/"},{"@type":"ListItem","position":2,"name":"Avviso alla cittadinanza: Carta solidale 2023"}]},{"@type":"WebSite","@id":"https:\/\/lavocedelpaese.info\/#website","url":"https:\/\/lavocedelpaese.info\/","name":"La Voce del Paese","description":"Un network di idee","publisher":{"@id":"https:\/\/lavocedelpaese.info\/#organization"},"potentialAction":[{"@type":"SearchAction","target":{"@type":"EntryPoint","urlTemplate":"https:\/\/lavocedelpaese.info\/?s={search_term_string}"},"query-input":{"@type":"PropertyValueSpecification","valueRequired":true,"valueName":"search_term_string"}}],"inLanguage":"it-IT"},{"@type":"Organization","@id":"https:\/\/lavocedelpaese.info\/#organization","name":"La Voce del Paese","url":"https:\/\/lavocedelpaese.info\/","logo":{"@type":"ImageObject","inLanguage":"it-IT","@id":"https:\/\/lavocedelpaese.info\/#\/schema\/logo\/image\/","url":"https:\/\/lavocedelpaese.info\/wp-content\/uploads\/2023\/01\/cropped-logo-150-127.png","contentUrl":"https:\/\/lavocedelpaese.info\/wp-content\/uploads\/2023\/01\/cropped-logo-150-127.png","width":137,"height":119,"caption":"La Voce del Paese"},"image":{"@id":"https:\/\/lavocedelpaese.info\/#\/schema\/logo\/image\/"},"sameAs":["https:\/\/www.facebook.com\/lavocedelpaese.info"]}]}},"_links":{"self":[{"href":"https:\/\/lavocedelpaese.info\/index.php\/wp-json\/wp\/v2\/posts\/1761","targetHints":{"allow":["GET"]}}],"collection":[{"href":"https:\/\/lavocedelpaese.info\/index.php\/wp-json\/wp\/v2\/posts"}],"about":[{"href":"https:\/\/lavocedelpaese.info\/index.php\/wp-json\/wp\/v2\/types\/post"}],"replies":[{"embeddable":true,"href":"https:\/\/lavocedelpaese.info\/index.php\/wp-json\/wp\/v2\/comments?post=1761"}],"version-history":[{"count":0,"href":"https:\/\/lavocedelpaese.info\/index.php\/wp-json\/wp\/v2\/posts\/1761\/revisions"}],"wp:attachment":[{"href":"https:\/\/lavocedelpaese.info\/index.php\/wp-json\/wp\/v2\/media?parent=1761"}],"wp:term":[{"taxonomy":"category","embeddable":true,"href":"https:\/\/lavocedelpaese.info\/index.php\/wp-json\/wp\/v2\/categories?post=1761"},{"taxonomy":"post_tag","embeddable":true,"href":"https:\/\/lavocedelpaese.info\/index.php\/wp-json\/wp\/v2\/tags?post=1761"}],"curies":[{"name":"wp","href":"https:\/\/api.w.org\/{rel}","templated":true}]}}