{"id":1750,"date":"2023-07-15T15:23:04","date_gmt":"2023-07-15T15:23:04","guid":{"rendered":"https:\/\/lavocedelpaese.info\/index.php\/2023\/07\/15\/parole-in-cantina-dal-26-luglio-la-rassegna-alla-cantina-gentile\/"},"modified":"2023-07-15T15:23:04","modified_gmt":"2023-07-15T15:23:04","slug":"parole-in-cantina-dal-26-luglio-la-rassegna-alla-cantina-gentile","status":"publish","type":"post","link":"https:\/\/lavocedelpaese.info\/index.php\/2023\/07\/15\/parole-in-cantina-dal-26-luglio-la-rassegna-alla-cantina-gentile\/","title":{"rendered":"\u201cParole in Cantina\u201d: dal 26 luglio la rassegna alla Cantina Gentile"},"content":{"rendered":"<p>\u00a0<\/p>\n<p>\u200b\u00a0<\/p>\n<p>\u200bCassano \u2013 La Voce del Paese\u00a0<\/p>\n<p>Portare libri, teatro e idee in una location particolare, la torre vinaria di Cantina Gentile a Cassano Murge.<br \/>\u00c8 questa l\u2019idea alla base della rassegna estiva \u201cParole in Cantina\u201d, organizzata dalla Cantina Luca Gentile di Cassano Murge, che dal 26 luglio fino al 9 agosto porter\u00e0 nella suggestiva sala degustazioni della Cantina, ricavata nella tradizionale torre vinaria, autori, libri e parole.<br \/><strong>Si inizia il 26 luglio<\/strong> (ore 19.30) con Omar Di Monopoli e il suo ultimo romanzo \u201cIn principio era la Bestia\u201d, edito da Feltrinelli, ambientato nella Puglia del 1799.<br \/>Quello raccontato da Di Monopoli \u00e8 un viaggio affascinante e oscuro, ispirato ad una storia  vera, al termine dell\u2019Illuminismo, fra superstizione, sentimento del sacro, esoterismo e razionalit\u00e0, in un Sud indomito e mannaro.<\/p>\n<p><strong>Il secondo appuntamento \u00e8 il 4 agosto. <\/strong>Giuse Alemanno (ore 19.30) racconter\u00e0 la sua Trilogia dei Sarmenta, i tre romanzi, Mattanza, Come Belve Feroci e Nero Finale  (pubblicati dalla torinese Las Vegas Edizioni) che vedono protagonisti i terribili cugini Sarmenta in cerca di giustizia e vendetta.<br \/>I tre romanzi sono il racconto di una famiglia criminale impegnata in una vendetta che tra  la Val Canonica e la Calabria, passando per la Puglia, dura quasi novecento pagine tra colpi di scena e un crescendo di emozioni e violenza.<\/p>\n<p><strong>La rassegna si chiude il 9 agosto<\/strong> (ore 19.30) con lo spettacolo teatrale in due atti  \u201cInterviste Impossibili\u201d, portato in scena da Stefano Zizzi e Fabio Fornaro di Teatrominimo  Aps con testi di Giuse Alemanno. Lo spettacolo \u00e8 un confronto, dal tono comico e spesso surreale, tra un intervistatore e<br \/>Adamo e Alessandro Manzoni.  Un intervistatore impertinente incontra un Alessandro Manzoni tanto tenero, quanto  vanitoso e magniloquente. Da tale incontro nasce un dialogo che, in maniera piacevole e  divertente, diventa strumento di divulgazione culturale. In tal modo diventa possibile  \u2018ripassare\u2019 la vita e le opere del \u2018Padre della Letteratura Italiana\u2019. Per troppo tempo le<br \/>geniali capacit\u00e0 letterarie di Alessandro Manzoni sono state oscurate da collettivi ricordi  scolastici macchiati e confusi dalla noia; l\u2019autore de \u2018I promessi sposi\u2019, attraverso questa  \u2018Intervista\u2019, viene offerto al pubblico in modo fresco, leggero e ironico, pur mantenendo un  inappuntabile rigore culturale.<br \/>Lo stesso intervistatore \u2013 nel secondo atto \u2013 incontra il Padre dell\u2019Umanit\u00e0. Adamo dimostra di essere profondamente uomo, esibendo la sua maturit\u00e0 e la sua capacit\u00e0 di  analisi. Cos\u00ec il racconto della sua vita strabiliante e tormentata illustrer\u00e0 quanto abbia a  cuore il destino dei suoi figli e quanto sia difficile per lui, uomo tra gli uomini, aiutare il  genere umano. Ma, soprattutto, pur mescolato a un imprevedibile senso dell\u2019umorismo,  Adamo non mancher\u00e0 di esprimere tutta la sua amarezza nei confronti del \u201cproprietario<br \/>della ditta\u201d.<\/p>\n<p>L\u2019ingresso alle tre serate \u00e8 gratuito con consumazione facoltativa. Gli ospiti avranno,  infatti, la possibilit\u00e0 di gustare, durante gli eventi, i vini di Cantina Gentile e scoprire la  tradizione vinicola della Cantina.<\/p>\n<p>Per maggiori info: 080 763294 \u2013 marketing@cantinagentile.com<\/p>\n<p><a class=\"a2a_button_facebook\" href=\"https:\/\/www.addtoany.com\/add_to\/facebook?linkurl=https%3A%2F%2Fcassano.lavocedelpaese.info%2Findex.php%2F2023%2F07%2F15%2Fparole-in-cantina-dal-26-luglio-la-rassegna-alla-cantina-gentile%2F&amp;linkname=%E2%80%9CParole%20in%20Cantina%E2%80%9D%3A%20dal%2026%20luglio%20la%20rassegna%20alla%20Cantina%20Gentile\" title=\"Facebook\" target=\"_blank\" rel=\"noopener\"><\/a><a class=\"a2a_button_twitter\" href=\"https:\/\/www.addtoany.com\/add_to\/twitter?linkurl=https%3A%2F%2Fcassano.lavocedelpaese.info%2Findex.php%2F2023%2F07%2F15%2Fparole-in-cantina-dal-26-luglio-la-rassegna-alla-cantina-gentile%2F&amp;linkname=%E2%80%9CParole%20in%20Cantina%E2%80%9D%3A%20dal%2026%20luglio%20la%20rassegna%20alla%20Cantina%20Gentile\" title=\"Twitter\" target=\"_blank\" rel=\"noopener\"><\/a><a class=\"a2a_button_whatsapp\" href=\"https:\/\/www.addtoany.com\/add_to\/whatsapp?linkurl=https%3A%2F%2Fcassano.lavocedelpaese.info%2Findex.php%2F2023%2F07%2F15%2Fparole-in-cantina-dal-26-luglio-la-rassegna-alla-cantina-gentile%2F&amp;linkname=%E2%80%9CParole%20in%20Cantina%E2%80%9D%3A%20dal%2026%20luglio%20la%20rassegna%20alla%20Cantina%20Gentile\" title=\"WhatsApp\" target=\"_blank\" rel=\"noopener\"><\/a><a class=\"a2a_button_telegram\" href=\"https:\/\/www.addtoany.com\/add_to\/telegram?linkurl=https%3A%2F%2Fcassano.lavocedelpaese.info%2Findex.php%2F2023%2F07%2F15%2Fparole-in-cantina-dal-26-luglio-la-rassegna-alla-cantina-gentile%2F&amp;linkname=%E2%80%9CParole%20in%20Cantina%E2%80%9D%3A%20dal%2026%20luglio%20la%20rassegna%20alla%20Cantina%20Gentile\" title=\"Telegram\" target=\"_blank\" rel=\"noopener\"><\/a><a class=\"a2a_button_email\" href=\"https:\/\/www.addtoany.com\/add_to\/email?linkurl=https%3A%2F%2Fcassano.lavocedelpaese.info%2Findex.php%2F2023%2F07%2F15%2Fparole-in-cantina-dal-26-luglio-la-rassegna-alla-cantina-gentile%2F&amp;linkname=%E2%80%9CParole%20in%20Cantina%E2%80%9D%3A%20dal%2026%20luglio%20la%20rassegna%20alla%20Cantina%20Gentile\" title=\"Email\" target=\"_blank\" rel=\"noopener\"><\/a><\/p>\n<p>\u00a0<\/p>","protected":false},"excerpt":{"rendered":"<p>\u00a0 \u200b\u00a0 \u200bCassano \u2013 La Voce del Paese\u00a0 Portare libri, teatro e idee in una location particolare, la torre vinaria<\/p>\n","protected":false},"author":0,"featured_media":0,"comment_status":"open","ping_status":"closed","sticky":false,"template":"","format":"standard","meta":{"colormag_page_container_layout":"default_layout","colormag_page_sidebar_layout":"default_layout","footnotes":""},"categories":[33],"tags":[],"class_list":["post-1750","post","type-post","status-publish","format-standard","hentry","category-network"],"yoast_head":"<!-- This site is optimized with the Yoast SEO plugin v27.5 - https:\/\/yoast.com\/product\/yoast-seo-wordpress\/ -->\n<title>\u201cParole in Cantina\u201d: dal 26 luglio la rassegna alla Cantina Gentile - La Voce del Paese<\/title>\n<meta name=\"robots\" content=\"index, follow, max-snippet:-1, max-image-preview:large, max-video-preview:-1\" \/>\n<link rel=\"canonical\" href=\"https:\/\/lavocedelpaese.info\/index.php\/2023\/07\/15\/parole-in-cantina-dal-26-luglio-la-rassegna-alla-cantina-gentile\/\" \/>\n<meta property=\"og:locale\" content=\"it_IT\" \/>\n<meta property=\"og:type\" content=\"article\" \/>\n<meta property=\"og:title\" content=\"\u201cParole in Cantina\u201d: dal 26 luglio la rassegna alla Cantina Gentile - La Voce del Paese\" \/>\n<meta property=\"og:description\" content=\"\u00a0 \u200b\u00a0 \u200bCassano \u2013 La Voce del Paese\u00a0 Portare libri, teatro e idee in una location particolare, la torre vinaria\" \/>\n<meta property=\"og:url\" content=\"https:\/\/lavocedelpaese.info\/index.php\/2023\/07\/15\/parole-in-cantina-dal-26-luglio-la-rassegna-alla-cantina-gentile\/\" \/>\n<meta property=\"og:site_name\" content=\"La Voce del Paese\" \/>\n<meta property=\"article:publisher\" content=\"https:\/\/www.facebook.com\/lavocedelpaese.info\" \/>\n<meta property=\"article:published_time\" content=\"2023-07-15T15:23:04+00:00\" \/>\n<meta name=\"twitter:card\" content=\"summary_large_image\" \/>\n<meta name=\"twitter:label1\" content=\"Tempo di lettura stimato\" \/>\n\t<meta name=\"twitter:data1\" content=\"2 minuti\" \/>\n<script type=\"application\/ld+json\" class=\"yoast-schema-graph\">{\"@context\":\"https:\\\/\\\/schema.org\",\"@graph\":[{\"@type\":\"Article\",\"@id\":\"https:\\\/\\\/lavocedelpaese.info\\\/index.php\\\/2023\\\/07\\\/15\\\/parole-in-cantina-dal-26-luglio-la-rassegna-alla-cantina-gentile\\\/#article\",\"isPartOf\":{\"@id\":\"https:\\\/\\\/lavocedelpaese.info\\\/index.php\\\/2023\\\/07\\\/15\\\/parole-in-cantina-dal-26-luglio-la-rassegna-alla-cantina-gentile\\\/\"},\"author\":{\"name\":\"\",\"@id\":\"\"},\"headline\":\"\u201cParole in Cantina\u201d: dal 26 luglio la rassegna alla Cantina Gentile\",\"datePublished\":\"2023-07-15T15:23:04+00:00\",\"mainEntityOfPage\":{\"@id\":\"https:\\\/\\\/lavocedelpaese.info\\\/index.php\\\/2023\\\/07\\\/15\\\/parole-in-cantina-dal-26-luglio-la-rassegna-alla-cantina-gentile\\\/\"},\"wordCount\":481,\"commentCount\":0,\"publisher\":{\"@id\":\"https:\\\/\\\/lavocedelpaese.info\\\/#organization\"},\"articleSection\":[\"network\"],\"inLanguage\":\"it-IT\",\"potentialAction\":[{\"@type\":\"CommentAction\",\"name\":\"Comment\",\"target\":[\"https:\\\/\\\/lavocedelpaese.info\\\/index.php\\\/2023\\\/07\\\/15\\\/parole-in-cantina-dal-26-luglio-la-rassegna-alla-cantina-gentile\\\/#respond\"]}]},{\"@type\":\"WebPage\",\"@id\":\"https:\\\/\\\/lavocedelpaese.info\\\/index.php\\\/2023\\\/07\\\/15\\\/parole-in-cantina-dal-26-luglio-la-rassegna-alla-cantina-gentile\\\/\",\"url\":\"https:\\\/\\\/lavocedelpaese.info\\\/index.php\\\/2023\\\/07\\\/15\\\/parole-in-cantina-dal-26-luglio-la-rassegna-alla-cantina-gentile\\\/\",\"name\":\"\u201cParole in Cantina\u201d: dal 26 luglio la rassegna alla Cantina Gentile - La Voce del Paese\",\"isPartOf\":{\"@id\":\"https:\\\/\\\/lavocedelpaese.info\\\/#website\"},\"datePublished\":\"2023-07-15T15:23:04+00:00\",\"breadcrumb\":{\"@id\":\"https:\\\/\\\/lavocedelpaese.info\\\/index.php\\\/2023\\\/07\\\/15\\\/parole-in-cantina-dal-26-luglio-la-rassegna-alla-cantina-gentile\\\/#breadcrumb\"},\"inLanguage\":\"it-IT\",\"potentialAction\":[{\"@type\":\"ReadAction\",\"target\":[\"https:\\\/\\\/lavocedelpaese.info\\\/index.php\\\/2023\\\/07\\\/15\\\/parole-in-cantina-dal-26-luglio-la-rassegna-alla-cantina-gentile\\\/\"]}]},{\"@type\":\"BreadcrumbList\",\"@id\":\"https:\\\/\\\/lavocedelpaese.info\\\/index.php\\\/2023\\\/07\\\/15\\\/parole-in-cantina-dal-26-luglio-la-rassegna-alla-cantina-gentile\\\/#breadcrumb\",\"itemListElement\":[{\"@type\":\"ListItem\",\"position\":1,\"name\":\"Home\",\"item\":\"https:\\\/\\\/lavocedelpaese.info\\\/\"},{\"@type\":\"ListItem\",\"position\":2,\"name\":\"\u201cParole in Cantina\u201d: dal 26 luglio la rassegna alla Cantina Gentile\"}]},{\"@type\":\"WebSite\",\"@id\":\"https:\\\/\\\/lavocedelpaese.info\\\/#website\",\"url\":\"https:\\\/\\\/lavocedelpaese.info\\\/\",\"name\":\"La Voce del Paese\",\"description\":\"Un network di idee\",\"publisher\":{\"@id\":\"https:\\\/\\\/lavocedelpaese.info\\\/#organization\"},\"potentialAction\":[{\"@type\":\"SearchAction\",\"target\":{\"@type\":\"EntryPoint\",\"urlTemplate\":\"https:\\\/\\\/lavocedelpaese.info\\\/?s={search_term_string}\"},\"query-input\":{\"@type\":\"PropertyValueSpecification\",\"valueRequired\":true,\"valueName\":\"search_term_string\"}}],\"inLanguage\":\"it-IT\"},{\"@type\":\"Organization\",\"@id\":\"https:\\\/\\\/lavocedelpaese.info\\\/#organization\",\"name\":\"La Voce del Paese\",\"url\":\"https:\\\/\\\/lavocedelpaese.info\\\/\",\"logo\":{\"@type\":\"ImageObject\",\"inLanguage\":\"it-IT\",\"@id\":\"https:\\\/\\\/lavocedelpaese.info\\\/#\\\/schema\\\/logo\\\/image\\\/\",\"url\":\"https:\\\/\\\/lavocedelpaese.info\\\/wp-content\\\/uploads\\\/2023\\\/01\\\/cropped-logo-150-127.png\",\"contentUrl\":\"https:\\\/\\\/lavocedelpaese.info\\\/wp-content\\\/uploads\\\/2023\\\/01\\\/cropped-logo-150-127.png\",\"width\":137,\"height\":119,\"caption\":\"La Voce del Paese\"},\"image\":{\"@id\":\"https:\\\/\\\/lavocedelpaese.info\\\/#\\\/schema\\\/logo\\\/image\\\/\"},\"sameAs\":[\"https:\\\/\\\/www.facebook.com\\\/lavocedelpaese.info\"]}]}<\/script>\n<!-- \/ Yoast SEO plugin. -->","yoast_head_json":{"title":"\u201cParole in Cantina\u201d: dal 26 luglio la rassegna alla Cantina Gentile - La Voce del Paese","robots":{"index":"index","follow":"follow","max-snippet":"max-snippet:-1","max-image-preview":"max-image-preview:large","max-video-preview":"max-video-preview:-1"},"canonical":"https:\/\/lavocedelpaese.info\/index.php\/2023\/07\/15\/parole-in-cantina-dal-26-luglio-la-rassegna-alla-cantina-gentile\/","og_locale":"it_IT","og_type":"article","og_title":"\u201cParole in Cantina\u201d: dal 26 luglio la rassegna alla Cantina Gentile - La Voce del Paese","og_description":"\u00a0 \u200b\u00a0 \u200bCassano \u2013 La Voce del Paese\u00a0 Portare libri, teatro e idee in una location particolare, la torre vinaria","og_url":"https:\/\/lavocedelpaese.info\/index.php\/2023\/07\/15\/parole-in-cantina-dal-26-luglio-la-rassegna-alla-cantina-gentile\/","og_site_name":"La Voce del Paese","article_publisher":"https:\/\/www.facebook.com\/lavocedelpaese.info","article_published_time":"2023-07-15T15:23:04+00:00","twitter_card":"summary_large_image","twitter_misc":{"Tempo di lettura stimato":"2 minuti"},"schema":{"@context":"https:\/\/schema.org","@graph":[{"@type":"Article","@id":"https:\/\/lavocedelpaese.info\/index.php\/2023\/07\/15\/parole-in-cantina-dal-26-luglio-la-rassegna-alla-cantina-gentile\/#article","isPartOf":{"@id":"https:\/\/lavocedelpaese.info\/index.php\/2023\/07\/15\/parole-in-cantina-dal-26-luglio-la-rassegna-alla-cantina-gentile\/"},"author":{"name":"","@id":""},"headline":"\u201cParole in Cantina\u201d: dal 26 luglio la rassegna alla Cantina Gentile","datePublished":"2023-07-15T15:23:04+00:00","mainEntityOfPage":{"@id":"https:\/\/lavocedelpaese.info\/index.php\/2023\/07\/15\/parole-in-cantina-dal-26-luglio-la-rassegna-alla-cantina-gentile\/"},"wordCount":481,"commentCount":0,"publisher":{"@id":"https:\/\/lavocedelpaese.info\/#organization"},"articleSection":["network"],"inLanguage":"it-IT","potentialAction":[{"@type":"CommentAction","name":"Comment","target":["https:\/\/lavocedelpaese.info\/index.php\/2023\/07\/15\/parole-in-cantina-dal-26-luglio-la-rassegna-alla-cantina-gentile\/#respond"]}]},{"@type":"WebPage","@id":"https:\/\/lavocedelpaese.info\/index.php\/2023\/07\/15\/parole-in-cantina-dal-26-luglio-la-rassegna-alla-cantina-gentile\/","url":"https:\/\/lavocedelpaese.info\/index.php\/2023\/07\/15\/parole-in-cantina-dal-26-luglio-la-rassegna-alla-cantina-gentile\/","name":"\u201cParole in Cantina\u201d: dal 26 luglio la rassegna alla Cantina Gentile - La Voce del Paese","isPartOf":{"@id":"https:\/\/lavocedelpaese.info\/#website"},"datePublished":"2023-07-15T15:23:04+00:00","breadcrumb":{"@id":"https:\/\/lavocedelpaese.info\/index.php\/2023\/07\/15\/parole-in-cantina-dal-26-luglio-la-rassegna-alla-cantina-gentile\/#breadcrumb"},"inLanguage":"it-IT","potentialAction":[{"@type":"ReadAction","target":["https:\/\/lavocedelpaese.info\/index.php\/2023\/07\/15\/parole-in-cantina-dal-26-luglio-la-rassegna-alla-cantina-gentile\/"]}]},{"@type":"BreadcrumbList","@id":"https:\/\/lavocedelpaese.info\/index.php\/2023\/07\/15\/parole-in-cantina-dal-26-luglio-la-rassegna-alla-cantina-gentile\/#breadcrumb","itemListElement":[{"@type":"ListItem","position":1,"name":"Home","item":"https:\/\/lavocedelpaese.info\/"},{"@type":"ListItem","position":2,"name":"\u201cParole in Cantina\u201d: dal 26 luglio la rassegna alla Cantina Gentile"}]},{"@type":"WebSite","@id":"https:\/\/lavocedelpaese.info\/#website","url":"https:\/\/lavocedelpaese.info\/","name":"La Voce del Paese","description":"Un network di idee","publisher":{"@id":"https:\/\/lavocedelpaese.info\/#organization"},"potentialAction":[{"@type":"SearchAction","target":{"@type":"EntryPoint","urlTemplate":"https:\/\/lavocedelpaese.info\/?s={search_term_string}"},"query-input":{"@type":"PropertyValueSpecification","valueRequired":true,"valueName":"search_term_string"}}],"inLanguage":"it-IT"},{"@type":"Organization","@id":"https:\/\/lavocedelpaese.info\/#organization","name":"La Voce del Paese","url":"https:\/\/lavocedelpaese.info\/","logo":{"@type":"ImageObject","inLanguage":"it-IT","@id":"https:\/\/lavocedelpaese.info\/#\/schema\/logo\/image\/","url":"https:\/\/lavocedelpaese.info\/wp-content\/uploads\/2023\/01\/cropped-logo-150-127.png","contentUrl":"https:\/\/lavocedelpaese.info\/wp-content\/uploads\/2023\/01\/cropped-logo-150-127.png","width":137,"height":119,"caption":"La Voce del Paese"},"image":{"@id":"https:\/\/lavocedelpaese.info\/#\/schema\/logo\/image\/"},"sameAs":["https:\/\/www.facebook.com\/lavocedelpaese.info"]}]}},"_links":{"self":[{"href":"https:\/\/lavocedelpaese.info\/index.php\/wp-json\/wp\/v2\/posts\/1750","targetHints":{"allow":["GET"]}}],"collection":[{"href":"https:\/\/lavocedelpaese.info\/index.php\/wp-json\/wp\/v2\/posts"}],"about":[{"href":"https:\/\/lavocedelpaese.info\/index.php\/wp-json\/wp\/v2\/types\/post"}],"replies":[{"embeddable":true,"href":"https:\/\/lavocedelpaese.info\/index.php\/wp-json\/wp\/v2\/comments?post=1750"}],"version-history":[{"count":0,"href":"https:\/\/lavocedelpaese.info\/index.php\/wp-json\/wp\/v2\/posts\/1750\/revisions"}],"wp:attachment":[{"href":"https:\/\/lavocedelpaese.info\/index.php\/wp-json\/wp\/v2\/media?parent=1750"}],"wp:term":[{"taxonomy":"category","embeddable":true,"href":"https:\/\/lavocedelpaese.info\/index.php\/wp-json\/wp\/v2\/categories?post=1750"},{"taxonomy":"post_tag","embeddable":true,"href":"https:\/\/lavocedelpaese.info\/index.php\/wp-json\/wp\/v2\/tags?post=1750"}],"curies":[{"name":"wp","href":"https:\/\/api.w.org\/{rel}","templated":true}]}}