{"id":1746,"date":"2023-07-15T05:16:48","date_gmt":"2023-07-15T05:16:48","guid":{"rendered":"https:\/\/lavocedelpaese.info\/index.php\/2023\/07\/15\/asd-revolution-turi-confermati-henry-rodriguez-e-cosimo-meuli\/"},"modified":"2023-07-15T05:16:48","modified_gmt":"2023-07-15T05:16:48","slug":"asd-revolution-turi-confermati-henry-rodriguez-e-cosimo-meuli","status":"publish","type":"post","link":"https:\/\/lavocedelpaese.info\/index.php\/2023\/07\/15\/asd-revolution-turi-confermati-henry-rodriguez-e-cosimo-meuli\/","title":{"rendered":"Asd Revolution Turi, confermati Henry Rodriguez e Cosimo Meuli"},"content":{"rendered":"<p>\u00a0<\/p>\n<p>\u200b\u00a0<\/p>\n<p>\u200bTuri \u2013 La Voce del Paese\u00a0<\/p>\n<p><strong>HENRY RODRIGUEZ CONFERMATO NELLO STAFF TECNICO BIANCOAZZURRO<\/strong><\/p>\n<p>Lo staff tecnico dell\u2019Arr\u00e8 Formaggi Turi si completa con la conferma di Henry Rodriguez, che affiancher\u00e0 mister Spinelli in veste di assistant coach.<\/p>\n<p>L\u2019ex schiacciatore venezuelano, classe 1962, che proprio a Turi ha concluso la sua lunga carriera con le ultime stagioni in B2 (2004-05 e 2005-06) ha iniziato proprio con il settore giovanile turese la sua carriera di allenatore.<\/p>\n<p>Confermato nella compagine turese con la voglia di continuare a dare il proprio contributo in un ambiente che lo ha sempre apprezzato e stimato sia da atleta che da allenatore.<\/p>\n<p>Buon lavoro mister!<\/p>\n<div class=\"wp-block-spacer\"><\/div>\n<p><strong>COSIMO MEULI RICONFERMATO ALLA GUIDA DELLA FARMACIA MASTROLONARDO TURI!<\/strong><\/p>\n<p>Sar\u00e0 ancora mister Cosimo Meuli il tecnico della Farmacia \u201cMastrolonardo\u201d Turi nel prossimo campionato nazionale di serie C femminile, che il Turi affronter\u00e0 per il secondo anno di fila nella stagione 2023\/2024, dopo il settimo posto all\u2019esordio nella passata annata.<\/p>\n<p>La dirigenza dell\u2019Asd Revolution Turi, guidata dal presidente Domenico D\u2019Aprile e dal d.g. Daniele Marotta, conferma dunque la fiducia in mister Cosimo Meuli, che sar\u00e0 per il quarto anno consecutivo responsabile della prima squadra femminile del Turi.<\/p>\n<p>Inoltre, il tecnico conversanese rimane per la sesta stagione di fila alla guida del settore giovanile.<\/p>\n<p>Le parole del mister: \u201cProvo tanta felicit\u00e0 nel rinnovare la collaborazione con la societ\u00e0 ed \u00e8 per questo che la ringrazio per la fiducia sempre avuta in questi meravigliosi 6 anni. Essere ancora alla guida \u00e8 uno stimolo importante per fare sempre meglio, darsi obiettivi costanti e nuovi \u00e8 la marcia in pi\u00f9 che serve per lavorare sempre bene. Sono entusiasta di poter partecipare con questi colori al secondo anno di serie C, come sempre sar\u00e0 una stagione durissima, presenter\u00e0 molte pi\u00f9 insidie dello scorso anno, per\u00f2 sono molto fiducioso perch\u00e9 insieme alla societ\u00e0 stiamo allestendo un roster che potr\u00e0 difendersi bene anche in questo campionato. Mi auguro che come successo per la passata stagione l\u2019entusiasmo e il tifo del pubblico sia sempre un nostro alleato soprattutto in casa\u201d.<\/p>\n<p><a class=\"a2a_button_facebook\" href=\"https:\/\/www.addtoany.com\/add_to\/facebook?linkurl=https%3A%2F%2Fturi.lavocedelpaese.info%2Fasd-revolution-turi-confermati-henry-rodriguez-e-cosimo-meuli%2F&amp;linkname=Asd%20Revolution%20Turi%2C%20confermati%20Henry%20Rodriguez%20e%20Cosimo%20Meuli\" title=\"Facebook\" target=\"_blank\" rel=\"noopener\"><\/a><a class=\"a2a_button_twitter\" href=\"https:\/\/www.addtoany.com\/add_to\/twitter?linkurl=https%3A%2F%2Fturi.lavocedelpaese.info%2Fasd-revolution-turi-confermati-henry-rodriguez-e-cosimo-meuli%2F&amp;linkname=Asd%20Revolution%20Turi%2C%20confermati%20Henry%20Rodriguez%20e%20Cosimo%20Meuli\" title=\"Twitter\" target=\"_blank\" rel=\"noopener\"><\/a><a class=\"a2a_button_whatsapp\" href=\"https:\/\/www.addtoany.com\/add_to\/whatsapp?linkurl=https%3A%2F%2Fturi.lavocedelpaese.info%2Fasd-revolution-turi-confermati-henry-rodriguez-e-cosimo-meuli%2F&amp;linkname=Asd%20Revolution%20Turi%2C%20confermati%20Henry%20Rodriguez%20e%20Cosimo%20Meuli\" title=\"WhatsApp\" target=\"_blank\" rel=\"noopener\"><\/a><a class=\"a2a_button_telegram\" href=\"https:\/\/www.addtoany.com\/add_to\/telegram?linkurl=https%3A%2F%2Fturi.lavocedelpaese.info%2Fasd-revolution-turi-confermati-henry-rodriguez-e-cosimo-meuli%2F&amp;linkname=Asd%20Revolution%20Turi%2C%20confermati%20Henry%20Rodriguez%20e%20Cosimo%20Meuli\" title=\"Telegram\" target=\"_blank\" rel=\"noopener\"><\/a><a class=\"a2a_button_email\" href=\"https:\/\/www.addtoany.com\/add_to\/email?linkurl=https%3A%2F%2Fturi.lavocedelpaese.info%2Fasd-revolution-turi-confermati-henry-rodriguez-e-cosimo-meuli%2F&amp;linkname=Asd%20Revolution%20Turi%2C%20confermati%20Henry%20Rodriguez%20e%20Cosimo%20Meuli\" title=\"Email\" target=\"_blank\" rel=\"noopener\"><\/a><\/p>\n<p>\u00a0<\/p>","protected":false},"excerpt":{"rendered":"<p>\u00a0 \u200b\u00a0 \u200bTuri \u2013 La Voce del Paese\u00a0 HENRY RODRIGUEZ CONFERMATO NELLO STAFF TECNICO BIANCOAZZURRO Lo staff tecnico dell\u2019Arr\u00e8 Formaggi<\/p>\n","protected":false},"author":0,"featured_media":0,"comment_status":"open","ping_status":"closed","sticky":false,"template":"","format":"standard","meta":{"colormag_page_container_layout":"default_layout","colormag_page_sidebar_layout":"default_layout","footnotes":""},"categories":[33],"tags":[],"class_list":["post-1746","post","type-post","status-publish","format-standard","hentry","category-network"],"yoast_head":"<!-- This site is optimized with the Yoast SEO plugin v27.5 - https:\/\/yoast.com\/product\/yoast-seo-wordpress\/ -->\n<title>Asd Revolution Turi, confermati Henry Rodriguez e Cosimo Meuli - La Voce del Paese<\/title>\n<meta name=\"robots\" content=\"index, follow, max-snippet:-1, max-image-preview:large, max-video-preview:-1\" \/>\n<link rel=\"canonical\" href=\"https:\/\/lavocedelpaese.info\/index.php\/2023\/07\/15\/asd-revolution-turi-confermati-henry-rodriguez-e-cosimo-meuli\/\" \/>\n<meta property=\"og:locale\" content=\"it_IT\" \/>\n<meta property=\"og:type\" content=\"article\" \/>\n<meta property=\"og:title\" content=\"Asd Revolution Turi, confermati Henry Rodriguez e Cosimo Meuli - La Voce del Paese\" \/>\n<meta property=\"og:description\" content=\"\u00a0 \u200b\u00a0 \u200bTuri \u2013 La Voce del Paese\u00a0 HENRY RODRIGUEZ CONFERMATO NELLO STAFF TECNICO BIANCOAZZURRO Lo staff tecnico dell\u2019Arr\u00e8 Formaggi\" \/>\n<meta property=\"og:url\" content=\"https:\/\/lavocedelpaese.info\/index.php\/2023\/07\/15\/asd-revolution-turi-confermati-henry-rodriguez-e-cosimo-meuli\/\" \/>\n<meta property=\"og:site_name\" content=\"La Voce del Paese\" \/>\n<meta property=\"article:publisher\" content=\"https:\/\/www.facebook.com\/lavocedelpaese.info\" \/>\n<meta property=\"article:published_time\" content=\"2023-07-15T05:16:48+00:00\" \/>\n<meta name=\"twitter:card\" content=\"summary_large_image\" \/>\n<meta name=\"twitter:label1\" content=\"Tempo di lettura stimato\" \/>\n\t<meta name=\"twitter:data1\" content=\"2 minuti\" \/>\n<script type=\"application\/ld+json\" class=\"yoast-schema-graph\">{\"@context\":\"https:\\\/\\\/schema.org\",\"@graph\":[{\"@type\":\"Article\",\"@id\":\"https:\\\/\\\/lavocedelpaese.info\\\/index.php\\\/2023\\\/07\\\/15\\\/asd-revolution-turi-confermati-henry-rodriguez-e-cosimo-meuli\\\/#article\",\"isPartOf\":{\"@id\":\"https:\\\/\\\/lavocedelpaese.info\\\/index.php\\\/2023\\\/07\\\/15\\\/asd-revolution-turi-confermati-henry-rodriguez-e-cosimo-meuli\\\/\"},\"author\":{\"name\":\"\",\"@id\":\"\"},\"headline\":\"Asd Revolution Turi, confermati Henry Rodriguez e Cosimo Meuli\",\"datePublished\":\"2023-07-15T05:16:48+00:00\",\"mainEntityOfPage\":{\"@id\":\"https:\\\/\\\/lavocedelpaese.info\\\/index.php\\\/2023\\\/07\\\/15\\\/asd-revolution-turi-confermati-henry-rodriguez-e-cosimo-meuli\\\/\"},\"wordCount\":346,\"commentCount\":0,\"publisher\":{\"@id\":\"https:\\\/\\\/lavocedelpaese.info\\\/#organization\"},\"articleSection\":[\"network\"],\"inLanguage\":\"it-IT\",\"potentialAction\":[{\"@type\":\"CommentAction\",\"name\":\"Comment\",\"target\":[\"https:\\\/\\\/lavocedelpaese.info\\\/index.php\\\/2023\\\/07\\\/15\\\/asd-revolution-turi-confermati-henry-rodriguez-e-cosimo-meuli\\\/#respond\"]}]},{\"@type\":\"WebPage\",\"@id\":\"https:\\\/\\\/lavocedelpaese.info\\\/index.php\\\/2023\\\/07\\\/15\\\/asd-revolution-turi-confermati-henry-rodriguez-e-cosimo-meuli\\\/\",\"url\":\"https:\\\/\\\/lavocedelpaese.info\\\/index.php\\\/2023\\\/07\\\/15\\\/asd-revolution-turi-confermati-henry-rodriguez-e-cosimo-meuli\\\/\",\"name\":\"Asd Revolution Turi, confermati Henry Rodriguez e Cosimo Meuli - La Voce del Paese\",\"isPartOf\":{\"@id\":\"https:\\\/\\\/lavocedelpaese.info\\\/#website\"},\"datePublished\":\"2023-07-15T05:16:48+00:00\",\"breadcrumb\":{\"@id\":\"https:\\\/\\\/lavocedelpaese.info\\\/index.php\\\/2023\\\/07\\\/15\\\/asd-revolution-turi-confermati-henry-rodriguez-e-cosimo-meuli\\\/#breadcrumb\"},\"inLanguage\":\"it-IT\",\"potentialAction\":[{\"@type\":\"ReadAction\",\"target\":[\"https:\\\/\\\/lavocedelpaese.info\\\/index.php\\\/2023\\\/07\\\/15\\\/asd-revolution-turi-confermati-henry-rodriguez-e-cosimo-meuli\\\/\"]}]},{\"@type\":\"BreadcrumbList\",\"@id\":\"https:\\\/\\\/lavocedelpaese.info\\\/index.php\\\/2023\\\/07\\\/15\\\/asd-revolution-turi-confermati-henry-rodriguez-e-cosimo-meuli\\\/#breadcrumb\",\"itemListElement\":[{\"@type\":\"ListItem\",\"position\":1,\"name\":\"Home\",\"item\":\"https:\\\/\\\/lavocedelpaese.info\\\/\"},{\"@type\":\"ListItem\",\"position\":2,\"name\":\"Asd Revolution Turi, confermati Henry Rodriguez e Cosimo Meuli\"}]},{\"@type\":\"WebSite\",\"@id\":\"https:\\\/\\\/lavocedelpaese.info\\\/#website\",\"url\":\"https:\\\/\\\/lavocedelpaese.info\\\/\",\"name\":\"La Voce del Paese\",\"description\":\"Un network di idee\",\"publisher\":{\"@id\":\"https:\\\/\\\/lavocedelpaese.info\\\/#organization\"},\"potentialAction\":[{\"@type\":\"SearchAction\",\"target\":{\"@type\":\"EntryPoint\",\"urlTemplate\":\"https:\\\/\\\/lavocedelpaese.info\\\/?s={search_term_string}\"},\"query-input\":{\"@type\":\"PropertyValueSpecification\",\"valueRequired\":true,\"valueName\":\"search_term_string\"}}],\"inLanguage\":\"it-IT\"},{\"@type\":\"Organization\",\"@id\":\"https:\\\/\\\/lavocedelpaese.info\\\/#organization\",\"name\":\"La Voce del Paese\",\"url\":\"https:\\\/\\\/lavocedelpaese.info\\\/\",\"logo\":{\"@type\":\"ImageObject\",\"inLanguage\":\"it-IT\",\"@id\":\"https:\\\/\\\/lavocedelpaese.info\\\/#\\\/schema\\\/logo\\\/image\\\/\",\"url\":\"https:\\\/\\\/lavocedelpaese.info\\\/wp-content\\\/uploads\\\/2023\\\/01\\\/cropped-logo-150-127.png\",\"contentUrl\":\"https:\\\/\\\/lavocedelpaese.info\\\/wp-content\\\/uploads\\\/2023\\\/01\\\/cropped-logo-150-127.png\",\"width\":137,\"height\":119,\"caption\":\"La Voce del Paese\"},\"image\":{\"@id\":\"https:\\\/\\\/lavocedelpaese.info\\\/#\\\/schema\\\/logo\\\/image\\\/\"},\"sameAs\":[\"https:\\\/\\\/www.facebook.com\\\/lavocedelpaese.info\"]}]}<\/script>\n<!-- \/ Yoast SEO plugin. -->","yoast_head_json":{"title":"Asd Revolution Turi, confermati Henry Rodriguez e Cosimo Meuli - La Voce del Paese","robots":{"index":"index","follow":"follow","max-snippet":"max-snippet:-1","max-image-preview":"max-image-preview:large","max-video-preview":"max-video-preview:-1"},"canonical":"https:\/\/lavocedelpaese.info\/index.php\/2023\/07\/15\/asd-revolution-turi-confermati-henry-rodriguez-e-cosimo-meuli\/","og_locale":"it_IT","og_type":"article","og_title":"Asd Revolution Turi, confermati Henry Rodriguez e Cosimo Meuli - La Voce del Paese","og_description":"\u00a0 \u200b\u00a0 \u200bTuri \u2013 La Voce del Paese\u00a0 HENRY RODRIGUEZ CONFERMATO NELLO STAFF TECNICO BIANCOAZZURRO Lo staff tecnico dell\u2019Arr\u00e8 Formaggi","og_url":"https:\/\/lavocedelpaese.info\/index.php\/2023\/07\/15\/asd-revolution-turi-confermati-henry-rodriguez-e-cosimo-meuli\/","og_site_name":"La Voce del Paese","article_publisher":"https:\/\/www.facebook.com\/lavocedelpaese.info","article_published_time":"2023-07-15T05:16:48+00:00","twitter_card":"summary_large_image","twitter_misc":{"Tempo di lettura stimato":"2 minuti"},"schema":{"@context":"https:\/\/schema.org","@graph":[{"@type":"Article","@id":"https:\/\/lavocedelpaese.info\/index.php\/2023\/07\/15\/asd-revolution-turi-confermati-henry-rodriguez-e-cosimo-meuli\/#article","isPartOf":{"@id":"https:\/\/lavocedelpaese.info\/index.php\/2023\/07\/15\/asd-revolution-turi-confermati-henry-rodriguez-e-cosimo-meuli\/"},"author":{"name":"","@id":""},"headline":"Asd Revolution Turi, confermati Henry Rodriguez e Cosimo Meuli","datePublished":"2023-07-15T05:16:48+00:00","mainEntityOfPage":{"@id":"https:\/\/lavocedelpaese.info\/index.php\/2023\/07\/15\/asd-revolution-turi-confermati-henry-rodriguez-e-cosimo-meuli\/"},"wordCount":346,"commentCount":0,"publisher":{"@id":"https:\/\/lavocedelpaese.info\/#organization"},"articleSection":["network"],"inLanguage":"it-IT","potentialAction":[{"@type":"CommentAction","name":"Comment","target":["https:\/\/lavocedelpaese.info\/index.php\/2023\/07\/15\/asd-revolution-turi-confermati-henry-rodriguez-e-cosimo-meuli\/#respond"]}]},{"@type":"WebPage","@id":"https:\/\/lavocedelpaese.info\/index.php\/2023\/07\/15\/asd-revolution-turi-confermati-henry-rodriguez-e-cosimo-meuli\/","url":"https:\/\/lavocedelpaese.info\/index.php\/2023\/07\/15\/asd-revolution-turi-confermati-henry-rodriguez-e-cosimo-meuli\/","name":"Asd Revolution Turi, confermati Henry Rodriguez e Cosimo Meuli - La Voce del Paese","isPartOf":{"@id":"https:\/\/lavocedelpaese.info\/#website"},"datePublished":"2023-07-15T05:16:48+00:00","breadcrumb":{"@id":"https:\/\/lavocedelpaese.info\/index.php\/2023\/07\/15\/asd-revolution-turi-confermati-henry-rodriguez-e-cosimo-meuli\/#breadcrumb"},"inLanguage":"it-IT","potentialAction":[{"@type":"ReadAction","target":["https:\/\/lavocedelpaese.info\/index.php\/2023\/07\/15\/asd-revolution-turi-confermati-henry-rodriguez-e-cosimo-meuli\/"]}]},{"@type":"BreadcrumbList","@id":"https:\/\/lavocedelpaese.info\/index.php\/2023\/07\/15\/asd-revolution-turi-confermati-henry-rodriguez-e-cosimo-meuli\/#breadcrumb","itemListElement":[{"@type":"ListItem","position":1,"name":"Home","item":"https:\/\/lavocedelpaese.info\/"},{"@type":"ListItem","position":2,"name":"Asd Revolution Turi, confermati Henry Rodriguez e Cosimo Meuli"}]},{"@type":"WebSite","@id":"https:\/\/lavocedelpaese.info\/#website","url":"https:\/\/lavocedelpaese.info\/","name":"La Voce del Paese","description":"Un network di idee","publisher":{"@id":"https:\/\/lavocedelpaese.info\/#organization"},"potentialAction":[{"@type":"SearchAction","target":{"@type":"EntryPoint","urlTemplate":"https:\/\/lavocedelpaese.info\/?s={search_term_string}"},"query-input":{"@type":"PropertyValueSpecification","valueRequired":true,"valueName":"search_term_string"}}],"inLanguage":"it-IT"},{"@type":"Organization","@id":"https:\/\/lavocedelpaese.info\/#organization","name":"La Voce del Paese","url":"https:\/\/lavocedelpaese.info\/","logo":{"@type":"ImageObject","inLanguage":"it-IT","@id":"https:\/\/lavocedelpaese.info\/#\/schema\/logo\/image\/","url":"https:\/\/lavocedelpaese.info\/wp-content\/uploads\/2023\/01\/cropped-logo-150-127.png","contentUrl":"https:\/\/lavocedelpaese.info\/wp-content\/uploads\/2023\/01\/cropped-logo-150-127.png","width":137,"height":119,"caption":"La Voce del Paese"},"image":{"@id":"https:\/\/lavocedelpaese.info\/#\/schema\/logo\/image\/"},"sameAs":["https:\/\/www.facebook.com\/lavocedelpaese.info"]}]}},"_links":{"self":[{"href":"https:\/\/lavocedelpaese.info\/index.php\/wp-json\/wp\/v2\/posts\/1746","targetHints":{"allow":["GET"]}}],"collection":[{"href":"https:\/\/lavocedelpaese.info\/index.php\/wp-json\/wp\/v2\/posts"}],"about":[{"href":"https:\/\/lavocedelpaese.info\/index.php\/wp-json\/wp\/v2\/types\/post"}],"replies":[{"embeddable":true,"href":"https:\/\/lavocedelpaese.info\/index.php\/wp-json\/wp\/v2\/comments?post=1746"}],"version-history":[{"count":0,"href":"https:\/\/lavocedelpaese.info\/index.php\/wp-json\/wp\/v2\/posts\/1746\/revisions"}],"wp:attachment":[{"href":"https:\/\/lavocedelpaese.info\/index.php\/wp-json\/wp\/v2\/media?parent=1746"}],"wp:term":[{"taxonomy":"category","embeddable":true,"href":"https:\/\/lavocedelpaese.info\/index.php\/wp-json\/wp\/v2\/categories?post=1746"},{"taxonomy":"post_tag","embeddable":true,"href":"https:\/\/lavocedelpaese.info\/index.php\/wp-json\/wp\/v2\/tags?post=1746"}],"curies":[{"name":"wp","href":"https:\/\/api.w.org\/{rel}","templated":true}]}}