{"id":1743,"date":"2023-07-14T06:27:25","date_gmt":"2023-07-14T06:27:25","guid":{"rendered":"https:\/\/lavocedelpaese.info\/index.php\/2023\/07\/14\/si-e-chiuso-lultimo-sipario-addio-gianni\/"},"modified":"2023-07-14T06:27:25","modified_gmt":"2023-07-14T06:27:25","slug":"si-e-chiuso-lultimo-sipario-addio-gianni","status":"publish","type":"post","link":"https:\/\/lavocedelpaese.info\/index.php\/2023\/07\/14\/si-e-chiuso-lultimo-sipario-addio-gianni\/","title":{"rendered":"Si \u00e8 chiuso l\u2019ultimo sipario: addio, Gianni"},"content":{"rendered":"<p>\u00a0<\/p>\n<p>\u200b\u00a0<\/p>\n<p>\u200bCassano \u2013 La Voce del Paese\u00a0<\/p>\n<p>di Vito Campanale<\/p>\n<p>Credo che, in fondo, tu te ne sia andato nella maniera che, potendo, avresti scelto: in mezzo alla natura, sulla tua bici della quale andavi fiero, negli occhi ancora le spettacolari immagini dell\u2019ultimo film visto insieme appena la sera prima, puntualmente recensito a notte fonda, prima di andare a dormire.<\/p>\n<p>Addio Gianni, ti si \u00e8 chiuso l\u2019ultimo sipario.<\/p>\n<p>Gianni Solazzo era un uomo buono. Gentile, educato, un uomo all\u2019antica.<\/p>\n<p>Un uomo con alle spalle una storia incredibile, come incredibili sono le storie dei mariti e padri ripudiati, costretti a vivere una vita totalmente stravolta.<\/p>\n<p>Una di quelle vite in cui ti salvi solo con le tue forze e un piccolo drappello di amici.<\/p>\n<p>Una vita cos\u00ec simile alla mia, che credo fosse inevitabile che dovessimo condividerle, per un tratto.<\/p>\n<p>Non esit\u00f2 un istante Gianni, che pure conoscevo da appena poche settimane, ad offrirmi ospitalit\u00e0 in casa sua quando ero disperato e non sapevo dove andare.<\/p>\n<p>Gli bast\u00f2 sentire la mia storia, cos\u00ec simile alla sua; gli bast\u00f2 sapere che ero interista come lui, che come lui amavo la buona musica, il cinema, i libri, i fumetti, le donne, le stesse cose che piacevano a lui.<\/p>\n<p>Gianni era un uomo di una cultura enorme sebbene non avesse un titolo di studio.<\/p>\n<p>Avrebbe saputo tener testa a fior di critici cinematografici, letterati, politici.<\/p>\n<p>Disilluso dal comunismo, che pratic\u00f2 in giovent\u00f9, seguiva solo l\u2019ideologia dettatagli dalla propria cultura e conoscenza.<\/p>\n<p>Era tarantino di nascita, vissuto a Bologna in un\u2019altra vita.<\/p>\n<p>Giovane attore, a Taranto aveva fondato una compagnia di teatro sperimentale e continu\u00f2 a frequentare quegli ambienti anche a Bologna, dove visse con la prima moglie gestendo un\u2019edicola.<\/p>\n<p>Due matrimoni falliti alle spalle, la vita terremotata dalla seconda separazione, una figlia con la quale riusc\u00ec con infinita pazienza a ricucire il rapporto, e che ha fatto in tempo a vederlo ultrasessantenne diplomato, iscritto ai corsi serali del nostro liceo.<\/p>\n<p>La povert\u00e0, economica e di affetti, della quale tante volte abbiamo riso insieme; cos\u00ec come mille volte abbiamo riso della vita e della morte: null\u2019altro che una porta da aprire o chiudere con le nostre mani, quando fosse giunto il momento.<\/p>\n<p>L\u2019ultimo sipario invece ti si \u00e8 chiuso da s\u00e9.<\/p>\n<p>Quando progettavo la presentazione del mio ultimo libro fu lui stesso a propormi una teatralizzazione dell\u2019evento secondo il collaudato gioco dell\u2019intellettuale e dello scemo: Gianni e Pinotto, Stanlio e Ollio, Ciccio e Franco. E fu un successo.<\/p>\n<p>Un successo che replicammo pi\u00f9 volte, in altre presentazioni, in \u201c<em>Magna Inventio<\/em>\u201d, in qualche visita guidata nel centro storico; un successo che avevamo in progetto di trasformare, un giorno, in un vero spettacolo teatrale incentrato sulla storia di Cassano.<\/p>\n<p>Tutto grazie alla sua bravura, alla sua recitazione, alla sua auto-ironia soprattutto.<\/p>\n<p>Mi mancheranno le lunghe chiacchierate con te, i tuoi libri, i tuoi dischi, le partite viste insieme.<\/p>\n<p>Ciao Gianni, che la terra ti sia lieve.<\/p>\n<p><a class=\"a2a_button_facebook\" href=\"https:\/\/www.addtoany.com\/add_to\/facebook?linkurl=https%3A%2F%2Fcassano.lavocedelpaese.info%2Findex.php%2F2023%2F07%2F14%2Faddio-gianni-ti-si-e-chiuso-lultimo-sipario%2F&amp;linkname=Si%20%C3%A8%20chiuso%20l%E2%80%99ultimo%20sipario%3A%20addio%2C%20Gianni\" title=\"Facebook\" target=\"_blank\" rel=\"noopener\"><\/a><a class=\"a2a_button_twitter\" href=\"https:\/\/www.addtoany.com\/add_to\/twitter?linkurl=https%3A%2F%2Fcassano.lavocedelpaese.info%2Findex.php%2F2023%2F07%2F14%2Faddio-gianni-ti-si-e-chiuso-lultimo-sipario%2F&amp;linkname=Si%20%C3%A8%20chiuso%20l%E2%80%99ultimo%20sipario%3A%20addio%2C%20Gianni\" title=\"Twitter\" target=\"_blank\" rel=\"noopener\"><\/a><a class=\"a2a_button_whatsapp\" href=\"https:\/\/www.addtoany.com\/add_to\/whatsapp?linkurl=https%3A%2F%2Fcassano.lavocedelpaese.info%2Findex.php%2F2023%2F07%2F14%2Faddio-gianni-ti-si-e-chiuso-lultimo-sipario%2F&amp;linkname=Si%20%C3%A8%20chiuso%20l%E2%80%99ultimo%20sipario%3A%20addio%2C%20Gianni\" title=\"WhatsApp\" target=\"_blank\" rel=\"noopener\"><\/a><a class=\"a2a_button_telegram\" href=\"https:\/\/www.addtoany.com\/add_to\/telegram?linkurl=https%3A%2F%2Fcassano.lavocedelpaese.info%2Findex.php%2F2023%2F07%2F14%2Faddio-gianni-ti-si-e-chiuso-lultimo-sipario%2F&amp;linkname=Si%20%C3%A8%20chiuso%20l%E2%80%99ultimo%20sipario%3A%20addio%2C%20Gianni\" title=\"Telegram\" target=\"_blank\" rel=\"noopener\"><\/a><a class=\"a2a_button_email\" href=\"https:\/\/www.addtoany.com\/add_to\/email?linkurl=https%3A%2F%2Fcassano.lavocedelpaese.info%2Findex.php%2F2023%2F07%2F14%2Faddio-gianni-ti-si-e-chiuso-lultimo-sipario%2F&amp;linkname=Si%20%C3%A8%20chiuso%20l%E2%80%99ultimo%20sipario%3A%20addio%2C%20Gianni\" title=\"Email\" target=\"_blank\" rel=\"noopener\"><\/a><\/p>\n<p>\u00a0<\/p>","protected":false},"excerpt":{"rendered":"<p>\u00a0 \u200b\u00a0 \u200bCassano \u2013 La Voce del Paese\u00a0 di Vito Campanale Credo che, in fondo, tu te ne sia andato<\/p>\n","protected":false},"author":0,"featured_media":0,"comment_status":"open","ping_status":"closed","sticky":false,"template":"","format":"standard","meta":{"colormag_page_container_layout":"default_layout","colormag_page_sidebar_layout":"default_layout","footnotes":""},"categories":[33],"tags":[],"class_list":["post-1743","post","type-post","status-publish","format-standard","hentry","category-network"],"yoast_head":"<!-- This site is optimized with the Yoast SEO plugin v27.5 - https:\/\/yoast.com\/product\/yoast-seo-wordpress\/ -->\n<title>Si \u00e8 chiuso l\u2019ultimo sipario: addio, Gianni - La Voce del Paese<\/title>\n<meta name=\"robots\" content=\"index, follow, max-snippet:-1, max-image-preview:large, max-video-preview:-1\" \/>\n<link rel=\"canonical\" href=\"https:\/\/lavocedelpaese.info\/index.php\/2023\/07\/14\/si-e-chiuso-lultimo-sipario-addio-gianni\/\" \/>\n<meta property=\"og:locale\" content=\"it_IT\" \/>\n<meta property=\"og:type\" content=\"article\" \/>\n<meta property=\"og:title\" content=\"Si \u00e8 chiuso l\u2019ultimo sipario: addio, Gianni - La Voce del Paese\" \/>\n<meta property=\"og:description\" content=\"\u00a0 \u200b\u00a0 \u200bCassano \u2013 La Voce del Paese\u00a0 di Vito Campanale Credo che, in fondo, tu te ne sia andato\" \/>\n<meta property=\"og:url\" content=\"https:\/\/lavocedelpaese.info\/index.php\/2023\/07\/14\/si-e-chiuso-lultimo-sipario-addio-gianni\/\" \/>\n<meta property=\"og:site_name\" content=\"La Voce del Paese\" \/>\n<meta property=\"article:publisher\" content=\"https:\/\/www.facebook.com\/lavocedelpaese.info\" \/>\n<meta property=\"article:published_time\" content=\"2023-07-14T06:27:25+00:00\" \/>\n<meta name=\"twitter:card\" content=\"summary_large_image\" \/>\n<meta name=\"twitter:label1\" content=\"Tempo di lettura stimato\" \/>\n\t<meta name=\"twitter:data1\" content=\"2 minuti\" \/>\n<script type=\"application\/ld+json\" class=\"yoast-schema-graph\">{\"@context\":\"https:\\\/\\\/schema.org\",\"@graph\":[{\"@type\":\"Article\",\"@id\":\"https:\\\/\\\/lavocedelpaese.info\\\/index.php\\\/2023\\\/07\\\/14\\\/si-e-chiuso-lultimo-sipario-addio-gianni\\\/#article\",\"isPartOf\":{\"@id\":\"https:\\\/\\\/lavocedelpaese.info\\\/index.php\\\/2023\\\/07\\\/14\\\/si-e-chiuso-lultimo-sipario-addio-gianni\\\/\"},\"author\":{\"name\":\"\",\"@id\":\"\"},\"headline\":\"Si \u00e8 chiuso l\u2019ultimo sipario: addio, Gianni\",\"datePublished\":\"2023-07-14T06:27:25+00:00\",\"mainEntityOfPage\":{\"@id\":\"https:\\\/\\\/lavocedelpaese.info\\\/index.php\\\/2023\\\/07\\\/14\\\/si-e-chiuso-lultimo-sipario-addio-gianni\\\/\"},\"wordCount\":502,\"commentCount\":0,\"publisher\":{\"@id\":\"https:\\\/\\\/lavocedelpaese.info\\\/#organization\"},\"articleSection\":[\"network\"],\"inLanguage\":\"it-IT\",\"potentialAction\":[{\"@type\":\"CommentAction\",\"name\":\"Comment\",\"target\":[\"https:\\\/\\\/lavocedelpaese.info\\\/index.php\\\/2023\\\/07\\\/14\\\/si-e-chiuso-lultimo-sipario-addio-gianni\\\/#respond\"]}]},{\"@type\":\"WebPage\",\"@id\":\"https:\\\/\\\/lavocedelpaese.info\\\/index.php\\\/2023\\\/07\\\/14\\\/si-e-chiuso-lultimo-sipario-addio-gianni\\\/\",\"url\":\"https:\\\/\\\/lavocedelpaese.info\\\/index.php\\\/2023\\\/07\\\/14\\\/si-e-chiuso-lultimo-sipario-addio-gianni\\\/\",\"name\":\"Si \u00e8 chiuso l\u2019ultimo sipario: addio, Gianni - La Voce del Paese\",\"isPartOf\":{\"@id\":\"https:\\\/\\\/lavocedelpaese.info\\\/#website\"},\"datePublished\":\"2023-07-14T06:27:25+00:00\",\"breadcrumb\":{\"@id\":\"https:\\\/\\\/lavocedelpaese.info\\\/index.php\\\/2023\\\/07\\\/14\\\/si-e-chiuso-lultimo-sipario-addio-gianni\\\/#breadcrumb\"},\"inLanguage\":\"it-IT\",\"potentialAction\":[{\"@type\":\"ReadAction\",\"target\":[\"https:\\\/\\\/lavocedelpaese.info\\\/index.php\\\/2023\\\/07\\\/14\\\/si-e-chiuso-lultimo-sipario-addio-gianni\\\/\"]}]},{\"@type\":\"BreadcrumbList\",\"@id\":\"https:\\\/\\\/lavocedelpaese.info\\\/index.php\\\/2023\\\/07\\\/14\\\/si-e-chiuso-lultimo-sipario-addio-gianni\\\/#breadcrumb\",\"itemListElement\":[{\"@type\":\"ListItem\",\"position\":1,\"name\":\"Home\",\"item\":\"https:\\\/\\\/lavocedelpaese.info\\\/\"},{\"@type\":\"ListItem\",\"position\":2,\"name\":\"Si \u00e8 chiuso l\u2019ultimo sipario: addio, Gianni\"}]},{\"@type\":\"WebSite\",\"@id\":\"https:\\\/\\\/lavocedelpaese.info\\\/#website\",\"url\":\"https:\\\/\\\/lavocedelpaese.info\\\/\",\"name\":\"La Voce del Paese\",\"description\":\"Un network di idee\",\"publisher\":{\"@id\":\"https:\\\/\\\/lavocedelpaese.info\\\/#organization\"},\"potentialAction\":[{\"@type\":\"SearchAction\",\"target\":{\"@type\":\"EntryPoint\",\"urlTemplate\":\"https:\\\/\\\/lavocedelpaese.info\\\/?s={search_term_string}\"},\"query-input\":{\"@type\":\"PropertyValueSpecification\",\"valueRequired\":true,\"valueName\":\"search_term_string\"}}],\"inLanguage\":\"it-IT\"},{\"@type\":\"Organization\",\"@id\":\"https:\\\/\\\/lavocedelpaese.info\\\/#organization\",\"name\":\"La Voce del Paese\",\"url\":\"https:\\\/\\\/lavocedelpaese.info\\\/\",\"logo\":{\"@type\":\"ImageObject\",\"inLanguage\":\"it-IT\",\"@id\":\"https:\\\/\\\/lavocedelpaese.info\\\/#\\\/schema\\\/logo\\\/image\\\/\",\"url\":\"https:\\\/\\\/lavocedelpaese.info\\\/wp-content\\\/uploads\\\/2023\\\/01\\\/cropped-logo-150-127.png\",\"contentUrl\":\"https:\\\/\\\/lavocedelpaese.info\\\/wp-content\\\/uploads\\\/2023\\\/01\\\/cropped-logo-150-127.png\",\"width\":137,\"height\":119,\"caption\":\"La Voce del Paese\"},\"image\":{\"@id\":\"https:\\\/\\\/lavocedelpaese.info\\\/#\\\/schema\\\/logo\\\/image\\\/\"},\"sameAs\":[\"https:\\\/\\\/www.facebook.com\\\/lavocedelpaese.info\"]}]}<\/script>\n<!-- \/ Yoast SEO plugin. -->","yoast_head_json":{"title":"Si \u00e8 chiuso l\u2019ultimo sipario: addio, Gianni - La Voce del Paese","robots":{"index":"index","follow":"follow","max-snippet":"max-snippet:-1","max-image-preview":"max-image-preview:large","max-video-preview":"max-video-preview:-1"},"canonical":"https:\/\/lavocedelpaese.info\/index.php\/2023\/07\/14\/si-e-chiuso-lultimo-sipario-addio-gianni\/","og_locale":"it_IT","og_type":"article","og_title":"Si \u00e8 chiuso l\u2019ultimo sipario: addio, Gianni - La Voce del Paese","og_description":"\u00a0 \u200b\u00a0 \u200bCassano \u2013 La Voce del Paese\u00a0 di Vito Campanale Credo che, in fondo, tu te ne sia andato","og_url":"https:\/\/lavocedelpaese.info\/index.php\/2023\/07\/14\/si-e-chiuso-lultimo-sipario-addio-gianni\/","og_site_name":"La Voce del Paese","article_publisher":"https:\/\/www.facebook.com\/lavocedelpaese.info","article_published_time":"2023-07-14T06:27:25+00:00","twitter_card":"summary_large_image","twitter_misc":{"Tempo di lettura stimato":"2 minuti"},"schema":{"@context":"https:\/\/schema.org","@graph":[{"@type":"Article","@id":"https:\/\/lavocedelpaese.info\/index.php\/2023\/07\/14\/si-e-chiuso-lultimo-sipario-addio-gianni\/#article","isPartOf":{"@id":"https:\/\/lavocedelpaese.info\/index.php\/2023\/07\/14\/si-e-chiuso-lultimo-sipario-addio-gianni\/"},"author":{"name":"","@id":""},"headline":"Si \u00e8 chiuso l\u2019ultimo sipario: addio, Gianni","datePublished":"2023-07-14T06:27:25+00:00","mainEntityOfPage":{"@id":"https:\/\/lavocedelpaese.info\/index.php\/2023\/07\/14\/si-e-chiuso-lultimo-sipario-addio-gianni\/"},"wordCount":502,"commentCount":0,"publisher":{"@id":"https:\/\/lavocedelpaese.info\/#organization"},"articleSection":["network"],"inLanguage":"it-IT","potentialAction":[{"@type":"CommentAction","name":"Comment","target":["https:\/\/lavocedelpaese.info\/index.php\/2023\/07\/14\/si-e-chiuso-lultimo-sipario-addio-gianni\/#respond"]}]},{"@type":"WebPage","@id":"https:\/\/lavocedelpaese.info\/index.php\/2023\/07\/14\/si-e-chiuso-lultimo-sipario-addio-gianni\/","url":"https:\/\/lavocedelpaese.info\/index.php\/2023\/07\/14\/si-e-chiuso-lultimo-sipario-addio-gianni\/","name":"Si \u00e8 chiuso l\u2019ultimo sipario: addio, Gianni - La Voce del Paese","isPartOf":{"@id":"https:\/\/lavocedelpaese.info\/#website"},"datePublished":"2023-07-14T06:27:25+00:00","breadcrumb":{"@id":"https:\/\/lavocedelpaese.info\/index.php\/2023\/07\/14\/si-e-chiuso-lultimo-sipario-addio-gianni\/#breadcrumb"},"inLanguage":"it-IT","potentialAction":[{"@type":"ReadAction","target":["https:\/\/lavocedelpaese.info\/index.php\/2023\/07\/14\/si-e-chiuso-lultimo-sipario-addio-gianni\/"]}]},{"@type":"BreadcrumbList","@id":"https:\/\/lavocedelpaese.info\/index.php\/2023\/07\/14\/si-e-chiuso-lultimo-sipario-addio-gianni\/#breadcrumb","itemListElement":[{"@type":"ListItem","position":1,"name":"Home","item":"https:\/\/lavocedelpaese.info\/"},{"@type":"ListItem","position":2,"name":"Si \u00e8 chiuso l\u2019ultimo sipario: addio, Gianni"}]},{"@type":"WebSite","@id":"https:\/\/lavocedelpaese.info\/#website","url":"https:\/\/lavocedelpaese.info\/","name":"La Voce del Paese","description":"Un network di idee","publisher":{"@id":"https:\/\/lavocedelpaese.info\/#organization"},"potentialAction":[{"@type":"SearchAction","target":{"@type":"EntryPoint","urlTemplate":"https:\/\/lavocedelpaese.info\/?s={search_term_string}"},"query-input":{"@type":"PropertyValueSpecification","valueRequired":true,"valueName":"search_term_string"}}],"inLanguage":"it-IT"},{"@type":"Organization","@id":"https:\/\/lavocedelpaese.info\/#organization","name":"La Voce del Paese","url":"https:\/\/lavocedelpaese.info\/","logo":{"@type":"ImageObject","inLanguage":"it-IT","@id":"https:\/\/lavocedelpaese.info\/#\/schema\/logo\/image\/","url":"https:\/\/lavocedelpaese.info\/wp-content\/uploads\/2023\/01\/cropped-logo-150-127.png","contentUrl":"https:\/\/lavocedelpaese.info\/wp-content\/uploads\/2023\/01\/cropped-logo-150-127.png","width":137,"height":119,"caption":"La Voce del Paese"},"image":{"@id":"https:\/\/lavocedelpaese.info\/#\/schema\/logo\/image\/"},"sameAs":["https:\/\/www.facebook.com\/lavocedelpaese.info"]}]}},"_links":{"self":[{"href":"https:\/\/lavocedelpaese.info\/index.php\/wp-json\/wp\/v2\/posts\/1743","targetHints":{"allow":["GET"]}}],"collection":[{"href":"https:\/\/lavocedelpaese.info\/index.php\/wp-json\/wp\/v2\/posts"}],"about":[{"href":"https:\/\/lavocedelpaese.info\/index.php\/wp-json\/wp\/v2\/types\/post"}],"replies":[{"embeddable":true,"href":"https:\/\/lavocedelpaese.info\/index.php\/wp-json\/wp\/v2\/comments?post=1743"}],"version-history":[{"count":0,"href":"https:\/\/lavocedelpaese.info\/index.php\/wp-json\/wp\/v2\/posts\/1743\/revisions"}],"wp:attachment":[{"href":"https:\/\/lavocedelpaese.info\/index.php\/wp-json\/wp\/v2\/media?parent=1743"}],"wp:term":[{"taxonomy":"category","embeddable":true,"href":"https:\/\/lavocedelpaese.info\/index.php\/wp-json\/wp\/v2\/categories?post=1743"},{"taxonomy":"post_tag","embeddable":true,"href":"https:\/\/lavocedelpaese.info\/index.php\/wp-json\/wp\/v2\/tags?post=1743"}],"curies":[{"name":"wp","href":"https:\/\/api.w.org\/{rel}","templated":true}]}}