{"id":1741,"date":"2023-07-13T19:17:34","date_gmt":"2023-07-13T19:17:34","guid":{"rendered":"https:\/\/lavocedelpaese.info\/index.php\/2023\/07\/13\/volleyup-acquaviva-ed-eulogic-s-r-l-ancora-insieme-anche-per-la-stagione-2023-2024\/"},"modified":"2023-07-13T19:17:34","modified_gmt":"2023-07-13T19:17:34","slug":"volleyup-acquaviva-ed-eulogic-s-r-l-ancora-insieme-anche-per-la-stagione-2023-2024","status":"publish","type":"post","link":"https:\/\/lavocedelpaese.info\/index.php\/2023\/07\/13\/volleyup-acquaviva-ed-eulogic-s-r-l-ancora-insieme-anche-per-la-stagione-2023-2024\/","title":{"rendered":"Volleyup Acquaviva ed Eulogic s.r.l ancora insieme anche per la stagione 2023\/2024"},"content":{"rendered":"<p>\u00a0<\/p>\n<p>\u200b\u00a0<\/p>\n<p>\u200bAcquaviva \u2013 La Voce del Paese\u00a0<\/p>\n<p><strong>L\u2019azienda operante nel settore della <\/strong><em><strong>ICT<\/strong><\/em><strong> (<\/strong><em><strong>Information Communication Technology<\/strong><\/em><strong>) si conferma TITLE SPONSOR delle libellule.<\/strong><\/p>\n<p>Continua anche per la stagione 2023\/2024 la partnership sportiva tra la VOLLEYUP ACQUAVIVA ed EULOGIC S.R.L.: l\u2019affermata azienda tecnologica barese investe ancora una volta sulla pallavolo, alla luce di un progetto solido, in continuo sviluppo, che \u201ccapitalizza\u201d la crescita dei giovani.<\/p>\n<p>Eulogic S.r.l., societ\u00e0 informatica nata nel 2010 per anticipare e soddisfare la crescente necessit\u00e0 di cybersecurity, \u00e8 una realt\u00e0 giovane, specializzata e dinamica, orientata al futuro e all\u2019innovazione tecnologica, impegnata costantemente a innalzare il livello di sicurezza informatica dei propri clienti.<\/p>\n<p>Diventata prezioso punto di riferimento per moltissime aziende, sia in ambito privato che pubblico, grazie alle prestigiose certificazioni e competenze tecniche raggiunte, offre servizi e soluzioni tecnologiche per garantire Sicurezza e <em>Business Continuity Management<\/em>.<\/p>\n<p><a><\/a> \u201c<em>La VOLLEYUP\u00a0ACQUAVIVA \u00e8 orgogliosa di continuare ad avere EULOGIC S.R.L. come TITLE SPONSOR anche per la stagione 2023\/2024. L\u2019importante <\/em>partnership<em> \u00e8 stata nuovamente rinnovata e tutti noi siamo fieri di poter diffondere, in tutta la Regione, attraverso il volley l\u2019immagine di questa affermatissima azienda. Ringraziamo la propriet\u00e0 che, ancora una volta, ha dimostrato fiducia, grande intuito e amore per lo sport, in particolare per la pallavolo, sposando nel complesso il progetto blumagenta volto alla valorizzazione del nostro settore giovanile. Sicuramente insieme, attraverso la pallavolo, avremo modo di scrivere un altro splendido capitolo di questo esaltante progetto sportivo<\/em>\u201d, queste le parole del presidente delle libellule, Annalisa Convertini.<\/p>\n<p><a class=\"a2a_button_facebook\" href=\"https:\/\/www.addtoany.com\/add_to\/facebook?linkurl=https%3A%2F%2Facquaviva.lavocedelpaese.info%2Findex.php%2F2023%2F07%2F13%2Fvolleyup-acquaviva-ed-eulogic-s-r-l-ancora-insieme-anche-per-la-stagione-2023-2024%2F&amp;linkname=Volleyup%20Acquaviva%20ed%20Eulogic%20s.r.l%20ancora%20insieme%20anche%20per%20la%20stagione%202023%2F2024\" title=\"Facebook\" target=\"_blank\" rel=\"noopener\"><\/a><a class=\"a2a_button_twitter\" href=\"https:\/\/www.addtoany.com\/add_to\/twitter?linkurl=https%3A%2F%2Facquaviva.lavocedelpaese.info%2Findex.php%2F2023%2F07%2F13%2Fvolleyup-acquaviva-ed-eulogic-s-r-l-ancora-insieme-anche-per-la-stagione-2023-2024%2F&amp;linkname=Volleyup%20Acquaviva%20ed%20Eulogic%20s.r.l%20ancora%20insieme%20anche%20per%20la%20stagione%202023%2F2024\" title=\"Twitter\" target=\"_blank\" rel=\"noopener\"><\/a><a class=\"a2a_button_whatsapp\" href=\"https:\/\/www.addtoany.com\/add_to\/whatsapp?linkurl=https%3A%2F%2Facquaviva.lavocedelpaese.info%2Findex.php%2F2023%2F07%2F13%2Fvolleyup-acquaviva-ed-eulogic-s-r-l-ancora-insieme-anche-per-la-stagione-2023-2024%2F&amp;linkname=Volleyup%20Acquaviva%20ed%20Eulogic%20s.r.l%20ancora%20insieme%20anche%20per%20la%20stagione%202023%2F2024\" title=\"WhatsApp\" target=\"_blank\" rel=\"noopener\"><\/a><a class=\"a2a_button_telegram\" href=\"https:\/\/www.addtoany.com\/add_to\/telegram?linkurl=https%3A%2F%2Facquaviva.lavocedelpaese.info%2Findex.php%2F2023%2F07%2F13%2Fvolleyup-acquaviva-ed-eulogic-s-r-l-ancora-insieme-anche-per-la-stagione-2023-2024%2F&amp;linkname=Volleyup%20Acquaviva%20ed%20Eulogic%20s.r.l%20ancora%20insieme%20anche%20per%20la%20stagione%202023%2F2024\" title=\"Telegram\" target=\"_blank\" rel=\"noopener\"><\/a><a class=\"a2a_button_email\" href=\"https:\/\/www.addtoany.com\/add_to\/email?linkurl=https%3A%2F%2Facquaviva.lavocedelpaese.info%2Findex.php%2F2023%2F07%2F13%2Fvolleyup-acquaviva-ed-eulogic-s-r-l-ancora-insieme-anche-per-la-stagione-2023-2024%2F&amp;linkname=Volleyup%20Acquaviva%20ed%20Eulogic%20s.r.l%20ancora%20insieme%20anche%20per%20la%20stagione%202023%2F2024\" title=\"Email\" target=\"_blank\" rel=\"noopener\"><\/a><\/p>\n<p>\u00a0<\/p>","protected":false},"excerpt":{"rendered":"<p>\u00a0 \u200b\u00a0 \u200bAcquaviva \u2013 La Voce del Paese\u00a0 L\u2019azienda operante nel settore della ICT (Information Communication Technology) si conferma TITLE<\/p>\n","protected":false},"author":0,"featured_media":0,"comment_status":"open","ping_status":"closed","sticky":false,"template":"","format":"standard","meta":{"colormag_page_container_layout":"default_layout","colormag_page_sidebar_layout":"default_layout","footnotes":""},"categories":[33],"tags":[],"class_list":["post-1741","post","type-post","status-publish","format-standard","hentry","category-network"],"yoast_head":"<!-- This site is optimized with the Yoast SEO plugin v27.5 - https:\/\/yoast.com\/product\/yoast-seo-wordpress\/ -->\n<title>Volleyup Acquaviva ed Eulogic s.r.l ancora insieme anche per la stagione 2023\/2024 - La Voce del Paese<\/title>\n<meta name=\"robots\" content=\"index, follow, max-snippet:-1, max-image-preview:large, max-video-preview:-1\" \/>\n<link rel=\"canonical\" href=\"https:\/\/lavocedelpaese.info\/index.php\/2023\/07\/13\/volleyup-acquaviva-ed-eulogic-s-r-l-ancora-insieme-anche-per-la-stagione-2023-2024\/\" \/>\n<meta property=\"og:locale\" content=\"it_IT\" \/>\n<meta property=\"og:type\" content=\"article\" \/>\n<meta property=\"og:title\" content=\"Volleyup Acquaviva ed Eulogic s.r.l ancora insieme anche per la stagione 2023\/2024 - La Voce del Paese\" \/>\n<meta property=\"og:description\" content=\"\u00a0 \u200b\u00a0 \u200bAcquaviva \u2013 La Voce del Paese\u00a0 L\u2019azienda operante nel settore della ICT (Information Communication Technology) si conferma TITLE\" \/>\n<meta property=\"og:url\" content=\"https:\/\/lavocedelpaese.info\/index.php\/2023\/07\/13\/volleyup-acquaviva-ed-eulogic-s-r-l-ancora-insieme-anche-per-la-stagione-2023-2024\/\" \/>\n<meta property=\"og:site_name\" content=\"La Voce del Paese\" \/>\n<meta property=\"article:publisher\" content=\"https:\/\/www.facebook.com\/lavocedelpaese.info\" \/>\n<meta property=\"article:published_time\" content=\"2023-07-13T19:17:34+00:00\" \/>\n<meta name=\"twitter:card\" content=\"summary_large_image\" \/>\n<meta name=\"twitter:label1\" content=\"Tempo di lettura stimato\" \/>\n\t<meta name=\"twitter:data1\" content=\"1 minuto\" \/>\n<script type=\"application\/ld+json\" class=\"yoast-schema-graph\">{\"@context\":\"https:\\\/\\\/schema.org\",\"@graph\":[{\"@type\":\"Article\",\"@id\":\"https:\\\/\\\/lavocedelpaese.info\\\/index.php\\\/2023\\\/07\\\/13\\\/volleyup-acquaviva-ed-eulogic-s-r-l-ancora-insieme-anche-per-la-stagione-2023-2024\\\/#article\",\"isPartOf\":{\"@id\":\"https:\\\/\\\/lavocedelpaese.info\\\/index.php\\\/2023\\\/07\\\/13\\\/volleyup-acquaviva-ed-eulogic-s-r-l-ancora-insieme-anche-per-la-stagione-2023-2024\\\/\"},\"author\":{\"name\":\"\",\"@id\":\"\"},\"headline\":\"Volleyup Acquaviva ed Eulogic s.r.l ancora insieme anche per la stagione 2023\\\/2024\",\"datePublished\":\"2023-07-13T19:17:34+00:00\",\"mainEntityOfPage\":{\"@id\":\"https:\\\/\\\/lavocedelpaese.info\\\/index.php\\\/2023\\\/07\\\/13\\\/volleyup-acquaviva-ed-eulogic-s-r-l-ancora-insieme-anche-per-la-stagione-2023-2024\\\/\"},\"wordCount\":261,\"commentCount\":0,\"publisher\":{\"@id\":\"https:\\\/\\\/lavocedelpaese.info\\\/#organization\"},\"articleSection\":[\"network\"],\"inLanguage\":\"it-IT\",\"potentialAction\":[{\"@type\":\"CommentAction\",\"name\":\"Comment\",\"target\":[\"https:\\\/\\\/lavocedelpaese.info\\\/index.php\\\/2023\\\/07\\\/13\\\/volleyup-acquaviva-ed-eulogic-s-r-l-ancora-insieme-anche-per-la-stagione-2023-2024\\\/#respond\"]}]},{\"@type\":\"WebPage\",\"@id\":\"https:\\\/\\\/lavocedelpaese.info\\\/index.php\\\/2023\\\/07\\\/13\\\/volleyup-acquaviva-ed-eulogic-s-r-l-ancora-insieme-anche-per-la-stagione-2023-2024\\\/\",\"url\":\"https:\\\/\\\/lavocedelpaese.info\\\/index.php\\\/2023\\\/07\\\/13\\\/volleyup-acquaviva-ed-eulogic-s-r-l-ancora-insieme-anche-per-la-stagione-2023-2024\\\/\",\"name\":\"Volleyup Acquaviva ed Eulogic s.r.l ancora insieme anche per la stagione 2023\\\/2024 - La Voce del Paese\",\"isPartOf\":{\"@id\":\"https:\\\/\\\/lavocedelpaese.info\\\/#website\"},\"datePublished\":\"2023-07-13T19:17:34+00:00\",\"breadcrumb\":{\"@id\":\"https:\\\/\\\/lavocedelpaese.info\\\/index.php\\\/2023\\\/07\\\/13\\\/volleyup-acquaviva-ed-eulogic-s-r-l-ancora-insieme-anche-per-la-stagione-2023-2024\\\/#breadcrumb\"},\"inLanguage\":\"it-IT\",\"potentialAction\":[{\"@type\":\"ReadAction\",\"target\":[\"https:\\\/\\\/lavocedelpaese.info\\\/index.php\\\/2023\\\/07\\\/13\\\/volleyup-acquaviva-ed-eulogic-s-r-l-ancora-insieme-anche-per-la-stagione-2023-2024\\\/\"]}]},{\"@type\":\"BreadcrumbList\",\"@id\":\"https:\\\/\\\/lavocedelpaese.info\\\/index.php\\\/2023\\\/07\\\/13\\\/volleyup-acquaviva-ed-eulogic-s-r-l-ancora-insieme-anche-per-la-stagione-2023-2024\\\/#breadcrumb\",\"itemListElement\":[{\"@type\":\"ListItem\",\"position\":1,\"name\":\"Home\",\"item\":\"https:\\\/\\\/lavocedelpaese.info\\\/\"},{\"@type\":\"ListItem\",\"position\":2,\"name\":\"Volleyup Acquaviva ed Eulogic s.r.l ancora insieme anche per la stagione 2023\\\/2024\"}]},{\"@type\":\"WebSite\",\"@id\":\"https:\\\/\\\/lavocedelpaese.info\\\/#website\",\"url\":\"https:\\\/\\\/lavocedelpaese.info\\\/\",\"name\":\"La Voce del Paese\",\"description\":\"Un network di idee\",\"publisher\":{\"@id\":\"https:\\\/\\\/lavocedelpaese.info\\\/#organization\"},\"potentialAction\":[{\"@type\":\"SearchAction\",\"target\":{\"@type\":\"EntryPoint\",\"urlTemplate\":\"https:\\\/\\\/lavocedelpaese.info\\\/?s={search_term_string}\"},\"query-input\":{\"@type\":\"PropertyValueSpecification\",\"valueRequired\":true,\"valueName\":\"search_term_string\"}}],\"inLanguage\":\"it-IT\"},{\"@type\":\"Organization\",\"@id\":\"https:\\\/\\\/lavocedelpaese.info\\\/#organization\",\"name\":\"La Voce del Paese\",\"url\":\"https:\\\/\\\/lavocedelpaese.info\\\/\",\"logo\":{\"@type\":\"ImageObject\",\"inLanguage\":\"it-IT\",\"@id\":\"https:\\\/\\\/lavocedelpaese.info\\\/#\\\/schema\\\/logo\\\/image\\\/\",\"url\":\"https:\\\/\\\/lavocedelpaese.info\\\/wp-content\\\/uploads\\\/2023\\\/01\\\/cropped-logo-150-127.png\",\"contentUrl\":\"https:\\\/\\\/lavocedelpaese.info\\\/wp-content\\\/uploads\\\/2023\\\/01\\\/cropped-logo-150-127.png\",\"width\":137,\"height\":119,\"caption\":\"La Voce del Paese\"},\"image\":{\"@id\":\"https:\\\/\\\/lavocedelpaese.info\\\/#\\\/schema\\\/logo\\\/image\\\/\"},\"sameAs\":[\"https:\\\/\\\/www.facebook.com\\\/lavocedelpaese.info\"]}]}<\/script>\n<!-- \/ Yoast SEO plugin. -->","yoast_head_json":{"title":"Volleyup Acquaviva ed Eulogic s.r.l ancora insieme anche per la stagione 2023\/2024 - La Voce del Paese","robots":{"index":"index","follow":"follow","max-snippet":"max-snippet:-1","max-image-preview":"max-image-preview:large","max-video-preview":"max-video-preview:-1"},"canonical":"https:\/\/lavocedelpaese.info\/index.php\/2023\/07\/13\/volleyup-acquaviva-ed-eulogic-s-r-l-ancora-insieme-anche-per-la-stagione-2023-2024\/","og_locale":"it_IT","og_type":"article","og_title":"Volleyup Acquaviva ed Eulogic s.r.l ancora insieme anche per la stagione 2023\/2024 - La Voce del Paese","og_description":"\u00a0 \u200b\u00a0 \u200bAcquaviva \u2013 La Voce del Paese\u00a0 L\u2019azienda operante nel settore della ICT (Information Communication Technology) si conferma TITLE","og_url":"https:\/\/lavocedelpaese.info\/index.php\/2023\/07\/13\/volleyup-acquaviva-ed-eulogic-s-r-l-ancora-insieme-anche-per-la-stagione-2023-2024\/","og_site_name":"La Voce del Paese","article_publisher":"https:\/\/www.facebook.com\/lavocedelpaese.info","article_published_time":"2023-07-13T19:17:34+00:00","twitter_card":"summary_large_image","twitter_misc":{"Tempo di lettura stimato":"1 minuto"},"schema":{"@context":"https:\/\/schema.org","@graph":[{"@type":"Article","@id":"https:\/\/lavocedelpaese.info\/index.php\/2023\/07\/13\/volleyup-acquaviva-ed-eulogic-s-r-l-ancora-insieme-anche-per-la-stagione-2023-2024\/#article","isPartOf":{"@id":"https:\/\/lavocedelpaese.info\/index.php\/2023\/07\/13\/volleyup-acquaviva-ed-eulogic-s-r-l-ancora-insieme-anche-per-la-stagione-2023-2024\/"},"author":{"name":"","@id":""},"headline":"Volleyup Acquaviva ed Eulogic s.r.l ancora insieme anche per la stagione 2023\/2024","datePublished":"2023-07-13T19:17:34+00:00","mainEntityOfPage":{"@id":"https:\/\/lavocedelpaese.info\/index.php\/2023\/07\/13\/volleyup-acquaviva-ed-eulogic-s-r-l-ancora-insieme-anche-per-la-stagione-2023-2024\/"},"wordCount":261,"commentCount":0,"publisher":{"@id":"https:\/\/lavocedelpaese.info\/#organization"},"articleSection":["network"],"inLanguage":"it-IT","potentialAction":[{"@type":"CommentAction","name":"Comment","target":["https:\/\/lavocedelpaese.info\/index.php\/2023\/07\/13\/volleyup-acquaviva-ed-eulogic-s-r-l-ancora-insieme-anche-per-la-stagione-2023-2024\/#respond"]}]},{"@type":"WebPage","@id":"https:\/\/lavocedelpaese.info\/index.php\/2023\/07\/13\/volleyup-acquaviva-ed-eulogic-s-r-l-ancora-insieme-anche-per-la-stagione-2023-2024\/","url":"https:\/\/lavocedelpaese.info\/index.php\/2023\/07\/13\/volleyup-acquaviva-ed-eulogic-s-r-l-ancora-insieme-anche-per-la-stagione-2023-2024\/","name":"Volleyup Acquaviva ed Eulogic s.r.l ancora insieme anche per la stagione 2023\/2024 - La Voce del Paese","isPartOf":{"@id":"https:\/\/lavocedelpaese.info\/#website"},"datePublished":"2023-07-13T19:17:34+00:00","breadcrumb":{"@id":"https:\/\/lavocedelpaese.info\/index.php\/2023\/07\/13\/volleyup-acquaviva-ed-eulogic-s-r-l-ancora-insieme-anche-per-la-stagione-2023-2024\/#breadcrumb"},"inLanguage":"it-IT","potentialAction":[{"@type":"ReadAction","target":["https:\/\/lavocedelpaese.info\/index.php\/2023\/07\/13\/volleyup-acquaviva-ed-eulogic-s-r-l-ancora-insieme-anche-per-la-stagione-2023-2024\/"]}]},{"@type":"BreadcrumbList","@id":"https:\/\/lavocedelpaese.info\/index.php\/2023\/07\/13\/volleyup-acquaviva-ed-eulogic-s-r-l-ancora-insieme-anche-per-la-stagione-2023-2024\/#breadcrumb","itemListElement":[{"@type":"ListItem","position":1,"name":"Home","item":"https:\/\/lavocedelpaese.info\/"},{"@type":"ListItem","position":2,"name":"Volleyup Acquaviva ed Eulogic s.r.l ancora insieme anche per la stagione 2023\/2024"}]},{"@type":"WebSite","@id":"https:\/\/lavocedelpaese.info\/#website","url":"https:\/\/lavocedelpaese.info\/","name":"La Voce del Paese","description":"Un network di idee","publisher":{"@id":"https:\/\/lavocedelpaese.info\/#organization"},"potentialAction":[{"@type":"SearchAction","target":{"@type":"EntryPoint","urlTemplate":"https:\/\/lavocedelpaese.info\/?s={search_term_string}"},"query-input":{"@type":"PropertyValueSpecification","valueRequired":true,"valueName":"search_term_string"}}],"inLanguage":"it-IT"},{"@type":"Organization","@id":"https:\/\/lavocedelpaese.info\/#organization","name":"La Voce del Paese","url":"https:\/\/lavocedelpaese.info\/","logo":{"@type":"ImageObject","inLanguage":"it-IT","@id":"https:\/\/lavocedelpaese.info\/#\/schema\/logo\/image\/","url":"https:\/\/lavocedelpaese.info\/wp-content\/uploads\/2023\/01\/cropped-logo-150-127.png","contentUrl":"https:\/\/lavocedelpaese.info\/wp-content\/uploads\/2023\/01\/cropped-logo-150-127.png","width":137,"height":119,"caption":"La Voce del Paese"},"image":{"@id":"https:\/\/lavocedelpaese.info\/#\/schema\/logo\/image\/"},"sameAs":["https:\/\/www.facebook.com\/lavocedelpaese.info"]}]}},"_links":{"self":[{"href":"https:\/\/lavocedelpaese.info\/index.php\/wp-json\/wp\/v2\/posts\/1741","targetHints":{"allow":["GET"]}}],"collection":[{"href":"https:\/\/lavocedelpaese.info\/index.php\/wp-json\/wp\/v2\/posts"}],"about":[{"href":"https:\/\/lavocedelpaese.info\/index.php\/wp-json\/wp\/v2\/types\/post"}],"replies":[{"embeddable":true,"href":"https:\/\/lavocedelpaese.info\/index.php\/wp-json\/wp\/v2\/comments?post=1741"}],"version-history":[{"count":0,"href":"https:\/\/lavocedelpaese.info\/index.php\/wp-json\/wp\/v2\/posts\/1741\/revisions"}],"wp:attachment":[{"href":"https:\/\/lavocedelpaese.info\/index.php\/wp-json\/wp\/v2\/media?parent=1741"}],"wp:term":[{"taxonomy":"category","embeddable":true,"href":"https:\/\/lavocedelpaese.info\/index.php\/wp-json\/wp\/v2\/categories?post=1741"},{"taxonomy":"post_tag","embeddable":true,"href":"https:\/\/lavocedelpaese.info\/index.php\/wp-json\/wp\/v2\/tags?post=1741"}],"curies":[{"name":"wp","href":"https:\/\/api.w.org\/{rel}","templated":true}]}}