{"id":1734,"date":"2023-07-08T13:17:17","date_gmt":"2023-07-08T13:17:17","guid":{"rendered":"https:\/\/lavocedelpaese.info\/index.php\/2023\/07\/08\/il-salice-del-borgo-antico-raccolta-di-poesie-di-anna-cellaro\/"},"modified":"2023-07-08T13:17:17","modified_gmt":"2023-07-08T13:17:17","slug":"il-salice-del-borgo-antico-raccolta-di-poesie-di-anna-cellaro","status":"publish","type":"post","link":"https:\/\/lavocedelpaese.info\/index.php\/2023\/07\/08\/il-salice-del-borgo-antico-raccolta-di-poesie-di-anna-cellaro\/","title":{"rendered":"\u201cIl salice del borgo antico\u201d raccolta di poesie di Anna Cellaro"},"content":{"rendered":"<p>\u00a0<\/p>\n<p>\u200b\u00a0<\/p>\n<p>\u200bGioia \u2013 La Voce del Paese\u00a0<\/p>\n<p>\u00c8 stata <strong>pubblicata da poche settimane<\/strong> la raccolta di poesie \u00abIl salice del borgo antico\u00bb (Youcanprint) della laertina <strong>Anna Cellaro<\/strong>, inserita lo scorso anno dallo studioso e poeta Daniele Giancane tra le poetesse emergenti pugliesi nella sua antologia \u00abLa poesia delle donne in Puglia\u00bb, uscita lo scorso anno per \u00abTabula fati\u00bb. Lo stesso autore puntualizza che ogni antologia \u00e8 necessariamente incompleta; la sua opera \u00e8 solo un punto di partenza per un censimento delle voci femminili della poesia pugliese, e sono tante quelle ancora poco conosciute, che spera altri possano negli anni portare avanti e arricchire.<\/p>\n<p>Anna Cellaro, di professione avvocata, \u00e8 <strong>tra i fondatori della associazione culturale CAVE aps<\/strong> (Cultura Ambiente Valore Emozione) che si candida a fare da traino per una rete culturale della Terra delle Gravine.<\/p>\n<p>Ho avuto qualche difficolt\u00e0 a entrare nel suo mondo poetico, caratterizzato da composizioni prive di titolo, cosa che complica l\u2019individuazione di ogni singolo componimento, e a volte con versi molto lunghi, impaginati con un inusuale allineamento a destra (bandiera rovesciata), cosa che complica a volte la lettura, e ricchi di parole inusuali, termini tecnici del nostro mondo contadino che abbiamo forse dimenticato. Dopo l\u2019iniziale perplessit\u00e0, munito di un buon dizionario, ho affrontato con coraggio le parole pi\u00f9 desuete; un esercizio culturale che dovremmo recuperare, per ridare il giusto peso ad ogni parola.<\/p>\n<p>Termini come \u00abpetricore\u00bb e \u00abgeosmina\u00bb, che francamente non conoscevo, mi hanno in un primo tempo spiazzato; non sapevo che esistesse un termine specifico per indicare il \u00abprofumo della pioggia sulla terra asciutta\u00bb o quel particolare \u00absentore di terra, fungo e muffa\u00bb.<\/p>\n<p>Completano il testo la prefazione dello scrittore e poeta tarantino <strong>Cosimo Rodia<\/strong> che analizza nel dettaglio con competenza i singoli componimenti e la postfazione di \u00abRosalba Fantastico di Kastrom\u00bb, artista che ha realizzato anche lo splendido ritratto di Anna posto in quarta di copertina e le immagini contenute nel testo. Rimando ai loro preziosi contributi chi voglia immergersi in un\u2019analisi puntuale del testo; rischierei di ripetere quanto gi\u00e0 scritto da loro, sicuramente con maggiore competenza.<\/p>\n<p>Mi limiter\u00f2 a qualche breve considerazione, vincendo la\u00a0 mia naturale ritrosia a commentare le poesie altrui, guidato solo dal cuore e non da considerazioni tecniche, di cui forse non ho le necessarie competenze, identificando i componimenti dal primo verso, cose si usa fare comunemente con quelli privi di titolo. Negli ultimi anni ho notato un aumento di questa tendenza a non attribuire un nome ai componimenti, lasciando al lettore l\u2019onere di \u00abbattezzare\u00bb ogni poesia in base a quanto il testo gli trasmette. Personalmente preferisco poter dare un titolo, un\u2019identit\u00e0 precisa a ogni poesia, che altrimenti mi sembrerebbe incompleta. Sar\u00e0 comunque il lettore a stabilire la modalit\u00e0 pi\u00f9 consona ai suoi gusti; \u00e8 giusto che ogni poeta possa esprimere liberamente il proprio modo di vedere, anche sperimentando forme tipografiche diverse e inconsuete.<\/p>\n<p>La raccolta si apre con \u00abCi sono i miei occhi di bambina\u00bb che forse riassume in breve lo spirito dell\u2019opera, lo sguardo trasognato e nostalgico di una bambina di fronte al mondo agrario del passato, che le ricorda le figure care dei genitori, dei nonni, le sue radici, le finestre a cui sono rimasti\u00a0 appesi i suoi sogni.<\/p>\n<p>In questa poesia compare anche il salice piangente piantato da suo padre da cui la raccolta prende il nome, quello che maestoso imperava accanto alla piccola scalinata della sua casetta, sfidato ogni primavera dalle soavi sfumature di rosa del piccolo pesco.<\/p>\n<p>Anna presenta tanti piccoli quadri rurali, istantanee di vita vissuta o sognata. Spesso usa un linguaggio volutamente criptico, come se non volesse svelare completamente la propria anima. Non \u00e8 un libro da leggere distrattamente, ogni poesia merita una lettura attenta, a volte una rilettura, per poter essere compresa, assaporata pienamente.<\/p>\n<p>Personalmente ho preferito i componimenti pi\u00f9 brevi, dove lo scorcio di vita viene presentato con poche rapide pennellate e non \u00e8 necessario rileggere per riuscire a incastonare con accuratezza i tanti elementi che l\u2019autrice inserisce, chiamandoli con termini forse per noi ormai desueti come \u00abmurice\u00bb, \u00absacara\u00bb, etc.<\/p>\n<p>Un interessante operazione di recupero delle nostre radici, di quella cultura agreste da cui tutti, bene o male, discendiamo, ma che spesso cancelliamo dalla nostra memoria, senza le esagerazioni di alcuni autori moderni che solo per moda rievocano un passato che non hanno mai vissuto. Sembra a volte che un autore del Sud debba parlare per forza solo di \u00abmasserie, cafoni e briganti\u00bb per risultare credibile.<\/p>\n<p>Molto bella \u00abS\u2019incurva il vecchio alla terra\u00bb in cui l\u2019autrice rievoca il mestiere antico del \u00abmastro parietaro\u00bb che Anna definisce \u00abl\u2019orafo delle strade\u00bb, che raccoglie le pietre che affiorano dal terreno e poi le incastra sapientemente per realizzare l\u2019acciottolato delle strade rurali o dei nostri caratteristici muretti a secco.<\/p>\n<p>In \u00abCi sono vicoli nel mondo\u00bb riemergono antichi suoni, cingoli di carri e passi antichi che attraversano un paesaggio fiabesco, tra petali di peonia, foglie d\u2019acanto e cardi spinosi. La memoria del padre, rappresentata dai \u00abmosaici di mozziconi\u00bb che penetrano nelle ossa riemerge in vari testi insieme a quella del nonno, rappresentato nel gesto di affondare il pollice nella morbida buccia di una succosa arancia o nel ritorno a casa con un avanzo di pane\u00a0 e della nonna seduta sulla soglia a trastullare una foglia con la gonna.<\/p>\n<p>Trova spazio anche una originale rilettura del cammino dei re Magi in \u00abS\u2019intrecciano\u00bb e una sorta di acrostico con le lettere del suo nome e cognome, evidenziate in maiuscolo all\u2019interno dei versi e non come prima parola, come solitamente avviene,\u00a0 in \u00abAll\u2019ombra l\u2019Afa ventilata\u00bb. Peccato che in fase di impaginazione sia stata contrassegnata una N si troppo.<\/p>\n<p>L\u2019autrice \u00e8 un\u2019attenta osservatrice, capace di fissare le scene nei particolari; non mi sembra un\u2019anima solitaria assopita come lei stessa si descrive in \u00abSotto il lampione\u00bb.<\/p>\n<p>Le memorie del mondo e delle sue sofferenze entrano nei testi con \u00abNella giacca grande ti sei chiusa\u00bb, dedicata a una ragazza polacca di 14 anni, vittima dell\u2019Olocausto ad Auschwitz, di cui ci restano solo le foto scattate nel campo da un altro detenuto e con la struggente e tristemente attuale \u00abKiev 2022\u00bb che conclude questa sua prima silloge.<\/p>\n<p>Mi sono limitato a citare solo alcune poesie delle oltre quaranta che compongono la raccolta, un po\u2019 per non appesantire questo breve assaggio, un po\u2019 per lasciare al lettore il gusto della lettura solitaria, quella che ci fa entrare nei versi di un poeta e assaporare le emozioni che ha cercato di condividere.<\/p>\n<p class=\"has-text-align-right\"><strong>Giovanni Capotorto<\/strong><\/p>\n<p><a class=\"a2a_button_facebook\" href=\"https:\/\/www.addtoany.com\/add_to\/facebook?linkurl=https%3A%2F%2Fgioia.lavocedelpaese.info%2Findex.php%2F2023%2F07%2F08%2Fil-salice-del-borgo-antico-raccolta-di-poesie-di-anna-cellaro%2F&amp;linkname=%E2%80%9CIl%20salice%20del%20borgo%20antico%E2%80%9D%20raccolta%20di%20poesie%20di%20Anna%20Cellaro\" title=\"Facebook\" target=\"_blank\" rel=\"noopener\"><\/a><a class=\"a2a_button_twitter\" href=\"https:\/\/www.addtoany.com\/add_to\/twitter?linkurl=https%3A%2F%2Fgioia.lavocedelpaese.info%2Findex.php%2F2023%2F07%2F08%2Fil-salice-del-borgo-antico-raccolta-di-poesie-di-anna-cellaro%2F&amp;linkname=%E2%80%9CIl%20salice%20del%20borgo%20antico%E2%80%9D%20raccolta%20di%20poesie%20di%20Anna%20Cellaro\" title=\"Twitter\" target=\"_blank\" rel=\"noopener\"><\/a><a class=\"a2a_button_whatsapp\" href=\"https:\/\/www.addtoany.com\/add_to\/whatsapp?linkurl=https%3A%2F%2Fgioia.lavocedelpaese.info%2Findex.php%2F2023%2F07%2F08%2Fil-salice-del-borgo-antico-raccolta-di-poesie-di-anna-cellaro%2F&amp;linkname=%E2%80%9CIl%20salice%20del%20borgo%20antico%E2%80%9D%20raccolta%20di%20poesie%20di%20Anna%20Cellaro\" title=\"WhatsApp\" target=\"_blank\" rel=\"noopener\"><\/a><a class=\"a2a_button_telegram\" href=\"https:\/\/www.addtoany.com\/add_to\/telegram?linkurl=https%3A%2F%2Fgioia.lavocedelpaese.info%2Findex.php%2F2023%2F07%2F08%2Fil-salice-del-borgo-antico-raccolta-di-poesie-di-anna-cellaro%2F&amp;linkname=%E2%80%9CIl%20salice%20del%20borgo%20antico%E2%80%9D%20raccolta%20di%20poesie%20di%20Anna%20Cellaro\" title=\"Telegram\" target=\"_blank\" rel=\"noopener\"><\/a><a class=\"a2a_button_email\" href=\"https:\/\/www.addtoany.com\/add_to\/email?linkurl=https%3A%2F%2Fgioia.lavocedelpaese.info%2Findex.php%2F2023%2F07%2F08%2Fil-salice-del-borgo-antico-raccolta-di-poesie-di-anna-cellaro%2F&amp;linkname=%E2%80%9CIl%20salice%20del%20borgo%20antico%E2%80%9D%20raccolta%20di%20poesie%20di%20Anna%20Cellaro\" title=\"Email\" target=\"_blank\" rel=\"noopener\"><\/a><\/p>\n<p>\u00a0<\/p>","protected":false},"excerpt":{"rendered":"<p>\u00a0 \u200b\u00a0 \u200bGioia \u2013 La Voce del Paese\u00a0 \u00c8 stata pubblicata da poche settimane la raccolta di poesie \u00abIl salice<\/p>\n","protected":false},"author":0,"featured_media":0,"comment_status":"open","ping_status":"closed","sticky":false,"template":"","format":"standard","meta":{"colormag_page_container_layout":"default_layout","colormag_page_sidebar_layout":"default_layout","footnotes":""},"categories":[33],"tags":[],"class_list":["post-1734","post","type-post","status-publish","format-standard","hentry","category-network"],"yoast_head":"<!-- This site is optimized with the Yoast SEO plugin v27.5 - https:\/\/yoast.com\/product\/yoast-seo-wordpress\/ -->\n<title>\u201cIl salice del borgo antico\u201d raccolta di poesie di Anna Cellaro - La Voce del Paese<\/title>\n<meta name=\"robots\" content=\"index, follow, max-snippet:-1, max-image-preview:large, max-video-preview:-1\" \/>\n<link rel=\"canonical\" href=\"https:\/\/lavocedelpaese.info\/index.php\/2023\/07\/08\/il-salice-del-borgo-antico-raccolta-di-poesie-di-anna-cellaro\/\" \/>\n<meta property=\"og:locale\" content=\"it_IT\" \/>\n<meta property=\"og:type\" content=\"article\" \/>\n<meta property=\"og:title\" content=\"\u201cIl salice del borgo antico\u201d raccolta di poesie di Anna Cellaro - La Voce del Paese\" \/>\n<meta property=\"og:description\" content=\"\u00a0 \u200b\u00a0 \u200bGioia \u2013 La Voce del Paese\u00a0 \u00c8 stata pubblicata da poche settimane la raccolta di poesie \u00abIl salice\" \/>\n<meta property=\"og:url\" content=\"https:\/\/lavocedelpaese.info\/index.php\/2023\/07\/08\/il-salice-del-borgo-antico-raccolta-di-poesie-di-anna-cellaro\/\" \/>\n<meta property=\"og:site_name\" content=\"La Voce del Paese\" \/>\n<meta property=\"article:publisher\" content=\"https:\/\/www.facebook.com\/lavocedelpaese.info\" \/>\n<meta property=\"article:published_time\" content=\"2023-07-08T13:17:17+00:00\" \/>\n<meta name=\"twitter:card\" content=\"summary_large_image\" \/>\n<meta name=\"twitter:label1\" content=\"Tempo di lettura stimato\" \/>\n\t<meta name=\"twitter:data1\" content=\"5 minuti\" \/>\n<script type=\"application\/ld+json\" class=\"yoast-schema-graph\">{\"@context\":\"https:\\\/\\\/schema.org\",\"@graph\":[{\"@type\":\"Article\",\"@id\":\"https:\\\/\\\/lavocedelpaese.info\\\/index.php\\\/2023\\\/07\\\/08\\\/il-salice-del-borgo-antico-raccolta-di-poesie-di-anna-cellaro\\\/#article\",\"isPartOf\":{\"@id\":\"https:\\\/\\\/lavocedelpaese.info\\\/index.php\\\/2023\\\/07\\\/08\\\/il-salice-del-borgo-antico-raccolta-di-poesie-di-anna-cellaro\\\/\"},\"author\":{\"name\":\"\",\"@id\":\"\"},\"headline\":\"\u201cIl salice del borgo antico\u201d raccolta di poesie di Anna Cellaro\",\"datePublished\":\"2023-07-08T13:17:17+00:00\",\"mainEntityOfPage\":{\"@id\":\"https:\\\/\\\/lavocedelpaese.info\\\/index.php\\\/2023\\\/07\\\/08\\\/il-salice-del-borgo-antico-raccolta-di-poesie-di-anna-cellaro\\\/\"},\"wordCount\":1090,\"commentCount\":0,\"publisher\":{\"@id\":\"https:\\\/\\\/lavocedelpaese.info\\\/#organization\"},\"articleSection\":[\"network\"],\"inLanguage\":\"it-IT\",\"potentialAction\":[{\"@type\":\"CommentAction\",\"name\":\"Comment\",\"target\":[\"https:\\\/\\\/lavocedelpaese.info\\\/index.php\\\/2023\\\/07\\\/08\\\/il-salice-del-borgo-antico-raccolta-di-poesie-di-anna-cellaro\\\/#respond\"]}]},{\"@type\":\"WebPage\",\"@id\":\"https:\\\/\\\/lavocedelpaese.info\\\/index.php\\\/2023\\\/07\\\/08\\\/il-salice-del-borgo-antico-raccolta-di-poesie-di-anna-cellaro\\\/\",\"url\":\"https:\\\/\\\/lavocedelpaese.info\\\/index.php\\\/2023\\\/07\\\/08\\\/il-salice-del-borgo-antico-raccolta-di-poesie-di-anna-cellaro\\\/\",\"name\":\"\u201cIl salice del borgo antico\u201d raccolta di poesie di Anna Cellaro - La Voce del Paese\",\"isPartOf\":{\"@id\":\"https:\\\/\\\/lavocedelpaese.info\\\/#website\"},\"datePublished\":\"2023-07-08T13:17:17+00:00\",\"breadcrumb\":{\"@id\":\"https:\\\/\\\/lavocedelpaese.info\\\/index.php\\\/2023\\\/07\\\/08\\\/il-salice-del-borgo-antico-raccolta-di-poesie-di-anna-cellaro\\\/#breadcrumb\"},\"inLanguage\":\"it-IT\",\"potentialAction\":[{\"@type\":\"ReadAction\",\"target\":[\"https:\\\/\\\/lavocedelpaese.info\\\/index.php\\\/2023\\\/07\\\/08\\\/il-salice-del-borgo-antico-raccolta-di-poesie-di-anna-cellaro\\\/\"]}]},{\"@type\":\"BreadcrumbList\",\"@id\":\"https:\\\/\\\/lavocedelpaese.info\\\/index.php\\\/2023\\\/07\\\/08\\\/il-salice-del-borgo-antico-raccolta-di-poesie-di-anna-cellaro\\\/#breadcrumb\",\"itemListElement\":[{\"@type\":\"ListItem\",\"position\":1,\"name\":\"Home\",\"item\":\"https:\\\/\\\/lavocedelpaese.info\\\/\"},{\"@type\":\"ListItem\",\"position\":2,\"name\":\"\u201cIl salice del borgo antico\u201d raccolta di poesie di Anna Cellaro\"}]},{\"@type\":\"WebSite\",\"@id\":\"https:\\\/\\\/lavocedelpaese.info\\\/#website\",\"url\":\"https:\\\/\\\/lavocedelpaese.info\\\/\",\"name\":\"La Voce del Paese\",\"description\":\"Un network di idee\",\"publisher\":{\"@id\":\"https:\\\/\\\/lavocedelpaese.info\\\/#organization\"},\"potentialAction\":[{\"@type\":\"SearchAction\",\"target\":{\"@type\":\"EntryPoint\",\"urlTemplate\":\"https:\\\/\\\/lavocedelpaese.info\\\/?s={search_term_string}\"},\"query-input\":{\"@type\":\"PropertyValueSpecification\",\"valueRequired\":true,\"valueName\":\"search_term_string\"}}],\"inLanguage\":\"it-IT\"},{\"@type\":\"Organization\",\"@id\":\"https:\\\/\\\/lavocedelpaese.info\\\/#organization\",\"name\":\"La Voce del Paese\",\"url\":\"https:\\\/\\\/lavocedelpaese.info\\\/\",\"logo\":{\"@type\":\"ImageObject\",\"inLanguage\":\"it-IT\",\"@id\":\"https:\\\/\\\/lavocedelpaese.info\\\/#\\\/schema\\\/logo\\\/image\\\/\",\"url\":\"https:\\\/\\\/lavocedelpaese.info\\\/wp-content\\\/uploads\\\/2023\\\/01\\\/cropped-logo-150-127.png\",\"contentUrl\":\"https:\\\/\\\/lavocedelpaese.info\\\/wp-content\\\/uploads\\\/2023\\\/01\\\/cropped-logo-150-127.png\",\"width\":137,\"height\":119,\"caption\":\"La Voce del Paese\"},\"image\":{\"@id\":\"https:\\\/\\\/lavocedelpaese.info\\\/#\\\/schema\\\/logo\\\/image\\\/\"},\"sameAs\":[\"https:\\\/\\\/www.facebook.com\\\/lavocedelpaese.info\"]}]}<\/script>\n<!-- \/ Yoast SEO plugin. -->","yoast_head_json":{"title":"\u201cIl salice del borgo antico\u201d raccolta di poesie di Anna Cellaro - La Voce del Paese","robots":{"index":"index","follow":"follow","max-snippet":"max-snippet:-1","max-image-preview":"max-image-preview:large","max-video-preview":"max-video-preview:-1"},"canonical":"https:\/\/lavocedelpaese.info\/index.php\/2023\/07\/08\/il-salice-del-borgo-antico-raccolta-di-poesie-di-anna-cellaro\/","og_locale":"it_IT","og_type":"article","og_title":"\u201cIl salice del borgo antico\u201d raccolta di poesie di Anna Cellaro - La Voce del Paese","og_description":"\u00a0 \u200b\u00a0 \u200bGioia \u2013 La Voce del Paese\u00a0 \u00c8 stata pubblicata da poche settimane la raccolta di poesie \u00abIl salice","og_url":"https:\/\/lavocedelpaese.info\/index.php\/2023\/07\/08\/il-salice-del-borgo-antico-raccolta-di-poesie-di-anna-cellaro\/","og_site_name":"La Voce del Paese","article_publisher":"https:\/\/www.facebook.com\/lavocedelpaese.info","article_published_time":"2023-07-08T13:17:17+00:00","twitter_card":"summary_large_image","twitter_misc":{"Tempo di lettura stimato":"5 minuti"},"schema":{"@context":"https:\/\/schema.org","@graph":[{"@type":"Article","@id":"https:\/\/lavocedelpaese.info\/index.php\/2023\/07\/08\/il-salice-del-borgo-antico-raccolta-di-poesie-di-anna-cellaro\/#article","isPartOf":{"@id":"https:\/\/lavocedelpaese.info\/index.php\/2023\/07\/08\/il-salice-del-borgo-antico-raccolta-di-poesie-di-anna-cellaro\/"},"author":{"name":"","@id":""},"headline":"\u201cIl salice del borgo antico\u201d raccolta di poesie di Anna Cellaro","datePublished":"2023-07-08T13:17:17+00:00","mainEntityOfPage":{"@id":"https:\/\/lavocedelpaese.info\/index.php\/2023\/07\/08\/il-salice-del-borgo-antico-raccolta-di-poesie-di-anna-cellaro\/"},"wordCount":1090,"commentCount":0,"publisher":{"@id":"https:\/\/lavocedelpaese.info\/#organization"},"articleSection":["network"],"inLanguage":"it-IT","potentialAction":[{"@type":"CommentAction","name":"Comment","target":["https:\/\/lavocedelpaese.info\/index.php\/2023\/07\/08\/il-salice-del-borgo-antico-raccolta-di-poesie-di-anna-cellaro\/#respond"]}]},{"@type":"WebPage","@id":"https:\/\/lavocedelpaese.info\/index.php\/2023\/07\/08\/il-salice-del-borgo-antico-raccolta-di-poesie-di-anna-cellaro\/","url":"https:\/\/lavocedelpaese.info\/index.php\/2023\/07\/08\/il-salice-del-borgo-antico-raccolta-di-poesie-di-anna-cellaro\/","name":"\u201cIl salice del borgo antico\u201d raccolta di poesie di Anna Cellaro - La Voce del Paese","isPartOf":{"@id":"https:\/\/lavocedelpaese.info\/#website"},"datePublished":"2023-07-08T13:17:17+00:00","breadcrumb":{"@id":"https:\/\/lavocedelpaese.info\/index.php\/2023\/07\/08\/il-salice-del-borgo-antico-raccolta-di-poesie-di-anna-cellaro\/#breadcrumb"},"inLanguage":"it-IT","potentialAction":[{"@type":"ReadAction","target":["https:\/\/lavocedelpaese.info\/index.php\/2023\/07\/08\/il-salice-del-borgo-antico-raccolta-di-poesie-di-anna-cellaro\/"]}]},{"@type":"BreadcrumbList","@id":"https:\/\/lavocedelpaese.info\/index.php\/2023\/07\/08\/il-salice-del-borgo-antico-raccolta-di-poesie-di-anna-cellaro\/#breadcrumb","itemListElement":[{"@type":"ListItem","position":1,"name":"Home","item":"https:\/\/lavocedelpaese.info\/"},{"@type":"ListItem","position":2,"name":"\u201cIl salice del borgo antico\u201d raccolta di poesie di Anna Cellaro"}]},{"@type":"WebSite","@id":"https:\/\/lavocedelpaese.info\/#website","url":"https:\/\/lavocedelpaese.info\/","name":"La Voce del Paese","description":"Un network di idee","publisher":{"@id":"https:\/\/lavocedelpaese.info\/#organization"},"potentialAction":[{"@type":"SearchAction","target":{"@type":"EntryPoint","urlTemplate":"https:\/\/lavocedelpaese.info\/?s={search_term_string}"},"query-input":{"@type":"PropertyValueSpecification","valueRequired":true,"valueName":"search_term_string"}}],"inLanguage":"it-IT"},{"@type":"Organization","@id":"https:\/\/lavocedelpaese.info\/#organization","name":"La Voce del Paese","url":"https:\/\/lavocedelpaese.info\/","logo":{"@type":"ImageObject","inLanguage":"it-IT","@id":"https:\/\/lavocedelpaese.info\/#\/schema\/logo\/image\/","url":"https:\/\/lavocedelpaese.info\/wp-content\/uploads\/2023\/01\/cropped-logo-150-127.png","contentUrl":"https:\/\/lavocedelpaese.info\/wp-content\/uploads\/2023\/01\/cropped-logo-150-127.png","width":137,"height":119,"caption":"La Voce del Paese"},"image":{"@id":"https:\/\/lavocedelpaese.info\/#\/schema\/logo\/image\/"},"sameAs":["https:\/\/www.facebook.com\/lavocedelpaese.info"]}]}},"_links":{"self":[{"href":"https:\/\/lavocedelpaese.info\/index.php\/wp-json\/wp\/v2\/posts\/1734","targetHints":{"allow":["GET"]}}],"collection":[{"href":"https:\/\/lavocedelpaese.info\/index.php\/wp-json\/wp\/v2\/posts"}],"about":[{"href":"https:\/\/lavocedelpaese.info\/index.php\/wp-json\/wp\/v2\/types\/post"}],"replies":[{"embeddable":true,"href":"https:\/\/lavocedelpaese.info\/index.php\/wp-json\/wp\/v2\/comments?post=1734"}],"version-history":[{"count":0,"href":"https:\/\/lavocedelpaese.info\/index.php\/wp-json\/wp\/v2\/posts\/1734\/revisions"}],"wp:attachment":[{"href":"https:\/\/lavocedelpaese.info\/index.php\/wp-json\/wp\/v2\/media?parent=1734"}],"wp:term":[{"taxonomy":"category","embeddable":true,"href":"https:\/\/lavocedelpaese.info\/index.php\/wp-json\/wp\/v2\/categories?post=1734"},{"taxonomy":"post_tag","embeddable":true,"href":"https:\/\/lavocedelpaese.info\/index.php\/wp-json\/wp\/v2\/tags?post=1734"}],"curies":[{"name":"wp","href":"https:\/\/api.w.org\/{rel}","templated":true}]}}