{"id":1728,"date":"2023-07-08T05:14:48","date_gmt":"2023-07-08T05:14:48","guid":{"rendered":"https:\/\/lavocedelpaese.info\/index.php\/2023\/07\/08\/lavoro-e-integrazione-la-cisl-incontra-la-comunita-marocchina-turese\/"},"modified":"2023-07-08T05:14:48","modified_gmt":"2023-07-08T05:14:48","slug":"lavoro-e-integrazione-la-cisl-incontra-la-comunita-marocchina-turese","status":"publish","type":"post","link":"https:\/\/lavocedelpaese.info\/index.php\/2023\/07\/08\/lavoro-e-integrazione-la-cisl-incontra-la-comunita-marocchina-turese\/","title":{"rendered":"Lavoro e integrazione, la Cisl incontra la comunit\u00e0 marocchina turese"},"content":{"rendered":"<p>\u00a0<\/p>\n<p>\u200b\u00a0<\/p>\n<p>\u200bTuri \u2013 La Voce del Paese\u00a0<\/p>\n<p>Si \u00e8 svolto a Turi, in provincia di Bari, l\u2019incontro organizzato dalla Fai Cisl di Bari sul tema \u201cComunit\u00e0 multireligiose, lavoro e rappresentanza nel settore agroalimentare\u201d per un confronto sull\u2019incidenza del lavoro straniero nel comparto, legalit\u00e0, contrattazione e azioni di integrazione.<\/p>\n<p>Dopo i saluti del reggente Fai Cisl Puglia Paolo Frascella e del Segretario Generale Cisl Bari Giuseppe Boccuzzi, \u00e8 intervenuto il Segretario Generale Fai Cisl Bari Vincenzo Cinquepalmi. \u201cL\u2019agricoltura nella provincia di Bari e BAT occupa circa 50.646 mila operai agricoli a tempo determinato e vede il vino e l\u2019uva da tavola tra i prodotti agricoli pi\u00f9 importanti per la nostra regione ricoprendo circa il 61% della produzione agricola italiana. I lavoratori stranieri sono pi\u00f9 di 9.600, circa il 20% degli operai agricoli totali. Siamo un sindacato di prossimit\u00e0 \u2013 afferma Cinquepalmi \u2013 \u00e8 importante per noi far conoscere i servizi che come Fai e Cisl offriamo ai lavoratori, per estendere diritti e garanzie. Per questo sono importanti i presidi territoriali come quello aperto a Turi. Oggi abbiamo anche consegnato una donazione all\u2019associazione marocchina \u201cAl Khair\u201d, che a Turi rappresenta oltre 200 persone, per sostenere le attivit\u00e0 religiose e di integrazione nella comunit\u00e0. Crediamo infatti che solo nella vera condivisione nasca sviluppo, legalit\u00e0 e stabilit\u00e0\u201d.<\/p>\n<p>Dopo alcune testimonianze di lavoratori, che sottolineano le lungaggini e l\u2019eccessiva burocrazia nell\u2019ottenere i permessi di soggiorno, le irregolarit\u00e0 contrattuali spesso subite, la difficolt\u00e0 nelle politiche abitative e, in tutto questo, l\u2019importanza dell\u2019affiancamento sindacale, sono seguiti gli interventi di Redouane Abdellah, Segretario Generale Centro Culturale Islamico \u00a0di Roma, Mohamed Saady segretario nazionale Fai Cisl, Antonio Castellucci Segretario Generale Cisl Puglia e le conclusioni del Segretario Generale Fai Cisl nazionale Onofrio Rota.<\/p>\n<p>\u201c\u00c8 molto importante intervenire a due livelli, quello territoriale dove le comunit\u00e0 di diversa religione vivono e devono quindi interloquire con le autorit\u00e0 locali, e quello nazionale, dove si prendono decisioni politiche e strategiche \u2013 sono le parole di Redouane Abdellah, Segretario Generale Centro Islamico di Roma \u2013 Noi come Centro culturale Islamico nazionale non potevamo mancare a questo appuntamento, che pu\u00f2 servire come modello di interlocuzione tra le comunit\u00e0, i territori e le rappresentanze istituzionali centrali. In questo percorso il sindacato \u00e8 fondamentale perch\u00e9 attraverso chi rappresenta i lavoratori si possono trovare i giusti percorsi di integrazione e giustizia\u201d.<\/p>\n<p>\u201cLa centralit\u00e0 della persona \u00e8 da sempre il nostro punto di riferimento nell\u2019agire sindacale \u2013 ha affermato Antonio Castellucci Segretario Generale Cisl Puglia \u2013 i presidi capillari nei territori, i servizi, la formazione, il dialogo continuo sono strumenti che il sindacato mette a disposizione per non lasciare indietro nessuno. \u00a0I cittadini immigrati sono una grande risorsa per il nostro Paese, ed \u00e8 importante consolidare un percorso condiviso e strutturale di integrazione e di reciproca crescita culturale, professionale e di comunit\u00e0\u201d.<\/p>\n<p>I lavori sono stati conclusi dal Segretario Generale Fai Cisl Onofrio Rota: \u201cI lavoratori immigrati per il settore agroalimentare sono una risorsa strategica. Su un milione di lavoratori agricoli, 350mila sono provenienti da altre nazionalit\u00e0, ma entro il 2030 saranno circa 500mila, quindi il 50% del totale. Bisogna avviare politiche inclusive \u2013 ha sottolineato Rota \u2013 che garantiscano soluzioni abitative come quelle che aveva previsto Amos Zanibelli, autore della legge per le case popolari ai contadini negli anni \u201960. In tutto questo la contrattazione nazionale e quella provinciale rappresentano il perimetro entro il quale mettere in campo azioni concrete per sostenere e valorizzare questi lavoratori cos\u00ec importanti per lo sviluppo del nostro comparto, dare sicurezza economica e continuit\u00e0 lavorativa. Per garantire la legalit\u00e0 e contrastare i fenomeni di lavoro irregolare e caporalato nel settore \u2013 ha concluso il leader della Fai Cisl \u2013 ricordiamo sempre le nostre campagne \u201cSOS caporalato\u201d, \u201cMai pi\u00f9 ghetti\u201d e \u201cTutele in movimento\u201d dove tutte le nostre strutture territoriali sono da tempo impegnate\u201d.<\/p>\n<p class=\"has-text-align-right\"><strong>Fonte <a href=\"https:\/\/www.faicisl.it\/\" target=\"_blank\" rel=\"noopener\">FAI Cisl<\/a><\/strong><\/p>\n<p><a class=\"a2a_button_facebook\" href=\"https:\/\/www.addtoany.com\/add_to\/facebook?linkurl=https%3A%2F%2Fturi.lavocedelpaese.info%2Flavoro-e-integrazione-la-cisl-incontra-la-comunita-marocchina-turese%2F&amp;linkname=Lavoro%20e%20integrazione%2C%20la%20Cisl%20incontra%20la%20comunit%C3%A0%20marocchina%20turese\" title=\"Facebook\" target=\"_blank\" rel=\"noopener\"><\/a><a class=\"a2a_button_twitter\" href=\"https:\/\/www.addtoany.com\/add_to\/twitter?linkurl=https%3A%2F%2Fturi.lavocedelpaese.info%2Flavoro-e-integrazione-la-cisl-incontra-la-comunita-marocchina-turese%2F&amp;linkname=Lavoro%20e%20integrazione%2C%20la%20Cisl%20incontra%20la%20comunit%C3%A0%20marocchina%20turese\" title=\"Twitter\" target=\"_blank\" rel=\"noopener\"><\/a><a class=\"a2a_button_whatsapp\" href=\"https:\/\/www.addtoany.com\/add_to\/whatsapp?linkurl=https%3A%2F%2Fturi.lavocedelpaese.info%2Flavoro-e-integrazione-la-cisl-incontra-la-comunita-marocchina-turese%2F&amp;linkname=Lavoro%20e%20integrazione%2C%20la%20Cisl%20incontra%20la%20comunit%C3%A0%20marocchina%20turese\" title=\"WhatsApp\" target=\"_blank\" rel=\"noopener\"><\/a><a class=\"a2a_button_telegram\" href=\"https:\/\/www.addtoany.com\/add_to\/telegram?linkurl=https%3A%2F%2Fturi.lavocedelpaese.info%2Flavoro-e-integrazione-la-cisl-incontra-la-comunita-marocchina-turese%2F&amp;linkname=Lavoro%20e%20integrazione%2C%20la%20Cisl%20incontra%20la%20comunit%C3%A0%20marocchina%20turese\" title=\"Telegram\" target=\"_blank\" rel=\"noopener\"><\/a><a class=\"a2a_button_email\" href=\"https:\/\/www.addtoany.com\/add_to\/email?linkurl=https%3A%2F%2Fturi.lavocedelpaese.info%2Flavoro-e-integrazione-la-cisl-incontra-la-comunita-marocchina-turese%2F&amp;linkname=Lavoro%20e%20integrazione%2C%20la%20Cisl%20incontra%20la%20comunit%C3%A0%20marocchina%20turese\" title=\"Email\" target=\"_blank\" rel=\"noopener\"><\/a><\/p>\n<p>\u00a0<\/p>","protected":false},"excerpt":{"rendered":"<p>\u00a0 \u200b\u00a0 \u200bTuri \u2013 La Voce del Paese\u00a0 Si \u00e8 svolto a Turi, in provincia di Bari, l\u2019incontro organizzato dalla<\/p>\n","protected":false},"author":0,"featured_media":0,"comment_status":"open","ping_status":"closed","sticky":false,"template":"","format":"standard","meta":{"colormag_page_container_layout":"default_layout","colormag_page_sidebar_layout":"default_layout","footnotes":""},"categories":[33],"tags":[],"class_list":["post-1728","post","type-post","status-publish","format-standard","hentry","category-network"],"yoast_head":"<!-- This site is optimized with the Yoast SEO plugin v27.5 - https:\/\/yoast.com\/product\/yoast-seo-wordpress\/ -->\n<title>Lavoro e integrazione, la Cisl incontra la comunit\u00e0 marocchina turese - La Voce del Paese<\/title>\n<meta name=\"robots\" content=\"index, follow, max-snippet:-1, max-image-preview:large, max-video-preview:-1\" \/>\n<link rel=\"canonical\" href=\"https:\/\/lavocedelpaese.info\/index.php\/2023\/07\/08\/lavoro-e-integrazione-la-cisl-incontra-la-comunita-marocchina-turese\/\" \/>\n<meta property=\"og:locale\" content=\"it_IT\" \/>\n<meta property=\"og:type\" content=\"article\" \/>\n<meta property=\"og:title\" content=\"Lavoro e integrazione, la Cisl incontra la comunit\u00e0 marocchina turese - La Voce del Paese\" \/>\n<meta property=\"og:description\" content=\"\u00a0 \u200b\u00a0 \u200bTuri \u2013 La Voce del Paese\u00a0 Si \u00e8 svolto a Turi, in provincia di Bari, l\u2019incontro organizzato dalla\" \/>\n<meta property=\"og:url\" content=\"https:\/\/lavocedelpaese.info\/index.php\/2023\/07\/08\/lavoro-e-integrazione-la-cisl-incontra-la-comunita-marocchina-turese\/\" \/>\n<meta property=\"og:site_name\" content=\"La Voce del Paese\" \/>\n<meta property=\"article:publisher\" content=\"https:\/\/www.facebook.com\/lavocedelpaese.info\" \/>\n<meta property=\"article:published_time\" content=\"2023-07-08T05:14:48+00:00\" \/>\n<meta name=\"twitter:card\" content=\"summary_large_image\" \/>\n<meta name=\"twitter:label1\" content=\"Tempo di lettura stimato\" \/>\n\t<meta name=\"twitter:data1\" content=\"3 minuti\" \/>\n<script type=\"application\/ld+json\" class=\"yoast-schema-graph\">{\"@context\":\"https:\\\/\\\/schema.org\",\"@graph\":[{\"@type\":\"Article\",\"@id\":\"https:\\\/\\\/lavocedelpaese.info\\\/index.php\\\/2023\\\/07\\\/08\\\/lavoro-e-integrazione-la-cisl-incontra-la-comunita-marocchina-turese\\\/#article\",\"isPartOf\":{\"@id\":\"https:\\\/\\\/lavocedelpaese.info\\\/index.php\\\/2023\\\/07\\\/08\\\/lavoro-e-integrazione-la-cisl-incontra-la-comunita-marocchina-turese\\\/\"},\"author\":{\"name\":\"\",\"@id\":\"\"},\"headline\":\"Lavoro e integrazione, la Cisl incontra la comunit\u00e0 marocchina turese\",\"datePublished\":\"2023-07-08T05:14:48+00:00\",\"mainEntityOfPage\":{\"@id\":\"https:\\\/\\\/lavocedelpaese.info\\\/index.php\\\/2023\\\/07\\\/08\\\/lavoro-e-integrazione-la-cisl-incontra-la-comunita-marocchina-turese\\\/\"},\"wordCount\":627,\"commentCount\":0,\"publisher\":{\"@id\":\"https:\\\/\\\/lavocedelpaese.info\\\/#organization\"},\"articleSection\":[\"network\"],\"inLanguage\":\"it-IT\",\"potentialAction\":[{\"@type\":\"CommentAction\",\"name\":\"Comment\",\"target\":[\"https:\\\/\\\/lavocedelpaese.info\\\/index.php\\\/2023\\\/07\\\/08\\\/lavoro-e-integrazione-la-cisl-incontra-la-comunita-marocchina-turese\\\/#respond\"]}]},{\"@type\":\"WebPage\",\"@id\":\"https:\\\/\\\/lavocedelpaese.info\\\/index.php\\\/2023\\\/07\\\/08\\\/lavoro-e-integrazione-la-cisl-incontra-la-comunita-marocchina-turese\\\/\",\"url\":\"https:\\\/\\\/lavocedelpaese.info\\\/index.php\\\/2023\\\/07\\\/08\\\/lavoro-e-integrazione-la-cisl-incontra-la-comunita-marocchina-turese\\\/\",\"name\":\"Lavoro e integrazione, la Cisl incontra la comunit\u00e0 marocchina turese - La Voce del Paese\",\"isPartOf\":{\"@id\":\"https:\\\/\\\/lavocedelpaese.info\\\/#website\"},\"datePublished\":\"2023-07-08T05:14:48+00:00\",\"breadcrumb\":{\"@id\":\"https:\\\/\\\/lavocedelpaese.info\\\/index.php\\\/2023\\\/07\\\/08\\\/lavoro-e-integrazione-la-cisl-incontra-la-comunita-marocchina-turese\\\/#breadcrumb\"},\"inLanguage\":\"it-IT\",\"potentialAction\":[{\"@type\":\"ReadAction\",\"target\":[\"https:\\\/\\\/lavocedelpaese.info\\\/index.php\\\/2023\\\/07\\\/08\\\/lavoro-e-integrazione-la-cisl-incontra-la-comunita-marocchina-turese\\\/\"]}]},{\"@type\":\"BreadcrumbList\",\"@id\":\"https:\\\/\\\/lavocedelpaese.info\\\/index.php\\\/2023\\\/07\\\/08\\\/lavoro-e-integrazione-la-cisl-incontra-la-comunita-marocchina-turese\\\/#breadcrumb\",\"itemListElement\":[{\"@type\":\"ListItem\",\"position\":1,\"name\":\"Home\",\"item\":\"https:\\\/\\\/lavocedelpaese.info\\\/\"},{\"@type\":\"ListItem\",\"position\":2,\"name\":\"Lavoro e integrazione, la Cisl incontra la comunit\u00e0 marocchina turese\"}]},{\"@type\":\"WebSite\",\"@id\":\"https:\\\/\\\/lavocedelpaese.info\\\/#website\",\"url\":\"https:\\\/\\\/lavocedelpaese.info\\\/\",\"name\":\"La Voce del Paese\",\"description\":\"Un network di idee\",\"publisher\":{\"@id\":\"https:\\\/\\\/lavocedelpaese.info\\\/#organization\"},\"potentialAction\":[{\"@type\":\"SearchAction\",\"target\":{\"@type\":\"EntryPoint\",\"urlTemplate\":\"https:\\\/\\\/lavocedelpaese.info\\\/?s={search_term_string}\"},\"query-input\":{\"@type\":\"PropertyValueSpecification\",\"valueRequired\":true,\"valueName\":\"search_term_string\"}}],\"inLanguage\":\"it-IT\"},{\"@type\":\"Organization\",\"@id\":\"https:\\\/\\\/lavocedelpaese.info\\\/#organization\",\"name\":\"La Voce del Paese\",\"url\":\"https:\\\/\\\/lavocedelpaese.info\\\/\",\"logo\":{\"@type\":\"ImageObject\",\"inLanguage\":\"it-IT\",\"@id\":\"https:\\\/\\\/lavocedelpaese.info\\\/#\\\/schema\\\/logo\\\/image\\\/\",\"url\":\"https:\\\/\\\/lavocedelpaese.info\\\/wp-content\\\/uploads\\\/2023\\\/01\\\/cropped-logo-150-127.png\",\"contentUrl\":\"https:\\\/\\\/lavocedelpaese.info\\\/wp-content\\\/uploads\\\/2023\\\/01\\\/cropped-logo-150-127.png\",\"width\":137,\"height\":119,\"caption\":\"La Voce del Paese\"},\"image\":{\"@id\":\"https:\\\/\\\/lavocedelpaese.info\\\/#\\\/schema\\\/logo\\\/image\\\/\"},\"sameAs\":[\"https:\\\/\\\/www.facebook.com\\\/lavocedelpaese.info\"]}]}<\/script>\n<!-- \/ Yoast SEO plugin. -->","yoast_head_json":{"title":"Lavoro e integrazione, la Cisl incontra la comunit\u00e0 marocchina turese - La Voce del Paese","robots":{"index":"index","follow":"follow","max-snippet":"max-snippet:-1","max-image-preview":"max-image-preview:large","max-video-preview":"max-video-preview:-1"},"canonical":"https:\/\/lavocedelpaese.info\/index.php\/2023\/07\/08\/lavoro-e-integrazione-la-cisl-incontra-la-comunita-marocchina-turese\/","og_locale":"it_IT","og_type":"article","og_title":"Lavoro e integrazione, la Cisl incontra la comunit\u00e0 marocchina turese - La Voce del Paese","og_description":"\u00a0 \u200b\u00a0 \u200bTuri \u2013 La Voce del Paese\u00a0 Si \u00e8 svolto a Turi, in provincia di Bari, l\u2019incontro organizzato dalla","og_url":"https:\/\/lavocedelpaese.info\/index.php\/2023\/07\/08\/lavoro-e-integrazione-la-cisl-incontra-la-comunita-marocchina-turese\/","og_site_name":"La Voce del Paese","article_publisher":"https:\/\/www.facebook.com\/lavocedelpaese.info","article_published_time":"2023-07-08T05:14:48+00:00","twitter_card":"summary_large_image","twitter_misc":{"Tempo di lettura stimato":"3 minuti"},"schema":{"@context":"https:\/\/schema.org","@graph":[{"@type":"Article","@id":"https:\/\/lavocedelpaese.info\/index.php\/2023\/07\/08\/lavoro-e-integrazione-la-cisl-incontra-la-comunita-marocchina-turese\/#article","isPartOf":{"@id":"https:\/\/lavocedelpaese.info\/index.php\/2023\/07\/08\/lavoro-e-integrazione-la-cisl-incontra-la-comunita-marocchina-turese\/"},"author":{"name":"","@id":""},"headline":"Lavoro e integrazione, la Cisl incontra la comunit\u00e0 marocchina turese","datePublished":"2023-07-08T05:14:48+00:00","mainEntityOfPage":{"@id":"https:\/\/lavocedelpaese.info\/index.php\/2023\/07\/08\/lavoro-e-integrazione-la-cisl-incontra-la-comunita-marocchina-turese\/"},"wordCount":627,"commentCount":0,"publisher":{"@id":"https:\/\/lavocedelpaese.info\/#organization"},"articleSection":["network"],"inLanguage":"it-IT","potentialAction":[{"@type":"CommentAction","name":"Comment","target":["https:\/\/lavocedelpaese.info\/index.php\/2023\/07\/08\/lavoro-e-integrazione-la-cisl-incontra-la-comunita-marocchina-turese\/#respond"]}]},{"@type":"WebPage","@id":"https:\/\/lavocedelpaese.info\/index.php\/2023\/07\/08\/lavoro-e-integrazione-la-cisl-incontra-la-comunita-marocchina-turese\/","url":"https:\/\/lavocedelpaese.info\/index.php\/2023\/07\/08\/lavoro-e-integrazione-la-cisl-incontra-la-comunita-marocchina-turese\/","name":"Lavoro e integrazione, la Cisl incontra la comunit\u00e0 marocchina turese - La Voce del Paese","isPartOf":{"@id":"https:\/\/lavocedelpaese.info\/#website"},"datePublished":"2023-07-08T05:14:48+00:00","breadcrumb":{"@id":"https:\/\/lavocedelpaese.info\/index.php\/2023\/07\/08\/lavoro-e-integrazione-la-cisl-incontra-la-comunita-marocchina-turese\/#breadcrumb"},"inLanguage":"it-IT","potentialAction":[{"@type":"ReadAction","target":["https:\/\/lavocedelpaese.info\/index.php\/2023\/07\/08\/lavoro-e-integrazione-la-cisl-incontra-la-comunita-marocchina-turese\/"]}]},{"@type":"BreadcrumbList","@id":"https:\/\/lavocedelpaese.info\/index.php\/2023\/07\/08\/lavoro-e-integrazione-la-cisl-incontra-la-comunita-marocchina-turese\/#breadcrumb","itemListElement":[{"@type":"ListItem","position":1,"name":"Home","item":"https:\/\/lavocedelpaese.info\/"},{"@type":"ListItem","position":2,"name":"Lavoro e integrazione, la Cisl incontra la comunit\u00e0 marocchina turese"}]},{"@type":"WebSite","@id":"https:\/\/lavocedelpaese.info\/#website","url":"https:\/\/lavocedelpaese.info\/","name":"La Voce del Paese","description":"Un network di idee","publisher":{"@id":"https:\/\/lavocedelpaese.info\/#organization"},"potentialAction":[{"@type":"SearchAction","target":{"@type":"EntryPoint","urlTemplate":"https:\/\/lavocedelpaese.info\/?s={search_term_string}"},"query-input":{"@type":"PropertyValueSpecification","valueRequired":true,"valueName":"search_term_string"}}],"inLanguage":"it-IT"},{"@type":"Organization","@id":"https:\/\/lavocedelpaese.info\/#organization","name":"La Voce del Paese","url":"https:\/\/lavocedelpaese.info\/","logo":{"@type":"ImageObject","inLanguage":"it-IT","@id":"https:\/\/lavocedelpaese.info\/#\/schema\/logo\/image\/","url":"https:\/\/lavocedelpaese.info\/wp-content\/uploads\/2023\/01\/cropped-logo-150-127.png","contentUrl":"https:\/\/lavocedelpaese.info\/wp-content\/uploads\/2023\/01\/cropped-logo-150-127.png","width":137,"height":119,"caption":"La Voce del Paese"},"image":{"@id":"https:\/\/lavocedelpaese.info\/#\/schema\/logo\/image\/"},"sameAs":["https:\/\/www.facebook.com\/lavocedelpaese.info"]}]}},"_links":{"self":[{"href":"https:\/\/lavocedelpaese.info\/index.php\/wp-json\/wp\/v2\/posts\/1728","targetHints":{"allow":["GET"]}}],"collection":[{"href":"https:\/\/lavocedelpaese.info\/index.php\/wp-json\/wp\/v2\/posts"}],"about":[{"href":"https:\/\/lavocedelpaese.info\/index.php\/wp-json\/wp\/v2\/types\/post"}],"replies":[{"embeddable":true,"href":"https:\/\/lavocedelpaese.info\/index.php\/wp-json\/wp\/v2\/comments?post=1728"}],"version-history":[{"count":0,"href":"https:\/\/lavocedelpaese.info\/index.php\/wp-json\/wp\/v2\/posts\/1728\/revisions"}],"wp:attachment":[{"href":"https:\/\/lavocedelpaese.info\/index.php\/wp-json\/wp\/v2\/media?parent=1728"}],"wp:term":[{"taxonomy":"category","embeddable":true,"href":"https:\/\/lavocedelpaese.info\/index.php\/wp-json\/wp\/v2\/categories?post=1728"},{"taxonomy":"post_tag","embeddable":true,"href":"https:\/\/lavocedelpaese.info\/index.php\/wp-json\/wp\/v2\/tags?post=1728"}],"curies":[{"name":"wp","href":"https:\/\/api.w.org\/{rel}","templated":true}]}}