{"id":1709,"date":"2023-07-02T06:20:42","date_gmt":"2023-07-02T06:20:42","guid":{"rendered":"https:\/\/lavocedelpaese.info\/index.php\/2023\/07\/02\/lunedi-3-luglio-disinfestazione-su-tutto-il-territorio-comunale\/"},"modified":"2023-07-02T06:20:42","modified_gmt":"2023-07-02T06:20:42","slug":"lunedi-3-luglio-disinfestazione-su-tutto-il-territorio-comunale","status":"publish","type":"post","link":"https:\/\/lavocedelpaese.info\/index.php\/2023\/07\/02\/lunedi-3-luglio-disinfestazione-su-tutto-il-territorio-comunale\/","title":{"rendered":"Luned\u00ec 3 luglio \u2013 Disinfestazione su tutto il territorio comunale"},"content":{"rendered":"<p>\u00a0<\/p>\n<p>\u200b\u00a0<\/p>\n<p>\u200bTuri \u2013 La Voce del Paese\u00a0<\/p>\n<p>Si avverte la cittadinanza che dalle ore 23:00 di luned\u00ec 3 luglio, fino alle ore 05:00 del mattino di marted\u00ec 4 luglio, verr\u00e0 effettuato il servizio di disinfestazione e deblattizzazione su tutto il territorio comunale.<\/p>\n<p>Si prega di chiudere le finestre, non esporre all\u2019esterno delle abitazioni alimenti ed indumenti e, per garantire la massima sicurezza d\u2019applicazione, di NON sostare nelle zone in cui si svolge il servizio.<\/p>\n<p>Si ringrazia la cittadinanza per la collaborazione.<\/p>\n<p><a class=\"a2a_button_facebook\" href=\"https:\/\/www.addtoany.com\/add_to\/facebook?linkurl=https%3A%2F%2Fturi.lavocedelpaese.info%2Flunedi-3-luglio-disinfestazione-su-tutto-il-territorio-comunale%2F&amp;linkname=Luned%C3%AC%203%20luglio%20%E2%80%93%20Disinfestazione%20su%20tutto%20il%20territorio%20comunale\" title=\"Facebook\" target=\"_blank\" rel=\"noopener\"><\/a><a class=\"a2a_button_twitter\" href=\"https:\/\/www.addtoany.com\/add_to\/twitter?linkurl=https%3A%2F%2Fturi.lavocedelpaese.info%2Flunedi-3-luglio-disinfestazione-su-tutto-il-territorio-comunale%2F&amp;linkname=Luned%C3%AC%203%20luglio%20%E2%80%93%20Disinfestazione%20su%20tutto%20il%20territorio%20comunale\" title=\"Twitter\" target=\"_blank\" rel=\"noopener\"><\/a><a class=\"a2a_button_whatsapp\" href=\"https:\/\/www.addtoany.com\/add_to\/whatsapp?linkurl=https%3A%2F%2Fturi.lavocedelpaese.info%2Flunedi-3-luglio-disinfestazione-su-tutto-il-territorio-comunale%2F&amp;linkname=Luned%C3%AC%203%20luglio%20%E2%80%93%20Disinfestazione%20su%20tutto%20il%20territorio%20comunale\" title=\"WhatsApp\" target=\"_blank\" rel=\"noopener\"><\/a><a class=\"a2a_button_telegram\" href=\"https:\/\/www.addtoany.com\/add_to\/telegram?linkurl=https%3A%2F%2Fturi.lavocedelpaese.info%2Flunedi-3-luglio-disinfestazione-su-tutto-il-territorio-comunale%2F&amp;linkname=Luned%C3%AC%203%20luglio%20%E2%80%93%20Disinfestazione%20su%20tutto%20il%20territorio%20comunale\" title=\"Telegram\" target=\"_blank\" rel=\"noopener\"><\/a><a class=\"a2a_button_email\" href=\"https:\/\/www.addtoany.com\/add_to\/email?linkurl=https%3A%2F%2Fturi.lavocedelpaese.info%2Flunedi-3-luglio-disinfestazione-su-tutto-il-territorio-comunale%2F&amp;linkname=Luned%C3%AC%203%20luglio%20%E2%80%93%20Disinfestazione%20su%20tutto%20il%20territorio%20comunale\" title=\"Email\" target=\"_blank\" rel=\"noopener\"><\/a><\/p>\n<p>\u00a0<\/p>","protected":false},"excerpt":{"rendered":"<p>\u00a0 \u200b\u00a0 \u200bTuri \u2013 La Voce del Paese\u00a0 Si avverte la cittadinanza che dalle ore 23:00 di luned\u00ec 3 luglio,<\/p>\n","protected":false},"author":0,"featured_media":0,"comment_status":"open","ping_status":"closed","sticky":false,"template":"","format":"standard","meta":{"colormag_page_container_layout":"default_layout","colormag_page_sidebar_layout":"default_layout","footnotes":""},"categories":[33],"tags":[],"class_list":["post-1709","post","type-post","status-publish","format-standard","hentry","category-network"],"yoast_head":"<!-- This site is optimized with the Yoast SEO plugin v27.5 - https:\/\/yoast.com\/product\/yoast-seo-wordpress\/ -->\n<title>Luned\u00ec 3 luglio \u2013 Disinfestazione su tutto il territorio comunale - La Voce del Paese<\/title>\n<meta name=\"robots\" content=\"index, follow, max-snippet:-1, max-image-preview:large, max-video-preview:-1\" \/>\n<link rel=\"canonical\" href=\"https:\/\/lavocedelpaese.info\/index.php\/2023\/07\/02\/lunedi-3-luglio-disinfestazione-su-tutto-il-territorio-comunale\/\" \/>\n<meta property=\"og:locale\" content=\"it_IT\" \/>\n<meta property=\"og:type\" content=\"article\" \/>\n<meta property=\"og:title\" content=\"Luned\u00ec 3 luglio \u2013 Disinfestazione su tutto il territorio comunale - La Voce del Paese\" \/>\n<meta property=\"og:description\" content=\"\u00a0 \u200b\u00a0 \u200bTuri \u2013 La Voce del Paese\u00a0 Si avverte la cittadinanza che dalle ore 23:00 di luned\u00ec 3 luglio,\" \/>\n<meta property=\"og:url\" content=\"https:\/\/lavocedelpaese.info\/index.php\/2023\/07\/02\/lunedi-3-luglio-disinfestazione-su-tutto-il-territorio-comunale\/\" \/>\n<meta property=\"og:site_name\" content=\"La Voce del Paese\" \/>\n<meta property=\"article:publisher\" content=\"https:\/\/www.facebook.com\/lavocedelpaese.info\" \/>\n<meta property=\"article:published_time\" content=\"2023-07-02T06:20:42+00:00\" \/>\n<meta name=\"twitter:card\" content=\"summary_large_image\" \/>\n<script type=\"application\/ld+json\" class=\"yoast-schema-graph\">{\"@context\":\"https:\\\/\\\/schema.org\",\"@graph\":[{\"@type\":\"Article\",\"@id\":\"https:\\\/\\\/lavocedelpaese.info\\\/index.php\\\/2023\\\/07\\\/02\\\/lunedi-3-luglio-disinfestazione-su-tutto-il-territorio-comunale\\\/#article\",\"isPartOf\":{\"@id\":\"https:\\\/\\\/lavocedelpaese.info\\\/index.php\\\/2023\\\/07\\\/02\\\/lunedi-3-luglio-disinfestazione-su-tutto-il-territorio-comunale\\\/\"},\"author\":{\"name\":\"\",\"@id\":\"\"},\"headline\":\"Luned\u00ec 3 luglio \u2013 Disinfestazione su tutto il territorio comunale\",\"datePublished\":\"2023-07-02T06:20:42+00:00\",\"mainEntityOfPage\":{\"@id\":\"https:\\\/\\\/lavocedelpaese.info\\\/index.php\\\/2023\\\/07\\\/02\\\/lunedi-3-luglio-disinfestazione-su-tutto-il-territorio-comunale\\\/\"},\"wordCount\":85,\"commentCount\":0,\"publisher\":{\"@id\":\"https:\\\/\\\/lavocedelpaese.info\\\/#organization\"},\"articleSection\":[\"network\"],\"inLanguage\":\"it-IT\",\"potentialAction\":[{\"@type\":\"CommentAction\",\"name\":\"Comment\",\"target\":[\"https:\\\/\\\/lavocedelpaese.info\\\/index.php\\\/2023\\\/07\\\/02\\\/lunedi-3-luglio-disinfestazione-su-tutto-il-territorio-comunale\\\/#respond\"]}]},{\"@type\":\"WebPage\",\"@id\":\"https:\\\/\\\/lavocedelpaese.info\\\/index.php\\\/2023\\\/07\\\/02\\\/lunedi-3-luglio-disinfestazione-su-tutto-il-territorio-comunale\\\/\",\"url\":\"https:\\\/\\\/lavocedelpaese.info\\\/index.php\\\/2023\\\/07\\\/02\\\/lunedi-3-luglio-disinfestazione-su-tutto-il-territorio-comunale\\\/\",\"name\":\"Luned\u00ec 3 luglio \u2013 Disinfestazione su tutto il territorio comunale - La Voce del Paese\",\"isPartOf\":{\"@id\":\"https:\\\/\\\/lavocedelpaese.info\\\/#website\"},\"datePublished\":\"2023-07-02T06:20:42+00:00\",\"breadcrumb\":{\"@id\":\"https:\\\/\\\/lavocedelpaese.info\\\/index.php\\\/2023\\\/07\\\/02\\\/lunedi-3-luglio-disinfestazione-su-tutto-il-territorio-comunale\\\/#breadcrumb\"},\"inLanguage\":\"it-IT\",\"potentialAction\":[{\"@type\":\"ReadAction\",\"target\":[\"https:\\\/\\\/lavocedelpaese.info\\\/index.php\\\/2023\\\/07\\\/02\\\/lunedi-3-luglio-disinfestazione-su-tutto-il-territorio-comunale\\\/\"]}]},{\"@type\":\"BreadcrumbList\",\"@id\":\"https:\\\/\\\/lavocedelpaese.info\\\/index.php\\\/2023\\\/07\\\/02\\\/lunedi-3-luglio-disinfestazione-su-tutto-il-territorio-comunale\\\/#breadcrumb\",\"itemListElement\":[{\"@type\":\"ListItem\",\"position\":1,\"name\":\"Home\",\"item\":\"https:\\\/\\\/lavocedelpaese.info\\\/\"},{\"@type\":\"ListItem\",\"position\":2,\"name\":\"Luned\u00ec 3 luglio \u2013 Disinfestazione su tutto il territorio comunale\"}]},{\"@type\":\"WebSite\",\"@id\":\"https:\\\/\\\/lavocedelpaese.info\\\/#website\",\"url\":\"https:\\\/\\\/lavocedelpaese.info\\\/\",\"name\":\"La Voce del Paese\",\"description\":\"Un network di idee\",\"publisher\":{\"@id\":\"https:\\\/\\\/lavocedelpaese.info\\\/#organization\"},\"potentialAction\":[{\"@type\":\"SearchAction\",\"target\":{\"@type\":\"EntryPoint\",\"urlTemplate\":\"https:\\\/\\\/lavocedelpaese.info\\\/?s={search_term_string}\"},\"query-input\":{\"@type\":\"PropertyValueSpecification\",\"valueRequired\":true,\"valueName\":\"search_term_string\"}}],\"inLanguage\":\"it-IT\"},{\"@type\":\"Organization\",\"@id\":\"https:\\\/\\\/lavocedelpaese.info\\\/#organization\",\"name\":\"La Voce del Paese\",\"url\":\"https:\\\/\\\/lavocedelpaese.info\\\/\",\"logo\":{\"@type\":\"ImageObject\",\"inLanguage\":\"it-IT\",\"@id\":\"https:\\\/\\\/lavocedelpaese.info\\\/#\\\/schema\\\/logo\\\/image\\\/\",\"url\":\"https:\\\/\\\/lavocedelpaese.info\\\/wp-content\\\/uploads\\\/2023\\\/01\\\/cropped-logo-150-127.png\",\"contentUrl\":\"https:\\\/\\\/lavocedelpaese.info\\\/wp-content\\\/uploads\\\/2023\\\/01\\\/cropped-logo-150-127.png\",\"width\":137,\"height\":119,\"caption\":\"La Voce del Paese\"},\"image\":{\"@id\":\"https:\\\/\\\/lavocedelpaese.info\\\/#\\\/schema\\\/logo\\\/image\\\/\"},\"sameAs\":[\"https:\\\/\\\/www.facebook.com\\\/lavocedelpaese.info\"]}]}<\/script>\n<!-- \/ Yoast SEO plugin. -->","yoast_head_json":{"title":"Luned\u00ec 3 luglio \u2013 Disinfestazione su tutto il territorio comunale - La Voce del Paese","robots":{"index":"index","follow":"follow","max-snippet":"max-snippet:-1","max-image-preview":"max-image-preview:large","max-video-preview":"max-video-preview:-1"},"canonical":"https:\/\/lavocedelpaese.info\/index.php\/2023\/07\/02\/lunedi-3-luglio-disinfestazione-su-tutto-il-territorio-comunale\/","og_locale":"it_IT","og_type":"article","og_title":"Luned\u00ec 3 luglio \u2013 Disinfestazione su tutto il territorio comunale - La Voce del Paese","og_description":"\u00a0 \u200b\u00a0 \u200bTuri \u2013 La Voce del Paese\u00a0 Si avverte la cittadinanza che dalle ore 23:00 di luned\u00ec 3 luglio,","og_url":"https:\/\/lavocedelpaese.info\/index.php\/2023\/07\/02\/lunedi-3-luglio-disinfestazione-su-tutto-il-territorio-comunale\/","og_site_name":"La Voce del Paese","article_publisher":"https:\/\/www.facebook.com\/lavocedelpaese.info","article_published_time":"2023-07-02T06:20:42+00:00","twitter_card":"summary_large_image","schema":{"@context":"https:\/\/schema.org","@graph":[{"@type":"Article","@id":"https:\/\/lavocedelpaese.info\/index.php\/2023\/07\/02\/lunedi-3-luglio-disinfestazione-su-tutto-il-territorio-comunale\/#article","isPartOf":{"@id":"https:\/\/lavocedelpaese.info\/index.php\/2023\/07\/02\/lunedi-3-luglio-disinfestazione-su-tutto-il-territorio-comunale\/"},"author":{"name":"","@id":""},"headline":"Luned\u00ec 3 luglio \u2013 Disinfestazione su tutto il territorio comunale","datePublished":"2023-07-02T06:20:42+00:00","mainEntityOfPage":{"@id":"https:\/\/lavocedelpaese.info\/index.php\/2023\/07\/02\/lunedi-3-luglio-disinfestazione-su-tutto-il-territorio-comunale\/"},"wordCount":85,"commentCount":0,"publisher":{"@id":"https:\/\/lavocedelpaese.info\/#organization"},"articleSection":["network"],"inLanguage":"it-IT","potentialAction":[{"@type":"CommentAction","name":"Comment","target":["https:\/\/lavocedelpaese.info\/index.php\/2023\/07\/02\/lunedi-3-luglio-disinfestazione-su-tutto-il-territorio-comunale\/#respond"]}]},{"@type":"WebPage","@id":"https:\/\/lavocedelpaese.info\/index.php\/2023\/07\/02\/lunedi-3-luglio-disinfestazione-su-tutto-il-territorio-comunale\/","url":"https:\/\/lavocedelpaese.info\/index.php\/2023\/07\/02\/lunedi-3-luglio-disinfestazione-su-tutto-il-territorio-comunale\/","name":"Luned\u00ec 3 luglio \u2013 Disinfestazione su tutto il territorio comunale - La Voce del Paese","isPartOf":{"@id":"https:\/\/lavocedelpaese.info\/#website"},"datePublished":"2023-07-02T06:20:42+00:00","breadcrumb":{"@id":"https:\/\/lavocedelpaese.info\/index.php\/2023\/07\/02\/lunedi-3-luglio-disinfestazione-su-tutto-il-territorio-comunale\/#breadcrumb"},"inLanguage":"it-IT","potentialAction":[{"@type":"ReadAction","target":["https:\/\/lavocedelpaese.info\/index.php\/2023\/07\/02\/lunedi-3-luglio-disinfestazione-su-tutto-il-territorio-comunale\/"]}]},{"@type":"BreadcrumbList","@id":"https:\/\/lavocedelpaese.info\/index.php\/2023\/07\/02\/lunedi-3-luglio-disinfestazione-su-tutto-il-territorio-comunale\/#breadcrumb","itemListElement":[{"@type":"ListItem","position":1,"name":"Home","item":"https:\/\/lavocedelpaese.info\/"},{"@type":"ListItem","position":2,"name":"Luned\u00ec 3 luglio \u2013 Disinfestazione su tutto il territorio comunale"}]},{"@type":"WebSite","@id":"https:\/\/lavocedelpaese.info\/#website","url":"https:\/\/lavocedelpaese.info\/","name":"La Voce del Paese","description":"Un network di idee","publisher":{"@id":"https:\/\/lavocedelpaese.info\/#organization"},"potentialAction":[{"@type":"SearchAction","target":{"@type":"EntryPoint","urlTemplate":"https:\/\/lavocedelpaese.info\/?s={search_term_string}"},"query-input":{"@type":"PropertyValueSpecification","valueRequired":true,"valueName":"search_term_string"}}],"inLanguage":"it-IT"},{"@type":"Organization","@id":"https:\/\/lavocedelpaese.info\/#organization","name":"La Voce del Paese","url":"https:\/\/lavocedelpaese.info\/","logo":{"@type":"ImageObject","inLanguage":"it-IT","@id":"https:\/\/lavocedelpaese.info\/#\/schema\/logo\/image\/","url":"https:\/\/lavocedelpaese.info\/wp-content\/uploads\/2023\/01\/cropped-logo-150-127.png","contentUrl":"https:\/\/lavocedelpaese.info\/wp-content\/uploads\/2023\/01\/cropped-logo-150-127.png","width":137,"height":119,"caption":"La Voce del Paese"},"image":{"@id":"https:\/\/lavocedelpaese.info\/#\/schema\/logo\/image\/"},"sameAs":["https:\/\/www.facebook.com\/lavocedelpaese.info"]}]}},"_links":{"self":[{"href":"https:\/\/lavocedelpaese.info\/index.php\/wp-json\/wp\/v2\/posts\/1709","targetHints":{"allow":["GET"]}}],"collection":[{"href":"https:\/\/lavocedelpaese.info\/index.php\/wp-json\/wp\/v2\/posts"}],"about":[{"href":"https:\/\/lavocedelpaese.info\/index.php\/wp-json\/wp\/v2\/types\/post"}],"replies":[{"embeddable":true,"href":"https:\/\/lavocedelpaese.info\/index.php\/wp-json\/wp\/v2\/comments?post=1709"}],"version-history":[{"count":0,"href":"https:\/\/lavocedelpaese.info\/index.php\/wp-json\/wp\/v2\/posts\/1709\/revisions"}],"wp:attachment":[{"href":"https:\/\/lavocedelpaese.info\/index.php\/wp-json\/wp\/v2\/media?parent=1709"}],"wp:term":[{"taxonomy":"category","embeddable":true,"href":"https:\/\/lavocedelpaese.info\/index.php\/wp-json\/wp\/v2\/categories?post=1709"},{"taxonomy":"post_tag","embeddable":true,"href":"https:\/\/lavocedelpaese.info\/index.php\/wp-json\/wp\/v2\/tags?post=1709"}],"curies":[{"name":"wp","href":"https:\/\/api.w.org\/{rel}","templated":true}]}}