{"id":1697,"date":"2023-06-27T06:14:39","date_gmt":"2023-06-27T06:14:39","guid":{"rendered":"https:\/\/lavocedelpaese.info\/index.php\/2023\/06\/27\/comune-sempre-piu-grave-la-crisi-tra-il-personale\/"},"modified":"2023-06-27T06:14:39","modified_gmt":"2023-06-27T06:14:39","slug":"comune-sempre-piu-grave-la-crisi-tra-il-personale","status":"publish","type":"post","link":"https:\/\/lavocedelpaese.info\/index.php\/2023\/06\/27\/comune-sempre-piu-grave-la-crisi-tra-il-personale\/","title":{"rendered":"Comune: sempre pi\u00f9 grave la crisi tra il personale"},"content":{"rendered":"<p>\u00a0<\/p>\n<p>\u200b\u00a0<\/p>\n<p>\u200bCassano \u2013 La Voce del Paese\u00a0<\/p>\n<p>di Giovanni Brunelli<\/p>\n<p>Si amplia la crisi di personale al Comune di Cassano delle Murge, che nel giro di poco pi\u00f9 di venti anni ha visto pi\u00f9 che dimezzarsi la forza lavoro a fronte, invece, di un accrescimento della popolazione e della conseguente richiesta di servizi.<\/p>\n<p>Al momento i dipendenti diretti del Comune sono 38 a cui si aggiungono altre figure esterne, soprattutto Dirigenziali.<\/p>\n<p>Tra qualche giorno torneranno al Comune di Lavello, dal quale erano \u201cdistaccati\u201d, il Comandante della Polizia Locale <strong>Michele Cannito<\/strong> e l\u2019avv.to <strong>Principia Tummolo<\/strong>, dislocata presso il Settore IV (che si occupa di Contenzioso, Entrate Tributarie, Attivit\u00e0 Produttive, Contratti, Appalti). Entrambi erano in forza al Comune di Cassano ma il comune del Potentino ne ha reclamato il ritorno a casa visto che anche l\u00ec il personale scarseggia. \u00a0\u00a0<\/p>\n<p>Restano, dunque, scoperti i vertici di due importanti Uffici Comunali: per la Polizia Locale si potrebbe far tornare da Valenzano, dov\u2019\u00e8 dislocato, il <strong>Comandante Luigi De Benedictis<\/strong>, ancora a libro paga del nostro Comune mentre per la Dirigenza del Settore IV quasi sicuramente al momento se ne occuper\u00e0 la dott.sa Liotino, il capo dell\u2019Ufficio Ragioneria.<\/p>\n<p>Ma non \u00e8 finita qui.<\/p>\n<p>\u201cRadio Municipio\u201d, la radio interna ai dipendenti comunali, segnala la possibile partenza anticipata anche di altri due Dirigenti: <strong>Antonella Del Re<\/strong> tornerebbe al Comune di Bari, dopo aver svolto per circa sei mesi il ruolo di capo dell\u2019Ufficio Anagrafe, Suap, Servizi Scolastici mentre <strong>l\u2019ing. Giuseppe Pagano<\/strong>, a capo dell\u2019Ufficio Tecnico Comunale lascerebbe per tornare nella sua Lecce.<\/p>\n<p>Per entrambi, pare che il carico di lavoro, data la scarsit\u00e0 di collaboratori e le responsabilit\u00e0 da assumere vengano considerati eccessivi.<\/p>\n<p>Ovviamente, lo ripetiamo, si tratta in questo caso di indiscrezioni.<\/p>\n<p>Un fatto certo, invece, \u00e8 il pensionamento dal 1\u00b0 luglio di <strong>Rosalba Nicassio<\/strong>, Collaboratore professionale, da oltre 40 anni in Comune dunque una delle pi\u00f9 anziane dipendenti mentre tra febbraio ed il prossimo settembre potrebbero lasciare gli Uffici di piazza Moro altri due lavoratori, con le agevolazioni per quel che riguarda i pensionamenti anticipati.<\/p>\n<p>Altro fatto certo, poi, l\u2019annullamento \u201cin autotutela\u201d di ben quattro selezioni per mobilit\u00e0 volontaria per altrettante figure per rafforzare gli Uffici: l\u2019Ufficio Personale del Comune ha infatti dovuto annullare gli atti dato che il Ministero della Funzione Pubblica ha eccepito il Bando che risultava erroneamente configurato e dunque occorreva procedere alla chiusura della procedura di pubblicazione perch\u00e9 viziata <em>ab origine<\/em>; nell\u2019atto, fra l\u2019altro, non veniva neppure data evidenza delle modalit\u00e0 di pubblicazione del Bando di mobilit\u00e0, n\u00e8 veniva prevista la presentazione della domanda di partecipazione tramite il portale inPA ma esclusivamente a mezzo PEC: tutto da rifare, insomma.<\/p>\n<p><a class=\"a2a_button_facebook\" href=\"https:\/\/www.addtoany.com\/add_to\/facebook?linkurl=https%3A%2F%2Fcassano.lavocedelpaese.info%2Findex.php%2F2023%2F06%2F27%2Fcomune-sempre-piu-grave-la-crisi-tra-il-personale%2F&amp;linkname=Comune%3A%20sempre%20pi%C3%B9%20grave%20la%20crisi%20tra%20il%20personale\" title=\"Facebook\" target=\"_blank\" rel=\"noopener\"><\/a><a class=\"a2a_button_twitter\" href=\"https:\/\/www.addtoany.com\/add_to\/twitter?linkurl=https%3A%2F%2Fcassano.lavocedelpaese.info%2Findex.php%2F2023%2F06%2F27%2Fcomune-sempre-piu-grave-la-crisi-tra-il-personale%2F&amp;linkname=Comune%3A%20sempre%20pi%C3%B9%20grave%20la%20crisi%20tra%20il%20personale\" title=\"Twitter\" target=\"_blank\" rel=\"noopener\"><\/a><a class=\"a2a_button_whatsapp\" href=\"https:\/\/www.addtoany.com\/add_to\/whatsapp?linkurl=https%3A%2F%2Fcassano.lavocedelpaese.info%2Findex.php%2F2023%2F06%2F27%2Fcomune-sempre-piu-grave-la-crisi-tra-il-personale%2F&amp;linkname=Comune%3A%20sempre%20pi%C3%B9%20grave%20la%20crisi%20tra%20il%20personale\" title=\"WhatsApp\" target=\"_blank\" rel=\"noopener\"><\/a><a class=\"a2a_button_telegram\" href=\"https:\/\/www.addtoany.com\/add_to\/telegram?linkurl=https%3A%2F%2Fcassano.lavocedelpaese.info%2Findex.php%2F2023%2F06%2F27%2Fcomune-sempre-piu-grave-la-crisi-tra-il-personale%2F&amp;linkname=Comune%3A%20sempre%20pi%C3%B9%20grave%20la%20crisi%20tra%20il%20personale\" title=\"Telegram\" target=\"_blank\" rel=\"noopener\"><\/a><a class=\"a2a_button_email\" href=\"https:\/\/www.addtoany.com\/add_to\/email?linkurl=https%3A%2F%2Fcassano.lavocedelpaese.info%2Findex.php%2F2023%2F06%2F27%2Fcomune-sempre-piu-grave-la-crisi-tra-il-personale%2F&amp;linkname=Comune%3A%20sempre%20pi%C3%B9%20grave%20la%20crisi%20tra%20il%20personale\" title=\"Email\" target=\"_blank\" rel=\"noopener\"><\/a><\/p>\n<p>\u00a0<\/p>","protected":false},"excerpt":{"rendered":"<p>\u00a0 \u200b\u00a0 \u200bCassano \u2013 La Voce del Paese\u00a0 di Giovanni Brunelli Si amplia la crisi di personale al Comune di<\/p>\n","protected":false},"author":0,"featured_media":0,"comment_status":"open","ping_status":"closed","sticky":false,"template":"","format":"standard","meta":{"colormag_page_container_layout":"default_layout","colormag_page_sidebar_layout":"default_layout","footnotes":""},"categories":[33],"tags":[],"class_list":["post-1697","post","type-post","status-publish","format-standard","hentry","category-network"],"yoast_head":"<!-- This site is optimized with the Yoast SEO plugin v27.5 - https:\/\/yoast.com\/product\/yoast-seo-wordpress\/ -->\n<title>Comune: sempre pi\u00f9 grave la crisi tra il personale - La Voce del Paese<\/title>\n<meta name=\"robots\" content=\"index, follow, max-snippet:-1, max-image-preview:large, max-video-preview:-1\" \/>\n<link rel=\"canonical\" href=\"https:\/\/lavocedelpaese.info\/index.php\/2023\/06\/27\/comune-sempre-piu-grave-la-crisi-tra-il-personale\/\" \/>\n<meta property=\"og:locale\" content=\"it_IT\" \/>\n<meta property=\"og:type\" content=\"article\" \/>\n<meta property=\"og:title\" content=\"Comune: sempre pi\u00f9 grave la crisi tra il personale - La Voce del Paese\" \/>\n<meta property=\"og:description\" content=\"\u00a0 \u200b\u00a0 \u200bCassano \u2013 La Voce del Paese\u00a0 di Giovanni Brunelli Si amplia la crisi di personale al Comune di\" \/>\n<meta property=\"og:url\" content=\"https:\/\/lavocedelpaese.info\/index.php\/2023\/06\/27\/comune-sempre-piu-grave-la-crisi-tra-il-personale\/\" \/>\n<meta property=\"og:site_name\" content=\"La Voce del Paese\" \/>\n<meta property=\"article:publisher\" content=\"https:\/\/www.facebook.com\/lavocedelpaese.info\" \/>\n<meta property=\"article:published_time\" content=\"2023-06-27T06:14:39+00:00\" \/>\n<meta name=\"twitter:card\" content=\"summary_large_image\" \/>\n<meta name=\"twitter:label1\" content=\"Tempo di lettura stimato\" \/>\n\t<meta name=\"twitter:data1\" content=\"2 minuti\" \/>\n<script type=\"application\/ld+json\" class=\"yoast-schema-graph\">{\"@context\":\"https:\\\/\\\/schema.org\",\"@graph\":[{\"@type\":\"Article\",\"@id\":\"https:\\\/\\\/lavocedelpaese.info\\\/index.php\\\/2023\\\/06\\\/27\\\/comune-sempre-piu-grave-la-crisi-tra-il-personale\\\/#article\",\"isPartOf\":{\"@id\":\"https:\\\/\\\/lavocedelpaese.info\\\/index.php\\\/2023\\\/06\\\/27\\\/comune-sempre-piu-grave-la-crisi-tra-il-personale\\\/\"},\"author\":{\"name\":\"\",\"@id\":\"\"},\"headline\":\"Comune: sempre pi\u00f9 grave la crisi tra il personale\",\"datePublished\":\"2023-06-27T06:14:39+00:00\",\"mainEntityOfPage\":{\"@id\":\"https:\\\/\\\/lavocedelpaese.info\\\/index.php\\\/2023\\\/06\\\/27\\\/comune-sempre-piu-grave-la-crisi-tra-il-personale\\\/\"},\"wordCount\":450,\"commentCount\":0,\"publisher\":{\"@id\":\"https:\\\/\\\/lavocedelpaese.info\\\/#organization\"},\"articleSection\":[\"network\"],\"inLanguage\":\"it-IT\",\"potentialAction\":[{\"@type\":\"CommentAction\",\"name\":\"Comment\",\"target\":[\"https:\\\/\\\/lavocedelpaese.info\\\/index.php\\\/2023\\\/06\\\/27\\\/comune-sempre-piu-grave-la-crisi-tra-il-personale\\\/#respond\"]}]},{\"@type\":\"WebPage\",\"@id\":\"https:\\\/\\\/lavocedelpaese.info\\\/index.php\\\/2023\\\/06\\\/27\\\/comune-sempre-piu-grave-la-crisi-tra-il-personale\\\/\",\"url\":\"https:\\\/\\\/lavocedelpaese.info\\\/index.php\\\/2023\\\/06\\\/27\\\/comune-sempre-piu-grave-la-crisi-tra-il-personale\\\/\",\"name\":\"Comune: sempre pi\u00f9 grave la crisi tra il personale - La Voce del Paese\",\"isPartOf\":{\"@id\":\"https:\\\/\\\/lavocedelpaese.info\\\/#website\"},\"datePublished\":\"2023-06-27T06:14:39+00:00\",\"breadcrumb\":{\"@id\":\"https:\\\/\\\/lavocedelpaese.info\\\/index.php\\\/2023\\\/06\\\/27\\\/comune-sempre-piu-grave-la-crisi-tra-il-personale\\\/#breadcrumb\"},\"inLanguage\":\"it-IT\",\"potentialAction\":[{\"@type\":\"ReadAction\",\"target\":[\"https:\\\/\\\/lavocedelpaese.info\\\/index.php\\\/2023\\\/06\\\/27\\\/comune-sempre-piu-grave-la-crisi-tra-il-personale\\\/\"]}]},{\"@type\":\"BreadcrumbList\",\"@id\":\"https:\\\/\\\/lavocedelpaese.info\\\/index.php\\\/2023\\\/06\\\/27\\\/comune-sempre-piu-grave-la-crisi-tra-il-personale\\\/#breadcrumb\",\"itemListElement\":[{\"@type\":\"ListItem\",\"position\":1,\"name\":\"Home\",\"item\":\"https:\\\/\\\/lavocedelpaese.info\\\/\"},{\"@type\":\"ListItem\",\"position\":2,\"name\":\"Comune: sempre pi\u00f9 grave la crisi tra il personale\"}]},{\"@type\":\"WebSite\",\"@id\":\"https:\\\/\\\/lavocedelpaese.info\\\/#website\",\"url\":\"https:\\\/\\\/lavocedelpaese.info\\\/\",\"name\":\"La Voce del Paese\",\"description\":\"Un network di idee\",\"publisher\":{\"@id\":\"https:\\\/\\\/lavocedelpaese.info\\\/#organization\"},\"potentialAction\":[{\"@type\":\"SearchAction\",\"target\":{\"@type\":\"EntryPoint\",\"urlTemplate\":\"https:\\\/\\\/lavocedelpaese.info\\\/?s={search_term_string}\"},\"query-input\":{\"@type\":\"PropertyValueSpecification\",\"valueRequired\":true,\"valueName\":\"search_term_string\"}}],\"inLanguage\":\"it-IT\"},{\"@type\":\"Organization\",\"@id\":\"https:\\\/\\\/lavocedelpaese.info\\\/#organization\",\"name\":\"La Voce del Paese\",\"url\":\"https:\\\/\\\/lavocedelpaese.info\\\/\",\"logo\":{\"@type\":\"ImageObject\",\"inLanguage\":\"it-IT\",\"@id\":\"https:\\\/\\\/lavocedelpaese.info\\\/#\\\/schema\\\/logo\\\/image\\\/\",\"url\":\"https:\\\/\\\/lavocedelpaese.info\\\/wp-content\\\/uploads\\\/2023\\\/01\\\/cropped-logo-150-127.png\",\"contentUrl\":\"https:\\\/\\\/lavocedelpaese.info\\\/wp-content\\\/uploads\\\/2023\\\/01\\\/cropped-logo-150-127.png\",\"width\":137,\"height\":119,\"caption\":\"La Voce del Paese\"},\"image\":{\"@id\":\"https:\\\/\\\/lavocedelpaese.info\\\/#\\\/schema\\\/logo\\\/image\\\/\"},\"sameAs\":[\"https:\\\/\\\/www.facebook.com\\\/lavocedelpaese.info\"]}]}<\/script>\n<!-- \/ Yoast SEO plugin. -->","yoast_head_json":{"title":"Comune: sempre pi\u00f9 grave la crisi tra il personale - La Voce del Paese","robots":{"index":"index","follow":"follow","max-snippet":"max-snippet:-1","max-image-preview":"max-image-preview:large","max-video-preview":"max-video-preview:-1"},"canonical":"https:\/\/lavocedelpaese.info\/index.php\/2023\/06\/27\/comune-sempre-piu-grave-la-crisi-tra-il-personale\/","og_locale":"it_IT","og_type":"article","og_title":"Comune: sempre pi\u00f9 grave la crisi tra il personale - La Voce del Paese","og_description":"\u00a0 \u200b\u00a0 \u200bCassano \u2013 La Voce del Paese\u00a0 di Giovanni Brunelli Si amplia la crisi di personale al Comune di","og_url":"https:\/\/lavocedelpaese.info\/index.php\/2023\/06\/27\/comune-sempre-piu-grave-la-crisi-tra-il-personale\/","og_site_name":"La Voce del Paese","article_publisher":"https:\/\/www.facebook.com\/lavocedelpaese.info","article_published_time":"2023-06-27T06:14:39+00:00","twitter_card":"summary_large_image","twitter_misc":{"Tempo di lettura stimato":"2 minuti"},"schema":{"@context":"https:\/\/schema.org","@graph":[{"@type":"Article","@id":"https:\/\/lavocedelpaese.info\/index.php\/2023\/06\/27\/comune-sempre-piu-grave-la-crisi-tra-il-personale\/#article","isPartOf":{"@id":"https:\/\/lavocedelpaese.info\/index.php\/2023\/06\/27\/comune-sempre-piu-grave-la-crisi-tra-il-personale\/"},"author":{"name":"","@id":""},"headline":"Comune: sempre pi\u00f9 grave la crisi tra il personale","datePublished":"2023-06-27T06:14:39+00:00","mainEntityOfPage":{"@id":"https:\/\/lavocedelpaese.info\/index.php\/2023\/06\/27\/comune-sempre-piu-grave-la-crisi-tra-il-personale\/"},"wordCount":450,"commentCount":0,"publisher":{"@id":"https:\/\/lavocedelpaese.info\/#organization"},"articleSection":["network"],"inLanguage":"it-IT","potentialAction":[{"@type":"CommentAction","name":"Comment","target":["https:\/\/lavocedelpaese.info\/index.php\/2023\/06\/27\/comune-sempre-piu-grave-la-crisi-tra-il-personale\/#respond"]}]},{"@type":"WebPage","@id":"https:\/\/lavocedelpaese.info\/index.php\/2023\/06\/27\/comune-sempre-piu-grave-la-crisi-tra-il-personale\/","url":"https:\/\/lavocedelpaese.info\/index.php\/2023\/06\/27\/comune-sempre-piu-grave-la-crisi-tra-il-personale\/","name":"Comune: sempre pi\u00f9 grave la crisi tra il personale - La Voce del Paese","isPartOf":{"@id":"https:\/\/lavocedelpaese.info\/#website"},"datePublished":"2023-06-27T06:14:39+00:00","breadcrumb":{"@id":"https:\/\/lavocedelpaese.info\/index.php\/2023\/06\/27\/comune-sempre-piu-grave-la-crisi-tra-il-personale\/#breadcrumb"},"inLanguage":"it-IT","potentialAction":[{"@type":"ReadAction","target":["https:\/\/lavocedelpaese.info\/index.php\/2023\/06\/27\/comune-sempre-piu-grave-la-crisi-tra-il-personale\/"]}]},{"@type":"BreadcrumbList","@id":"https:\/\/lavocedelpaese.info\/index.php\/2023\/06\/27\/comune-sempre-piu-grave-la-crisi-tra-il-personale\/#breadcrumb","itemListElement":[{"@type":"ListItem","position":1,"name":"Home","item":"https:\/\/lavocedelpaese.info\/"},{"@type":"ListItem","position":2,"name":"Comune: sempre pi\u00f9 grave la crisi tra il personale"}]},{"@type":"WebSite","@id":"https:\/\/lavocedelpaese.info\/#website","url":"https:\/\/lavocedelpaese.info\/","name":"La Voce del Paese","description":"Un network di idee","publisher":{"@id":"https:\/\/lavocedelpaese.info\/#organization"},"potentialAction":[{"@type":"SearchAction","target":{"@type":"EntryPoint","urlTemplate":"https:\/\/lavocedelpaese.info\/?s={search_term_string}"},"query-input":{"@type":"PropertyValueSpecification","valueRequired":true,"valueName":"search_term_string"}}],"inLanguage":"it-IT"},{"@type":"Organization","@id":"https:\/\/lavocedelpaese.info\/#organization","name":"La Voce del Paese","url":"https:\/\/lavocedelpaese.info\/","logo":{"@type":"ImageObject","inLanguage":"it-IT","@id":"https:\/\/lavocedelpaese.info\/#\/schema\/logo\/image\/","url":"https:\/\/lavocedelpaese.info\/wp-content\/uploads\/2023\/01\/cropped-logo-150-127.png","contentUrl":"https:\/\/lavocedelpaese.info\/wp-content\/uploads\/2023\/01\/cropped-logo-150-127.png","width":137,"height":119,"caption":"La Voce del Paese"},"image":{"@id":"https:\/\/lavocedelpaese.info\/#\/schema\/logo\/image\/"},"sameAs":["https:\/\/www.facebook.com\/lavocedelpaese.info"]}]}},"_links":{"self":[{"href":"https:\/\/lavocedelpaese.info\/index.php\/wp-json\/wp\/v2\/posts\/1697","targetHints":{"allow":["GET"]}}],"collection":[{"href":"https:\/\/lavocedelpaese.info\/index.php\/wp-json\/wp\/v2\/posts"}],"about":[{"href":"https:\/\/lavocedelpaese.info\/index.php\/wp-json\/wp\/v2\/types\/post"}],"replies":[{"embeddable":true,"href":"https:\/\/lavocedelpaese.info\/index.php\/wp-json\/wp\/v2\/comments?post=1697"}],"version-history":[{"count":0,"href":"https:\/\/lavocedelpaese.info\/index.php\/wp-json\/wp\/v2\/posts\/1697\/revisions"}],"wp:attachment":[{"href":"https:\/\/lavocedelpaese.info\/index.php\/wp-json\/wp\/v2\/media?parent=1697"}],"wp:term":[{"taxonomy":"category","embeddable":true,"href":"https:\/\/lavocedelpaese.info\/index.php\/wp-json\/wp\/v2\/categories?post=1697"},{"taxonomy":"post_tag","embeddable":true,"href":"https:\/\/lavocedelpaese.info\/index.php\/wp-json\/wp\/v2\/tags?post=1697"}],"curies":[{"name":"wp","href":"https:\/\/api.w.org\/{rel}","templated":true}]}}