{"id":1693,"date":"2023-06-26T06:16:44","date_gmt":"2023-06-26T06:16:44","guid":{"rendered":"https:\/\/lavocedelpaese.info\/index.php\/2023\/06\/26\/a-scuola-di-cittadinanza-attiva\/"},"modified":"2023-06-26T06:16:44","modified_gmt":"2023-06-26T06:16:44","slug":"a-scuola-di-cittadinanza-attiva","status":"publish","type":"post","link":"https:\/\/lavocedelpaese.info\/index.php\/2023\/06\/26\/a-scuola-di-cittadinanza-attiva\/","title":{"rendered":"A scuola di Cittadinanza Attiva"},"content":{"rendered":"<p>\u00a0<\/p>\n<p>\u200b\u00a0<\/p>\n<p>\u200bTuri \u2013 La Voce del Paese\u00a0<\/p>\n<p class=\"has-text-align-center\"><em><strong>Eletto il nuovo baby sindaco. Al Comprensivo di Turi si declina la Legalit\u00e0<\/strong><\/em><\/p>\n<p><strong>di Cinzia Debiase<\/strong><\/p>\n<p>Torna a movimentare l\u2019Istituto Comprensivo \u201cResta \u2013 De Donato Giannini\u201d il grande progetto del Consiglio Comunale e Cittadinanza Attiva guidato magistralmente ormai da anni dalle insegnanti Pasqua Pugliese e Pia Vittore.<br \/>Un anno scolastico molto intenso, scaglionato da diversi momenti che hanno coinvolto gli studenti delle classi quarte e quinte della Scuola Primaria e dei tre anni della Scuola Superiore di Primo Grado.<\/p>\n<p>Era dal 2017 che i ragazzi della scuola turese non venivano coinvolti nella grande macchina delle elezioni politiche dove, \u201ccome i grandi\u201d, partecipavano alle diverse fasi delle votazioni, fino ad eleggere il loro rappresentante istituzionale, il \u201cbaby sindaco\u201d, che avr\u00e0 il mandato per 3 anni. Nelle diverse classi, con l\u2019ausilio prezioso delle insegnanti, i bambini sono stati coinvolti in diversi progetti utili ad interiorizzare il concetto di rispetto, di legalit\u00e0, di cittadinanza, membri di una comunit\u00e0 che attivamente collabora per la crescita e il benessere di tutti.<br \/>L\u2019entusiasmo \u00e8 l\u2019elemento che li ha mossi, sin dal primo momento, nelle fasi preliminari quando, con i docenti di classe, hanno lavorato su Cittadinanza e Costituzione.<\/p>\n<h5 class=\"wp-block-heading\"><strong>Preparazione<\/strong><\/h5>\n<p>Come nasce l\u2019interesse verso la comunit\u00e0? Come si sviluppa il senso di responsabilit\u00e0 nei confronti dell\u2019altro, dell\u2019ambiente, della scuola, dello sport? \u00a0<br \/>\u00ab\u00c8 stato un percorso lungo \u2013 ha commentato l\u2019insegnante Pasquita Pugliese \u2013 e tanto sar\u00e0 il lavoro che attende il CCR dopo l\u2019elezione del nuovo sindaco dei ragazzi. Ma ringrazio le colleghe che in classe hanno lavorato tanto con i bambini, facendo emergere in loro quel senso di responsabilit\u00e0 e di attenzione utile per la buona riuscita prima della campagna elettorale, poi delle elezioni vere e proprie\u00bb.<\/p>\n<p>\u00c8 il mese di ottobre quando si svolge prima una campagna elettorale e le elezioni nelle classi per definire i rappresentanti di classe; poi la campagna elettorale dell\u201911 maggio si estende a tutta la comunit\u00e0 scolastica, coinvolta per conoscere i candidati al Consiglio comunale dei ragazzi. Il 21 maggio i piccoli votano i loro rappresentanti e, poche ore prima della chiusura dell\u2019anno scolastico, il giorno 8 giugno, i candidati eleggono il loro rappresentante, Helen Hyzoti.<\/p>\n<p>Sono stati i bambini, i veri protagonisti di questo grande lavoro cos\u00ec intenso, che hanno stilato i programmi, hanno parlato ai loro coetanei dei propri desideri, impegni e sogni per vivere meglio l\u2019ambiente scolastico e sociale, \u201ccon giornate dedicate allo sport, ai nonni, alla tecnologia\u201d, ed hanno accolto i votanti nel seggio.<br \/>Quindici i nomi emersi che, per i prossimi tre anni, rappresenteranno i loro coetanei nelle attivit\u00e0 scolastiche e non scolastiche della comunit\u00e0 turese, al fianco dei rappresentanti politici guidati dal sindaco Tina Resta.<\/p>\n<p>Dopo un lungo lavoro, Helen Hyzoti, una bella bambina italo-albanese che da settembre frequenter\u00e0 la classe quinta di scuola primaria, indosser\u00e0 la fascia di sindaco e sar\u00e0 la voce dei bambini nelle attivit\u00e0 cittadine. A settembre l\u2019attende la cerimonia ufficiale dove con la sua giunta di assessori e i suoi consiglieri verranno investiti del nuovo importante incarico. Fino ad allora, auguri a Helen!<\/p>\n<p>Ma la scuola turese nel grande progetto di Cittadinanza Attiva non ha mancato di coinvolgere la grande comunit\u00e0 del Comprensivo in tanti altri piccoli progetti. Guardiamoli nel dettaglio.<\/p>\n<p> [<a href=\"https:\/\/turi.lavocedelpaese.info\/a-scuola-di-cittadinanza-attiva\/?utm_source=rss&amp;utm_medium=rss&amp;utm_campaign=a-scuola-di-cittadinanza-attiva\">See image gallery at turi.lavocedelpaese.info<\/a>] <\/p>\n<div class=\"wp-block-spacer\"><\/div>\n<h5 class=\"wp-block-heading\"><strong>118<\/strong><\/h5>\n<p>Nella giornata del 16 maggio, le classi quinte hanno assistito ad una lezione aperta con gli operatori del 118. Come effettuare la chiamata di emergenza? Quali sono le sue funzioni? Come si effettua un soccorso? Quali sono le figure addette al soccorso? A rispondere a queste e a tante altre curiosit\u00e0 degli undicenni gli operatori di Pubblica Assistenza Turi Soccorso e del 118, con medici ed infermieri.<br \/>La lezione aperta, realizzata nel cortile della scuola media, ha previsto anche la visita dell\u2019abitacolo interno dell\u2019ambulanza e diverse dimostrazioni di interventi di soccorso.<\/p>\n<p> [<a href=\"https:\/\/turi.lavocedelpaese.info\/a-scuola-di-cittadinanza-attiva\/?utm_source=rss&amp;utm_medium=rss&amp;utm_campaign=a-scuola-di-cittadinanza-attiva\">See image gallery at turi.lavocedelpaese.info<\/a>] <\/p>\n<div class=\"wp-block-spacer\"><\/div>\n<h5 class=\"wp-block-heading\"><strong>Giornata della legalit\u00e0<\/strong><\/h5>\n<p>La scuola turese non poteva lasciare fuori dai giochi della Cittadinanza Attiva anche i pi\u00f9 piccoli. Ecco che per loro, in particolar modo per le classi seconde, un bel tuffo nel Palazzo Municipale, nella \u201cCasa del Sindaco\u201d, per conoscere da vicino l\u2019ufficio anagrafe e come lavorano i suoi dipendenti. Cosa significa anagrafe e quali sono i compiti dell\u2019ufficio preposto. Poi tutti in sala giunta e nella sala consiliare dove, accompagnati dall\u2019assessore Imma Bianco e dal sindaco Tina Resta, hanno approfondito il grande lavoro dell\u2019amministratore politico. Uno sguardo prima al passato, con la lettura dei nomi dei diversi sindaci che hanno preceduto l\u2019attuale, lo stendardo del Comune di Turi e i vari uffici comunali. Ma dove si prendono le decisioni per l\u2019intera comunit\u00e0? Ecco che, giunti in sala consiliare, gli studenti hanno visto come si realizza un Consiglio comunale. Grande curiosit\u00e0 da parte dei piccoli cittadini che, attraverso le loro domande, hanno dimostrato attenzione alle piccole problematiche a loro vicine. La giornata in Municipio \u00e8 stata anche occasione per puntare l\u2019attenzione verso il concetto di legalit\u00e0. Una parola tante volte dimenticata.<\/p>\n<p> [<a href=\"https:\/\/turi.lavocedelpaese.info\/a-scuola-di-cittadinanza-attiva\/?utm_source=rss&amp;utm_medium=rss&amp;utm_campaign=a-scuola-di-cittadinanza-attiva\">See image gallery at turi.lavocedelpaese.info<\/a>] <\/p>\n<div class=\"wp-block-spacer\"><\/div>\n<h5 class=\"wp-block-heading\"><strong>Vigili del Fuoco<\/strong><\/h5>\n<p>Sono stati gli studenti delle classi terze a far tappa alla sede di Mungivacca del Comando dei Vigili del Fuoco. Curiosi hanno indossato l\u2019elmetto ed hanno provato a respirare l\u2019adrenalina che la divisa del vigile del fuoco trasmette. Questa volta non un semplice costume carnevalesco, ma nei panni di piccoli vigili hanno provato a \u201cspegnere le fiamme\u201d usando i mezzi degli agenti. Ma non solo fuoco. La curiosit\u00e0 dei piccoli ha permesso di creare una bella parentesi sulle attivit\u00e0 che quotidianamente espleta un vigile del fuoco, chiamato oltre che a spegnere incendi, anche ad intervenire in caso di terremoti, di incidenti e soccorsi a persone o animali e tanto altro ancora.<br \/>Grande entusiasmo ha suscitato anche la visita al museo presente nello stesso Comando, dove si conservano antichi mezzi e divise che negli anni hanno caratterizzato una delle figure pi\u00f9 amate dai bambini.<\/p>\n<p> [<a href=\"https:\/\/turi.lavocedelpaese.info\/a-scuola-di-cittadinanza-attiva\/?utm_source=rss&amp;utm_medium=rss&amp;utm_campaign=a-scuola-di-cittadinanza-attiva\">See image gallery at turi.lavocedelpaese.info<\/a>] <\/p>\n<div class=\"wp-block-spacer\"><\/div>\n<h5 class=\"wp-block-heading\"><strong>Carcere<\/strong><\/h5>\n<p>\u00c8 agli studenti di scuola media che \u00e8 dato il compito di affrontare il tema della libert\u00e0 di parola e di espressione. Non poteva essere scelto luogo migliore se non quello della nostra Casa di Reclusione. \u201cTutti hanno diritto di manifestare liberamente il proprio pensiero con la parola, lo scritto e ogni altro mezzo di diffusione\u201d. \u00c8 questo il cartellone che li ha accompagnati nella mattinata dell\u20198 maggio, assieme ai docenti di lettere e dalla Dirigente scolastica. Ad accoglierli il Direttore della struttura e la Comandante della stessa, oltre che ad alcuni agenti della Casa di Reclusione. Come \u00e8 nato il nostro carcere? Cosa lo ha reso cos\u00ec famoso? Qui i ragazzi hanno prima assistito ad un piccolo excursus storico del penitenziario turese e delle sue attuali funzioni, poi, hanno preso la parola mostrando i loro lavori sull\u2019articolo 21 della Costituzione italiana, sulla figura e sugli scritti di Antonio Gramsci, del quale hanno infine anche visitato la cella.<\/p>\n<p><a class=\"a2a_button_facebook\" href=\"https:\/\/www.addtoany.com\/add_to\/facebook?linkurl=https%3A%2F%2Fturi.lavocedelpaese.info%2Fa-scuola-di-cittadinanza-attiva%2F&amp;linkname=A%20scuola%20di%20Cittadinanza%20Attiva\" title=\"Facebook\" target=\"_blank\" rel=\"noopener\"><\/a><a class=\"a2a_button_twitter\" href=\"https:\/\/www.addtoany.com\/add_to\/twitter?linkurl=https%3A%2F%2Fturi.lavocedelpaese.info%2Fa-scuola-di-cittadinanza-attiva%2F&amp;linkname=A%20scuola%20di%20Cittadinanza%20Attiva\" title=\"Twitter\" target=\"_blank\" rel=\"noopener\"><\/a><a class=\"a2a_button_whatsapp\" href=\"https:\/\/www.addtoany.com\/add_to\/whatsapp?linkurl=https%3A%2F%2Fturi.lavocedelpaese.info%2Fa-scuola-di-cittadinanza-attiva%2F&amp;linkname=A%20scuola%20di%20Cittadinanza%20Attiva\" title=\"WhatsApp\" target=\"_blank\" rel=\"noopener\"><\/a><a class=\"a2a_button_telegram\" href=\"https:\/\/www.addtoany.com\/add_to\/telegram?linkurl=https%3A%2F%2Fturi.lavocedelpaese.info%2Fa-scuola-di-cittadinanza-attiva%2F&amp;linkname=A%20scuola%20di%20Cittadinanza%20Attiva\" title=\"Telegram\" target=\"_blank\" rel=\"noopener\"><\/a><a class=\"a2a_button_email\" href=\"https:\/\/www.addtoany.com\/add_to\/email?linkurl=https%3A%2F%2Fturi.lavocedelpaese.info%2Fa-scuola-di-cittadinanza-attiva%2F&amp;linkname=A%20scuola%20di%20Cittadinanza%20Attiva\" title=\"Email\" target=\"_blank\" rel=\"noopener\"><\/a><\/p>\n<p>\u00a0<\/p>","protected":false},"excerpt":{"rendered":"<p>\u00a0 \u200b\u00a0 \u200bTuri \u2013 La Voce del Paese\u00a0 Eletto il nuovo baby sindaco. Al Comprensivo di Turi si declina la<\/p>\n","protected":false},"author":0,"featured_media":0,"comment_status":"open","ping_status":"closed","sticky":false,"template":"","format":"standard","meta":{"colormag_page_container_layout":"default_layout","colormag_page_sidebar_layout":"default_layout","footnotes":""},"categories":[33],"tags":[],"class_list":["post-1693","post","type-post","status-publish","format-standard","hentry","category-network"],"yoast_head":"<!-- This site is optimized with the Yoast SEO plugin v27.5 - https:\/\/yoast.com\/product\/yoast-seo-wordpress\/ -->\n<title>A scuola di Cittadinanza Attiva - La Voce del Paese<\/title>\n<meta name=\"robots\" content=\"index, follow, max-snippet:-1, max-image-preview:large, max-video-preview:-1\" \/>\n<link rel=\"canonical\" href=\"https:\/\/lavocedelpaese.info\/index.php\/2023\/06\/26\/a-scuola-di-cittadinanza-attiva\/\" \/>\n<meta property=\"og:locale\" content=\"it_IT\" \/>\n<meta property=\"og:type\" content=\"article\" \/>\n<meta property=\"og:title\" content=\"A scuola di Cittadinanza Attiva - La Voce del Paese\" \/>\n<meta property=\"og:description\" content=\"\u00a0 \u200b\u00a0 \u200bTuri \u2013 La Voce del Paese\u00a0 Eletto il nuovo baby sindaco. Al Comprensivo di Turi si declina la\" \/>\n<meta property=\"og:url\" content=\"https:\/\/lavocedelpaese.info\/index.php\/2023\/06\/26\/a-scuola-di-cittadinanza-attiva\/\" \/>\n<meta property=\"og:site_name\" content=\"La Voce del Paese\" \/>\n<meta property=\"article:publisher\" content=\"https:\/\/www.facebook.com\/lavocedelpaese.info\" \/>\n<meta property=\"article:published_time\" content=\"2023-06-26T06:16:44+00:00\" \/>\n<meta name=\"twitter:card\" content=\"summary_large_image\" \/>\n<meta name=\"twitter:label1\" content=\"Tempo di lettura stimato\" \/>\n\t<meta name=\"twitter:data1\" content=\"6 minuti\" \/>\n<script type=\"application\/ld+json\" class=\"yoast-schema-graph\">{\"@context\":\"https:\\\/\\\/schema.org\",\"@graph\":[{\"@type\":\"Article\",\"@id\":\"https:\\\/\\\/lavocedelpaese.info\\\/index.php\\\/2023\\\/06\\\/26\\\/a-scuola-di-cittadinanza-attiva\\\/#article\",\"isPartOf\":{\"@id\":\"https:\\\/\\\/lavocedelpaese.info\\\/index.php\\\/2023\\\/06\\\/26\\\/a-scuola-di-cittadinanza-attiva\\\/\"},\"author\":{\"name\":\"\",\"@id\":\"\"},\"headline\":\"A scuola di Cittadinanza Attiva\",\"datePublished\":\"2023-06-26T06:16:44+00:00\",\"mainEntityOfPage\":{\"@id\":\"https:\\\/\\\/lavocedelpaese.info\\\/index.php\\\/2023\\\/06\\\/26\\\/a-scuola-di-cittadinanza-attiva\\\/\"},\"wordCount\":1154,\"commentCount\":0,\"publisher\":{\"@id\":\"https:\\\/\\\/lavocedelpaese.info\\\/#organization\"},\"articleSection\":[\"network\"],\"inLanguage\":\"it-IT\",\"potentialAction\":[{\"@type\":\"CommentAction\",\"name\":\"Comment\",\"target\":[\"https:\\\/\\\/lavocedelpaese.info\\\/index.php\\\/2023\\\/06\\\/26\\\/a-scuola-di-cittadinanza-attiva\\\/#respond\"]}]},{\"@type\":\"WebPage\",\"@id\":\"https:\\\/\\\/lavocedelpaese.info\\\/index.php\\\/2023\\\/06\\\/26\\\/a-scuola-di-cittadinanza-attiva\\\/\",\"url\":\"https:\\\/\\\/lavocedelpaese.info\\\/index.php\\\/2023\\\/06\\\/26\\\/a-scuola-di-cittadinanza-attiva\\\/\",\"name\":\"A scuola di Cittadinanza Attiva - La Voce del Paese\",\"isPartOf\":{\"@id\":\"https:\\\/\\\/lavocedelpaese.info\\\/#website\"},\"datePublished\":\"2023-06-26T06:16:44+00:00\",\"breadcrumb\":{\"@id\":\"https:\\\/\\\/lavocedelpaese.info\\\/index.php\\\/2023\\\/06\\\/26\\\/a-scuola-di-cittadinanza-attiva\\\/#breadcrumb\"},\"inLanguage\":\"it-IT\",\"potentialAction\":[{\"@type\":\"ReadAction\",\"target\":[\"https:\\\/\\\/lavocedelpaese.info\\\/index.php\\\/2023\\\/06\\\/26\\\/a-scuola-di-cittadinanza-attiva\\\/\"]}]},{\"@type\":\"BreadcrumbList\",\"@id\":\"https:\\\/\\\/lavocedelpaese.info\\\/index.php\\\/2023\\\/06\\\/26\\\/a-scuola-di-cittadinanza-attiva\\\/#breadcrumb\",\"itemListElement\":[{\"@type\":\"ListItem\",\"position\":1,\"name\":\"Home\",\"item\":\"https:\\\/\\\/lavocedelpaese.info\\\/\"},{\"@type\":\"ListItem\",\"position\":2,\"name\":\"A scuola di Cittadinanza Attiva\"}]},{\"@type\":\"WebSite\",\"@id\":\"https:\\\/\\\/lavocedelpaese.info\\\/#website\",\"url\":\"https:\\\/\\\/lavocedelpaese.info\\\/\",\"name\":\"La Voce del Paese\",\"description\":\"Un network di idee\",\"publisher\":{\"@id\":\"https:\\\/\\\/lavocedelpaese.info\\\/#organization\"},\"potentialAction\":[{\"@type\":\"SearchAction\",\"target\":{\"@type\":\"EntryPoint\",\"urlTemplate\":\"https:\\\/\\\/lavocedelpaese.info\\\/?s={search_term_string}\"},\"query-input\":{\"@type\":\"PropertyValueSpecification\",\"valueRequired\":true,\"valueName\":\"search_term_string\"}}],\"inLanguage\":\"it-IT\"},{\"@type\":\"Organization\",\"@id\":\"https:\\\/\\\/lavocedelpaese.info\\\/#organization\",\"name\":\"La Voce del Paese\",\"url\":\"https:\\\/\\\/lavocedelpaese.info\\\/\",\"logo\":{\"@type\":\"ImageObject\",\"inLanguage\":\"it-IT\",\"@id\":\"https:\\\/\\\/lavocedelpaese.info\\\/#\\\/schema\\\/logo\\\/image\\\/\",\"url\":\"https:\\\/\\\/lavocedelpaese.info\\\/wp-content\\\/uploads\\\/2023\\\/01\\\/cropped-logo-150-127.png\",\"contentUrl\":\"https:\\\/\\\/lavocedelpaese.info\\\/wp-content\\\/uploads\\\/2023\\\/01\\\/cropped-logo-150-127.png\",\"width\":137,\"height\":119,\"caption\":\"La Voce del Paese\"},\"image\":{\"@id\":\"https:\\\/\\\/lavocedelpaese.info\\\/#\\\/schema\\\/logo\\\/image\\\/\"},\"sameAs\":[\"https:\\\/\\\/www.facebook.com\\\/lavocedelpaese.info\"]}]}<\/script>\n<!-- \/ Yoast SEO plugin. -->","yoast_head_json":{"title":"A scuola di Cittadinanza Attiva - La Voce del Paese","robots":{"index":"index","follow":"follow","max-snippet":"max-snippet:-1","max-image-preview":"max-image-preview:large","max-video-preview":"max-video-preview:-1"},"canonical":"https:\/\/lavocedelpaese.info\/index.php\/2023\/06\/26\/a-scuola-di-cittadinanza-attiva\/","og_locale":"it_IT","og_type":"article","og_title":"A scuola di Cittadinanza Attiva - La Voce del Paese","og_description":"\u00a0 \u200b\u00a0 \u200bTuri \u2013 La Voce del Paese\u00a0 Eletto il nuovo baby sindaco. Al Comprensivo di Turi si declina la","og_url":"https:\/\/lavocedelpaese.info\/index.php\/2023\/06\/26\/a-scuola-di-cittadinanza-attiva\/","og_site_name":"La Voce del Paese","article_publisher":"https:\/\/www.facebook.com\/lavocedelpaese.info","article_published_time":"2023-06-26T06:16:44+00:00","twitter_card":"summary_large_image","twitter_misc":{"Tempo di lettura stimato":"6 minuti"},"schema":{"@context":"https:\/\/schema.org","@graph":[{"@type":"Article","@id":"https:\/\/lavocedelpaese.info\/index.php\/2023\/06\/26\/a-scuola-di-cittadinanza-attiva\/#article","isPartOf":{"@id":"https:\/\/lavocedelpaese.info\/index.php\/2023\/06\/26\/a-scuola-di-cittadinanza-attiva\/"},"author":{"name":"","@id":""},"headline":"A scuola di Cittadinanza Attiva","datePublished":"2023-06-26T06:16:44+00:00","mainEntityOfPage":{"@id":"https:\/\/lavocedelpaese.info\/index.php\/2023\/06\/26\/a-scuola-di-cittadinanza-attiva\/"},"wordCount":1154,"commentCount":0,"publisher":{"@id":"https:\/\/lavocedelpaese.info\/#organization"},"articleSection":["network"],"inLanguage":"it-IT","potentialAction":[{"@type":"CommentAction","name":"Comment","target":["https:\/\/lavocedelpaese.info\/index.php\/2023\/06\/26\/a-scuola-di-cittadinanza-attiva\/#respond"]}]},{"@type":"WebPage","@id":"https:\/\/lavocedelpaese.info\/index.php\/2023\/06\/26\/a-scuola-di-cittadinanza-attiva\/","url":"https:\/\/lavocedelpaese.info\/index.php\/2023\/06\/26\/a-scuola-di-cittadinanza-attiva\/","name":"A scuola di Cittadinanza Attiva - La Voce del Paese","isPartOf":{"@id":"https:\/\/lavocedelpaese.info\/#website"},"datePublished":"2023-06-26T06:16:44+00:00","breadcrumb":{"@id":"https:\/\/lavocedelpaese.info\/index.php\/2023\/06\/26\/a-scuola-di-cittadinanza-attiva\/#breadcrumb"},"inLanguage":"it-IT","potentialAction":[{"@type":"ReadAction","target":["https:\/\/lavocedelpaese.info\/index.php\/2023\/06\/26\/a-scuola-di-cittadinanza-attiva\/"]}]},{"@type":"BreadcrumbList","@id":"https:\/\/lavocedelpaese.info\/index.php\/2023\/06\/26\/a-scuola-di-cittadinanza-attiva\/#breadcrumb","itemListElement":[{"@type":"ListItem","position":1,"name":"Home","item":"https:\/\/lavocedelpaese.info\/"},{"@type":"ListItem","position":2,"name":"A scuola di Cittadinanza Attiva"}]},{"@type":"WebSite","@id":"https:\/\/lavocedelpaese.info\/#website","url":"https:\/\/lavocedelpaese.info\/","name":"La Voce del Paese","description":"Un network di idee","publisher":{"@id":"https:\/\/lavocedelpaese.info\/#organization"},"potentialAction":[{"@type":"SearchAction","target":{"@type":"EntryPoint","urlTemplate":"https:\/\/lavocedelpaese.info\/?s={search_term_string}"},"query-input":{"@type":"PropertyValueSpecification","valueRequired":true,"valueName":"search_term_string"}}],"inLanguage":"it-IT"},{"@type":"Organization","@id":"https:\/\/lavocedelpaese.info\/#organization","name":"La Voce del Paese","url":"https:\/\/lavocedelpaese.info\/","logo":{"@type":"ImageObject","inLanguage":"it-IT","@id":"https:\/\/lavocedelpaese.info\/#\/schema\/logo\/image\/","url":"https:\/\/lavocedelpaese.info\/wp-content\/uploads\/2023\/01\/cropped-logo-150-127.png","contentUrl":"https:\/\/lavocedelpaese.info\/wp-content\/uploads\/2023\/01\/cropped-logo-150-127.png","width":137,"height":119,"caption":"La Voce del Paese"},"image":{"@id":"https:\/\/lavocedelpaese.info\/#\/schema\/logo\/image\/"},"sameAs":["https:\/\/www.facebook.com\/lavocedelpaese.info"]}]}},"_links":{"self":[{"href":"https:\/\/lavocedelpaese.info\/index.php\/wp-json\/wp\/v2\/posts\/1693","targetHints":{"allow":["GET"]}}],"collection":[{"href":"https:\/\/lavocedelpaese.info\/index.php\/wp-json\/wp\/v2\/posts"}],"about":[{"href":"https:\/\/lavocedelpaese.info\/index.php\/wp-json\/wp\/v2\/types\/post"}],"replies":[{"embeddable":true,"href":"https:\/\/lavocedelpaese.info\/index.php\/wp-json\/wp\/v2\/comments?post=1693"}],"version-history":[{"count":0,"href":"https:\/\/lavocedelpaese.info\/index.php\/wp-json\/wp\/v2\/posts\/1693\/revisions"}],"wp:attachment":[{"href":"https:\/\/lavocedelpaese.info\/index.php\/wp-json\/wp\/v2\/media?parent=1693"}],"wp:term":[{"taxonomy":"category","embeddable":true,"href":"https:\/\/lavocedelpaese.info\/index.php\/wp-json\/wp\/v2\/categories?post=1693"},{"taxonomy":"post_tag","embeddable":true,"href":"https:\/\/lavocedelpaese.info\/index.php\/wp-json\/wp\/v2\/tags?post=1693"}],"curies":[{"name":"wp","href":"https:\/\/api.w.org\/{rel}","templated":true}]}}