{"id":1691,"date":"2023-06-25T17:16:04","date_gmt":"2023-06-25T17:16:04","guid":{"rendered":"https:\/\/lavocedelpaese.info\/index.php\/2023\/06\/25\/frida-kahlo-una-vita-per-immagini\/"},"modified":"2023-06-25T17:16:04","modified_gmt":"2023-06-25T17:16:04","slug":"frida-kahlo-una-vita-per-immagini","status":"publish","type":"post","link":"https:\/\/lavocedelpaese.info\/index.php\/2023\/06\/25\/frida-kahlo-una-vita-per-immagini\/","title":{"rendered":"\u201cFrida Kahlo. Una vita per immagini\u201d"},"content":{"rendered":"<p>\u00a0<\/p>\n<p>\u200b\u00a0<\/p>\n<p>\u200bAcquaviva \u2013 La Voce del Paese\u00a0<\/p>\n<p><strong>Mostra a Casa Pezzolla<\/strong><\/p>\n<p><strong>24 giugno 2023 \u2013 8 ottobre 2023<\/strong><\/p>\n<p>Alberobello, 24 giugno 2023 \u2013 Si \u00e8 tenuta questa mattina, all\u2019interno di Casa Pezzolla ad Alberobello, la conferenza stampa di inaugurazione di \u201cFrida Kahlo. Una vita per immagini\u201d, la mostra promossa dall\u2019<strong>Assessorato alla Cultura del Comune di Alberobello<\/strong>, e organizzata da\u00a0<strong>Bass Culture srl\u00a0<\/strong>e\u00a0<strong>Rjma Progetti culturali\u00a0<\/strong>in collaborazione con\u00a0<strong>Locus Festival\u00a0<\/strong>e\u00a0<strong>Diffusione Italia International<\/strong>.<br \/>All\u2019incontro sono intervenuti il Sindaco\u00a0<strong>Francesco De Carlo<\/strong>, l\u2019Assessora alla Cultura\u00a0<strong>Valeria Sabatell<\/strong>i, l\u2019Assessore al Patrimonio\u00a0<strong>Saverio Sgobba<\/strong>, l\u2019Amministratore di Bass Culture\u00a0<strong>Vincenzo Bellini<\/strong>\u00a0e l\u2019Amministratore di Rjma Progetti Culturali\u00a0<strong>Alberto Rossetti<\/strong>.<\/p>\n<p>\u201c<em>Il percorso all\u2019insegna della internazionalizzazione e innovazione culturale di Alberobello \u00e8 tracciato<\/em>\u201d spiega Valeria Sabatelli, Assessora alla Cultura, la quale aggiunge che \u201c<em>tra le artiste che nel Novecento si sono distinte per originalit\u00e0 dei contenuti e delle espressioni, abbiamo scelto \u2013 tra le tante \u2013 Frida Khalo, della quale abbiamo immagini esclusive provenienti da Casa Azul, il suo museo locato al centro di Coyoac\u00e1n, un sobborgo di Citt\u00e0 del Messico. L\u2019esposizione, promossa dal circuito culturale internazionale Civitas, \u00e8 allestita nei trulli di Casa Pezzolla e combina l\u2019unicit\u00e0 dell\u2019architettura rurale con l\u2019arte contemporanea di Frida, figura iconica di una rivoluzione generazionale di emancipazione femminile<\/em>\u201d.<\/p>\n<p>Casa Pezzolla riapre dopo diversi anni e lo fa in grande, ospitando dal 24 giugno all\u20198 ottobre un evento culturale straordinario: l\u2019<strong>apertura al pubblico della mostra fotografica dedicata a Frida Kahlo prevista per sabato pomeriggio<\/strong>\u00a0dalle ore 16.00\u00a0<strong>e, in via straordinaria, fino alla mezza notte<\/strong>.<\/p>\n<p>\u201c<em>Siamo lieti di portare la mostra dedicata a Frida Kahlo ad Alberobello<\/em>\u00a0\u2013 aggiunge\u00a0<strong>Alberto Rossetti, Amministratore di Rjma Progetti culturali<\/strong>\u00a0\u2013 e in un contesto cos\u00ec particolare come \u00e8 Casa Pezzolla, dove abbiamo creato un allestimento inusuale, adattandolo all\u2019architettura dei trulli. Sono certo che la mostra attirer\u00e0 e sorprender\u00e0 un ampio pubblico di residenti e di turisti.\u201d<\/p>\n<p>Il Museo del Territorio \u2013 Casa Pezzolla era stato temporaneamente chiuso e questa mostra offre l\u2019opportunit\u00e0 di riaprire un contenitore permanente della cultura iconica del territorio alberobellese<br \/>\u00a0e allo stesso tempo di lasciare spazio per mostre temporanee ed eventi.<\/p>\n<p><em>Alcuni luoghi di Alberobello di inestimabile valore da anni non si raccontano pi\u00f9<\/em>\u201d. Spiega\u00a0<strong>Saverio Sgobba, Assessore con delega al Patrimonio<\/strong>. \u201c<em>Muri silenziosi che non trasudano pi\u00f9 di storia. Di contenuti. Di persone. Oggi si gira pagina perch\u00e9 si torna a viverli e a riempirli di voci, di idee, di stupore per l\u2019antico. Di meraviglia per le nostre radici. E lo facciamo attraverso la Cultura che vivacizza questi spazi restituendoli ai legittimi proprietari. Gli alberobellesi ai quali sono tanto mancati e a gran voce ce li hanno richiesti<\/em>\u201d.<\/p>\n<p>Frida Kahlo. Una vita per immagini sar\u00e0 visitabile\u00a0<strong>sino all\u20198 ottobre<\/strong>\u00a0e sar\u00e0 corredata da eventi collaterali come il concerto di\u00a0<strong>Max Gazz\u00e8 con l\u2019Orchestra della Notte della Taranta<\/strong>\u00a0il\u00a0<strong>30 giugno<\/strong>\u00a0in Largo Martellotta, l\u2019esibizione di\u00a0<strong>Frida Bollani Magoni<\/strong>\u00a0il\u00a0<strong>7 agosto<\/strong>\u00a0al Trullo Sovrano e da una serie di appuntamenti letterari organizzati dall\u2019<strong>Associazione Culturale Spine<\/strong>\u00a0all\u2019interno della suggestiva Casa Pezzolla.<\/p>\n<p>\u201c<em>La prestigiosa mostra di Frida Kahlo, con gli eventi collaterali in programma ad Alberobello<\/em>\u00a0\u2013 continua Vincenzo Bellini, Amministratore di Bass Culture \u2013\u00a0<em>\u00e8 un\u2019iniziativa che si va ad affiancare alle proposte musicali del Locus Festival, contribuendo cos\u00ec a rendere la Valle d\u2019Itria un luogo sempre pi\u00f9 ricco con proposte di qualit\u00e0. C\u2019\u00e8 la necessit\u00e0 di rendere il pi\u00f9 possibile la citt\u00e0 sempre pi\u00f9 attrattiva oltre la nostra regione e con quanto pi\u00f9 anticipo possibile. La sfida sta quindi nel mettere in campo le attivit\u00e0 in programma per il 2023, e proiettarsi ai prossimi anni per valorizzare il territorio e promuovere la cultura come motore di sviluppo locale, regionale e nazionale<\/em>.\u201d<\/p>\n<p>La vita e l\u2019arte di\u00a0<strong>Frida Kahlo<\/strong>, di cui i suoi\u00a0<strong>autoritratti\u00a0<\/strong>sono diventati la sua forma comunicativa pi\u00f9 iconica, l\u2019hanno resa un\u2019artista nota in tutto il mondo. Le sue opere spesso rappresentano il suo dolore fisico, le sue esperienze personali e la sua lotta per la libert\u00e0 e l\u2019indipendenza come donna.<\/p>\n<p><em>\u201c<\/em><em>La rivoluzione di genere che vede in Frida una degna esponente<\/em>\u00a0\u2013 conclude il\u00a0<strong>Sindaco Francesco De Carlo<\/strong>\u00a0\u2013\u00a0<em>\u00e8 presente in ogni attivit\u00e0 del mio Esecutivo. Sin dal suo insediamento si \u00e8 distinto con diverse azioni. \u00c8 partito \u2013 ab initio \u2013 con un progetto europeo \u2018No women No panel\u2019 proprio per sottolineare l\u2019importanza della voce femminile nel coro quasi esclusivamente maschile della politica, e non solo. Ha proseguito con l\u2019individuazione di figure politico\/istituzionali e manageriali femminili. La scelta della mostra \u2018Frida Kahlo. Una vita per immagini\u2019 rende sostanziale il riscatto artistico femminile in un\u2019epoca in cui era ancora lontano qualche generazione<\/em>\u201d.<\/p>\n<p>Per maggiori informazioni, sempre aggiornate, \u00e8 possibile visitare la pagina\u00a0\u00a0<a href=\"https:\/\/bassculture.us2.list-manage.com\/track\/click?u=db00cec0c1983f06eaf38526a&amp;id=3b41dd1e08&amp;e=be295f2aa3\" target=\"_blank\" rel=\"noopener\"><strong>https:\/\/bit.ly\/fridakahloalberobello<\/strong><\/a>.<\/p>\n<p><strong>LA MOSTRA<\/strong><\/p>\n<p>Attraverso un centinaio di scatti, per la maggior parte originali, la mostra, a cura di\u00a0<strong>Vincenzo Sanf<\/strong>o, ricostruisce le vicende della vita controcorrente della grande artista messicana, alla ricerca delle motivazioni che l\u2019hanno trasformata in un\u2019icona femminile e pop a livello internazionale. Le foto sono state realizzate dal<strong>\u00a0padre Guillermo<\/strong>\u00a0durante l\u2019infanzia e la giovinezza della figlia e poi da alcuni dei pi\u00f9\u0300 grandi fotografi della sua epoca, a cui \u00e8 dedicata una installazione nel giardino del Palazzo Pezzolla:<strong>\u00a0Leo Matiz, Imogen Cunninghan, Edward Weston, Lucienne Bloch, Bernard Silbertein, Manuel e Lola Alvarez Bravo, Nickolas Muray<\/strong>\u00a0e altri ancora. In questo straordinario \u201calbum fotografico\u201d si rincorrono le vicende spesso dolorose ma sempre appassionate di una vita, oltre agli amori, alle amicizie e alle avventure di Frida. In mostra \u00e8 esposto anche un gruppo di piccole fotografie molto intime di Frida, scattate dal gallerista Julien Levy.<br \/>\u00a0<br \/>Il percorso di mostra ricostruisce innanzitutto il contesto in cui si \u00e8 affermata la sua personalit\u00e0: \u00e8 il Messico del primo Novecento, attraversato da una rivoluzione che ne ha cambiato la storia, grazie a umili campesinos ed eroici protagonisti come\u00a0<strong>Pancho Villa e Emiliano Zapata<\/strong>. L\u2019epopea e il mito della rivoluzione messicana resteranno impresse nella mente di Frida e ne forgeranno il carattere indomito, alimentando il suo senso di ribellione verso le convenzioni borghesi e le imposizioni di una societ\u00e0\u0300 fortemente maschilista. In questo contesto si innestano le vicende della famiglia Kahlo. Guillermo, il padre, \u00e8 un fotografo di professione di origine tedesca, giunto in Messico nel 1891 e ben presto innamoratosi del paese che lo ha accolto. In mostra \u00e8 ritratto con\u00a0<strong>Matilde Calderon<\/strong>, sua sposa e madre di quattro figli, tra cui Frida.<\/p>\n<p>Alcune litografie di\u00a0<strong>Rufino Tamayo<\/strong>\u00a0insieme al catalogo originale della mostra di Frida, organizzata a Parigi, il primo \u201cmanifesto della pittura rivoluzionaria\u201d firmato da Breton e Rivera sono a testimoniare la vivace cultura artistica che caratterizza il Messico nei primi decenni del secolo.<\/p>\n<p>Di sangue misto, tedesco e messicano, Frida cresce nel mito di un Messico rivoluzionario e trova nella pittura un linguaggio appassionato, viscerale, dai forti contenuti impietosamente autobiografici, con cui si racconta senza ipocrisie. Tutta la sua opera \u00e8 una forma di autoanalisi, alla ricerca di una propria identit\u00e0 e di una ragione di vita. Nei suoi numerosi autoritratti non teme di mettere a nudo le proprie debolezze e le proprie inquietudini. \u00a0Accanto a Frida \u00e8 spesso ritratto\u00a0<strong>Diego Rivera<\/strong>, il pittore e muralista con cui ha condiviso un rapporto intenso e turbolento, che ha attraversato gran parte della sua vita. Ma vi appaiono anche altri personaggi come Leon Trotskij e Andr\u00e9 Breton.<br \/>\u00a0<br \/>La mostra si conclude con un video che raccoglie le poche immagini filmate della grande artista messicana.<br \/>Nella sala di accoglienza e di uscita \u00e8 presentata una documentazione fotografica della sua famosa Casa Azul, che, dopo la sua morte, Diego Rivera don\u00f2 allo stato messicano per creare il Museo Frida Kahlo.<\/p>\n<p>Tutto il percorso espositivo \u00e8 accompagnato da un\u2019audioguida a disposizione di tutti i visitatori, inclusa nel biglietto. Il catalogo, curato da\u00a0<strong>Vincenzo Sanfo<\/strong>, \u00e8 edito da Papiro Art.<\/p>\n<div class=\"wp-block-file\"><a href=\"https:\/\/acquaviva.lavocedelpaese.info\/wp-content\/uploads\/2023\/06\/INFO-aperture-Mostra-Frida.pdf\">INFO-aperture-Mostra-Frida<\/a><a href=\"https:\/\/acquaviva.lavocedelpaese.info\/wp-content\/uploads\/2023\/06\/INFO-aperture-Mostra-Frida.pdf\" class=\"wp-block-file__button wp-element-button\">Download<\/a><\/div>\n<p><a class=\"a2a_button_facebook\" href=\"https:\/\/www.addtoany.com\/add_to\/facebook?linkurl=https%3A%2F%2Facquaviva.lavocedelpaese.info%2Findex.php%2F2023%2F06%2F24%2Ffrida-kahlo-una-vita-per-immagini%2F&amp;linkname=%E2%80%9CFrida%20Kahlo.%20Una%20vita%20per%20immagini%E2%80%9D\" title=\"Facebook\" target=\"_blank\" rel=\"noopener\"><\/a><a class=\"a2a_button_twitter\" href=\"https:\/\/www.addtoany.com\/add_to\/twitter?linkurl=https%3A%2F%2Facquaviva.lavocedelpaese.info%2Findex.php%2F2023%2F06%2F24%2Ffrida-kahlo-una-vita-per-immagini%2F&amp;linkname=%E2%80%9CFrida%20Kahlo.%20Una%20vita%20per%20immagini%E2%80%9D\" title=\"Twitter\" target=\"_blank\" rel=\"noopener\"><\/a><a class=\"a2a_button_whatsapp\" href=\"https:\/\/www.addtoany.com\/add_to\/whatsapp?linkurl=https%3A%2F%2Facquaviva.lavocedelpaese.info%2Findex.php%2F2023%2F06%2F24%2Ffrida-kahlo-una-vita-per-immagini%2F&amp;linkname=%E2%80%9CFrida%20Kahlo.%20Una%20vita%20per%20immagini%E2%80%9D\" title=\"WhatsApp\" target=\"_blank\" rel=\"noopener\"><\/a><a class=\"a2a_button_telegram\" href=\"https:\/\/www.addtoany.com\/add_to\/telegram?linkurl=https%3A%2F%2Facquaviva.lavocedelpaese.info%2Findex.php%2F2023%2F06%2F24%2Ffrida-kahlo-una-vita-per-immagini%2F&amp;linkname=%E2%80%9CFrida%20Kahlo.%20Una%20vita%20per%20immagini%E2%80%9D\" title=\"Telegram\" target=\"_blank\" rel=\"noopener\"><\/a><a class=\"a2a_button_email\" href=\"https:\/\/www.addtoany.com\/add_to\/email?linkurl=https%3A%2F%2Facquaviva.lavocedelpaese.info%2Findex.php%2F2023%2F06%2F24%2Ffrida-kahlo-una-vita-per-immagini%2F&amp;linkname=%E2%80%9CFrida%20Kahlo.%20Una%20vita%20per%20immagini%E2%80%9D\" title=\"Email\" target=\"_blank\" rel=\"noopener\"><\/a><\/p>\n<p>\u00a0<\/p>","protected":false},"excerpt":{"rendered":"<p>\u00a0 \u200b\u00a0 \u200bAcquaviva \u2013 La Voce del Paese\u00a0 Mostra a Casa Pezzolla 24 giugno 2023 \u2013 8 ottobre 2023 Alberobello,<\/p>\n","protected":false},"author":0,"featured_media":0,"comment_status":"open","ping_status":"closed","sticky":false,"template":"","format":"standard","meta":{"colormag_page_container_layout":"default_layout","colormag_page_sidebar_layout":"default_layout","footnotes":""},"categories":[33],"tags":[],"class_list":["post-1691","post","type-post","status-publish","format-standard","hentry","category-network"],"yoast_head":"<!-- This site is optimized with the Yoast SEO plugin v27.5 - https:\/\/yoast.com\/product\/yoast-seo-wordpress\/ -->\n<title>\u201cFrida Kahlo. Una vita per immagini\u201d - La Voce del Paese<\/title>\n<meta name=\"robots\" content=\"index, follow, max-snippet:-1, max-image-preview:large, max-video-preview:-1\" \/>\n<link rel=\"canonical\" href=\"https:\/\/lavocedelpaese.info\/index.php\/2023\/06\/25\/frida-kahlo-una-vita-per-immagini\/\" \/>\n<meta property=\"og:locale\" content=\"it_IT\" \/>\n<meta property=\"og:type\" content=\"article\" \/>\n<meta property=\"og:title\" content=\"\u201cFrida Kahlo. Una vita per immagini\u201d - La Voce del Paese\" \/>\n<meta property=\"og:description\" content=\"\u00a0 \u200b\u00a0 \u200bAcquaviva \u2013 La Voce del Paese\u00a0 Mostra a Casa Pezzolla 24 giugno 2023 \u2013 8 ottobre 2023 Alberobello,\" \/>\n<meta property=\"og:url\" content=\"https:\/\/lavocedelpaese.info\/index.php\/2023\/06\/25\/frida-kahlo-una-vita-per-immagini\/\" \/>\n<meta property=\"og:site_name\" content=\"La Voce del Paese\" \/>\n<meta property=\"article:publisher\" content=\"https:\/\/www.facebook.com\/lavocedelpaese.info\" \/>\n<meta property=\"article:published_time\" content=\"2023-06-25T17:16:04+00:00\" \/>\n<meta name=\"twitter:card\" content=\"summary_large_image\" \/>\n<meta name=\"twitter:label1\" content=\"Tempo di lettura stimato\" \/>\n\t<meta name=\"twitter:data1\" content=\"6 minuti\" \/>\n<script type=\"application\/ld+json\" class=\"yoast-schema-graph\">{\"@context\":\"https:\\\/\\\/schema.org\",\"@graph\":[{\"@type\":\"Article\",\"@id\":\"https:\\\/\\\/lavocedelpaese.info\\\/index.php\\\/2023\\\/06\\\/25\\\/frida-kahlo-una-vita-per-immagini\\\/#article\",\"isPartOf\":{\"@id\":\"https:\\\/\\\/lavocedelpaese.info\\\/index.php\\\/2023\\\/06\\\/25\\\/frida-kahlo-una-vita-per-immagini\\\/\"},\"author\":{\"name\":\"\",\"@id\":\"\"},\"headline\":\"\u201cFrida Kahlo. Una vita per immagini\u201d\",\"datePublished\":\"2023-06-25T17:16:04+00:00\",\"mainEntityOfPage\":{\"@id\":\"https:\\\/\\\/lavocedelpaese.info\\\/index.php\\\/2023\\\/06\\\/25\\\/frida-kahlo-una-vita-per-immagini\\\/\"},\"wordCount\":1296,\"commentCount\":0,\"publisher\":{\"@id\":\"https:\\\/\\\/lavocedelpaese.info\\\/#organization\"},\"articleSection\":[\"network\"],\"inLanguage\":\"it-IT\",\"potentialAction\":[{\"@type\":\"CommentAction\",\"name\":\"Comment\",\"target\":[\"https:\\\/\\\/lavocedelpaese.info\\\/index.php\\\/2023\\\/06\\\/25\\\/frida-kahlo-una-vita-per-immagini\\\/#respond\"]}]},{\"@type\":\"WebPage\",\"@id\":\"https:\\\/\\\/lavocedelpaese.info\\\/index.php\\\/2023\\\/06\\\/25\\\/frida-kahlo-una-vita-per-immagini\\\/\",\"url\":\"https:\\\/\\\/lavocedelpaese.info\\\/index.php\\\/2023\\\/06\\\/25\\\/frida-kahlo-una-vita-per-immagini\\\/\",\"name\":\"\u201cFrida Kahlo. Una vita per immagini\u201d - La Voce del Paese\",\"isPartOf\":{\"@id\":\"https:\\\/\\\/lavocedelpaese.info\\\/#website\"},\"datePublished\":\"2023-06-25T17:16:04+00:00\",\"breadcrumb\":{\"@id\":\"https:\\\/\\\/lavocedelpaese.info\\\/index.php\\\/2023\\\/06\\\/25\\\/frida-kahlo-una-vita-per-immagini\\\/#breadcrumb\"},\"inLanguage\":\"it-IT\",\"potentialAction\":[{\"@type\":\"ReadAction\",\"target\":[\"https:\\\/\\\/lavocedelpaese.info\\\/index.php\\\/2023\\\/06\\\/25\\\/frida-kahlo-una-vita-per-immagini\\\/\"]}]},{\"@type\":\"BreadcrumbList\",\"@id\":\"https:\\\/\\\/lavocedelpaese.info\\\/index.php\\\/2023\\\/06\\\/25\\\/frida-kahlo-una-vita-per-immagini\\\/#breadcrumb\",\"itemListElement\":[{\"@type\":\"ListItem\",\"position\":1,\"name\":\"Home\",\"item\":\"https:\\\/\\\/lavocedelpaese.info\\\/\"},{\"@type\":\"ListItem\",\"position\":2,\"name\":\"\u201cFrida Kahlo. Una vita per immagini\u201d\"}]},{\"@type\":\"WebSite\",\"@id\":\"https:\\\/\\\/lavocedelpaese.info\\\/#website\",\"url\":\"https:\\\/\\\/lavocedelpaese.info\\\/\",\"name\":\"La Voce del Paese\",\"description\":\"Un network di idee\",\"publisher\":{\"@id\":\"https:\\\/\\\/lavocedelpaese.info\\\/#organization\"},\"potentialAction\":[{\"@type\":\"SearchAction\",\"target\":{\"@type\":\"EntryPoint\",\"urlTemplate\":\"https:\\\/\\\/lavocedelpaese.info\\\/?s={search_term_string}\"},\"query-input\":{\"@type\":\"PropertyValueSpecification\",\"valueRequired\":true,\"valueName\":\"search_term_string\"}}],\"inLanguage\":\"it-IT\"},{\"@type\":\"Organization\",\"@id\":\"https:\\\/\\\/lavocedelpaese.info\\\/#organization\",\"name\":\"La Voce del Paese\",\"url\":\"https:\\\/\\\/lavocedelpaese.info\\\/\",\"logo\":{\"@type\":\"ImageObject\",\"inLanguage\":\"it-IT\",\"@id\":\"https:\\\/\\\/lavocedelpaese.info\\\/#\\\/schema\\\/logo\\\/image\\\/\",\"url\":\"https:\\\/\\\/lavocedelpaese.info\\\/wp-content\\\/uploads\\\/2023\\\/01\\\/cropped-logo-150-127.png\",\"contentUrl\":\"https:\\\/\\\/lavocedelpaese.info\\\/wp-content\\\/uploads\\\/2023\\\/01\\\/cropped-logo-150-127.png\",\"width\":137,\"height\":119,\"caption\":\"La Voce del Paese\"},\"image\":{\"@id\":\"https:\\\/\\\/lavocedelpaese.info\\\/#\\\/schema\\\/logo\\\/image\\\/\"},\"sameAs\":[\"https:\\\/\\\/www.facebook.com\\\/lavocedelpaese.info\"]}]}<\/script>\n<!-- \/ Yoast SEO plugin. -->","yoast_head_json":{"title":"\u201cFrida Kahlo. Una vita per immagini\u201d - La Voce del Paese","robots":{"index":"index","follow":"follow","max-snippet":"max-snippet:-1","max-image-preview":"max-image-preview:large","max-video-preview":"max-video-preview:-1"},"canonical":"https:\/\/lavocedelpaese.info\/index.php\/2023\/06\/25\/frida-kahlo-una-vita-per-immagini\/","og_locale":"it_IT","og_type":"article","og_title":"\u201cFrida Kahlo. Una vita per immagini\u201d - La Voce del Paese","og_description":"\u00a0 \u200b\u00a0 \u200bAcquaviva \u2013 La Voce del Paese\u00a0 Mostra a Casa Pezzolla 24 giugno 2023 \u2013 8 ottobre 2023 Alberobello,","og_url":"https:\/\/lavocedelpaese.info\/index.php\/2023\/06\/25\/frida-kahlo-una-vita-per-immagini\/","og_site_name":"La Voce del Paese","article_publisher":"https:\/\/www.facebook.com\/lavocedelpaese.info","article_published_time":"2023-06-25T17:16:04+00:00","twitter_card":"summary_large_image","twitter_misc":{"Tempo di lettura stimato":"6 minuti"},"schema":{"@context":"https:\/\/schema.org","@graph":[{"@type":"Article","@id":"https:\/\/lavocedelpaese.info\/index.php\/2023\/06\/25\/frida-kahlo-una-vita-per-immagini\/#article","isPartOf":{"@id":"https:\/\/lavocedelpaese.info\/index.php\/2023\/06\/25\/frida-kahlo-una-vita-per-immagini\/"},"author":{"name":"","@id":""},"headline":"\u201cFrida Kahlo. Una vita per immagini\u201d","datePublished":"2023-06-25T17:16:04+00:00","mainEntityOfPage":{"@id":"https:\/\/lavocedelpaese.info\/index.php\/2023\/06\/25\/frida-kahlo-una-vita-per-immagini\/"},"wordCount":1296,"commentCount":0,"publisher":{"@id":"https:\/\/lavocedelpaese.info\/#organization"},"articleSection":["network"],"inLanguage":"it-IT","potentialAction":[{"@type":"CommentAction","name":"Comment","target":["https:\/\/lavocedelpaese.info\/index.php\/2023\/06\/25\/frida-kahlo-una-vita-per-immagini\/#respond"]}]},{"@type":"WebPage","@id":"https:\/\/lavocedelpaese.info\/index.php\/2023\/06\/25\/frida-kahlo-una-vita-per-immagini\/","url":"https:\/\/lavocedelpaese.info\/index.php\/2023\/06\/25\/frida-kahlo-una-vita-per-immagini\/","name":"\u201cFrida Kahlo. Una vita per immagini\u201d - La Voce del Paese","isPartOf":{"@id":"https:\/\/lavocedelpaese.info\/#website"},"datePublished":"2023-06-25T17:16:04+00:00","breadcrumb":{"@id":"https:\/\/lavocedelpaese.info\/index.php\/2023\/06\/25\/frida-kahlo-una-vita-per-immagini\/#breadcrumb"},"inLanguage":"it-IT","potentialAction":[{"@type":"ReadAction","target":["https:\/\/lavocedelpaese.info\/index.php\/2023\/06\/25\/frida-kahlo-una-vita-per-immagini\/"]}]},{"@type":"BreadcrumbList","@id":"https:\/\/lavocedelpaese.info\/index.php\/2023\/06\/25\/frida-kahlo-una-vita-per-immagini\/#breadcrumb","itemListElement":[{"@type":"ListItem","position":1,"name":"Home","item":"https:\/\/lavocedelpaese.info\/"},{"@type":"ListItem","position":2,"name":"\u201cFrida Kahlo. Una vita per immagini\u201d"}]},{"@type":"WebSite","@id":"https:\/\/lavocedelpaese.info\/#website","url":"https:\/\/lavocedelpaese.info\/","name":"La Voce del Paese","description":"Un network di idee","publisher":{"@id":"https:\/\/lavocedelpaese.info\/#organization"},"potentialAction":[{"@type":"SearchAction","target":{"@type":"EntryPoint","urlTemplate":"https:\/\/lavocedelpaese.info\/?s={search_term_string}"},"query-input":{"@type":"PropertyValueSpecification","valueRequired":true,"valueName":"search_term_string"}}],"inLanguage":"it-IT"},{"@type":"Organization","@id":"https:\/\/lavocedelpaese.info\/#organization","name":"La Voce del Paese","url":"https:\/\/lavocedelpaese.info\/","logo":{"@type":"ImageObject","inLanguage":"it-IT","@id":"https:\/\/lavocedelpaese.info\/#\/schema\/logo\/image\/","url":"https:\/\/lavocedelpaese.info\/wp-content\/uploads\/2023\/01\/cropped-logo-150-127.png","contentUrl":"https:\/\/lavocedelpaese.info\/wp-content\/uploads\/2023\/01\/cropped-logo-150-127.png","width":137,"height":119,"caption":"La Voce del Paese"},"image":{"@id":"https:\/\/lavocedelpaese.info\/#\/schema\/logo\/image\/"},"sameAs":["https:\/\/www.facebook.com\/lavocedelpaese.info"]}]}},"_links":{"self":[{"href":"https:\/\/lavocedelpaese.info\/index.php\/wp-json\/wp\/v2\/posts\/1691","targetHints":{"allow":["GET"]}}],"collection":[{"href":"https:\/\/lavocedelpaese.info\/index.php\/wp-json\/wp\/v2\/posts"}],"about":[{"href":"https:\/\/lavocedelpaese.info\/index.php\/wp-json\/wp\/v2\/types\/post"}],"replies":[{"embeddable":true,"href":"https:\/\/lavocedelpaese.info\/index.php\/wp-json\/wp\/v2\/comments?post=1691"}],"version-history":[{"count":0,"href":"https:\/\/lavocedelpaese.info\/index.php\/wp-json\/wp\/v2\/posts\/1691\/revisions"}],"wp:attachment":[{"href":"https:\/\/lavocedelpaese.info\/index.php\/wp-json\/wp\/v2\/media?parent=1691"}],"wp:term":[{"taxonomy":"category","embeddable":true,"href":"https:\/\/lavocedelpaese.info\/index.php\/wp-json\/wp\/v2\/categories?post=1691"},{"taxonomy":"post_tag","embeddable":true,"href":"https:\/\/lavocedelpaese.info\/index.php\/wp-json\/wp\/v2\/tags?post=1691"}],"curies":[{"name":"wp","href":"https:\/\/api.w.org\/{rel}","templated":true}]}}