{"id":1673,"date":"2023-06-20T07:28:37","date_gmt":"2023-06-20T07:28:37","guid":{"rendered":"https:\/\/lavocedelpaese.info\/index.php\/2023\/06\/20\/donazione-midollo-osseo-al-via-la-campagna-regionale-itinerante\/"},"modified":"2023-06-20T07:28:37","modified_gmt":"2023-06-20T07:28:37","slug":"donazione-midollo-osseo-al-via-la-campagna-regionale-itinerante","status":"publish","type":"post","link":"https:\/\/lavocedelpaese.info\/index.php\/2023\/06\/20\/donazione-midollo-osseo-al-via-la-campagna-regionale-itinerante\/","title":{"rendered":"Donazione midollo osseo: al via la campagna regionale itinerante"},"content":{"rendered":"<p>\u00a0<\/p>\n<p>\u200b\u00a0<\/p>\n<p>\u200bCassano \u2013 La Voce del Paese\u00a0<\/p>\n<p>Entra nel vivo la campagna regionale itinerante per reclutare potenziali donatori di midollo osseo. Dopo la consegna dell\u2019ambulatorio mobile alla associazione ADMO Puglia, la ASL di Bari ha acquisito i kit salivari che serviranno ai volontari per incrementare sul territorio l\u2019attivit\u00e0 finalizzata a individuare nuovi donatori\u00a0\u00a0idonei di cellule staminali.<\/p>\n<p>Questa mattina la consegna dei primi 315 tamponi salivari \u00e8 avvenuta nella sede della direzione generale ASL (ex CTO) alla presenza di una\u00a0<em>testimonial<\/em>\u00a0di eccezione:\u00a0<strong>Arianna Mihajlovic,<\/strong>\u00a0moglie di Sinisa Mihajlovic, ex calciatore scomparso a dicembre dell\u2019anno scorso per leucemia.<\/p>\n<p>\u201cFaccio appello alla sensibilit\u00e0 dei pugliesi \u2013 ha detto il presidente della Regione,\u00a0<strong>Michele Emiliano<\/strong>\u00a0\u2013 per aderire alle donazioni. Con l\u2019Admo sono tanti anni che lavoriamo a stretto contatto, siamo arrivati al punto da accelerare le procedure per individuare le compatibilit\u00e0 con un test molto semplice, come quello salivare. Pi\u00f9 \u00e8 facile fare questo tipo di esame, pi\u00f9 saranno le persone inserite nel registro dei donatori e pi\u00f9 sar\u00e0 probabile trovare il donatore giusto al momento giusto. Grazie alla signora Mihajlovic \u2013 aggiunto il presidente Emiliano \u2013 che, in un momento cos\u00ec importante per lei e per la sua famiglia, ha scelto di essere qui a testimoniare l\u2019importanza delle donazioni. Mi commuove il senso di altruismo che ha caratterizzato lo stesso Sinisa che non era un calciatore semplice da affrontare \u2013 e a volte poteva sembrare duro \u2013 ma era evidente a tutti che aveva un cuore immenso che ora batte in sua moglie, nella sua famiglia e nell\u2019associazione che l\u2019ha scelta come testimonial\u201d.\u00a0\u00a0<\/p>\n<p>La Puglia \u2013 insieme al Lazio e all\u2019 Emilia Romagna \u2013 \u00e8 tra le prime regioni in Italia ad aver portato a termine una procedura pubblica- in convenzione con l\u2019associazione dei donatori di midollo osseo \u2013 per incrementare sul territorio, e non solo all\u2019interno degli ospedali, il reclutamento, attraverso indagini di laboratorio, di persone compatibili con i pazienti che necessitano di un trapianto di cellule staminali.<\/p>\n<p>La testimonial\u00a0<strong>Arianna Mihajlovic<\/strong>\u00a0ha posto l\u2019attenzione sulla importanza della donazione, \u201cche \u00e8 l\u2019unica cura \u2013 ha spiegato \u2013 per salvare una vita. I ragazzi devono essere informati su come avviene una donazione, non \u00e8 un evento invasivo. Purtroppo mio marito non c\u2019\u00e8 l\u2019ha fatta, ma la donazione ci ha permesso di stare con lui altri tre anni, ecco perch\u00e9 sostengo che \u00e8 importante\u201d.\u00a0\u00a0<\/p>\n<p>L\u2019assessore alla Sanit\u00e0,\u00a0<strong>Rocco Palese<\/strong>, nel ricordare l\u2019ex calciatore scomparso, lo ha definito un \u201csimbolo fortissimo del fatto che il trapianto di midollo osseo rappresenti l\u2019unica possibilit\u00e0 contro patologie come la leucemia mieloide acuta. Non sempre si riesce a vincere questa terribile malattia, come purtroppo testimonia la vicenda di Mihajlovic, ma l\u2019iniziativa di oggi della ASL Bari \u00e8 molto importante perch\u00e9 mira a stimolare in maniera decisa la cultura delle donazioni finalizzate al trapianto. La Puglia \u2013 ha proseguito l\u2019assessore \u2013\u00a0\u00a0\u00e8 oggi una delle prime regioni italiane in tema di trapianti, in un contesto pi\u00f9 largo che riguarda il fegato, cuore e reni e ora anche per il midollo osseo cerchiamo di affermare con forza la cultura della donazione\u201d.<\/p>\n<p>La consegna dei kit salivari rappresenta la seconda fase del progetto, avviato dalla legge regionale\u00a0n. 51 del 30 dicembre 2021, tramite la quale, alla ASL \u00e8 stato assegnato un finanziamento di 100mila euro finalizzato all\u2019acquisto di un ambulatorio mobile polivalente e alla fornitura di tamponi salivari impiegati per aumentare il numero di donatori inseriti nel registro IBMDR pugliese che nel 2022 sono stati 1500. Mentre nei primi sei mesi del 2023 si sono aggiunti finora 1000 iscritti con 15 donazioni effettive.<\/p>\n<p>\u201cL\u2019impiego di tamponi salivari a bordo dell\u2019ambulatorio mobile \u2013 ha spiegato\u00a0\u00a0il direttore generale\u00a0<strong>Antonio Sanguedolce<\/strong>\u00a0\u2013 va a potenziare l\u2019attivit\u00e0 di arruolamento ordinaria svolta dai 5 centri trasfusionali aziendali e consente di ottimizzare risorse economiche ed umane, oltre a rendere pi\u00f9 rapido e pi\u00f9 facile il percorso di reclutamento dei donatori, svincolandolo dai presidi ospedalieri.\u00a0\u00a0La ASL si \u00e8 resa promotrice \u2013ha aggiunto \u2013 di una operazione che ha anche una valenza sociale di interesse primario in quanto stimola sensibilizzazione e informazione sulle donazioni. La campagna \u2013 ha concluso dg \u2013 \u00e8 indirizzata a giovani tra 18 e 35 anni, che potranno fare un semplice tampone per un\u2019eventuale chiamata: \u00e8 un fatto importantissimo perch\u00e9 sappiamo che la possibilit\u00e0 di individuare un potenziale donatore di midollo osseo \u00e8 pari a uno su centomila, per cui aumentarne il numero \u00e8 fondamentale\u201d.<\/p>\n<p>Sulla base di una apposita convenzione siglata con l\u2019associazione ADMO, conseguente alla legge regionale, l\u2019azienda sanitaria \u2013 per il tramite dell\u2019Area gestione del Patrimonio \u2013 ha portato a termine le procedure di acquisizione dell\u2019ambulatorio a bordo del quale saranno effettuate visite e consulenze, e di 634 tamponi per tipizzazione HLA a candidati donatori di cellule staminali. La fornitura, su richiesta della associazione, \u00e8 stata divisa in due\u00a0<em>tranche.<\/em>\u00a0Tra le attivit\u00e0 sono previste a bordo della automedica anche: manifestazioni di promozione della donazione di midollo osseo e cellule staminali e campagne di sensibilizzazione presso scuole, universit\u00e0 e caserme.<\/p>\n<p>\u201cQuesto \u00e8 un momento storico per la nostra associazione \u2013 ha commentato\u00a0<strong>la presidente di Admo Puglia, Maria Stea<\/strong>\u00a0\u2013 un momento che vogliamo celebrare e festeggiare alla presenza delle istituzioni e delle autorit\u00e0 sanitarie, e alla presenza di Arianna Mihajlovic, testimone di questo passaggio simbolico e persona molto sensibile alle tematiche di Admo, che appena una settimana fa ha partecipato all\u2019inaugurazione della sede romana di Admo intitolata proprio al marito, Sinisa Mihajlovic. Assieme all\u2019ambulatorio mobile \u2013 ha aggiunto Stea \u2013\u00a0\u00a0a nostra disposizione dalla fine del 2022, i kit salivari ci consentiranno di spingere maggiormente sulle attivit\u00e0 di tipizzazione e di ricerca di nuovi possibili donatori\u201d.<\/p>\n<p>All\u2019evento hanno partecipato anche:\u00a0<strong>Antonella Caroli<\/strong>, dirigente Servizio Strategie e Governo Assistenza Territoriale della Regione Puglia<strong>, Luigi Rossi<\/strong>, direttore sanitario,\u00a0<strong>Francesco Paolicelli<\/strong>, consigliere regionale della Regione Puglia.\u00a0<strong>Domenico Visceglie,<\/strong>\u00a0direttore del Servizio di Immunoematologia e Medicina Trasfusionale \u2013 S.I.M.T,\u00a0<strong>Angelo Ostuni,\u00a0<\/strong>direttore di Medicina Trasfusionale del Policlinico di Bari,\u00a0<strong>Donata Mininni<\/strong>, direttrice del servizio Tipizzazione tessutale e immunologia dei trapianti del Policlinico di Bari.<\/p>\n<p>I test salivari sono importanti per un primo screening. Dopo la raccolta, i tamponi vengono inviati nel centro regionale della tipizzazione tissutale dell\u2019Ospedale Policlinico di Bari.\u00a0\u00a0Se ci sono le condizioni per procedere ad una seconda fase pi\u00f9 approfondita, vengono contattati i donatori che, nel frattempo, hanno dato il proprio consenso e parte la tipizzazione finalizzata, con un prelievo venoso successivo.\u00a0<\/p>\n<p>I requisiti per diventare un donatore sono: un\u2019et\u00e0 compresa tra i 18 e i 35 anni, buone condizioni di salute e un peso superiore ai 50 kg.\u00a0La compatibilit\u00e0 di midollo osseo all\u2019interno della propria famiglia \u00e8 una variabile molto rara e in caso di malattia \u00e8 quasi sempre necessario rivolgersi al registro dei donatori, in cui solo 1 iscritto su 100.000 pu\u00f2 essere compatibile.<\/p>\n<p><a class=\"a2a_button_facebook\" href=\"https:\/\/www.addtoany.com\/add_to\/facebook?linkurl=https%3A%2F%2Fcassano.lavocedelpaese.info%2Findex.php%2F2023%2F06%2F20%2Fdonazione-midollo-osseo-al-via-la-campagna-regionale-itinerante%2F&amp;linkname=Donazione%20midollo%20osseo%3A%20al%20via%20la%20campagna%20regionale%20itinerante\" title=\"Facebook\" target=\"_blank\" rel=\"noopener\"><\/a><a class=\"a2a_button_twitter\" href=\"https:\/\/www.addtoany.com\/add_to\/twitter?linkurl=https%3A%2F%2Fcassano.lavocedelpaese.info%2Findex.php%2F2023%2F06%2F20%2Fdonazione-midollo-osseo-al-via-la-campagna-regionale-itinerante%2F&amp;linkname=Donazione%20midollo%20osseo%3A%20al%20via%20la%20campagna%20regionale%20itinerante\" title=\"Twitter\" target=\"_blank\" rel=\"noopener\"><\/a><a class=\"a2a_button_whatsapp\" href=\"https:\/\/www.addtoany.com\/add_to\/whatsapp?linkurl=https%3A%2F%2Fcassano.lavocedelpaese.info%2Findex.php%2F2023%2F06%2F20%2Fdonazione-midollo-osseo-al-via-la-campagna-regionale-itinerante%2F&amp;linkname=Donazione%20midollo%20osseo%3A%20al%20via%20la%20campagna%20regionale%20itinerante\" title=\"WhatsApp\" target=\"_blank\" rel=\"noopener\"><\/a><a class=\"a2a_button_telegram\" href=\"https:\/\/www.addtoany.com\/add_to\/telegram?linkurl=https%3A%2F%2Fcassano.lavocedelpaese.info%2Findex.php%2F2023%2F06%2F20%2Fdonazione-midollo-osseo-al-via-la-campagna-regionale-itinerante%2F&amp;linkname=Donazione%20midollo%20osseo%3A%20al%20via%20la%20campagna%20regionale%20itinerante\" title=\"Telegram\" target=\"_blank\" rel=\"noopener\"><\/a><a class=\"a2a_button_email\" href=\"https:\/\/www.addtoany.com\/add_to\/email?linkurl=https%3A%2F%2Fcassano.lavocedelpaese.info%2Findex.php%2F2023%2F06%2F20%2Fdonazione-midollo-osseo-al-via-la-campagna-regionale-itinerante%2F&amp;linkname=Donazione%20midollo%20osseo%3A%20al%20via%20la%20campagna%20regionale%20itinerante\" title=\"Email\" target=\"_blank\" rel=\"noopener\"><\/a><\/p>\n<p>\u00a0<\/p>","protected":false},"excerpt":{"rendered":"<p>\u00a0 \u200b\u00a0 \u200bCassano \u2013 La Voce del Paese\u00a0 Entra nel vivo la campagna regionale itinerante per reclutare potenziali donatori di<\/p>\n","protected":false},"author":0,"featured_media":0,"comment_status":"open","ping_status":"closed","sticky":false,"template":"","format":"standard","meta":{"colormag_page_container_layout":"default_layout","colormag_page_sidebar_layout":"default_layout","footnotes":""},"categories":[33],"tags":[],"class_list":["post-1673","post","type-post","status-publish","format-standard","hentry","category-network"],"yoast_head":"<!-- This site is optimized with the Yoast SEO plugin v27.5 - https:\/\/yoast.com\/product\/yoast-seo-wordpress\/ -->\n<title>Donazione midollo osseo: al via la campagna regionale itinerante - La Voce del Paese<\/title>\n<meta name=\"robots\" content=\"index, follow, max-snippet:-1, max-image-preview:large, max-video-preview:-1\" \/>\n<link rel=\"canonical\" href=\"https:\/\/lavocedelpaese.info\/index.php\/2023\/06\/20\/donazione-midollo-osseo-al-via-la-campagna-regionale-itinerante\/\" \/>\n<meta property=\"og:locale\" content=\"it_IT\" \/>\n<meta property=\"og:type\" content=\"article\" \/>\n<meta property=\"og:title\" content=\"Donazione midollo osseo: al via la campagna regionale itinerante - La Voce del Paese\" \/>\n<meta property=\"og:description\" content=\"\u00a0 \u200b\u00a0 \u200bCassano \u2013 La Voce del Paese\u00a0 Entra nel vivo la campagna regionale itinerante per reclutare potenziali donatori di\" \/>\n<meta property=\"og:url\" content=\"https:\/\/lavocedelpaese.info\/index.php\/2023\/06\/20\/donazione-midollo-osseo-al-via-la-campagna-regionale-itinerante\/\" \/>\n<meta property=\"og:site_name\" content=\"La Voce del Paese\" \/>\n<meta property=\"article:publisher\" content=\"https:\/\/www.facebook.com\/lavocedelpaese.info\" \/>\n<meta property=\"article:published_time\" content=\"2023-06-20T07:28:37+00:00\" \/>\n<meta name=\"twitter:card\" content=\"summary_large_image\" \/>\n<meta name=\"twitter:label1\" content=\"Tempo di lettura stimato\" \/>\n\t<meta name=\"twitter:data1\" content=\"6 minuti\" \/>\n<script type=\"application\/ld+json\" class=\"yoast-schema-graph\">{\"@context\":\"https:\\\/\\\/schema.org\",\"@graph\":[{\"@type\":\"Article\",\"@id\":\"https:\\\/\\\/lavocedelpaese.info\\\/index.php\\\/2023\\\/06\\\/20\\\/donazione-midollo-osseo-al-via-la-campagna-regionale-itinerante\\\/#article\",\"isPartOf\":{\"@id\":\"https:\\\/\\\/lavocedelpaese.info\\\/index.php\\\/2023\\\/06\\\/20\\\/donazione-midollo-osseo-al-via-la-campagna-regionale-itinerante\\\/\"},\"author\":{\"name\":\"\",\"@id\":\"\"},\"headline\":\"Donazione midollo osseo: al via la campagna regionale itinerante\",\"datePublished\":\"2023-06-20T07:28:37+00:00\",\"mainEntityOfPage\":{\"@id\":\"https:\\\/\\\/lavocedelpaese.info\\\/index.php\\\/2023\\\/06\\\/20\\\/donazione-midollo-osseo-al-via-la-campagna-regionale-itinerante\\\/\"},\"wordCount\":1110,\"commentCount\":0,\"publisher\":{\"@id\":\"https:\\\/\\\/lavocedelpaese.info\\\/#organization\"},\"articleSection\":[\"network\"],\"inLanguage\":\"it-IT\",\"potentialAction\":[{\"@type\":\"CommentAction\",\"name\":\"Comment\",\"target\":[\"https:\\\/\\\/lavocedelpaese.info\\\/index.php\\\/2023\\\/06\\\/20\\\/donazione-midollo-osseo-al-via-la-campagna-regionale-itinerante\\\/#respond\"]}]},{\"@type\":\"WebPage\",\"@id\":\"https:\\\/\\\/lavocedelpaese.info\\\/index.php\\\/2023\\\/06\\\/20\\\/donazione-midollo-osseo-al-via-la-campagna-regionale-itinerante\\\/\",\"url\":\"https:\\\/\\\/lavocedelpaese.info\\\/index.php\\\/2023\\\/06\\\/20\\\/donazione-midollo-osseo-al-via-la-campagna-regionale-itinerante\\\/\",\"name\":\"Donazione midollo osseo: al via la campagna regionale itinerante - La Voce del Paese\",\"isPartOf\":{\"@id\":\"https:\\\/\\\/lavocedelpaese.info\\\/#website\"},\"datePublished\":\"2023-06-20T07:28:37+00:00\",\"breadcrumb\":{\"@id\":\"https:\\\/\\\/lavocedelpaese.info\\\/index.php\\\/2023\\\/06\\\/20\\\/donazione-midollo-osseo-al-via-la-campagna-regionale-itinerante\\\/#breadcrumb\"},\"inLanguage\":\"it-IT\",\"potentialAction\":[{\"@type\":\"ReadAction\",\"target\":[\"https:\\\/\\\/lavocedelpaese.info\\\/index.php\\\/2023\\\/06\\\/20\\\/donazione-midollo-osseo-al-via-la-campagna-regionale-itinerante\\\/\"]}]},{\"@type\":\"BreadcrumbList\",\"@id\":\"https:\\\/\\\/lavocedelpaese.info\\\/index.php\\\/2023\\\/06\\\/20\\\/donazione-midollo-osseo-al-via-la-campagna-regionale-itinerante\\\/#breadcrumb\",\"itemListElement\":[{\"@type\":\"ListItem\",\"position\":1,\"name\":\"Home\",\"item\":\"https:\\\/\\\/lavocedelpaese.info\\\/\"},{\"@type\":\"ListItem\",\"position\":2,\"name\":\"Donazione midollo osseo: al via la campagna regionale itinerante\"}]},{\"@type\":\"WebSite\",\"@id\":\"https:\\\/\\\/lavocedelpaese.info\\\/#website\",\"url\":\"https:\\\/\\\/lavocedelpaese.info\\\/\",\"name\":\"La Voce del Paese\",\"description\":\"Un network di idee\",\"publisher\":{\"@id\":\"https:\\\/\\\/lavocedelpaese.info\\\/#organization\"},\"potentialAction\":[{\"@type\":\"SearchAction\",\"target\":{\"@type\":\"EntryPoint\",\"urlTemplate\":\"https:\\\/\\\/lavocedelpaese.info\\\/?s={search_term_string}\"},\"query-input\":{\"@type\":\"PropertyValueSpecification\",\"valueRequired\":true,\"valueName\":\"search_term_string\"}}],\"inLanguage\":\"it-IT\"},{\"@type\":\"Organization\",\"@id\":\"https:\\\/\\\/lavocedelpaese.info\\\/#organization\",\"name\":\"La Voce del Paese\",\"url\":\"https:\\\/\\\/lavocedelpaese.info\\\/\",\"logo\":{\"@type\":\"ImageObject\",\"inLanguage\":\"it-IT\",\"@id\":\"https:\\\/\\\/lavocedelpaese.info\\\/#\\\/schema\\\/logo\\\/image\\\/\",\"url\":\"https:\\\/\\\/lavocedelpaese.info\\\/wp-content\\\/uploads\\\/2023\\\/01\\\/cropped-logo-150-127.png\",\"contentUrl\":\"https:\\\/\\\/lavocedelpaese.info\\\/wp-content\\\/uploads\\\/2023\\\/01\\\/cropped-logo-150-127.png\",\"width\":137,\"height\":119,\"caption\":\"La Voce del Paese\"},\"image\":{\"@id\":\"https:\\\/\\\/lavocedelpaese.info\\\/#\\\/schema\\\/logo\\\/image\\\/\"},\"sameAs\":[\"https:\\\/\\\/www.facebook.com\\\/lavocedelpaese.info\"]}]}<\/script>\n<!-- \/ Yoast SEO plugin. -->","yoast_head_json":{"title":"Donazione midollo osseo: al via la campagna regionale itinerante - La Voce del Paese","robots":{"index":"index","follow":"follow","max-snippet":"max-snippet:-1","max-image-preview":"max-image-preview:large","max-video-preview":"max-video-preview:-1"},"canonical":"https:\/\/lavocedelpaese.info\/index.php\/2023\/06\/20\/donazione-midollo-osseo-al-via-la-campagna-regionale-itinerante\/","og_locale":"it_IT","og_type":"article","og_title":"Donazione midollo osseo: al via la campagna regionale itinerante - La Voce del Paese","og_description":"\u00a0 \u200b\u00a0 \u200bCassano \u2013 La Voce del Paese\u00a0 Entra nel vivo la campagna regionale itinerante per reclutare potenziali donatori di","og_url":"https:\/\/lavocedelpaese.info\/index.php\/2023\/06\/20\/donazione-midollo-osseo-al-via-la-campagna-regionale-itinerante\/","og_site_name":"La Voce del Paese","article_publisher":"https:\/\/www.facebook.com\/lavocedelpaese.info","article_published_time":"2023-06-20T07:28:37+00:00","twitter_card":"summary_large_image","twitter_misc":{"Tempo di lettura stimato":"6 minuti"},"schema":{"@context":"https:\/\/schema.org","@graph":[{"@type":"Article","@id":"https:\/\/lavocedelpaese.info\/index.php\/2023\/06\/20\/donazione-midollo-osseo-al-via-la-campagna-regionale-itinerante\/#article","isPartOf":{"@id":"https:\/\/lavocedelpaese.info\/index.php\/2023\/06\/20\/donazione-midollo-osseo-al-via-la-campagna-regionale-itinerante\/"},"author":{"name":"","@id":""},"headline":"Donazione midollo osseo: al via la campagna regionale itinerante","datePublished":"2023-06-20T07:28:37+00:00","mainEntityOfPage":{"@id":"https:\/\/lavocedelpaese.info\/index.php\/2023\/06\/20\/donazione-midollo-osseo-al-via-la-campagna-regionale-itinerante\/"},"wordCount":1110,"commentCount":0,"publisher":{"@id":"https:\/\/lavocedelpaese.info\/#organization"},"articleSection":["network"],"inLanguage":"it-IT","potentialAction":[{"@type":"CommentAction","name":"Comment","target":["https:\/\/lavocedelpaese.info\/index.php\/2023\/06\/20\/donazione-midollo-osseo-al-via-la-campagna-regionale-itinerante\/#respond"]}]},{"@type":"WebPage","@id":"https:\/\/lavocedelpaese.info\/index.php\/2023\/06\/20\/donazione-midollo-osseo-al-via-la-campagna-regionale-itinerante\/","url":"https:\/\/lavocedelpaese.info\/index.php\/2023\/06\/20\/donazione-midollo-osseo-al-via-la-campagna-regionale-itinerante\/","name":"Donazione midollo osseo: al via la campagna regionale itinerante - La Voce del Paese","isPartOf":{"@id":"https:\/\/lavocedelpaese.info\/#website"},"datePublished":"2023-06-20T07:28:37+00:00","breadcrumb":{"@id":"https:\/\/lavocedelpaese.info\/index.php\/2023\/06\/20\/donazione-midollo-osseo-al-via-la-campagna-regionale-itinerante\/#breadcrumb"},"inLanguage":"it-IT","potentialAction":[{"@type":"ReadAction","target":["https:\/\/lavocedelpaese.info\/index.php\/2023\/06\/20\/donazione-midollo-osseo-al-via-la-campagna-regionale-itinerante\/"]}]},{"@type":"BreadcrumbList","@id":"https:\/\/lavocedelpaese.info\/index.php\/2023\/06\/20\/donazione-midollo-osseo-al-via-la-campagna-regionale-itinerante\/#breadcrumb","itemListElement":[{"@type":"ListItem","position":1,"name":"Home","item":"https:\/\/lavocedelpaese.info\/"},{"@type":"ListItem","position":2,"name":"Donazione midollo osseo: al via la campagna regionale itinerante"}]},{"@type":"WebSite","@id":"https:\/\/lavocedelpaese.info\/#website","url":"https:\/\/lavocedelpaese.info\/","name":"La Voce del Paese","description":"Un network di idee","publisher":{"@id":"https:\/\/lavocedelpaese.info\/#organization"},"potentialAction":[{"@type":"SearchAction","target":{"@type":"EntryPoint","urlTemplate":"https:\/\/lavocedelpaese.info\/?s={search_term_string}"},"query-input":{"@type":"PropertyValueSpecification","valueRequired":true,"valueName":"search_term_string"}}],"inLanguage":"it-IT"},{"@type":"Organization","@id":"https:\/\/lavocedelpaese.info\/#organization","name":"La Voce del Paese","url":"https:\/\/lavocedelpaese.info\/","logo":{"@type":"ImageObject","inLanguage":"it-IT","@id":"https:\/\/lavocedelpaese.info\/#\/schema\/logo\/image\/","url":"https:\/\/lavocedelpaese.info\/wp-content\/uploads\/2023\/01\/cropped-logo-150-127.png","contentUrl":"https:\/\/lavocedelpaese.info\/wp-content\/uploads\/2023\/01\/cropped-logo-150-127.png","width":137,"height":119,"caption":"La Voce del Paese"},"image":{"@id":"https:\/\/lavocedelpaese.info\/#\/schema\/logo\/image\/"},"sameAs":["https:\/\/www.facebook.com\/lavocedelpaese.info"]}]}},"_links":{"self":[{"href":"https:\/\/lavocedelpaese.info\/index.php\/wp-json\/wp\/v2\/posts\/1673","targetHints":{"allow":["GET"]}}],"collection":[{"href":"https:\/\/lavocedelpaese.info\/index.php\/wp-json\/wp\/v2\/posts"}],"about":[{"href":"https:\/\/lavocedelpaese.info\/index.php\/wp-json\/wp\/v2\/types\/post"}],"replies":[{"embeddable":true,"href":"https:\/\/lavocedelpaese.info\/index.php\/wp-json\/wp\/v2\/comments?post=1673"}],"version-history":[{"count":0,"href":"https:\/\/lavocedelpaese.info\/index.php\/wp-json\/wp\/v2\/posts\/1673\/revisions"}],"wp:attachment":[{"href":"https:\/\/lavocedelpaese.info\/index.php\/wp-json\/wp\/v2\/media?parent=1673"}],"wp:term":[{"taxonomy":"category","embeddable":true,"href":"https:\/\/lavocedelpaese.info\/index.php\/wp-json\/wp\/v2\/categories?post=1673"},{"taxonomy":"post_tag","embeddable":true,"href":"https:\/\/lavocedelpaese.info\/index.php\/wp-json\/wp\/v2\/tags?post=1673"}],"curies":[{"name":"wp","href":"https:\/\/api.w.org\/{rel}","templated":true}]}}