{"id":1660,"date":"2023-06-16T17:14:12","date_gmt":"2023-06-16T17:14:12","guid":{"rendered":"https:\/\/lavocedelpaese.info\/index.php\/2023\/06\/16\/regata-brindisi-corfu-secondo-posto-per-il-cassanese-giuseppe-donghia\/"},"modified":"2023-06-16T17:14:12","modified_gmt":"2023-06-16T17:14:12","slug":"regata-brindisi-corfu-secondo-posto-per-il-cassanese-giuseppe-donghia","status":"publish","type":"post","link":"https:\/\/lavocedelpaese.info\/index.php\/2023\/06\/16\/regata-brindisi-corfu-secondo-posto-per-il-cassanese-giuseppe-donghia\/","title":{"rendered":"Regata Brindisi-Corf\u00f9: secondo posto per il cassanese Giuseppe D\u2019Onghia"},"content":{"rendered":"<p>\u00a0<\/p>\n<p>\u200b\u00a0<\/p>\n<p>\u200bCassano \u2013 La Voce del Paese\u00a0<\/p>\n<p>Anche il cassanese <strong>Giuseppe D\u2019Onghia<\/strong> (C.V. Bari) domenica 11 giugno ha partecipato alla 37esima regata internazionale Brindisi \u2013 Corf\u00f9 che ha visto la partecipazione di circa 90 imbarcazioni. La Brindisi \u2013 Corf\u00f9 \u00e8  una tra le pi\u00f9 prestigiose competizioni sportive del Mediterraneo e la pi\u00f9 importante dell\u2019Adriatico sia per difficolt\u00e0 tecniche che per numero di partecipanti.<br \/>Giuseppe D\u2019Onghia ha fatto parte del team di Idrusa guidato da Paolo Montefusco, team che si \u00e8 classificato al 2\u00b0 posto percorrendo le 104 miglia e tagliando il traguardo alle 21.55.48.<br \/>\u201cQuesta edizione della Brindisi \u2013 Corf\u00f9 \u00e8 stata molta competitiva dall\u2019inizio fino alla fine \u2013 spiega D\u2019Onghia a questo giornale- con vento moderato che \u00e8 calato a poche miglia da Corf\u00f9, dove la preparazione e professionalit\u00e0 dell\u2019equipaggio diventa essenziale per affrontare e superare le zone con sacche di vento\u201d.<br \/>Il team di Idrusa era composto da: skipper Paolo Montefusco, scotte Francesco Lanera, navigatore Alessandro Loizzi, volanti Fredy Montinari, Oronzo Prato, grinder Giuseppe D\u2019Onghia, Andrea Bont\u00e0, Nicola Miccolis, Roberto Chiesa, Gianluca Fischietto e Giuseppe Iovele, tailer Corrado Capece Minuto, Giorgio Silvestri e Leonardo Dinelli, randa Massimo Ruggiero e Roberto Moroni, prua Lorenzo Cantarani, Roberto Santomanco e Andrea Roma.<\/p>\n<p><a class=\"a2a_button_facebook\" href=\"https:\/\/www.addtoany.com\/add_to\/facebook?linkurl=https%3A%2F%2Fcassano.lavocedelpaese.info%2Findex.php%2F2023%2F06%2F16%2Fregata-brindisi-corfu-secondo-posto-per-il-cassanese-giuseppe-donghia%2F&amp;linkname=Regata%20Brindisi-Corf%C3%B9%3A%20secondo%20posto%20per%20il%20cassanese%20Giuseppe%20D%E2%80%99Onghia\" title=\"Facebook\" target=\"_blank\" rel=\"noopener\"><\/a><a class=\"a2a_button_twitter\" href=\"https:\/\/www.addtoany.com\/add_to\/twitter?linkurl=https%3A%2F%2Fcassano.lavocedelpaese.info%2Findex.php%2F2023%2F06%2F16%2Fregata-brindisi-corfu-secondo-posto-per-il-cassanese-giuseppe-donghia%2F&amp;linkname=Regata%20Brindisi-Corf%C3%B9%3A%20secondo%20posto%20per%20il%20cassanese%20Giuseppe%20D%E2%80%99Onghia\" title=\"Twitter\" target=\"_blank\" rel=\"noopener\"><\/a><a class=\"a2a_button_whatsapp\" href=\"https:\/\/www.addtoany.com\/add_to\/whatsapp?linkurl=https%3A%2F%2Fcassano.lavocedelpaese.info%2Findex.php%2F2023%2F06%2F16%2Fregata-brindisi-corfu-secondo-posto-per-il-cassanese-giuseppe-donghia%2F&amp;linkname=Regata%20Brindisi-Corf%C3%B9%3A%20secondo%20posto%20per%20il%20cassanese%20Giuseppe%20D%E2%80%99Onghia\" title=\"WhatsApp\" target=\"_blank\" rel=\"noopener\"><\/a><a class=\"a2a_button_telegram\" href=\"https:\/\/www.addtoany.com\/add_to\/telegram?linkurl=https%3A%2F%2Fcassano.lavocedelpaese.info%2Findex.php%2F2023%2F06%2F16%2Fregata-brindisi-corfu-secondo-posto-per-il-cassanese-giuseppe-donghia%2F&amp;linkname=Regata%20Brindisi-Corf%C3%B9%3A%20secondo%20posto%20per%20il%20cassanese%20Giuseppe%20D%E2%80%99Onghia\" title=\"Telegram\" target=\"_blank\" rel=\"noopener\"><\/a><a class=\"a2a_button_email\" href=\"https:\/\/www.addtoany.com\/add_to\/email?linkurl=https%3A%2F%2Fcassano.lavocedelpaese.info%2Findex.php%2F2023%2F06%2F16%2Fregata-brindisi-corfu-secondo-posto-per-il-cassanese-giuseppe-donghia%2F&amp;linkname=Regata%20Brindisi-Corf%C3%B9%3A%20secondo%20posto%20per%20il%20cassanese%20Giuseppe%20D%E2%80%99Onghia\" title=\"Email\" target=\"_blank\" rel=\"noopener\"><\/a><\/p>\n<p>\u00a0<\/p>","protected":false},"excerpt":{"rendered":"<p>\u00a0 \u200b\u00a0 \u200bCassano \u2013 La Voce del Paese\u00a0 Anche il cassanese Giuseppe D\u2019Onghia (C.V. Bari) domenica 11 giugno ha partecipato<\/p>\n","protected":false},"author":0,"featured_media":0,"comment_status":"open","ping_status":"closed","sticky":false,"template":"","format":"standard","meta":{"colormag_page_container_layout":"default_layout","colormag_page_sidebar_layout":"default_layout","footnotes":""},"categories":[33],"tags":[],"class_list":["post-1660","post","type-post","status-publish","format-standard","hentry","category-network"],"yoast_head":"<!-- This site is optimized with the Yoast SEO plugin v27.5 - https:\/\/yoast.com\/product\/yoast-seo-wordpress\/ -->\n<title>Regata Brindisi-Corf\u00f9: secondo posto per il cassanese Giuseppe D\u2019Onghia - La Voce del Paese<\/title>\n<meta name=\"robots\" content=\"index, follow, max-snippet:-1, max-image-preview:large, max-video-preview:-1\" \/>\n<link rel=\"canonical\" href=\"https:\/\/lavocedelpaese.info\/index.php\/2023\/06\/16\/regata-brindisi-corfu-secondo-posto-per-il-cassanese-giuseppe-donghia\/\" \/>\n<meta property=\"og:locale\" content=\"it_IT\" \/>\n<meta property=\"og:type\" content=\"article\" \/>\n<meta property=\"og:title\" content=\"Regata Brindisi-Corf\u00f9: secondo posto per il cassanese Giuseppe D\u2019Onghia - La Voce del Paese\" \/>\n<meta property=\"og:description\" content=\"\u00a0 \u200b\u00a0 \u200bCassano \u2013 La Voce del Paese\u00a0 Anche il cassanese Giuseppe D\u2019Onghia (C.V. Bari) domenica 11 giugno ha partecipato\" \/>\n<meta property=\"og:url\" content=\"https:\/\/lavocedelpaese.info\/index.php\/2023\/06\/16\/regata-brindisi-corfu-secondo-posto-per-il-cassanese-giuseppe-donghia\/\" \/>\n<meta property=\"og:site_name\" content=\"La Voce del Paese\" \/>\n<meta property=\"article:publisher\" content=\"https:\/\/www.facebook.com\/lavocedelpaese.info\" \/>\n<meta property=\"article:published_time\" content=\"2023-06-16T17:14:12+00:00\" \/>\n<meta name=\"twitter:card\" content=\"summary_large_image\" \/>\n<meta name=\"twitter:label1\" content=\"Tempo di lettura stimato\" \/>\n\t<meta name=\"twitter:data1\" content=\"1 minuto\" \/>\n<script type=\"application\/ld+json\" class=\"yoast-schema-graph\">{\"@context\":\"https:\\\/\\\/schema.org\",\"@graph\":[{\"@type\":\"Article\",\"@id\":\"https:\\\/\\\/lavocedelpaese.info\\\/index.php\\\/2023\\\/06\\\/16\\\/regata-brindisi-corfu-secondo-posto-per-il-cassanese-giuseppe-donghia\\\/#article\",\"isPartOf\":{\"@id\":\"https:\\\/\\\/lavocedelpaese.info\\\/index.php\\\/2023\\\/06\\\/16\\\/regata-brindisi-corfu-secondo-posto-per-il-cassanese-giuseppe-donghia\\\/\"},\"author\":{\"name\":\"\",\"@id\":\"\"},\"headline\":\"Regata Brindisi-Corf\u00f9: secondo posto per il cassanese Giuseppe D\u2019Onghia\",\"datePublished\":\"2023-06-16T17:14:12+00:00\",\"mainEntityOfPage\":{\"@id\":\"https:\\\/\\\/lavocedelpaese.info\\\/index.php\\\/2023\\\/06\\\/16\\\/regata-brindisi-corfu-secondo-posto-per-il-cassanese-giuseppe-donghia\\\/\"},\"wordCount\":204,\"commentCount\":0,\"publisher\":{\"@id\":\"https:\\\/\\\/lavocedelpaese.info\\\/#organization\"},\"articleSection\":[\"network\"],\"inLanguage\":\"it-IT\",\"potentialAction\":[{\"@type\":\"CommentAction\",\"name\":\"Comment\",\"target\":[\"https:\\\/\\\/lavocedelpaese.info\\\/index.php\\\/2023\\\/06\\\/16\\\/regata-brindisi-corfu-secondo-posto-per-il-cassanese-giuseppe-donghia\\\/#respond\"]}]},{\"@type\":\"WebPage\",\"@id\":\"https:\\\/\\\/lavocedelpaese.info\\\/index.php\\\/2023\\\/06\\\/16\\\/regata-brindisi-corfu-secondo-posto-per-il-cassanese-giuseppe-donghia\\\/\",\"url\":\"https:\\\/\\\/lavocedelpaese.info\\\/index.php\\\/2023\\\/06\\\/16\\\/regata-brindisi-corfu-secondo-posto-per-il-cassanese-giuseppe-donghia\\\/\",\"name\":\"Regata Brindisi-Corf\u00f9: secondo posto per il cassanese Giuseppe D\u2019Onghia - La Voce del Paese\",\"isPartOf\":{\"@id\":\"https:\\\/\\\/lavocedelpaese.info\\\/#website\"},\"datePublished\":\"2023-06-16T17:14:12+00:00\",\"breadcrumb\":{\"@id\":\"https:\\\/\\\/lavocedelpaese.info\\\/index.php\\\/2023\\\/06\\\/16\\\/regata-brindisi-corfu-secondo-posto-per-il-cassanese-giuseppe-donghia\\\/#breadcrumb\"},\"inLanguage\":\"it-IT\",\"potentialAction\":[{\"@type\":\"ReadAction\",\"target\":[\"https:\\\/\\\/lavocedelpaese.info\\\/index.php\\\/2023\\\/06\\\/16\\\/regata-brindisi-corfu-secondo-posto-per-il-cassanese-giuseppe-donghia\\\/\"]}]},{\"@type\":\"BreadcrumbList\",\"@id\":\"https:\\\/\\\/lavocedelpaese.info\\\/index.php\\\/2023\\\/06\\\/16\\\/regata-brindisi-corfu-secondo-posto-per-il-cassanese-giuseppe-donghia\\\/#breadcrumb\",\"itemListElement\":[{\"@type\":\"ListItem\",\"position\":1,\"name\":\"Home\",\"item\":\"https:\\\/\\\/lavocedelpaese.info\\\/\"},{\"@type\":\"ListItem\",\"position\":2,\"name\":\"Regata Brindisi-Corf\u00f9: secondo posto per il cassanese Giuseppe D\u2019Onghia\"}]},{\"@type\":\"WebSite\",\"@id\":\"https:\\\/\\\/lavocedelpaese.info\\\/#website\",\"url\":\"https:\\\/\\\/lavocedelpaese.info\\\/\",\"name\":\"La Voce del Paese\",\"description\":\"Un network di idee\",\"publisher\":{\"@id\":\"https:\\\/\\\/lavocedelpaese.info\\\/#organization\"},\"potentialAction\":[{\"@type\":\"SearchAction\",\"target\":{\"@type\":\"EntryPoint\",\"urlTemplate\":\"https:\\\/\\\/lavocedelpaese.info\\\/?s={search_term_string}\"},\"query-input\":{\"@type\":\"PropertyValueSpecification\",\"valueRequired\":true,\"valueName\":\"search_term_string\"}}],\"inLanguage\":\"it-IT\"},{\"@type\":\"Organization\",\"@id\":\"https:\\\/\\\/lavocedelpaese.info\\\/#organization\",\"name\":\"La Voce del Paese\",\"url\":\"https:\\\/\\\/lavocedelpaese.info\\\/\",\"logo\":{\"@type\":\"ImageObject\",\"inLanguage\":\"it-IT\",\"@id\":\"https:\\\/\\\/lavocedelpaese.info\\\/#\\\/schema\\\/logo\\\/image\\\/\",\"url\":\"https:\\\/\\\/lavocedelpaese.info\\\/wp-content\\\/uploads\\\/2023\\\/01\\\/cropped-logo-150-127.png\",\"contentUrl\":\"https:\\\/\\\/lavocedelpaese.info\\\/wp-content\\\/uploads\\\/2023\\\/01\\\/cropped-logo-150-127.png\",\"width\":137,\"height\":119,\"caption\":\"La Voce del Paese\"},\"image\":{\"@id\":\"https:\\\/\\\/lavocedelpaese.info\\\/#\\\/schema\\\/logo\\\/image\\\/\"},\"sameAs\":[\"https:\\\/\\\/www.facebook.com\\\/lavocedelpaese.info\"]}]}<\/script>\n<!-- \/ Yoast SEO plugin. -->","yoast_head_json":{"title":"Regata Brindisi-Corf\u00f9: secondo posto per il cassanese Giuseppe D\u2019Onghia - La Voce del Paese","robots":{"index":"index","follow":"follow","max-snippet":"max-snippet:-1","max-image-preview":"max-image-preview:large","max-video-preview":"max-video-preview:-1"},"canonical":"https:\/\/lavocedelpaese.info\/index.php\/2023\/06\/16\/regata-brindisi-corfu-secondo-posto-per-il-cassanese-giuseppe-donghia\/","og_locale":"it_IT","og_type":"article","og_title":"Regata Brindisi-Corf\u00f9: secondo posto per il cassanese Giuseppe D\u2019Onghia - La Voce del Paese","og_description":"\u00a0 \u200b\u00a0 \u200bCassano \u2013 La Voce del Paese\u00a0 Anche il cassanese Giuseppe D\u2019Onghia (C.V. Bari) domenica 11 giugno ha partecipato","og_url":"https:\/\/lavocedelpaese.info\/index.php\/2023\/06\/16\/regata-brindisi-corfu-secondo-posto-per-il-cassanese-giuseppe-donghia\/","og_site_name":"La Voce del Paese","article_publisher":"https:\/\/www.facebook.com\/lavocedelpaese.info","article_published_time":"2023-06-16T17:14:12+00:00","twitter_card":"summary_large_image","twitter_misc":{"Tempo di lettura stimato":"1 minuto"},"schema":{"@context":"https:\/\/schema.org","@graph":[{"@type":"Article","@id":"https:\/\/lavocedelpaese.info\/index.php\/2023\/06\/16\/regata-brindisi-corfu-secondo-posto-per-il-cassanese-giuseppe-donghia\/#article","isPartOf":{"@id":"https:\/\/lavocedelpaese.info\/index.php\/2023\/06\/16\/regata-brindisi-corfu-secondo-posto-per-il-cassanese-giuseppe-donghia\/"},"author":{"name":"","@id":""},"headline":"Regata Brindisi-Corf\u00f9: secondo posto per il cassanese Giuseppe D\u2019Onghia","datePublished":"2023-06-16T17:14:12+00:00","mainEntityOfPage":{"@id":"https:\/\/lavocedelpaese.info\/index.php\/2023\/06\/16\/regata-brindisi-corfu-secondo-posto-per-il-cassanese-giuseppe-donghia\/"},"wordCount":204,"commentCount":0,"publisher":{"@id":"https:\/\/lavocedelpaese.info\/#organization"},"articleSection":["network"],"inLanguage":"it-IT","potentialAction":[{"@type":"CommentAction","name":"Comment","target":["https:\/\/lavocedelpaese.info\/index.php\/2023\/06\/16\/regata-brindisi-corfu-secondo-posto-per-il-cassanese-giuseppe-donghia\/#respond"]}]},{"@type":"WebPage","@id":"https:\/\/lavocedelpaese.info\/index.php\/2023\/06\/16\/regata-brindisi-corfu-secondo-posto-per-il-cassanese-giuseppe-donghia\/","url":"https:\/\/lavocedelpaese.info\/index.php\/2023\/06\/16\/regata-brindisi-corfu-secondo-posto-per-il-cassanese-giuseppe-donghia\/","name":"Regata Brindisi-Corf\u00f9: secondo posto per il cassanese Giuseppe D\u2019Onghia - La Voce del Paese","isPartOf":{"@id":"https:\/\/lavocedelpaese.info\/#website"},"datePublished":"2023-06-16T17:14:12+00:00","breadcrumb":{"@id":"https:\/\/lavocedelpaese.info\/index.php\/2023\/06\/16\/regata-brindisi-corfu-secondo-posto-per-il-cassanese-giuseppe-donghia\/#breadcrumb"},"inLanguage":"it-IT","potentialAction":[{"@type":"ReadAction","target":["https:\/\/lavocedelpaese.info\/index.php\/2023\/06\/16\/regata-brindisi-corfu-secondo-posto-per-il-cassanese-giuseppe-donghia\/"]}]},{"@type":"BreadcrumbList","@id":"https:\/\/lavocedelpaese.info\/index.php\/2023\/06\/16\/regata-brindisi-corfu-secondo-posto-per-il-cassanese-giuseppe-donghia\/#breadcrumb","itemListElement":[{"@type":"ListItem","position":1,"name":"Home","item":"https:\/\/lavocedelpaese.info\/"},{"@type":"ListItem","position":2,"name":"Regata Brindisi-Corf\u00f9: secondo posto per il cassanese Giuseppe D\u2019Onghia"}]},{"@type":"WebSite","@id":"https:\/\/lavocedelpaese.info\/#website","url":"https:\/\/lavocedelpaese.info\/","name":"La Voce del Paese","description":"Un network di idee","publisher":{"@id":"https:\/\/lavocedelpaese.info\/#organization"},"potentialAction":[{"@type":"SearchAction","target":{"@type":"EntryPoint","urlTemplate":"https:\/\/lavocedelpaese.info\/?s={search_term_string}"},"query-input":{"@type":"PropertyValueSpecification","valueRequired":true,"valueName":"search_term_string"}}],"inLanguage":"it-IT"},{"@type":"Organization","@id":"https:\/\/lavocedelpaese.info\/#organization","name":"La Voce del Paese","url":"https:\/\/lavocedelpaese.info\/","logo":{"@type":"ImageObject","inLanguage":"it-IT","@id":"https:\/\/lavocedelpaese.info\/#\/schema\/logo\/image\/","url":"https:\/\/lavocedelpaese.info\/wp-content\/uploads\/2023\/01\/cropped-logo-150-127.png","contentUrl":"https:\/\/lavocedelpaese.info\/wp-content\/uploads\/2023\/01\/cropped-logo-150-127.png","width":137,"height":119,"caption":"La Voce del Paese"},"image":{"@id":"https:\/\/lavocedelpaese.info\/#\/schema\/logo\/image\/"},"sameAs":["https:\/\/www.facebook.com\/lavocedelpaese.info"]}]}},"_links":{"self":[{"href":"https:\/\/lavocedelpaese.info\/index.php\/wp-json\/wp\/v2\/posts\/1660","targetHints":{"allow":["GET"]}}],"collection":[{"href":"https:\/\/lavocedelpaese.info\/index.php\/wp-json\/wp\/v2\/posts"}],"about":[{"href":"https:\/\/lavocedelpaese.info\/index.php\/wp-json\/wp\/v2\/types\/post"}],"replies":[{"embeddable":true,"href":"https:\/\/lavocedelpaese.info\/index.php\/wp-json\/wp\/v2\/comments?post=1660"}],"version-history":[{"count":0,"href":"https:\/\/lavocedelpaese.info\/index.php\/wp-json\/wp\/v2\/posts\/1660\/revisions"}],"wp:attachment":[{"href":"https:\/\/lavocedelpaese.info\/index.php\/wp-json\/wp\/v2\/media?parent=1660"}],"wp:term":[{"taxonomy":"category","embeddable":true,"href":"https:\/\/lavocedelpaese.info\/index.php\/wp-json\/wp\/v2\/categories?post=1660"},{"taxonomy":"post_tag","embeddable":true,"href":"https:\/\/lavocedelpaese.info\/index.php\/wp-json\/wp\/v2\/tags?post=1660"}],"curies":[{"name":"wp","href":"https:\/\/api.w.org\/{rel}","templated":true}]}}