{"id":1648,"date":"2023-06-10T16:30:44","date_gmt":"2023-06-10T16:30:44","guid":{"rendered":"https:\/\/lavocedelpaese.info\/index.php\/2023\/06\/10\/la-strada-e-chiusa-ma-non-e-mai-stata-cosi-aperta\/"},"modified":"2023-06-10T16:30:44","modified_gmt":"2023-06-10T16:30:44","slug":"la-strada-e-chiusa-ma-non-e-mai-stata-cosi-aperta","status":"publish","type":"post","link":"https:\/\/lavocedelpaese.info\/index.php\/2023\/06\/10\/la-strada-e-chiusa-ma-non-e-mai-stata-cosi-aperta\/","title":{"rendered":"La Strada \u00e8 chiusa.. ma non \u00e8 mai stata cos\u00ec aperta"},"content":{"rendered":"<p>\u00a0<\/p>\n<p>\u200b\u00a0<\/p>\n<p>\u200bAcquaviva \u2013 La Voce del Paese\u00a0<\/p>\n<p><em>di Francesco Lenoci<\/em><\/p>\n<p>Strada Chiusa X. 9 Giugno 2023. E la data non \u00e8 casuale. La data del compleanno di uno dei primi sognatori, ideatori e organizzatori dell\u2019associazione \u201cL\u2019Onda\u201d e dell\u2019evento \u201cStrada Chiusa\u201d: Roberto, per tutti <em>Surcett<\/em>.<\/p>\n<p>Gli eventi sono iniziati sin dal primo pomeriggio con attivit\u00e0 sportive, basket e skate, stand tematici di realt\u00e0 commerciali locali, murales, painting e street food per tutti i gusti. Mentre giovani rapper emergenti, provenienti da diverse citt\u00e0 del Sud Italia, si sfidavano a colpi di rima in un rap battle contest, Via Monteschiavo iniziava sempre pi\u00f9 a popolarsi e riempirsi di gente di tutte le et\u00e0.<\/p>\n<p>Non sono mancati confronti su temi di attualit\u00e0, quali ambiente, politiche giovanili, incentivi a tutte le arti e sensibilizzazione verso la lotta contro il cancro. Lodevole l\u2019iniziativa dell\u2019Associazione di aver lanciato una campagna di raccolta fondi per sostenere la ricerca sul cancro (AIRC). Qui un breve pensiero degli organizzatori a tal proposito:<\/p>\n<p>\u201cPerdere un Amico a causa di questa terribile malattia ha aperto in noi una profonda ferita e, una volta provato quel dolore sulla nostra pelle, non possiamo pensare di rimanere inermi in questa battaglia. E voi? Se anche voi credete nella ricerca, se avete a cuore il nostro territorio e le generazioni future, se vi piacciono le sfide, se amate come noi la strada, potete contribuire assieme a tutti noi a realizzare questo grande progetto, perch\u00e9 Strada Chiusa \u00e8 un palcoscenico e siete voi, noi, a riempirlo.\u201d<\/p>\n<p>In serata, sul palco principale si sono esibiti, fino a notte tarda, artisti di caratura internazionale quali Kaos &amp; DJ Craim, La Famiglia e Smif N Wessun, che hanno infiammato il pubblico e confermato come l\u2019evento Strada Chiusa sia ormai una rassegna rodata e di alto livello.<\/p>\n<p>L\u2019emozione e l\u2019orgoglio di aver creato tutto questo e di averlo potuto condividere con migliaia di giovani, grandi e curiosi, che si sono riversati dal primo pomeriggio in Via Monteschiavo, era visibile sul volto di tutto lo staff de L\u2019Onda..<\/p>\n<p>.. con un grande amico e supervisore che guardava tutti dall\u2019alto e che di sicuro avr\u00e0 apprezzato e si sar\u00e0 scatenato con tutti loro.<\/p>\n<p>Lasciamo qui il link per partecipare alla campagna di raccolta fondi per sostenere la ricerca sul cancro:<a href=\"https:\/\/www.produzionidalbasso.com\/project\/strada-chiusa-x\/?fbclid=IwAR03CfTW6wcN9aTzz05JmiuLr7N7PbCBJX6l68vQUiBCGYdFDKrSKTuK2Z4\">https:\/\/www.produzionidalbasso.com\/project\/strada-chiusa-x\/<\/a><\/p>\n<p>La Strada \u00e8 stata chiusa.. ma non \u00e8 mai stata cos\u00ec aperta!<\/p>\n<p class=\"has-text-align-right\"><em><strong>Francesco Lenoci<\/strong><\/em><\/p>\n<p><a class=\"a2a_button_facebook\" href=\"https:\/\/www.addtoany.com\/add_to\/facebook?linkurl=https%3A%2F%2Facquaviva.lavocedelpaese.info%2Findex.php%2F2023%2F06%2F10%2Fla-strada-e-chiusa-ma-non-e-mai-stata-cosi-aperta%2F&amp;linkname=La%20Strada%20%C3%A8%20chiusa..%20ma%20non%20%C3%A8%20mai%20stata%20cos%C3%AC%20aperta\" title=\"Facebook\" target=\"_blank\" rel=\"noopener\"><\/a><a class=\"a2a_button_twitter\" href=\"https:\/\/www.addtoany.com\/add_to\/twitter?linkurl=https%3A%2F%2Facquaviva.lavocedelpaese.info%2Findex.php%2F2023%2F06%2F10%2Fla-strada-e-chiusa-ma-non-e-mai-stata-cosi-aperta%2F&amp;linkname=La%20Strada%20%C3%A8%20chiusa..%20ma%20non%20%C3%A8%20mai%20stata%20cos%C3%AC%20aperta\" title=\"Twitter\" target=\"_blank\" rel=\"noopener\"><\/a><a class=\"a2a_button_whatsapp\" href=\"https:\/\/www.addtoany.com\/add_to\/whatsapp?linkurl=https%3A%2F%2Facquaviva.lavocedelpaese.info%2Findex.php%2F2023%2F06%2F10%2Fla-strada-e-chiusa-ma-non-e-mai-stata-cosi-aperta%2F&amp;linkname=La%20Strada%20%C3%A8%20chiusa..%20ma%20non%20%C3%A8%20mai%20stata%20cos%C3%AC%20aperta\" title=\"WhatsApp\" target=\"_blank\" rel=\"noopener\"><\/a><a class=\"a2a_button_telegram\" href=\"https:\/\/www.addtoany.com\/add_to\/telegram?linkurl=https%3A%2F%2Facquaviva.lavocedelpaese.info%2Findex.php%2F2023%2F06%2F10%2Fla-strada-e-chiusa-ma-non-e-mai-stata-cosi-aperta%2F&amp;linkname=La%20Strada%20%C3%A8%20chiusa..%20ma%20non%20%C3%A8%20mai%20stata%20cos%C3%AC%20aperta\" title=\"Telegram\" target=\"_blank\" rel=\"noopener\"><\/a><a class=\"a2a_button_email\" href=\"https:\/\/www.addtoany.com\/add_to\/email?linkurl=https%3A%2F%2Facquaviva.lavocedelpaese.info%2Findex.php%2F2023%2F06%2F10%2Fla-strada-e-chiusa-ma-non-e-mai-stata-cosi-aperta%2F&amp;linkname=La%20Strada%20%C3%A8%20chiusa..%20ma%20non%20%C3%A8%20mai%20stata%20cos%C3%AC%20aperta\" title=\"Email\" target=\"_blank\" rel=\"noopener\"><\/a><\/p>\n<p>\u00a0<\/p>","protected":false},"excerpt":{"rendered":"<p>\u00a0 \u200b\u00a0 \u200bAcquaviva \u2013 La Voce del Paese\u00a0 di Francesco Lenoci Strada Chiusa X. 9 Giugno 2023. E la data<\/p>\n","protected":false},"author":0,"featured_media":0,"comment_status":"open","ping_status":"closed","sticky":false,"template":"","format":"standard","meta":{"colormag_page_container_layout":"default_layout","colormag_page_sidebar_layout":"default_layout","footnotes":""},"categories":[33],"tags":[],"class_list":["post-1648","post","type-post","status-publish","format-standard","hentry","category-network"],"yoast_head":"<!-- This site is optimized with the Yoast SEO plugin v27.5 - https:\/\/yoast.com\/product\/yoast-seo-wordpress\/ -->\n<title>La Strada \u00e8 chiusa.. ma non \u00e8 mai stata cos\u00ec aperta - La Voce del Paese<\/title>\n<meta name=\"robots\" content=\"index, follow, max-snippet:-1, max-image-preview:large, max-video-preview:-1\" \/>\n<link rel=\"canonical\" href=\"https:\/\/lavocedelpaese.info\/index.php\/2023\/06\/10\/la-strada-e-chiusa-ma-non-e-mai-stata-cosi-aperta\/\" \/>\n<meta property=\"og:locale\" content=\"it_IT\" \/>\n<meta property=\"og:type\" content=\"article\" \/>\n<meta property=\"og:title\" content=\"La Strada \u00e8 chiusa.. ma non \u00e8 mai stata cos\u00ec aperta - La Voce del Paese\" \/>\n<meta property=\"og:description\" content=\"\u00a0 \u200b\u00a0 \u200bAcquaviva \u2013 La Voce del Paese\u00a0 di Francesco Lenoci Strada Chiusa X. 9 Giugno 2023. E la data\" \/>\n<meta property=\"og:url\" content=\"https:\/\/lavocedelpaese.info\/index.php\/2023\/06\/10\/la-strada-e-chiusa-ma-non-e-mai-stata-cosi-aperta\/\" \/>\n<meta property=\"og:site_name\" content=\"La Voce del Paese\" \/>\n<meta property=\"article:publisher\" content=\"https:\/\/www.facebook.com\/lavocedelpaese.info\" \/>\n<meta property=\"article:published_time\" content=\"2023-06-10T16:30:44+00:00\" \/>\n<meta name=\"twitter:card\" content=\"summary_large_image\" \/>\n<meta name=\"twitter:label1\" content=\"Tempo di lettura stimato\" \/>\n\t<meta name=\"twitter:data1\" content=\"2 minuti\" \/>\n<script type=\"application\/ld+json\" class=\"yoast-schema-graph\">{\"@context\":\"https:\\\/\\\/schema.org\",\"@graph\":[{\"@type\":\"Article\",\"@id\":\"https:\\\/\\\/lavocedelpaese.info\\\/index.php\\\/2023\\\/06\\\/10\\\/la-strada-e-chiusa-ma-non-e-mai-stata-cosi-aperta\\\/#article\",\"isPartOf\":{\"@id\":\"https:\\\/\\\/lavocedelpaese.info\\\/index.php\\\/2023\\\/06\\\/10\\\/la-strada-e-chiusa-ma-non-e-mai-stata-cosi-aperta\\\/\"},\"author\":{\"name\":\"\",\"@id\":\"\"},\"headline\":\"La Strada \u00e8 chiusa.. ma non \u00e8 mai stata cos\u00ec aperta\",\"datePublished\":\"2023-06-10T16:30:44+00:00\",\"mainEntityOfPage\":{\"@id\":\"https:\\\/\\\/lavocedelpaese.info\\\/index.php\\\/2023\\\/06\\\/10\\\/la-strada-e-chiusa-ma-non-e-mai-stata-cosi-aperta\\\/\"},\"wordCount\":407,\"commentCount\":0,\"publisher\":{\"@id\":\"https:\\\/\\\/lavocedelpaese.info\\\/#organization\"},\"articleSection\":[\"network\"],\"inLanguage\":\"it-IT\",\"potentialAction\":[{\"@type\":\"CommentAction\",\"name\":\"Comment\",\"target\":[\"https:\\\/\\\/lavocedelpaese.info\\\/index.php\\\/2023\\\/06\\\/10\\\/la-strada-e-chiusa-ma-non-e-mai-stata-cosi-aperta\\\/#respond\"]}]},{\"@type\":\"WebPage\",\"@id\":\"https:\\\/\\\/lavocedelpaese.info\\\/index.php\\\/2023\\\/06\\\/10\\\/la-strada-e-chiusa-ma-non-e-mai-stata-cosi-aperta\\\/\",\"url\":\"https:\\\/\\\/lavocedelpaese.info\\\/index.php\\\/2023\\\/06\\\/10\\\/la-strada-e-chiusa-ma-non-e-mai-stata-cosi-aperta\\\/\",\"name\":\"La Strada \u00e8 chiusa.. ma non \u00e8 mai stata cos\u00ec aperta - La Voce del Paese\",\"isPartOf\":{\"@id\":\"https:\\\/\\\/lavocedelpaese.info\\\/#website\"},\"datePublished\":\"2023-06-10T16:30:44+00:00\",\"breadcrumb\":{\"@id\":\"https:\\\/\\\/lavocedelpaese.info\\\/index.php\\\/2023\\\/06\\\/10\\\/la-strada-e-chiusa-ma-non-e-mai-stata-cosi-aperta\\\/#breadcrumb\"},\"inLanguage\":\"it-IT\",\"potentialAction\":[{\"@type\":\"ReadAction\",\"target\":[\"https:\\\/\\\/lavocedelpaese.info\\\/index.php\\\/2023\\\/06\\\/10\\\/la-strada-e-chiusa-ma-non-e-mai-stata-cosi-aperta\\\/\"]}]},{\"@type\":\"BreadcrumbList\",\"@id\":\"https:\\\/\\\/lavocedelpaese.info\\\/index.php\\\/2023\\\/06\\\/10\\\/la-strada-e-chiusa-ma-non-e-mai-stata-cosi-aperta\\\/#breadcrumb\",\"itemListElement\":[{\"@type\":\"ListItem\",\"position\":1,\"name\":\"Home\",\"item\":\"https:\\\/\\\/lavocedelpaese.info\\\/\"},{\"@type\":\"ListItem\",\"position\":2,\"name\":\"La Strada \u00e8 chiusa.. ma non \u00e8 mai stata cos\u00ec aperta\"}]},{\"@type\":\"WebSite\",\"@id\":\"https:\\\/\\\/lavocedelpaese.info\\\/#website\",\"url\":\"https:\\\/\\\/lavocedelpaese.info\\\/\",\"name\":\"La Voce del Paese\",\"description\":\"Un network di idee\",\"publisher\":{\"@id\":\"https:\\\/\\\/lavocedelpaese.info\\\/#organization\"},\"potentialAction\":[{\"@type\":\"SearchAction\",\"target\":{\"@type\":\"EntryPoint\",\"urlTemplate\":\"https:\\\/\\\/lavocedelpaese.info\\\/?s={search_term_string}\"},\"query-input\":{\"@type\":\"PropertyValueSpecification\",\"valueRequired\":true,\"valueName\":\"search_term_string\"}}],\"inLanguage\":\"it-IT\"},{\"@type\":\"Organization\",\"@id\":\"https:\\\/\\\/lavocedelpaese.info\\\/#organization\",\"name\":\"La Voce del Paese\",\"url\":\"https:\\\/\\\/lavocedelpaese.info\\\/\",\"logo\":{\"@type\":\"ImageObject\",\"inLanguage\":\"it-IT\",\"@id\":\"https:\\\/\\\/lavocedelpaese.info\\\/#\\\/schema\\\/logo\\\/image\\\/\",\"url\":\"https:\\\/\\\/lavocedelpaese.info\\\/wp-content\\\/uploads\\\/2023\\\/01\\\/cropped-logo-150-127.png\",\"contentUrl\":\"https:\\\/\\\/lavocedelpaese.info\\\/wp-content\\\/uploads\\\/2023\\\/01\\\/cropped-logo-150-127.png\",\"width\":137,\"height\":119,\"caption\":\"La Voce del Paese\"},\"image\":{\"@id\":\"https:\\\/\\\/lavocedelpaese.info\\\/#\\\/schema\\\/logo\\\/image\\\/\"},\"sameAs\":[\"https:\\\/\\\/www.facebook.com\\\/lavocedelpaese.info\"]}]}<\/script>\n<!-- \/ Yoast SEO plugin. -->","yoast_head_json":{"title":"La Strada \u00e8 chiusa.. ma non \u00e8 mai stata cos\u00ec aperta - La Voce del Paese","robots":{"index":"index","follow":"follow","max-snippet":"max-snippet:-1","max-image-preview":"max-image-preview:large","max-video-preview":"max-video-preview:-1"},"canonical":"https:\/\/lavocedelpaese.info\/index.php\/2023\/06\/10\/la-strada-e-chiusa-ma-non-e-mai-stata-cosi-aperta\/","og_locale":"it_IT","og_type":"article","og_title":"La Strada \u00e8 chiusa.. ma non \u00e8 mai stata cos\u00ec aperta - La Voce del Paese","og_description":"\u00a0 \u200b\u00a0 \u200bAcquaviva \u2013 La Voce del Paese\u00a0 di Francesco Lenoci Strada Chiusa X. 9 Giugno 2023. E la data","og_url":"https:\/\/lavocedelpaese.info\/index.php\/2023\/06\/10\/la-strada-e-chiusa-ma-non-e-mai-stata-cosi-aperta\/","og_site_name":"La Voce del Paese","article_publisher":"https:\/\/www.facebook.com\/lavocedelpaese.info","article_published_time":"2023-06-10T16:30:44+00:00","twitter_card":"summary_large_image","twitter_misc":{"Tempo di lettura stimato":"2 minuti"},"schema":{"@context":"https:\/\/schema.org","@graph":[{"@type":"Article","@id":"https:\/\/lavocedelpaese.info\/index.php\/2023\/06\/10\/la-strada-e-chiusa-ma-non-e-mai-stata-cosi-aperta\/#article","isPartOf":{"@id":"https:\/\/lavocedelpaese.info\/index.php\/2023\/06\/10\/la-strada-e-chiusa-ma-non-e-mai-stata-cosi-aperta\/"},"author":{"name":"","@id":""},"headline":"La Strada \u00e8 chiusa.. ma non \u00e8 mai stata cos\u00ec aperta","datePublished":"2023-06-10T16:30:44+00:00","mainEntityOfPage":{"@id":"https:\/\/lavocedelpaese.info\/index.php\/2023\/06\/10\/la-strada-e-chiusa-ma-non-e-mai-stata-cosi-aperta\/"},"wordCount":407,"commentCount":0,"publisher":{"@id":"https:\/\/lavocedelpaese.info\/#organization"},"articleSection":["network"],"inLanguage":"it-IT","potentialAction":[{"@type":"CommentAction","name":"Comment","target":["https:\/\/lavocedelpaese.info\/index.php\/2023\/06\/10\/la-strada-e-chiusa-ma-non-e-mai-stata-cosi-aperta\/#respond"]}]},{"@type":"WebPage","@id":"https:\/\/lavocedelpaese.info\/index.php\/2023\/06\/10\/la-strada-e-chiusa-ma-non-e-mai-stata-cosi-aperta\/","url":"https:\/\/lavocedelpaese.info\/index.php\/2023\/06\/10\/la-strada-e-chiusa-ma-non-e-mai-stata-cosi-aperta\/","name":"La Strada \u00e8 chiusa.. ma non \u00e8 mai stata cos\u00ec aperta - La Voce del Paese","isPartOf":{"@id":"https:\/\/lavocedelpaese.info\/#website"},"datePublished":"2023-06-10T16:30:44+00:00","breadcrumb":{"@id":"https:\/\/lavocedelpaese.info\/index.php\/2023\/06\/10\/la-strada-e-chiusa-ma-non-e-mai-stata-cosi-aperta\/#breadcrumb"},"inLanguage":"it-IT","potentialAction":[{"@type":"ReadAction","target":["https:\/\/lavocedelpaese.info\/index.php\/2023\/06\/10\/la-strada-e-chiusa-ma-non-e-mai-stata-cosi-aperta\/"]}]},{"@type":"BreadcrumbList","@id":"https:\/\/lavocedelpaese.info\/index.php\/2023\/06\/10\/la-strada-e-chiusa-ma-non-e-mai-stata-cosi-aperta\/#breadcrumb","itemListElement":[{"@type":"ListItem","position":1,"name":"Home","item":"https:\/\/lavocedelpaese.info\/"},{"@type":"ListItem","position":2,"name":"La Strada \u00e8 chiusa.. ma non \u00e8 mai stata cos\u00ec aperta"}]},{"@type":"WebSite","@id":"https:\/\/lavocedelpaese.info\/#website","url":"https:\/\/lavocedelpaese.info\/","name":"La Voce del Paese","description":"Un network di idee","publisher":{"@id":"https:\/\/lavocedelpaese.info\/#organization"},"potentialAction":[{"@type":"SearchAction","target":{"@type":"EntryPoint","urlTemplate":"https:\/\/lavocedelpaese.info\/?s={search_term_string}"},"query-input":{"@type":"PropertyValueSpecification","valueRequired":true,"valueName":"search_term_string"}}],"inLanguage":"it-IT"},{"@type":"Organization","@id":"https:\/\/lavocedelpaese.info\/#organization","name":"La Voce del Paese","url":"https:\/\/lavocedelpaese.info\/","logo":{"@type":"ImageObject","inLanguage":"it-IT","@id":"https:\/\/lavocedelpaese.info\/#\/schema\/logo\/image\/","url":"https:\/\/lavocedelpaese.info\/wp-content\/uploads\/2023\/01\/cropped-logo-150-127.png","contentUrl":"https:\/\/lavocedelpaese.info\/wp-content\/uploads\/2023\/01\/cropped-logo-150-127.png","width":137,"height":119,"caption":"La Voce del Paese"},"image":{"@id":"https:\/\/lavocedelpaese.info\/#\/schema\/logo\/image\/"},"sameAs":["https:\/\/www.facebook.com\/lavocedelpaese.info"]}]}},"_links":{"self":[{"href":"https:\/\/lavocedelpaese.info\/index.php\/wp-json\/wp\/v2\/posts\/1648","targetHints":{"allow":["GET"]}}],"collection":[{"href":"https:\/\/lavocedelpaese.info\/index.php\/wp-json\/wp\/v2\/posts"}],"about":[{"href":"https:\/\/lavocedelpaese.info\/index.php\/wp-json\/wp\/v2\/types\/post"}],"replies":[{"embeddable":true,"href":"https:\/\/lavocedelpaese.info\/index.php\/wp-json\/wp\/v2\/comments?post=1648"}],"version-history":[{"count":0,"href":"https:\/\/lavocedelpaese.info\/index.php\/wp-json\/wp\/v2\/posts\/1648\/revisions"}],"wp:attachment":[{"href":"https:\/\/lavocedelpaese.info\/index.php\/wp-json\/wp\/v2\/media?parent=1648"}],"wp:term":[{"taxonomy":"category","embeddable":true,"href":"https:\/\/lavocedelpaese.info\/index.php\/wp-json\/wp\/v2\/categories?post=1648"},{"taxonomy":"post_tag","embeddable":true,"href":"https:\/\/lavocedelpaese.info\/index.php\/wp-json\/wp\/v2\/tags?post=1648"}],"curies":[{"name":"wp","href":"https:\/\/api.w.org\/{rel}","templated":true}]}}