{"id":1646,"date":"2023-06-10T03:33:02","date_gmt":"2023-06-10T03:33:02","guid":{"rendered":"https:\/\/lavocedelpaese.info\/index.php\/2023\/06\/10\/attraverso-i-miei-occhi-levento-della-rssa-villa-dei-pini-dedicato-ai-caregiver\/"},"modified":"2023-06-10T03:33:02","modified_gmt":"2023-06-10T03:33:02","slug":"attraverso-i-miei-occhi-levento-della-rssa-villa-dei-pini-dedicato-ai-caregiver","status":"publish","type":"post","link":"https:\/\/lavocedelpaese.info\/index.php\/2023\/06\/10\/attraverso-i-miei-occhi-levento-della-rssa-villa-dei-pini-dedicato-ai-caregiver\/","title":{"rendered":"\u201cAttraverso i miei occhi\u201d, l\u2019evento della Rssa \u201cVilla dei Pini\u201d dedicato ai caregiver"},"content":{"rendered":"<p>\u00a0<\/p>\n<p>\u200b\u00a0<\/p>\n<p>\u200bCassano \u2013 La Voce del Paese\u00a0<\/p>\n<p>Prendersi cura di una persona con demenza, in inglese <em>caregiving<\/em>, pu\u00f2 portare a elevati livelli di stress e stanchezza fisica e psicologica per cui anche il familiare pu\u00f2 diventare vittima della malattia stessa, sopraffatto dal peso dell\u2019assistenza. Maggiore \u00e8 infatti per i caregiver il rischio di sviluppare patologie cardiovascolari, disturbi psicologici come depressione e ansia e disturbi del sonno, di cui soffre circa i due terzi. Tutti questi fattori e l\u2019affaticamento cronico associato all\u2019assistenza possono condurre ad un declino della qualit\u00e0 delle cure prestate al proprio caro, influenzando l\u2019approccio nei confronti del malato con effetti sulla sintomatologia stessa.<\/p>\n<p>Quindi, necessaria per la promozione del benessere e della qualit\u00e0 di vita della diade persona con demenza-caregiver risulta essere l\u2019informazione e la formazione dei caregiver rispetto alla malattia e ai rischi sopra esposti, oltre che il sostegno psicologico nel loro impegno quotidiano di assistenza diretta.<\/p>\n<p>Al fine di rispondere a tali esigenze, in occasione del Mese dedicato al Caregiver familiare, l\u2019A.D. Giulio Centrulli ha ritenuto opportuno offrire ai familiari, operatori sociosanitari ed alla comunit\u00e0 tutta, attraverso le lodevoli figure professionali della struttura \u201cVilla dei Pini\u201d, la possibilit\u00e0 di conoscere e sperimentare i sintomi cognitivi e comportamentali vissuti dalla persona con demenza con lo scopo di favorire una maggiore comprensione e gestione della sintomatologia e diffondere un modo di interagire consapevole e appropriato.<\/p>\n<p>Grazie alla direzione della nostra psicologa Marialuisa Guglielmo e alla collaborazione tra le figure professionali dell\u2019equipe psico-educativa dell\u2019RSSA e del Centro Diurno Alzheimer \u201cVilla dei Pini\u201d e all\u2019Associazione Alzheimer Bari si \u00e8 strutturato il laboratorio multisensoriale demenza <em>\u201cAttraverso i miei occhi\u201d<\/em> con l\u2019obiettivo di aiutare i caregivers formali e informali a \u201cguardare\u201d con gli occhi del malato attraverso la sperimentazione in prima persona dei sintomi comuni e meno comuni della malattia nelle sue diverse forme.<\/p>\n<p>Durante il percorso i visitatori sono stati coinvolti in esperienze emozionali, sensoriali e educative di forte impatto, che li hanno portati a riflettere sulla realt\u00e0 percepita dalla persona affetta da Alzheimer e da altre forme di demenza.<\/p>\n<div class=\"wp-block-spacer\"><\/div>\n<h5 class=\"wp-block-heading\"><strong><em>\u201cSecondo te qual \u00e8 la difficolt\u00e0 pi\u00f9 grande <\/em><\/strong><br \/><strong><em>che vive una persona con demenza?\u201d<\/em><\/strong><\/h5>\n<p>Questo il quesito che ha dato avvio alla giornata di sensibilizzazione alle demenze con il fine di promuovere spunti di riflessione personale circa il proprio ruolo assistenziale e rispetto ai vissuti sperimentati dalla persona con demenza.<\/p>\n<p>Successivamente, l\u2019utilizzo della realt\u00e0 virtuale ha permesso a familiari e operatori che giornalmente assistono la persona con demenza di guardare \u201cattraverso\u201d i suoi occhi e di provare le sensazioni di smarrimento e confusione che vive tutti i giorni, in diversi contesti. Lo sperimentarsi nelle prove cognitive strutturate per la valutazione della persona con demenza ha permesso di conoscere inoltre le difficolt\u00e0 cognitive da lei vissute.<\/p>\n<p>Diverse sono state le reazioni e le emozioni provate dei nostri visitatori: dalla paura all\u2019ansia; dalla commozione al senso di colpa, fino al desiderio di saperne di pi\u00f9.<\/p>\n<p>Focus della giornata \u00e8 stato anche sensibilizzare i presenti rispetto all\u2019importanza degli interventi non-farmacologici indispensabili per una \u201ccura centrata sulla persona\u201d, sul suo vissuto e sulla sua unicit\u00e0 attraverso l\u2019esposizione e spiegazione degli interventi non-farmacologici con maggiore evidenza scientifica previsti per la \u201ccura\u201d della persona con demenza.<\/p>\n<p>Il percorso si \u00e8 infine concluso con un\u2019area dedicata alla mostra di tutti gli elaborati artistici realizzati dagli anziani con demenza del Centro Diurno Alzheimer \u201cVilla dei Pini\u201d durante il laboratorio d\u2019arte <em>\u201cAttraverso i miei occhi\u201d<\/em>. Con questo laboratorio si \u00e8 voluto offrire alle persone con demenza la possibilit\u00e0 di esprimere liberamente quello che pensavano e sentivano in quel momento attraverso l\u2019utilizzo di materiali tradizionali (colori a tempera, acquerelli, colori a pastello) e di riciclo (cannucce, spugne, fondi di caff\u00e8 ecc.) con tecniche d\u2019espressione destrutturate come un gioco di carte (\u201cDisegna!\u201d di H. Tullet), il soffio del colore attraverso la cannuccia, l\u2019uso di spugne, le proprie dita o cotton fioc impregnati nel colore. In questo modo, si \u00e8 voluto valorizzare la dimensione immaginativa ed esplorativa di ognuno.<\/p>\n<p>L\u2019esposizione delle opere artistiche \u00e8 stata un\u2019occasione per far conoscere ai familiari non solo i sintomi, ma anche le interpretazioni dell\u2019intimo mondo interiore della persona con demenza, in un\u2019ottica di comprensione e \u201ccura centrata sulla persona\u201d piuttosto che sulla sua malattia. Tale mostra \u00e8 servita infatti a far comprendere ai visitatori come la persona, nonostante la sua malattia, attraverso forme di comunicazione alternativa come la pittura riesca ad esprimersi rivivendo s\u00e9 stessa attraverso la narrazione verbale e non dei propri vissuti. Ogni opera d\u2019arte \u00e8 stata infatti accompagnata da una didascalia riassuntiva del pensiero evocativo attribuito dalla persona con demenza al suo elaborato.<\/p>\n<p>L\u2019evento di sensibilizzazione si \u00e8 infine concluso con la compilazione di un questionario di gradimento al fine di raccogliere feedback rispetto ai contributi esposti, conoscere il pensiero di ogni visitatore e proporre ulteriori eventi e servizi oltre che migliorare quelli attualmente esistenti.<\/p>\n<div class=\"wp-block-spacer\"><\/div>\n<h5 class=\"wp-block-heading\"><strong>Feedback dal questionario di gradimento <\/strong><\/h5>\n<p>Globalmente hanno partecipato all\u2019evento 51 visitatori, la maggior parte di loro erano caregiver informali (26 familiari) e caregiver formali (17 tra operatori sociosanitari, educatori, terapisti ecc.) di persone con demenza. La restante parte era rappresentata da persone che sono state incuriosite dall\u2019evento pubblico (8).<\/p>\n<p>La maggior parte di loro aveva dai 20 ai 59 anni (41), ma hanno partecipato anche over 60 (9).<\/p>\n<p>Tutti i partecipanti hanno riconosciuto l\u2019utilit\u00e0 delle informazioni trasmesse e hanno affermato che raccomanderebbero l\u2019evento ad amici e familiari, con ottima valutazione dello stesso.<\/p>\n<p>Quello che pi\u00f9 \u00e8 stato apprezzato dai visitatori \u00e8 stata la possibilit\u00e0 di immedesimarsi e sperimentare le difficolt\u00e0 vissute dalla persona con demenza attraverso la vividezza delle situazioni vissute e riprodotte tramite la realt\u00e0 virtuale e le prove cognitive, strumenti utili a percepire realmente le difficolt\u00e0 e il disagio psicologico vissuto. \u00c8 stata inoltre apprezzata la possibilit\u00e0 di conoscere gli interventi non-farmacologici usati per il trattamento e la \u201ccura\u201d della persona con demenza e la disponibilit\u00e0 dei professionisti presenti. Tutti hanno apprezzato l\u2019obiettivo della mostra delle opere d\u2019arte.<\/p>\n<p>Molti di loro hanno tuttavia sottolineato la necessit\u00e0 di dedicare maggior tempo alla sperimentazione di ulteriori aspetti della malattia, al confronto con gli altri caregiver e al sostegno da parte dei professionisti. Altres\u00ec, hanno comunicato la necessit\u00e0 di dedicare pi\u00f9 eventi alla sensibilizzazione e alla formazione dei caregiver e della comunit\u00e0 tutta. Gli argomenti maggiormente degni di approfondimento da parte dei visitatori riguardano perlopi\u00f9 la comprensione e la gestione dei comportamenti \u201cproblema\u201d manifestati dalla persona con demenza durante momenti di agitazione psicomotoria e l\u2019approccio migliore da adottare per poterli aiutare al meglio attraverso consigli pratici.<\/p>\n<p>Infine, la maggior parte di loro ha richiesto di essere ricontattato per conoscere gli ulteriori servizi e progetti da noi offerti e dall\u2019associazione Alzheimer Bari.<\/p>\n<p>Per concludere, si pu\u00f2 affermare che l\u2019evento ha soddisfatto pienamente gli obiettivi inizialmente individuati nella fase di progettazione, permettendo ai caregiver di ottenere una maggior comprensione della malattia migliorandone almeno in parte il ruolo di cura.<\/p>\n<p><a class=\"a2a_button_facebook\" href=\"https:\/\/www.addtoany.com\/add_to\/facebook?linkurl=https%3A%2F%2Fcassano.lavocedelpaese.info%2Findex.php%2F2023%2F06%2F10%2Fattraverso-i-miei-occhi-levento-della-rssa-villa-dei-pini-dedicato-ai-caregiver%2F&amp;linkname=%E2%80%9CAttraverso%20i%20miei%20occhi%E2%80%9D%2C%20l%E2%80%99evento%20della%20Rssa%20%E2%80%9CVilla%20dei%20Pini%E2%80%9D%20dedicato%20ai%20caregiver\" title=\"Facebook\" target=\"_blank\" rel=\"noopener\"><\/a><a class=\"a2a_button_twitter\" href=\"https:\/\/www.addtoany.com\/add_to\/twitter?linkurl=https%3A%2F%2Fcassano.lavocedelpaese.info%2Findex.php%2F2023%2F06%2F10%2Fattraverso-i-miei-occhi-levento-della-rssa-villa-dei-pini-dedicato-ai-caregiver%2F&amp;linkname=%E2%80%9CAttraverso%20i%20miei%20occhi%E2%80%9D%2C%20l%E2%80%99evento%20della%20Rssa%20%E2%80%9CVilla%20dei%20Pini%E2%80%9D%20dedicato%20ai%20caregiver\" title=\"Twitter\" target=\"_blank\" rel=\"noopener\"><\/a><a class=\"a2a_button_whatsapp\" href=\"https:\/\/www.addtoany.com\/add_to\/whatsapp?linkurl=https%3A%2F%2Fcassano.lavocedelpaese.info%2Findex.php%2F2023%2F06%2F10%2Fattraverso-i-miei-occhi-levento-della-rssa-villa-dei-pini-dedicato-ai-caregiver%2F&amp;linkname=%E2%80%9CAttraverso%20i%20miei%20occhi%E2%80%9D%2C%20l%E2%80%99evento%20della%20Rssa%20%E2%80%9CVilla%20dei%20Pini%E2%80%9D%20dedicato%20ai%20caregiver\" title=\"WhatsApp\" target=\"_blank\" rel=\"noopener\"><\/a><a class=\"a2a_button_telegram\" href=\"https:\/\/www.addtoany.com\/add_to\/telegram?linkurl=https%3A%2F%2Fcassano.lavocedelpaese.info%2Findex.php%2F2023%2F06%2F10%2Fattraverso-i-miei-occhi-levento-della-rssa-villa-dei-pini-dedicato-ai-caregiver%2F&amp;linkname=%E2%80%9CAttraverso%20i%20miei%20occhi%E2%80%9D%2C%20l%E2%80%99evento%20della%20Rssa%20%E2%80%9CVilla%20dei%20Pini%E2%80%9D%20dedicato%20ai%20caregiver\" title=\"Telegram\" target=\"_blank\" rel=\"noopener\"><\/a><a class=\"a2a_button_email\" href=\"https:\/\/www.addtoany.com\/add_to\/email?linkurl=https%3A%2F%2Fcassano.lavocedelpaese.info%2Findex.php%2F2023%2F06%2F10%2Fattraverso-i-miei-occhi-levento-della-rssa-villa-dei-pini-dedicato-ai-caregiver%2F&amp;linkname=%E2%80%9CAttraverso%20i%20miei%20occhi%E2%80%9D%2C%20l%E2%80%99evento%20della%20Rssa%20%E2%80%9CVilla%20dei%20Pini%E2%80%9D%20dedicato%20ai%20caregiver\" title=\"Email\" target=\"_blank\" rel=\"noopener\"><\/a><\/p>\n<p>\u00a0<\/p>","protected":false},"excerpt":{"rendered":"<p>\u00a0 \u200b\u00a0 \u200bCassano \u2013 La Voce del Paese\u00a0 Prendersi cura di una persona con demenza, in inglese caregiving, pu\u00f2 portare<\/p>\n","protected":false},"author":0,"featured_media":0,"comment_status":"open","ping_status":"closed","sticky":false,"template":"","format":"standard","meta":{"colormag_page_container_layout":"default_layout","colormag_page_sidebar_layout":"default_layout","footnotes":""},"categories":[33],"tags":[],"class_list":["post-1646","post","type-post","status-publish","format-standard","hentry","category-network"],"yoast_head":"<!-- This site is optimized with the Yoast SEO plugin v27.5 - https:\/\/yoast.com\/product\/yoast-seo-wordpress\/ -->\n<title>\u201cAttraverso i miei occhi\u201d, l\u2019evento della Rssa \u201cVilla dei Pini\u201d dedicato ai caregiver - La Voce del Paese<\/title>\n<meta name=\"robots\" content=\"index, follow, max-snippet:-1, max-image-preview:large, max-video-preview:-1\" \/>\n<link rel=\"canonical\" href=\"https:\/\/lavocedelpaese.info\/index.php\/2023\/06\/10\/attraverso-i-miei-occhi-levento-della-rssa-villa-dei-pini-dedicato-ai-caregiver\/\" \/>\n<meta property=\"og:locale\" content=\"it_IT\" \/>\n<meta property=\"og:type\" content=\"article\" \/>\n<meta property=\"og:title\" content=\"\u201cAttraverso i miei occhi\u201d, l\u2019evento della Rssa \u201cVilla dei Pini\u201d dedicato ai caregiver - La Voce del Paese\" \/>\n<meta property=\"og:description\" content=\"\u00a0 \u200b\u00a0 \u200bCassano \u2013 La Voce del Paese\u00a0 Prendersi cura di una persona con demenza, in inglese caregiving, pu\u00f2 portare\" \/>\n<meta property=\"og:url\" content=\"https:\/\/lavocedelpaese.info\/index.php\/2023\/06\/10\/attraverso-i-miei-occhi-levento-della-rssa-villa-dei-pini-dedicato-ai-caregiver\/\" \/>\n<meta property=\"og:site_name\" content=\"La Voce del Paese\" \/>\n<meta property=\"article:publisher\" content=\"https:\/\/www.facebook.com\/lavocedelpaese.info\" \/>\n<meta property=\"article:published_time\" content=\"2023-06-10T03:33:02+00:00\" \/>\n<meta name=\"twitter:card\" content=\"summary_large_image\" \/>\n<meta name=\"twitter:label1\" content=\"Tempo di lettura stimato\" \/>\n\t<meta name=\"twitter:data1\" content=\"6 minuti\" \/>\n<script type=\"application\/ld+json\" class=\"yoast-schema-graph\">{\"@context\":\"https:\\\/\\\/schema.org\",\"@graph\":[{\"@type\":\"Article\",\"@id\":\"https:\\\/\\\/lavocedelpaese.info\\\/index.php\\\/2023\\\/06\\\/10\\\/attraverso-i-miei-occhi-levento-della-rssa-villa-dei-pini-dedicato-ai-caregiver\\\/#article\",\"isPartOf\":{\"@id\":\"https:\\\/\\\/lavocedelpaese.info\\\/index.php\\\/2023\\\/06\\\/10\\\/attraverso-i-miei-occhi-levento-della-rssa-villa-dei-pini-dedicato-ai-caregiver\\\/\"},\"author\":{\"name\":\"\",\"@id\":\"\"},\"headline\":\"\u201cAttraverso i miei occhi\u201d, l\u2019evento della Rssa \u201cVilla dei Pini\u201d dedicato ai caregiver\",\"datePublished\":\"2023-06-10T03:33:02+00:00\",\"mainEntityOfPage\":{\"@id\":\"https:\\\/\\\/lavocedelpaese.info\\\/index.php\\\/2023\\\/06\\\/10\\\/attraverso-i-miei-occhi-levento-della-rssa-villa-dei-pini-dedicato-ai-caregiver\\\/\"},\"wordCount\":1161,\"commentCount\":0,\"publisher\":{\"@id\":\"https:\\\/\\\/lavocedelpaese.info\\\/#organization\"},\"articleSection\":[\"network\"],\"inLanguage\":\"it-IT\",\"potentialAction\":[{\"@type\":\"CommentAction\",\"name\":\"Comment\",\"target\":[\"https:\\\/\\\/lavocedelpaese.info\\\/index.php\\\/2023\\\/06\\\/10\\\/attraverso-i-miei-occhi-levento-della-rssa-villa-dei-pini-dedicato-ai-caregiver\\\/#respond\"]}]},{\"@type\":\"WebPage\",\"@id\":\"https:\\\/\\\/lavocedelpaese.info\\\/index.php\\\/2023\\\/06\\\/10\\\/attraverso-i-miei-occhi-levento-della-rssa-villa-dei-pini-dedicato-ai-caregiver\\\/\",\"url\":\"https:\\\/\\\/lavocedelpaese.info\\\/index.php\\\/2023\\\/06\\\/10\\\/attraverso-i-miei-occhi-levento-della-rssa-villa-dei-pini-dedicato-ai-caregiver\\\/\",\"name\":\"\u201cAttraverso i miei occhi\u201d, l\u2019evento della Rssa \u201cVilla dei Pini\u201d dedicato ai caregiver - La Voce del Paese\",\"isPartOf\":{\"@id\":\"https:\\\/\\\/lavocedelpaese.info\\\/#website\"},\"datePublished\":\"2023-06-10T03:33:02+00:00\",\"breadcrumb\":{\"@id\":\"https:\\\/\\\/lavocedelpaese.info\\\/index.php\\\/2023\\\/06\\\/10\\\/attraverso-i-miei-occhi-levento-della-rssa-villa-dei-pini-dedicato-ai-caregiver\\\/#breadcrumb\"},\"inLanguage\":\"it-IT\",\"potentialAction\":[{\"@type\":\"ReadAction\",\"target\":[\"https:\\\/\\\/lavocedelpaese.info\\\/index.php\\\/2023\\\/06\\\/10\\\/attraverso-i-miei-occhi-levento-della-rssa-villa-dei-pini-dedicato-ai-caregiver\\\/\"]}]},{\"@type\":\"BreadcrumbList\",\"@id\":\"https:\\\/\\\/lavocedelpaese.info\\\/index.php\\\/2023\\\/06\\\/10\\\/attraverso-i-miei-occhi-levento-della-rssa-villa-dei-pini-dedicato-ai-caregiver\\\/#breadcrumb\",\"itemListElement\":[{\"@type\":\"ListItem\",\"position\":1,\"name\":\"Home\",\"item\":\"https:\\\/\\\/lavocedelpaese.info\\\/\"},{\"@type\":\"ListItem\",\"position\":2,\"name\":\"\u201cAttraverso i miei occhi\u201d, l\u2019evento della Rssa \u201cVilla dei Pini\u201d dedicato ai caregiver\"}]},{\"@type\":\"WebSite\",\"@id\":\"https:\\\/\\\/lavocedelpaese.info\\\/#website\",\"url\":\"https:\\\/\\\/lavocedelpaese.info\\\/\",\"name\":\"La Voce del Paese\",\"description\":\"Un network di idee\",\"publisher\":{\"@id\":\"https:\\\/\\\/lavocedelpaese.info\\\/#organization\"},\"potentialAction\":[{\"@type\":\"SearchAction\",\"target\":{\"@type\":\"EntryPoint\",\"urlTemplate\":\"https:\\\/\\\/lavocedelpaese.info\\\/?s={search_term_string}\"},\"query-input\":{\"@type\":\"PropertyValueSpecification\",\"valueRequired\":true,\"valueName\":\"search_term_string\"}}],\"inLanguage\":\"it-IT\"},{\"@type\":\"Organization\",\"@id\":\"https:\\\/\\\/lavocedelpaese.info\\\/#organization\",\"name\":\"La Voce del Paese\",\"url\":\"https:\\\/\\\/lavocedelpaese.info\\\/\",\"logo\":{\"@type\":\"ImageObject\",\"inLanguage\":\"it-IT\",\"@id\":\"https:\\\/\\\/lavocedelpaese.info\\\/#\\\/schema\\\/logo\\\/image\\\/\",\"url\":\"https:\\\/\\\/lavocedelpaese.info\\\/wp-content\\\/uploads\\\/2023\\\/01\\\/cropped-logo-150-127.png\",\"contentUrl\":\"https:\\\/\\\/lavocedelpaese.info\\\/wp-content\\\/uploads\\\/2023\\\/01\\\/cropped-logo-150-127.png\",\"width\":137,\"height\":119,\"caption\":\"La Voce del Paese\"},\"image\":{\"@id\":\"https:\\\/\\\/lavocedelpaese.info\\\/#\\\/schema\\\/logo\\\/image\\\/\"},\"sameAs\":[\"https:\\\/\\\/www.facebook.com\\\/lavocedelpaese.info\"]}]}<\/script>\n<!-- \/ Yoast SEO plugin. -->","yoast_head_json":{"title":"\u201cAttraverso i miei occhi\u201d, l\u2019evento della Rssa \u201cVilla dei Pini\u201d dedicato ai caregiver - La Voce del Paese","robots":{"index":"index","follow":"follow","max-snippet":"max-snippet:-1","max-image-preview":"max-image-preview:large","max-video-preview":"max-video-preview:-1"},"canonical":"https:\/\/lavocedelpaese.info\/index.php\/2023\/06\/10\/attraverso-i-miei-occhi-levento-della-rssa-villa-dei-pini-dedicato-ai-caregiver\/","og_locale":"it_IT","og_type":"article","og_title":"\u201cAttraverso i miei occhi\u201d, l\u2019evento della Rssa \u201cVilla dei Pini\u201d dedicato ai caregiver - La Voce del Paese","og_description":"\u00a0 \u200b\u00a0 \u200bCassano \u2013 La Voce del Paese\u00a0 Prendersi cura di una persona con demenza, in inglese caregiving, pu\u00f2 portare","og_url":"https:\/\/lavocedelpaese.info\/index.php\/2023\/06\/10\/attraverso-i-miei-occhi-levento-della-rssa-villa-dei-pini-dedicato-ai-caregiver\/","og_site_name":"La Voce del Paese","article_publisher":"https:\/\/www.facebook.com\/lavocedelpaese.info","article_published_time":"2023-06-10T03:33:02+00:00","twitter_card":"summary_large_image","twitter_misc":{"Tempo di lettura stimato":"6 minuti"},"schema":{"@context":"https:\/\/schema.org","@graph":[{"@type":"Article","@id":"https:\/\/lavocedelpaese.info\/index.php\/2023\/06\/10\/attraverso-i-miei-occhi-levento-della-rssa-villa-dei-pini-dedicato-ai-caregiver\/#article","isPartOf":{"@id":"https:\/\/lavocedelpaese.info\/index.php\/2023\/06\/10\/attraverso-i-miei-occhi-levento-della-rssa-villa-dei-pini-dedicato-ai-caregiver\/"},"author":{"name":"","@id":""},"headline":"\u201cAttraverso i miei occhi\u201d, l\u2019evento della Rssa \u201cVilla dei Pini\u201d dedicato ai caregiver","datePublished":"2023-06-10T03:33:02+00:00","mainEntityOfPage":{"@id":"https:\/\/lavocedelpaese.info\/index.php\/2023\/06\/10\/attraverso-i-miei-occhi-levento-della-rssa-villa-dei-pini-dedicato-ai-caregiver\/"},"wordCount":1161,"commentCount":0,"publisher":{"@id":"https:\/\/lavocedelpaese.info\/#organization"},"articleSection":["network"],"inLanguage":"it-IT","potentialAction":[{"@type":"CommentAction","name":"Comment","target":["https:\/\/lavocedelpaese.info\/index.php\/2023\/06\/10\/attraverso-i-miei-occhi-levento-della-rssa-villa-dei-pini-dedicato-ai-caregiver\/#respond"]}]},{"@type":"WebPage","@id":"https:\/\/lavocedelpaese.info\/index.php\/2023\/06\/10\/attraverso-i-miei-occhi-levento-della-rssa-villa-dei-pini-dedicato-ai-caregiver\/","url":"https:\/\/lavocedelpaese.info\/index.php\/2023\/06\/10\/attraverso-i-miei-occhi-levento-della-rssa-villa-dei-pini-dedicato-ai-caregiver\/","name":"\u201cAttraverso i miei occhi\u201d, l\u2019evento della Rssa \u201cVilla dei Pini\u201d dedicato ai caregiver - La Voce del Paese","isPartOf":{"@id":"https:\/\/lavocedelpaese.info\/#website"},"datePublished":"2023-06-10T03:33:02+00:00","breadcrumb":{"@id":"https:\/\/lavocedelpaese.info\/index.php\/2023\/06\/10\/attraverso-i-miei-occhi-levento-della-rssa-villa-dei-pini-dedicato-ai-caregiver\/#breadcrumb"},"inLanguage":"it-IT","potentialAction":[{"@type":"ReadAction","target":["https:\/\/lavocedelpaese.info\/index.php\/2023\/06\/10\/attraverso-i-miei-occhi-levento-della-rssa-villa-dei-pini-dedicato-ai-caregiver\/"]}]},{"@type":"BreadcrumbList","@id":"https:\/\/lavocedelpaese.info\/index.php\/2023\/06\/10\/attraverso-i-miei-occhi-levento-della-rssa-villa-dei-pini-dedicato-ai-caregiver\/#breadcrumb","itemListElement":[{"@type":"ListItem","position":1,"name":"Home","item":"https:\/\/lavocedelpaese.info\/"},{"@type":"ListItem","position":2,"name":"\u201cAttraverso i miei occhi\u201d, l\u2019evento della Rssa \u201cVilla dei Pini\u201d dedicato ai caregiver"}]},{"@type":"WebSite","@id":"https:\/\/lavocedelpaese.info\/#website","url":"https:\/\/lavocedelpaese.info\/","name":"La Voce del Paese","description":"Un network di idee","publisher":{"@id":"https:\/\/lavocedelpaese.info\/#organization"},"potentialAction":[{"@type":"SearchAction","target":{"@type":"EntryPoint","urlTemplate":"https:\/\/lavocedelpaese.info\/?s={search_term_string}"},"query-input":{"@type":"PropertyValueSpecification","valueRequired":true,"valueName":"search_term_string"}}],"inLanguage":"it-IT"},{"@type":"Organization","@id":"https:\/\/lavocedelpaese.info\/#organization","name":"La Voce del Paese","url":"https:\/\/lavocedelpaese.info\/","logo":{"@type":"ImageObject","inLanguage":"it-IT","@id":"https:\/\/lavocedelpaese.info\/#\/schema\/logo\/image\/","url":"https:\/\/lavocedelpaese.info\/wp-content\/uploads\/2023\/01\/cropped-logo-150-127.png","contentUrl":"https:\/\/lavocedelpaese.info\/wp-content\/uploads\/2023\/01\/cropped-logo-150-127.png","width":137,"height":119,"caption":"La Voce del Paese"},"image":{"@id":"https:\/\/lavocedelpaese.info\/#\/schema\/logo\/image\/"},"sameAs":["https:\/\/www.facebook.com\/lavocedelpaese.info"]}]}},"_links":{"self":[{"href":"https:\/\/lavocedelpaese.info\/index.php\/wp-json\/wp\/v2\/posts\/1646","targetHints":{"allow":["GET"]}}],"collection":[{"href":"https:\/\/lavocedelpaese.info\/index.php\/wp-json\/wp\/v2\/posts"}],"about":[{"href":"https:\/\/lavocedelpaese.info\/index.php\/wp-json\/wp\/v2\/types\/post"}],"replies":[{"embeddable":true,"href":"https:\/\/lavocedelpaese.info\/index.php\/wp-json\/wp\/v2\/comments?post=1646"}],"version-history":[{"count":0,"href":"https:\/\/lavocedelpaese.info\/index.php\/wp-json\/wp\/v2\/posts\/1646\/revisions"}],"wp:attachment":[{"href":"https:\/\/lavocedelpaese.info\/index.php\/wp-json\/wp\/v2\/media?parent=1646"}],"wp:term":[{"taxonomy":"category","embeddable":true,"href":"https:\/\/lavocedelpaese.info\/index.php\/wp-json\/wp\/v2\/categories?post=1646"},{"taxonomy":"post_tag","embeddable":true,"href":"https:\/\/lavocedelpaese.info\/index.php\/wp-json\/wp\/v2\/tags?post=1646"}],"curies":[{"name":"wp","href":"https:\/\/api.w.org\/{rel}","templated":true}]}}