{"id":1621,"date":"2023-06-04T08:16:15","date_gmt":"2023-06-04T08:16:15","guid":{"rendered":"https:\/\/lavocedelpaese.info\/index.php\/2023\/06\/04\/il-mondo-in-piazza-festival-dei-popoli-il-6-giugno\/"},"modified":"2023-06-04T08:16:15","modified_gmt":"2023-06-04T08:16:15","slug":"il-mondo-in-piazza-festival-dei-popoli-il-6-giugno","status":"publish","type":"post","link":"https:\/\/lavocedelpaese.info\/index.php\/2023\/06\/04\/il-mondo-in-piazza-festival-dei-popoli-il-6-giugno\/","title":{"rendered":"Il mondo in piazza \u2013 Festival dei popoli il 6 giugno"},"content":{"rendered":"<p>\u00a0<\/p>\n<p>\u200b\u00a0<\/p>\n<p>\u200bCassano \u2013 La Voce del Paese\u00a0<\/p>\n<p>Una grande festa che unisce in una piazza persone provenienti da tutto il globo, offrendo un\u2019opportunit\u00e0 unica di condividere, conoscere ed apprezzare tante tradizioni, musica, sapori ed arti: questo \u00e8\u00a0<strong>\u201cUn mondo in piazza \u2013 Festival dei popoli\u201d,<\/strong>\u00a0l\u2019evento che avr\u00e0 luogo\u00a0marted\u00ec 6 giugno in Piazza Rossani a Cassano delle Murge a partire dalle ore 19.00.<\/p>\n<p>L\u2019evento \u00e8 organizzato dal\u00a0<strong>Comune di Cassano delle Murge<\/strong>\u00a0con\u00a0<strong>Sistema Accoglienza Integrazione, Medihospes e Pro Loco La Murgianella,<\/strong>\u00a0prevede una tavola rotonda, laboratori di produzione di prodotti tipici, esposizioni, degustazione nei prodotti tipici (pasta al sugo e cous cous) e musica dal vivo.<\/p>\n<p><em>\u00abQuesto evento<\/em>\u00a0\u2013 dichiara il\u00a0<strong>Sindaco Del Re<\/strong>\u00a0\u2013\u00a0<em>rappresenta un\u2019occasione straordinaria per promuovere la solidariet\u00e0 e l\u2019integrazione. Solo attraverso lo scambio di esperienze e il dialogo aperto, abbiamo la possibilit\u00e0 di costruire ponti tra le diverse comunit\u00e0 e dunque rafforzare il tessuto sociale della nostra citt\u00e0. Cassano \u00e8 una comunit\u00e0 aperta, accogliente e rispettosa delle diversit\u00e0\u00bb.<\/em><\/p>\n<p><em>\u00abIl progetto \u00e8 un primo passo verso l\u2019integrazione<\/em>\u00a0\u2013 dichiara\u00a0<strong>l\u2019Assessore Enza Battista<\/strong>\u00a0\u2013\u00a0<em>e perch\u00e9 questo si concretizzi \u00e8 necessario conoscere le storie, le culture e le tradizioni dei popoli. Conoscere le storie ci porta a comprendere i comportamenti delle persone, conoscere le culture ci aiuta a non stigmatizzare chi \u00e8 diverso da noi, conoscere le tradizioni dipinge il nostro mondo di tanti colori e sfumature\u00bb.<\/em><\/p>\n<p>Alla tavola rotonda partecipano:<\/p>\n<p><strong>Don Rocco D\u2019Ambrosio,<\/strong>\u00a0Presidente Associazione Cercasi un fine onlus\u00a0<\/p>\n<p><strong>Leonardo Palmisano,<\/strong>\u00a0Sociologo\u00a0<\/p>\n<p><strong>Davide Del Re,<\/strong>\u00a0Sindaco di Cassano delle Murge<\/p>\n<p><strong>Pasquale Patrono,<\/strong>\u00a0Responsabile Progetto SAI \u00a0<\/p>\n<p>Modera\u00a0<\/p>\n<p><strong>Enza Battista,<\/strong>\u00a0Assessore all\u2019Integrazione e Inclusione<\/p>\n<p><a class=\"a2a_button_facebook\" href=\"https:\/\/www.addtoany.com\/add_to\/facebook?linkurl=https%3A%2F%2Fcassano.lavocedelpaese.info%2Findex.php%2F2023%2F06%2F04%2Fil-mondo-in-piazza-festival-dei-popoli-il-6-giugno%2F&amp;linkname=Il%20mondo%20in%20piazza%20%E2%80%93%20Festival%20dei%20popoli%20il%206%20giugno\" title=\"Facebook\" target=\"_blank\" rel=\"noopener\"><\/a><a class=\"a2a_button_twitter\" href=\"https:\/\/www.addtoany.com\/add_to\/twitter?linkurl=https%3A%2F%2Fcassano.lavocedelpaese.info%2Findex.php%2F2023%2F06%2F04%2Fil-mondo-in-piazza-festival-dei-popoli-il-6-giugno%2F&amp;linkname=Il%20mondo%20in%20piazza%20%E2%80%93%20Festival%20dei%20popoli%20il%206%20giugno\" title=\"Twitter\" target=\"_blank\" rel=\"noopener\"><\/a><a class=\"a2a_button_whatsapp\" href=\"https:\/\/www.addtoany.com\/add_to\/whatsapp?linkurl=https%3A%2F%2Fcassano.lavocedelpaese.info%2Findex.php%2F2023%2F06%2F04%2Fil-mondo-in-piazza-festival-dei-popoli-il-6-giugno%2F&amp;linkname=Il%20mondo%20in%20piazza%20%E2%80%93%20Festival%20dei%20popoli%20il%206%20giugno\" title=\"WhatsApp\" target=\"_blank\" rel=\"noopener\"><\/a><a class=\"a2a_button_telegram\" href=\"https:\/\/www.addtoany.com\/add_to\/telegram?linkurl=https%3A%2F%2Fcassano.lavocedelpaese.info%2Findex.php%2F2023%2F06%2F04%2Fil-mondo-in-piazza-festival-dei-popoli-il-6-giugno%2F&amp;linkname=Il%20mondo%20in%20piazza%20%E2%80%93%20Festival%20dei%20popoli%20il%206%20giugno\" title=\"Telegram\" target=\"_blank\" rel=\"noopener\"><\/a><a class=\"a2a_button_email\" href=\"https:\/\/www.addtoany.com\/add_to\/email?linkurl=https%3A%2F%2Fcassano.lavocedelpaese.info%2Findex.php%2F2023%2F06%2F04%2Fil-mondo-in-piazza-festival-dei-popoli-il-6-giugno%2F&amp;linkname=Il%20mondo%20in%20piazza%20%E2%80%93%20Festival%20dei%20popoli%20il%206%20giugno\" title=\"Email\" target=\"_blank\" rel=\"noopener\"><\/a><\/p>\n<p>\u00a0<\/p>","protected":false},"excerpt":{"rendered":"<p>\u00a0 \u200b\u00a0 \u200bCassano \u2013 La Voce del Paese\u00a0 Una grande festa che unisce in una piazza persone provenienti da tutto<\/p>\n","protected":false},"author":0,"featured_media":0,"comment_status":"open","ping_status":"closed","sticky":false,"template":"","format":"standard","meta":{"colormag_page_container_layout":"default_layout","colormag_page_sidebar_layout":"default_layout","footnotes":""},"categories":[33],"tags":[],"class_list":["post-1621","post","type-post","status-publish","format-standard","hentry","category-network"],"yoast_head":"<!-- This site is optimized with the Yoast SEO plugin v27.5 - https:\/\/yoast.com\/product\/yoast-seo-wordpress\/ -->\n<title>Il mondo in piazza \u2013 Festival dei popoli il 6 giugno - La Voce del Paese<\/title>\n<meta name=\"robots\" content=\"index, follow, max-snippet:-1, max-image-preview:large, max-video-preview:-1\" \/>\n<link rel=\"canonical\" href=\"https:\/\/lavocedelpaese.info\/index.php\/2023\/06\/04\/il-mondo-in-piazza-festival-dei-popoli-il-6-giugno\/\" \/>\n<meta property=\"og:locale\" content=\"it_IT\" \/>\n<meta property=\"og:type\" content=\"article\" \/>\n<meta property=\"og:title\" content=\"Il mondo in piazza \u2013 Festival dei popoli il 6 giugno - La Voce del Paese\" \/>\n<meta property=\"og:description\" content=\"\u00a0 \u200b\u00a0 \u200bCassano \u2013 La Voce del Paese\u00a0 Una grande festa che unisce in una piazza persone provenienti da tutto\" \/>\n<meta property=\"og:url\" content=\"https:\/\/lavocedelpaese.info\/index.php\/2023\/06\/04\/il-mondo-in-piazza-festival-dei-popoli-il-6-giugno\/\" \/>\n<meta property=\"og:site_name\" content=\"La Voce del Paese\" \/>\n<meta property=\"article:publisher\" content=\"https:\/\/www.facebook.com\/lavocedelpaese.info\" \/>\n<meta property=\"article:published_time\" content=\"2023-06-04T08:16:15+00:00\" \/>\n<meta name=\"twitter:card\" content=\"summary_large_image\" \/>\n<meta name=\"twitter:label1\" content=\"Tempo di lettura stimato\" \/>\n\t<meta name=\"twitter:data1\" content=\"1 minuto\" \/>\n<script type=\"application\/ld+json\" class=\"yoast-schema-graph\">{\"@context\":\"https:\\\/\\\/schema.org\",\"@graph\":[{\"@type\":\"Article\",\"@id\":\"https:\\\/\\\/lavocedelpaese.info\\\/index.php\\\/2023\\\/06\\\/04\\\/il-mondo-in-piazza-festival-dei-popoli-il-6-giugno\\\/#article\",\"isPartOf\":{\"@id\":\"https:\\\/\\\/lavocedelpaese.info\\\/index.php\\\/2023\\\/06\\\/04\\\/il-mondo-in-piazza-festival-dei-popoli-il-6-giugno\\\/\"},\"author\":{\"name\":\"\",\"@id\":\"\"},\"headline\":\"Il mondo in piazza \u2013 Festival dei popoli il 6 giugno\",\"datePublished\":\"2023-06-04T08:16:15+00:00\",\"mainEntityOfPage\":{\"@id\":\"https:\\\/\\\/lavocedelpaese.info\\\/index.php\\\/2023\\\/06\\\/04\\\/il-mondo-in-piazza-festival-dei-popoli-il-6-giugno\\\/\"},\"wordCount\":271,\"commentCount\":0,\"publisher\":{\"@id\":\"https:\\\/\\\/lavocedelpaese.info\\\/#organization\"},\"articleSection\":[\"network\"],\"inLanguage\":\"it-IT\",\"potentialAction\":[{\"@type\":\"CommentAction\",\"name\":\"Comment\",\"target\":[\"https:\\\/\\\/lavocedelpaese.info\\\/index.php\\\/2023\\\/06\\\/04\\\/il-mondo-in-piazza-festival-dei-popoli-il-6-giugno\\\/#respond\"]}]},{\"@type\":\"WebPage\",\"@id\":\"https:\\\/\\\/lavocedelpaese.info\\\/index.php\\\/2023\\\/06\\\/04\\\/il-mondo-in-piazza-festival-dei-popoli-il-6-giugno\\\/\",\"url\":\"https:\\\/\\\/lavocedelpaese.info\\\/index.php\\\/2023\\\/06\\\/04\\\/il-mondo-in-piazza-festival-dei-popoli-il-6-giugno\\\/\",\"name\":\"Il mondo in piazza \u2013 Festival dei popoli il 6 giugno - La Voce del Paese\",\"isPartOf\":{\"@id\":\"https:\\\/\\\/lavocedelpaese.info\\\/#website\"},\"datePublished\":\"2023-06-04T08:16:15+00:00\",\"breadcrumb\":{\"@id\":\"https:\\\/\\\/lavocedelpaese.info\\\/index.php\\\/2023\\\/06\\\/04\\\/il-mondo-in-piazza-festival-dei-popoli-il-6-giugno\\\/#breadcrumb\"},\"inLanguage\":\"it-IT\",\"potentialAction\":[{\"@type\":\"ReadAction\",\"target\":[\"https:\\\/\\\/lavocedelpaese.info\\\/index.php\\\/2023\\\/06\\\/04\\\/il-mondo-in-piazza-festival-dei-popoli-il-6-giugno\\\/\"]}]},{\"@type\":\"BreadcrumbList\",\"@id\":\"https:\\\/\\\/lavocedelpaese.info\\\/index.php\\\/2023\\\/06\\\/04\\\/il-mondo-in-piazza-festival-dei-popoli-il-6-giugno\\\/#breadcrumb\",\"itemListElement\":[{\"@type\":\"ListItem\",\"position\":1,\"name\":\"Home\",\"item\":\"https:\\\/\\\/lavocedelpaese.info\\\/\"},{\"@type\":\"ListItem\",\"position\":2,\"name\":\"Il mondo in piazza \u2013 Festival dei popoli il 6 giugno\"}]},{\"@type\":\"WebSite\",\"@id\":\"https:\\\/\\\/lavocedelpaese.info\\\/#website\",\"url\":\"https:\\\/\\\/lavocedelpaese.info\\\/\",\"name\":\"La Voce del Paese\",\"description\":\"Un network di idee\",\"publisher\":{\"@id\":\"https:\\\/\\\/lavocedelpaese.info\\\/#organization\"},\"potentialAction\":[{\"@type\":\"SearchAction\",\"target\":{\"@type\":\"EntryPoint\",\"urlTemplate\":\"https:\\\/\\\/lavocedelpaese.info\\\/?s={search_term_string}\"},\"query-input\":{\"@type\":\"PropertyValueSpecification\",\"valueRequired\":true,\"valueName\":\"search_term_string\"}}],\"inLanguage\":\"it-IT\"},{\"@type\":\"Organization\",\"@id\":\"https:\\\/\\\/lavocedelpaese.info\\\/#organization\",\"name\":\"La Voce del Paese\",\"url\":\"https:\\\/\\\/lavocedelpaese.info\\\/\",\"logo\":{\"@type\":\"ImageObject\",\"inLanguage\":\"it-IT\",\"@id\":\"https:\\\/\\\/lavocedelpaese.info\\\/#\\\/schema\\\/logo\\\/image\\\/\",\"url\":\"https:\\\/\\\/lavocedelpaese.info\\\/wp-content\\\/uploads\\\/2023\\\/01\\\/cropped-logo-150-127.png\",\"contentUrl\":\"https:\\\/\\\/lavocedelpaese.info\\\/wp-content\\\/uploads\\\/2023\\\/01\\\/cropped-logo-150-127.png\",\"width\":137,\"height\":119,\"caption\":\"La Voce del Paese\"},\"image\":{\"@id\":\"https:\\\/\\\/lavocedelpaese.info\\\/#\\\/schema\\\/logo\\\/image\\\/\"},\"sameAs\":[\"https:\\\/\\\/www.facebook.com\\\/lavocedelpaese.info\"]}]}<\/script>\n<!-- \/ Yoast SEO plugin. -->","yoast_head_json":{"title":"Il mondo in piazza \u2013 Festival dei popoli il 6 giugno - La Voce del Paese","robots":{"index":"index","follow":"follow","max-snippet":"max-snippet:-1","max-image-preview":"max-image-preview:large","max-video-preview":"max-video-preview:-1"},"canonical":"https:\/\/lavocedelpaese.info\/index.php\/2023\/06\/04\/il-mondo-in-piazza-festival-dei-popoli-il-6-giugno\/","og_locale":"it_IT","og_type":"article","og_title":"Il mondo in piazza \u2013 Festival dei popoli il 6 giugno - La Voce del Paese","og_description":"\u00a0 \u200b\u00a0 \u200bCassano \u2013 La Voce del Paese\u00a0 Una grande festa che unisce in una piazza persone provenienti da tutto","og_url":"https:\/\/lavocedelpaese.info\/index.php\/2023\/06\/04\/il-mondo-in-piazza-festival-dei-popoli-il-6-giugno\/","og_site_name":"La Voce del Paese","article_publisher":"https:\/\/www.facebook.com\/lavocedelpaese.info","article_published_time":"2023-06-04T08:16:15+00:00","twitter_card":"summary_large_image","twitter_misc":{"Tempo di lettura stimato":"1 minuto"},"schema":{"@context":"https:\/\/schema.org","@graph":[{"@type":"Article","@id":"https:\/\/lavocedelpaese.info\/index.php\/2023\/06\/04\/il-mondo-in-piazza-festival-dei-popoli-il-6-giugno\/#article","isPartOf":{"@id":"https:\/\/lavocedelpaese.info\/index.php\/2023\/06\/04\/il-mondo-in-piazza-festival-dei-popoli-il-6-giugno\/"},"author":{"name":"","@id":""},"headline":"Il mondo in piazza \u2013 Festival dei popoli il 6 giugno","datePublished":"2023-06-04T08:16:15+00:00","mainEntityOfPage":{"@id":"https:\/\/lavocedelpaese.info\/index.php\/2023\/06\/04\/il-mondo-in-piazza-festival-dei-popoli-il-6-giugno\/"},"wordCount":271,"commentCount":0,"publisher":{"@id":"https:\/\/lavocedelpaese.info\/#organization"},"articleSection":["network"],"inLanguage":"it-IT","potentialAction":[{"@type":"CommentAction","name":"Comment","target":["https:\/\/lavocedelpaese.info\/index.php\/2023\/06\/04\/il-mondo-in-piazza-festival-dei-popoli-il-6-giugno\/#respond"]}]},{"@type":"WebPage","@id":"https:\/\/lavocedelpaese.info\/index.php\/2023\/06\/04\/il-mondo-in-piazza-festival-dei-popoli-il-6-giugno\/","url":"https:\/\/lavocedelpaese.info\/index.php\/2023\/06\/04\/il-mondo-in-piazza-festival-dei-popoli-il-6-giugno\/","name":"Il mondo in piazza \u2013 Festival dei popoli il 6 giugno - La Voce del Paese","isPartOf":{"@id":"https:\/\/lavocedelpaese.info\/#website"},"datePublished":"2023-06-04T08:16:15+00:00","breadcrumb":{"@id":"https:\/\/lavocedelpaese.info\/index.php\/2023\/06\/04\/il-mondo-in-piazza-festival-dei-popoli-il-6-giugno\/#breadcrumb"},"inLanguage":"it-IT","potentialAction":[{"@type":"ReadAction","target":["https:\/\/lavocedelpaese.info\/index.php\/2023\/06\/04\/il-mondo-in-piazza-festival-dei-popoli-il-6-giugno\/"]}]},{"@type":"BreadcrumbList","@id":"https:\/\/lavocedelpaese.info\/index.php\/2023\/06\/04\/il-mondo-in-piazza-festival-dei-popoli-il-6-giugno\/#breadcrumb","itemListElement":[{"@type":"ListItem","position":1,"name":"Home","item":"https:\/\/lavocedelpaese.info\/"},{"@type":"ListItem","position":2,"name":"Il mondo in piazza \u2013 Festival dei popoli il 6 giugno"}]},{"@type":"WebSite","@id":"https:\/\/lavocedelpaese.info\/#website","url":"https:\/\/lavocedelpaese.info\/","name":"La Voce del Paese","description":"Un network di idee","publisher":{"@id":"https:\/\/lavocedelpaese.info\/#organization"},"potentialAction":[{"@type":"SearchAction","target":{"@type":"EntryPoint","urlTemplate":"https:\/\/lavocedelpaese.info\/?s={search_term_string}"},"query-input":{"@type":"PropertyValueSpecification","valueRequired":true,"valueName":"search_term_string"}}],"inLanguage":"it-IT"},{"@type":"Organization","@id":"https:\/\/lavocedelpaese.info\/#organization","name":"La Voce del Paese","url":"https:\/\/lavocedelpaese.info\/","logo":{"@type":"ImageObject","inLanguage":"it-IT","@id":"https:\/\/lavocedelpaese.info\/#\/schema\/logo\/image\/","url":"https:\/\/lavocedelpaese.info\/wp-content\/uploads\/2023\/01\/cropped-logo-150-127.png","contentUrl":"https:\/\/lavocedelpaese.info\/wp-content\/uploads\/2023\/01\/cropped-logo-150-127.png","width":137,"height":119,"caption":"La Voce del Paese"},"image":{"@id":"https:\/\/lavocedelpaese.info\/#\/schema\/logo\/image\/"},"sameAs":["https:\/\/www.facebook.com\/lavocedelpaese.info"]}]}},"_links":{"self":[{"href":"https:\/\/lavocedelpaese.info\/index.php\/wp-json\/wp\/v2\/posts\/1621","targetHints":{"allow":["GET"]}}],"collection":[{"href":"https:\/\/lavocedelpaese.info\/index.php\/wp-json\/wp\/v2\/posts"}],"about":[{"href":"https:\/\/lavocedelpaese.info\/index.php\/wp-json\/wp\/v2\/types\/post"}],"replies":[{"embeddable":true,"href":"https:\/\/lavocedelpaese.info\/index.php\/wp-json\/wp\/v2\/comments?post=1621"}],"version-history":[{"count":0,"href":"https:\/\/lavocedelpaese.info\/index.php\/wp-json\/wp\/v2\/posts\/1621\/revisions"}],"wp:attachment":[{"href":"https:\/\/lavocedelpaese.info\/index.php\/wp-json\/wp\/v2\/media?parent=1621"}],"wp:term":[{"taxonomy":"category","embeddable":true,"href":"https:\/\/lavocedelpaese.info\/index.php\/wp-json\/wp\/v2\/categories?post=1621"},{"taxonomy":"post_tag","embeddable":true,"href":"https:\/\/lavocedelpaese.info\/index.php\/wp-json\/wp\/v2\/tags?post=1621"}],"curies":[{"name":"wp","href":"https:\/\/api.w.org\/{rel}","templated":true}]}}