{"id":1620,"date":"2023-06-03T11:27:10","date_gmt":"2023-06-03T11:27:10","guid":{"rendered":"https:\/\/lavocedelpaese.info\/index.php\/2023\/06\/03\/emozioni-in-musica-2-edizione-presenta-fiaba-in-musica-evento-da-non-perdere\/"},"modified":"2023-06-03T11:27:10","modified_gmt":"2023-06-03T11:27:10","slug":"emozioni-in-musica-2-edizione-presenta-fiaba-in-musica-evento-da-non-perdere","status":"publish","type":"post","link":"https:\/\/lavocedelpaese.info\/index.php\/2023\/06\/03\/emozioni-in-musica-2-edizione-presenta-fiaba-in-musica-evento-da-non-perdere\/","title":{"rendered":"\u201cEmozioni in Musica\u201d 2^ edizione presenta \u201cFiaba in Musica\u201d. Evento da non perdere"},"content":{"rendered":"<p>\u00a0<\/p>\n<p>\u200b\u00a0<\/p>\n<p>\u200bGioia \u2013 La Voce del Paese\u00a0<\/p>\n<div class=\"wp-block-image\">\n<\/div>\n<p>\u201cEmozioni in Musica\u201d avviato nella sua prima sperimentazione a luglio 2020 giunge al termine della sua seconda edizione della durata di sei mesi. Il Progetto cofinanziato dal Garante dei Diritti del Minore, infanzia e adolescenza dalla Regione Puglia e dal Comune di Gioia del Colle \u2013 Assessorato alle Politiche sociali, allora guidato dalla Dott.ssa <strong>Giovanna Pontiggia<\/strong>, \u00e8 stato promosso ed attuato dall\u2019Associazione A.SO.TU.DIS. ETS (Associazione di Solidariet\u00e0 e Tutela Disabili) di Gioia del Colle, coadiuvata dall\u2019Associazione MusicaInGioco.<\/p>\n<p>Un progetto nato sulla scia di quanto accadeva circa sei anni fa con la riforma del Terzo Settore verso una sempre crescente attenzione verso il mondo del sociale il progetto mantiene costantemente la sua capacit\u00e0 di leggere i bisogni gi\u00e0 noti delle fasce pi\u00f9 deboli e di anticipare e accompagnare le evoluzioni in materia di politiche sociali, dalla istituzione di una Garanzia europea per l\u2019infanzia del 2021,per combattere e prevenire l\u2019esclusione sociale, alla imminente attuazione del nuovo PNRR che mette al centro la persona.<\/p>\n<p>L\u2019obiettivo di \u201cEmozioni in Musica\u201d \u00e8 favorire attraverso la musica, grazie all\u2019innovativa \u201cdidattica reticolare MusicaInGioco\u201d, riprodotta dal Maestro <strong>Andrea Gargiulo<\/strong>, i soggetti coinvolti in situazione di disagio e\/o a rischio di abbandono scolastico, a recuperare e potenziare le competenze e l\u2019autostima, a sviluppare attitudini ed abilit\u00e0, a favorire le capacit\u00e0 di socializzazione e di cooperazione, a interessare alla musica e \u201csedurre esteticamente\u201d, grazie alla bellezza dell\u2019esecuzione orchestrale, resa semplice dall\u2019approccio pratico, portando cos\u00ec alla creazione di numerose compagini orchestrali e corali.<\/p>\n<p>Sostanziale \u00e8 stata l\u2019azione di alfabetizzazione alle emozioni e di educazione al riconoscimento e gestione delle stesse. questa impostazione risponde ai dati scientifici di neuro scienze che correlano la musica allo stato emotivo, processi di integrazione tenuti dalle Psicologhe <strong>Adriana Gadaleta<\/strong> e <strong>Valentina Matarangolo<\/strong>. L\u2019evento conclusivo si terr\u00e0 domenica 4 giugno 2023 alle ore 19.00 presso l\u2019Aula Magna della \u201cEx Lum\u201d in via Paolo Cassano a Gioia del Colle con la realizzazione di una \u201cFiaba in Musica\u201d con colore dei suoni, musiche e voce in musica e parole di <strong>Cinzia Farchi<\/strong>. Direzione e testi del Maestro <strong>Andrea Gargiulo<\/strong>. L\u2019evento sar\u00e0 moderato da <strong>Dalila Bellacicco<\/strong>.<\/p>\n<p>Interverranno per i saluti istituzionali il Sindaco Avv. <strong>Giovanni Mastrangelo<\/strong>, l\u2019Assessore ai Servizi Sociali <strong>Marianna Milano<\/strong>, il dott. <strong>Ludovico Abbaticchio<\/strong> Garante dei Diritti del Minore, conclusioni della dott.ssa <strong>Giovanna Pontiggia<\/strong> psicologa e psicoterapeuta, promotrice e sostenitrice del progetto.<\/p>\n<p class=\"has-text-align-right\"><strong>A.SO.TU.DIS. ETS \u2013 MUSICAINGIOCO<\/strong><\/p>\n<p class=\"has-text-align-right\"><strong>Comune di Gioia del Colle<\/strong><\/p>\n<p><a class=\"a2a_button_facebook\" href=\"https:\/\/www.addtoany.com\/add_to\/facebook?linkurl=https%3A%2F%2Fgioia.lavocedelpaese.info%2Findex.php%2F2023%2F06%2F03%2Femozioni-in-musica-2-edizione-presenta-fiaba-in-musica-evento-da-non-perdere%2F&amp;linkname=%E2%80%9CEmozioni%20in%20Musica%E2%80%9D%202%5E%20edizione%20presenta%20%E2%80%9CFiaba%20in%20Musica%E2%80%9D.%20Evento%20da%20non%20perdere\" title=\"Facebook\" target=\"_blank\" rel=\"noopener\"><\/a><a class=\"a2a_button_twitter\" href=\"https:\/\/www.addtoany.com\/add_to\/twitter?linkurl=https%3A%2F%2Fgioia.lavocedelpaese.info%2Findex.php%2F2023%2F06%2F03%2Femozioni-in-musica-2-edizione-presenta-fiaba-in-musica-evento-da-non-perdere%2F&amp;linkname=%E2%80%9CEmozioni%20in%20Musica%E2%80%9D%202%5E%20edizione%20presenta%20%E2%80%9CFiaba%20in%20Musica%E2%80%9D.%20Evento%20da%20non%20perdere\" title=\"Twitter\" target=\"_blank\" rel=\"noopener\"><\/a><a class=\"a2a_button_whatsapp\" href=\"https:\/\/www.addtoany.com\/add_to\/whatsapp?linkurl=https%3A%2F%2Fgioia.lavocedelpaese.info%2Findex.php%2F2023%2F06%2F03%2Femozioni-in-musica-2-edizione-presenta-fiaba-in-musica-evento-da-non-perdere%2F&amp;linkname=%E2%80%9CEmozioni%20in%20Musica%E2%80%9D%202%5E%20edizione%20presenta%20%E2%80%9CFiaba%20in%20Musica%E2%80%9D.%20Evento%20da%20non%20perdere\" title=\"WhatsApp\" target=\"_blank\" rel=\"noopener\"><\/a><a class=\"a2a_button_telegram\" href=\"https:\/\/www.addtoany.com\/add_to\/telegram?linkurl=https%3A%2F%2Fgioia.lavocedelpaese.info%2Findex.php%2F2023%2F06%2F03%2Femozioni-in-musica-2-edizione-presenta-fiaba-in-musica-evento-da-non-perdere%2F&amp;linkname=%E2%80%9CEmozioni%20in%20Musica%E2%80%9D%202%5E%20edizione%20presenta%20%E2%80%9CFiaba%20in%20Musica%E2%80%9D.%20Evento%20da%20non%20perdere\" title=\"Telegram\" target=\"_blank\" rel=\"noopener\"><\/a><a class=\"a2a_button_email\" href=\"https:\/\/www.addtoany.com\/add_to\/email?linkurl=https%3A%2F%2Fgioia.lavocedelpaese.info%2Findex.php%2F2023%2F06%2F03%2Femozioni-in-musica-2-edizione-presenta-fiaba-in-musica-evento-da-non-perdere%2F&amp;linkname=%E2%80%9CEmozioni%20in%20Musica%E2%80%9D%202%5E%20edizione%20presenta%20%E2%80%9CFiaba%20in%20Musica%E2%80%9D.%20Evento%20da%20non%20perdere\" title=\"Email\" target=\"_blank\" rel=\"noopener\"><\/a><\/p>\n<p>\u00a0<\/p>","protected":false},"excerpt":{"rendered":"<p>\u00a0 \u200b\u00a0 \u200bGioia \u2013 La Voce del Paese\u00a0 \u201cEmozioni in Musica\u201d avviato nella sua prima sperimentazione a luglio 2020 giunge<\/p>\n","protected":false},"author":0,"featured_media":0,"comment_status":"open","ping_status":"closed","sticky":false,"template":"","format":"standard","meta":{"colormag_page_container_layout":"default_layout","colormag_page_sidebar_layout":"default_layout","footnotes":""},"categories":[33],"tags":[],"class_list":["post-1620","post","type-post","status-publish","format-standard","hentry","category-network"],"yoast_head":"<!-- This site is optimized with the Yoast SEO plugin v27.5 - https:\/\/yoast.com\/product\/yoast-seo-wordpress\/ -->\n<title>\u201cEmozioni in Musica\u201d 2^ edizione presenta \u201cFiaba in Musica\u201d. Evento da non perdere - La Voce del Paese<\/title>\n<meta name=\"robots\" content=\"index, follow, max-snippet:-1, max-image-preview:large, max-video-preview:-1\" \/>\n<link rel=\"canonical\" href=\"https:\/\/lavocedelpaese.info\/index.php\/2023\/06\/03\/emozioni-in-musica-2-edizione-presenta-fiaba-in-musica-evento-da-non-perdere\/\" \/>\n<meta property=\"og:locale\" content=\"it_IT\" \/>\n<meta property=\"og:type\" content=\"article\" \/>\n<meta property=\"og:title\" content=\"\u201cEmozioni in Musica\u201d 2^ edizione presenta \u201cFiaba in Musica\u201d. Evento da non perdere - La Voce del Paese\" \/>\n<meta property=\"og:description\" content=\"\u00a0 \u200b\u00a0 \u200bGioia \u2013 La Voce del Paese\u00a0 \u201cEmozioni in Musica\u201d avviato nella sua prima sperimentazione a luglio 2020 giunge\" \/>\n<meta property=\"og:url\" content=\"https:\/\/lavocedelpaese.info\/index.php\/2023\/06\/03\/emozioni-in-musica-2-edizione-presenta-fiaba-in-musica-evento-da-non-perdere\/\" \/>\n<meta property=\"og:site_name\" content=\"La Voce del Paese\" \/>\n<meta property=\"article:publisher\" content=\"https:\/\/www.facebook.com\/lavocedelpaese.info\" \/>\n<meta property=\"article:published_time\" content=\"2023-06-03T11:27:10+00:00\" \/>\n<meta name=\"twitter:card\" content=\"summary_large_image\" \/>\n<meta name=\"twitter:label1\" content=\"Tempo di lettura stimato\" \/>\n\t<meta name=\"twitter:data1\" content=\"2 minuti\" \/>\n<script type=\"application\/ld+json\" class=\"yoast-schema-graph\">{\"@context\":\"https:\\\/\\\/schema.org\",\"@graph\":[{\"@type\":\"Article\",\"@id\":\"https:\\\/\\\/lavocedelpaese.info\\\/index.php\\\/2023\\\/06\\\/03\\\/emozioni-in-musica-2-edizione-presenta-fiaba-in-musica-evento-da-non-perdere\\\/#article\",\"isPartOf\":{\"@id\":\"https:\\\/\\\/lavocedelpaese.info\\\/index.php\\\/2023\\\/06\\\/03\\\/emozioni-in-musica-2-edizione-presenta-fiaba-in-musica-evento-da-non-perdere\\\/\"},\"author\":{\"name\":\"\",\"@id\":\"\"},\"headline\":\"\u201cEmozioni in Musica\u201d 2^ edizione presenta \u201cFiaba in Musica\u201d. Evento da non perdere\",\"datePublished\":\"2023-06-03T11:27:10+00:00\",\"mainEntityOfPage\":{\"@id\":\"https:\\\/\\\/lavocedelpaese.info\\\/index.php\\\/2023\\\/06\\\/03\\\/emozioni-in-musica-2-edizione-presenta-fiaba-in-musica-evento-da-non-perdere\\\/\"},\"wordCount\":424,\"commentCount\":0,\"publisher\":{\"@id\":\"https:\\\/\\\/lavocedelpaese.info\\\/#organization\"},\"articleSection\":[\"network\"],\"inLanguage\":\"it-IT\",\"potentialAction\":[{\"@type\":\"CommentAction\",\"name\":\"Comment\",\"target\":[\"https:\\\/\\\/lavocedelpaese.info\\\/index.php\\\/2023\\\/06\\\/03\\\/emozioni-in-musica-2-edizione-presenta-fiaba-in-musica-evento-da-non-perdere\\\/#respond\"]}]},{\"@type\":\"WebPage\",\"@id\":\"https:\\\/\\\/lavocedelpaese.info\\\/index.php\\\/2023\\\/06\\\/03\\\/emozioni-in-musica-2-edizione-presenta-fiaba-in-musica-evento-da-non-perdere\\\/\",\"url\":\"https:\\\/\\\/lavocedelpaese.info\\\/index.php\\\/2023\\\/06\\\/03\\\/emozioni-in-musica-2-edizione-presenta-fiaba-in-musica-evento-da-non-perdere\\\/\",\"name\":\"\u201cEmozioni in Musica\u201d 2^ edizione presenta \u201cFiaba in Musica\u201d. Evento da non perdere - La Voce del Paese\",\"isPartOf\":{\"@id\":\"https:\\\/\\\/lavocedelpaese.info\\\/#website\"},\"datePublished\":\"2023-06-03T11:27:10+00:00\",\"breadcrumb\":{\"@id\":\"https:\\\/\\\/lavocedelpaese.info\\\/index.php\\\/2023\\\/06\\\/03\\\/emozioni-in-musica-2-edizione-presenta-fiaba-in-musica-evento-da-non-perdere\\\/#breadcrumb\"},\"inLanguage\":\"it-IT\",\"potentialAction\":[{\"@type\":\"ReadAction\",\"target\":[\"https:\\\/\\\/lavocedelpaese.info\\\/index.php\\\/2023\\\/06\\\/03\\\/emozioni-in-musica-2-edizione-presenta-fiaba-in-musica-evento-da-non-perdere\\\/\"]}]},{\"@type\":\"BreadcrumbList\",\"@id\":\"https:\\\/\\\/lavocedelpaese.info\\\/index.php\\\/2023\\\/06\\\/03\\\/emozioni-in-musica-2-edizione-presenta-fiaba-in-musica-evento-da-non-perdere\\\/#breadcrumb\",\"itemListElement\":[{\"@type\":\"ListItem\",\"position\":1,\"name\":\"Home\",\"item\":\"https:\\\/\\\/lavocedelpaese.info\\\/\"},{\"@type\":\"ListItem\",\"position\":2,\"name\":\"\u201cEmozioni in Musica\u201d 2^ edizione presenta \u201cFiaba in Musica\u201d. Evento da non perdere\"}]},{\"@type\":\"WebSite\",\"@id\":\"https:\\\/\\\/lavocedelpaese.info\\\/#website\",\"url\":\"https:\\\/\\\/lavocedelpaese.info\\\/\",\"name\":\"La Voce del Paese\",\"description\":\"Un network di idee\",\"publisher\":{\"@id\":\"https:\\\/\\\/lavocedelpaese.info\\\/#organization\"},\"potentialAction\":[{\"@type\":\"SearchAction\",\"target\":{\"@type\":\"EntryPoint\",\"urlTemplate\":\"https:\\\/\\\/lavocedelpaese.info\\\/?s={search_term_string}\"},\"query-input\":{\"@type\":\"PropertyValueSpecification\",\"valueRequired\":true,\"valueName\":\"search_term_string\"}}],\"inLanguage\":\"it-IT\"},{\"@type\":\"Organization\",\"@id\":\"https:\\\/\\\/lavocedelpaese.info\\\/#organization\",\"name\":\"La Voce del Paese\",\"url\":\"https:\\\/\\\/lavocedelpaese.info\\\/\",\"logo\":{\"@type\":\"ImageObject\",\"inLanguage\":\"it-IT\",\"@id\":\"https:\\\/\\\/lavocedelpaese.info\\\/#\\\/schema\\\/logo\\\/image\\\/\",\"url\":\"https:\\\/\\\/lavocedelpaese.info\\\/wp-content\\\/uploads\\\/2023\\\/01\\\/cropped-logo-150-127.png\",\"contentUrl\":\"https:\\\/\\\/lavocedelpaese.info\\\/wp-content\\\/uploads\\\/2023\\\/01\\\/cropped-logo-150-127.png\",\"width\":137,\"height\":119,\"caption\":\"La Voce del Paese\"},\"image\":{\"@id\":\"https:\\\/\\\/lavocedelpaese.info\\\/#\\\/schema\\\/logo\\\/image\\\/\"},\"sameAs\":[\"https:\\\/\\\/www.facebook.com\\\/lavocedelpaese.info\"]}]}<\/script>\n<!-- \/ Yoast SEO plugin. -->","yoast_head_json":{"title":"\u201cEmozioni in Musica\u201d 2^ edizione presenta \u201cFiaba in Musica\u201d. Evento da non perdere - La Voce del Paese","robots":{"index":"index","follow":"follow","max-snippet":"max-snippet:-1","max-image-preview":"max-image-preview:large","max-video-preview":"max-video-preview:-1"},"canonical":"https:\/\/lavocedelpaese.info\/index.php\/2023\/06\/03\/emozioni-in-musica-2-edizione-presenta-fiaba-in-musica-evento-da-non-perdere\/","og_locale":"it_IT","og_type":"article","og_title":"\u201cEmozioni in Musica\u201d 2^ edizione presenta \u201cFiaba in Musica\u201d. Evento da non perdere - La Voce del Paese","og_description":"\u00a0 \u200b\u00a0 \u200bGioia \u2013 La Voce del Paese\u00a0 \u201cEmozioni in Musica\u201d avviato nella sua prima sperimentazione a luglio 2020 giunge","og_url":"https:\/\/lavocedelpaese.info\/index.php\/2023\/06\/03\/emozioni-in-musica-2-edizione-presenta-fiaba-in-musica-evento-da-non-perdere\/","og_site_name":"La Voce del Paese","article_publisher":"https:\/\/www.facebook.com\/lavocedelpaese.info","article_published_time":"2023-06-03T11:27:10+00:00","twitter_card":"summary_large_image","twitter_misc":{"Tempo di lettura stimato":"2 minuti"},"schema":{"@context":"https:\/\/schema.org","@graph":[{"@type":"Article","@id":"https:\/\/lavocedelpaese.info\/index.php\/2023\/06\/03\/emozioni-in-musica-2-edizione-presenta-fiaba-in-musica-evento-da-non-perdere\/#article","isPartOf":{"@id":"https:\/\/lavocedelpaese.info\/index.php\/2023\/06\/03\/emozioni-in-musica-2-edizione-presenta-fiaba-in-musica-evento-da-non-perdere\/"},"author":{"name":"","@id":""},"headline":"\u201cEmozioni in Musica\u201d 2^ edizione presenta \u201cFiaba in Musica\u201d. Evento da non perdere","datePublished":"2023-06-03T11:27:10+00:00","mainEntityOfPage":{"@id":"https:\/\/lavocedelpaese.info\/index.php\/2023\/06\/03\/emozioni-in-musica-2-edizione-presenta-fiaba-in-musica-evento-da-non-perdere\/"},"wordCount":424,"commentCount":0,"publisher":{"@id":"https:\/\/lavocedelpaese.info\/#organization"},"articleSection":["network"],"inLanguage":"it-IT","potentialAction":[{"@type":"CommentAction","name":"Comment","target":["https:\/\/lavocedelpaese.info\/index.php\/2023\/06\/03\/emozioni-in-musica-2-edizione-presenta-fiaba-in-musica-evento-da-non-perdere\/#respond"]}]},{"@type":"WebPage","@id":"https:\/\/lavocedelpaese.info\/index.php\/2023\/06\/03\/emozioni-in-musica-2-edizione-presenta-fiaba-in-musica-evento-da-non-perdere\/","url":"https:\/\/lavocedelpaese.info\/index.php\/2023\/06\/03\/emozioni-in-musica-2-edizione-presenta-fiaba-in-musica-evento-da-non-perdere\/","name":"\u201cEmozioni in Musica\u201d 2^ edizione presenta \u201cFiaba in Musica\u201d. Evento da non perdere - La Voce del Paese","isPartOf":{"@id":"https:\/\/lavocedelpaese.info\/#website"},"datePublished":"2023-06-03T11:27:10+00:00","breadcrumb":{"@id":"https:\/\/lavocedelpaese.info\/index.php\/2023\/06\/03\/emozioni-in-musica-2-edizione-presenta-fiaba-in-musica-evento-da-non-perdere\/#breadcrumb"},"inLanguage":"it-IT","potentialAction":[{"@type":"ReadAction","target":["https:\/\/lavocedelpaese.info\/index.php\/2023\/06\/03\/emozioni-in-musica-2-edizione-presenta-fiaba-in-musica-evento-da-non-perdere\/"]}]},{"@type":"BreadcrumbList","@id":"https:\/\/lavocedelpaese.info\/index.php\/2023\/06\/03\/emozioni-in-musica-2-edizione-presenta-fiaba-in-musica-evento-da-non-perdere\/#breadcrumb","itemListElement":[{"@type":"ListItem","position":1,"name":"Home","item":"https:\/\/lavocedelpaese.info\/"},{"@type":"ListItem","position":2,"name":"\u201cEmozioni in Musica\u201d 2^ edizione presenta \u201cFiaba in Musica\u201d. Evento da non perdere"}]},{"@type":"WebSite","@id":"https:\/\/lavocedelpaese.info\/#website","url":"https:\/\/lavocedelpaese.info\/","name":"La Voce del Paese","description":"Un network di idee","publisher":{"@id":"https:\/\/lavocedelpaese.info\/#organization"},"potentialAction":[{"@type":"SearchAction","target":{"@type":"EntryPoint","urlTemplate":"https:\/\/lavocedelpaese.info\/?s={search_term_string}"},"query-input":{"@type":"PropertyValueSpecification","valueRequired":true,"valueName":"search_term_string"}}],"inLanguage":"it-IT"},{"@type":"Organization","@id":"https:\/\/lavocedelpaese.info\/#organization","name":"La Voce del Paese","url":"https:\/\/lavocedelpaese.info\/","logo":{"@type":"ImageObject","inLanguage":"it-IT","@id":"https:\/\/lavocedelpaese.info\/#\/schema\/logo\/image\/","url":"https:\/\/lavocedelpaese.info\/wp-content\/uploads\/2023\/01\/cropped-logo-150-127.png","contentUrl":"https:\/\/lavocedelpaese.info\/wp-content\/uploads\/2023\/01\/cropped-logo-150-127.png","width":137,"height":119,"caption":"La Voce del Paese"},"image":{"@id":"https:\/\/lavocedelpaese.info\/#\/schema\/logo\/image\/"},"sameAs":["https:\/\/www.facebook.com\/lavocedelpaese.info"]}]}},"_links":{"self":[{"href":"https:\/\/lavocedelpaese.info\/index.php\/wp-json\/wp\/v2\/posts\/1620","targetHints":{"allow":["GET"]}}],"collection":[{"href":"https:\/\/lavocedelpaese.info\/index.php\/wp-json\/wp\/v2\/posts"}],"about":[{"href":"https:\/\/lavocedelpaese.info\/index.php\/wp-json\/wp\/v2\/types\/post"}],"replies":[{"embeddable":true,"href":"https:\/\/lavocedelpaese.info\/index.php\/wp-json\/wp\/v2\/comments?post=1620"}],"version-history":[{"count":0,"href":"https:\/\/lavocedelpaese.info\/index.php\/wp-json\/wp\/v2\/posts\/1620\/revisions"}],"wp:attachment":[{"href":"https:\/\/lavocedelpaese.info\/index.php\/wp-json\/wp\/v2\/media?parent=1620"}],"wp:term":[{"taxonomy":"category","embeddable":true,"href":"https:\/\/lavocedelpaese.info\/index.php\/wp-json\/wp\/v2\/categories?post=1620"},{"taxonomy":"post_tag","embeddable":true,"href":"https:\/\/lavocedelpaese.info\/index.php\/wp-json\/wp\/v2\/tags?post=1620"}],"curies":[{"name":"wp","href":"https:\/\/api.w.org\/{rel}","templated":true}]}}