{"id":1592,"date":"2023-05-27T06:26:00","date_gmt":"2023-05-27T06:26:00","guid":{"rendered":"https:\/\/lavocedelpaese.info\/index.php\/2023\/05\/27\/pentecoste-mons-ricchiuti-ad-acquaviva-per-benedire-le-immagini-dei-santi-papi-giovanni-xxiii-e-paolo-vi\/"},"modified":"2023-05-27T06:26:00","modified_gmt":"2023-05-27T06:26:00","slug":"pentecoste-mons-ricchiuti-ad-acquaviva-per-benedire-le-immagini-dei-santi-papi-giovanni-xxiii-e-paolo-vi","status":"publish","type":"post","link":"https:\/\/lavocedelpaese.info\/index.php\/2023\/05\/27\/pentecoste-mons-ricchiuti-ad-acquaviva-per-benedire-le-immagini-dei-santi-papi-giovanni-xxiii-e-paolo-vi\/","title":{"rendered":"Pentecoste, Mons. Ricchiuti ad Acquaviva per benedire le immagini dei Santi Papi Giovanni XXIII e Paolo VI"},"content":{"rendered":"<p>\u00a0<\/p>\n<p>\u200b\u00a0<\/p>\n<p>\u200bAcquaviva \u2013 La Voce del Paese\u00a0<\/p>\n<p>La Citt\u00e0 di Acquaviva delle Fonti sta vivendo un Anno Giubilare straordinario indetto in occasione dei 400 anni dell\u2019anniversario  della dedicazione della Concattedrale.<\/p>\n<p>Il 28 maggio, domenica di Pentecoste, alle ore 19.00 l\u2019Arcivescovo Mons. Giovanni Ricchiuti benedir\u00e0 le immagini  dei Santi Papi Giovanni XXIII e Paolo VI eseguiti dall\u2019artista  Giovanni Lorenzetti. <\/p>\n<p>I ritratti saranno poi esposti al culto.<\/p>\n<p>\u201cUn appuntamento storico- ha dichiarato il parroco <strong>Mons. Domenico Giannuzzi<\/strong>\u2013 che sono certo lascer\u00e0 un segno  nella vita della nostra Comunit\u00e0 e nella storia della nostra Concattedrale\u201d. <\/p>\n<p>Le opere sono state volute dalla Parrocchia, non solo come un\u2019occasione celebrativa, ma come richiamo al prezioso magistero del Concilio Vaticano II.<\/p>\n<p>\u201cCi siamo chiesti- prosegue Giannuzzi-  quale messaggio la nostra comunit\u00e0 avrebbe potuto lasciare come testimone alle prossime generazioni. La memoria dei Santi Giovanni XXIII e Paolo VI  ci aiuter\u00e0 ad accogliere l\u2019invito di San Giovanni Paolo II a ricercare nel Concilio Vaticano II la bussola del terzo millennio cristiano.<\/p>\n<p>Due Papi, due Santi contemporanei che hanno inciso inscindibilmente , con il loro pontificato e la loro inconfondibile personalit\u00e0, la storia ecclesiastica e umana degli ultimi decenni: papa Giovanni XXIII, nato Angelo Giuseppe Roncalli, il \u2018papa buono\u2019, ci ha insegnato il linguaggio della tenerezza con il quale annunciare il vangelo della pace. Ha sempre svolto la sua missione pastorale con umilt\u00e0,  con un temperamento coinvolgente e di forte attrazione popolare.<\/p>\n<p>Paolo VI, nato Giovanni Battista Montini, il \u2018papa del dialogo\u2019, ha aiutato il popolo di Dio a riconoscere il mistero della Chiesa nel suo profondo legame a Cristo e nel rapporto con il mondo contemporaneo, con la sua cultura, umilt\u00e0, sensibilit\u00e0 \u00e8 stato maestro di dialogo e accoglienza verso tutti.<\/p>\n<p>Due diverse personalit\u00e0 accomunate da un\u2019unica missione: il Concilio Vaticano II, quell\u2019evento che \u00e8 stato definito il concilio della seconda  riforma cattolica, dopo quella fondativa del XVI secolo.<\/p>\n<p>Per la nostra Parrocchia questa domenica di Pentecoste sar\u00e0 un\u2019occasione preziosa per invocare su tutti noi il dono dello Spirito Santo. <\/p>\n<p>Sarebbe un grande dono se tutti- ragazzi, giovani, adulti nella diversit\u00e0 dei carismi (Azione Cattolica, Neocatecumenali, AGESCI, granelli di Senape, Tabit\u00e0) e ministeri (consiglio pastorale, coro, catechisti, Caritas, ministri straordinari, lettori) \u2013 partecipassimo a questa Solenne Celebrazione per accogliere il dono di questi compagni di viaggio che, dal cielo ci guidano, ci benedicono e pregano per noi\u201d.<\/p>\n\n<p><a class=\"a2a_button_facebook\" href=\"https:\/\/www.addtoany.com\/add_to\/facebook?linkurl=https%3A%2F%2Facquaviva.lavocedelpaese.info%2Findex.php%2F2023%2F05%2F27%2Fpentecoste-mons-ricchiuti-ad-acquaviva-per-benedire-le-immagini-dei-santi-papi-giovanni-xxiii-e-paolo-vi%2F&amp;linkname=Pentecoste%2C%20Mons.%20Ricchiuti%20ad%20Acquaviva%20per%20benedire%20le%20immagini%20dei%20Santi%20Papi%20Giovanni%20XXIII%20e%20Paolo%20VI\" title=\"Facebook\" target=\"_blank\" rel=\"noopener\"><\/a><a class=\"a2a_button_twitter\" href=\"https:\/\/www.addtoany.com\/add_to\/twitter?linkurl=https%3A%2F%2Facquaviva.lavocedelpaese.info%2Findex.php%2F2023%2F05%2F27%2Fpentecoste-mons-ricchiuti-ad-acquaviva-per-benedire-le-immagini-dei-santi-papi-giovanni-xxiii-e-paolo-vi%2F&amp;linkname=Pentecoste%2C%20Mons.%20Ricchiuti%20ad%20Acquaviva%20per%20benedire%20le%20immagini%20dei%20Santi%20Papi%20Giovanni%20XXIII%20e%20Paolo%20VI\" title=\"Twitter\" target=\"_blank\" rel=\"noopener\"><\/a><a class=\"a2a_button_whatsapp\" href=\"https:\/\/www.addtoany.com\/add_to\/whatsapp?linkurl=https%3A%2F%2Facquaviva.lavocedelpaese.info%2Findex.php%2F2023%2F05%2F27%2Fpentecoste-mons-ricchiuti-ad-acquaviva-per-benedire-le-immagini-dei-santi-papi-giovanni-xxiii-e-paolo-vi%2F&amp;linkname=Pentecoste%2C%20Mons.%20Ricchiuti%20ad%20Acquaviva%20per%20benedire%20le%20immagini%20dei%20Santi%20Papi%20Giovanni%20XXIII%20e%20Paolo%20VI\" title=\"WhatsApp\" target=\"_blank\" rel=\"noopener\"><\/a><a class=\"a2a_button_telegram\" href=\"https:\/\/www.addtoany.com\/add_to\/telegram?linkurl=https%3A%2F%2Facquaviva.lavocedelpaese.info%2Findex.php%2F2023%2F05%2F27%2Fpentecoste-mons-ricchiuti-ad-acquaviva-per-benedire-le-immagini-dei-santi-papi-giovanni-xxiii-e-paolo-vi%2F&amp;linkname=Pentecoste%2C%20Mons.%20Ricchiuti%20ad%20Acquaviva%20per%20benedire%20le%20immagini%20dei%20Santi%20Papi%20Giovanni%20XXIII%20e%20Paolo%20VI\" title=\"Telegram\" target=\"_blank\" rel=\"noopener\"><\/a><a class=\"a2a_button_email\" href=\"https:\/\/www.addtoany.com\/add_to\/email?linkurl=https%3A%2F%2Facquaviva.lavocedelpaese.info%2Findex.php%2F2023%2F05%2F27%2Fpentecoste-mons-ricchiuti-ad-acquaviva-per-benedire-le-immagini-dei-santi-papi-giovanni-xxiii-e-paolo-vi%2F&amp;linkname=Pentecoste%2C%20Mons.%20Ricchiuti%20ad%20Acquaviva%20per%20benedire%20le%20immagini%20dei%20Santi%20Papi%20Giovanni%20XXIII%20e%20Paolo%20VI\" title=\"Email\" target=\"_blank\" rel=\"noopener\"><\/a><\/p>\n<p>\u00a0<\/p>","protected":false},"excerpt":{"rendered":"<p>\u00a0 \u200b\u00a0 \u200bAcquaviva \u2013 La Voce del Paese\u00a0 La Citt\u00e0 di Acquaviva delle Fonti sta vivendo un Anno Giubilare straordinario<\/p>\n","protected":false},"author":0,"featured_media":0,"comment_status":"open","ping_status":"closed","sticky":false,"template":"","format":"standard","meta":{"colormag_page_container_layout":"default_layout","colormag_page_sidebar_layout":"default_layout","footnotes":""},"categories":[33],"tags":[],"class_list":["post-1592","post","type-post","status-publish","format-standard","hentry","category-network"],"yoast_head":"<!-- This site is optimized with the Yoast SEO plugin v27.5 - https:\/\/yoast.com\/product\/yoast-seo-wordpress\/ -->\n<title>Pentecoste, Mons. Ricchiuti ad Acquaviva per benedire le immagini dei Santi Papi Giovanni XXIII e Paolo VI - La Voce del Paese<\/title>\n<meta name=\"robots\" content=\"index, follow, max-snippet:-1, max-image-preview:large, max-video-preview:-1\" \/>\n<link rel=\"canonical\" href=\"https:\/\/lavocedelpaese.info\/index.php\/2023\/05\/27\/pentecoste-mons-ricchiuti-ad-acquaviva-per-benedire-le-immagini-dei-santi-papi-giovanni-xxiii-e-paolo-vi\/\" \/>\n<meta property=\"og:locale\" content=\"it_IT\" \/>\n<meta property=\"og:type\" content=\"article\" \/>\n<meta property=\"og:title\" content=\"Pentecoste, Mons. Ricchiuti ad Acquaviva per benedire le immagini dei Santi Papi Giovanni XXIII e Paolo VI - La Voce del Paese\" \/>\n<meta property=\"og:description\" content=\"\u00a0 \u200b\u00a0 \u200bAcquaviva \u2013 La Voce del Paese\u00a0 La Citt\u00e0 di Acquaviva delle Fonti sta vivendo un Anno Giubilare straordinario\" \/>\n<meta property=\"og:url\" content=\"https:\/\/lavocedelpaese.info\/index.php\/2023\/05\/27\/pentecoste-mons-ricchiuti-ad-acquaviva-per-benedire-le-immagini-dei-santi-papi-giovanni-xxiii-e-paolo-vi\/\" \/>\n<meta property=\"og:site_name\" content=\"La Voce del Paese\" \/>\n<meta property=\"article:publisher\" content=\"https:\/\/www.facebook.com\/lavocedelpaese.info\" \/>\n<meta property=\"article:published_time\" content=\"2023-05-27T06:26:00+00:00\" \/>\n<meta name=\"twitter:card\" content=\"summary_large_image\" \/>\n<meta name=\"twitter:label1\" content=\"Tempo di lettura stimato\" \/>\n\t<meta name=\"twitter:data1\" content=\"2 minuti\" \/>\n<script type=\"application\/ld+json\" class=\"yoast-schema-graph\">{\"@context\":\"https:\\\/\\\/schema.org\",\"@graph\":[{\"@type\":\"Article\",\"@id\":\"https:\\\/\\\/lavocedelpaese.info\\\/index.php\\\/2023\\\/05\\\/27\\\/pentecoste-mons-ricchiuti-ad-acquaviva-per-benedire-le-immagini-dei-santi-papi-giovanni-xxiii-e-paolo-vi\\\/#article\",\"isPartOf\":{\"@id\":\"https:\\\/\\\/lavocedelpaese.info\\\/index.php\\\/2023\\\/05\\\/27\\\/pentecoste-mons-ricchiuti-ad-acquaviva-per-benedire-le-immagini-dei-santi-papi-giovanni-xxiii-e-paolo-vi\\\/\"},\"author\":{\"name\":\"\",\"@id\":\"\"},\"headline\":\"Pentecoste, Mons. Ricchiuti ad Acquaviva per benedire le immagini dei Santi Papi Giovanni XXIII e Paolo VI\",\"datePublished\":\"2023-05-27T06:26:00+00:00\",\"mainEntityOfPage\":{\"@id\":\"https:\\\/\\\/lavocedelpaese.info\\\/index.php\\\/2023\\\/05\\\/27\\\/pentecoste-mons-ricchiuti-ad-acquaviva-per-benedire-le-immagini-dei-santi-papi-giovanni-xxiii-e-paolo-vi\\\/\"},\"wordCount\":405,\"commentCount\":0,\"publisher\":{\"@id\":\"https:\\\/\\\/lavocedelpaese.info\\\/#organization\"},\"articleSection\":[\"network\"],\"inLanguage\":\"it-IT\",\"potentialAction\":[{\"@type\":\"CommentAction\",\"name\":\"Comment\",\"target\":[\"https:\\\/\\\/lavocedelpaese.info\\\/index.php\\\/2023\\\/05\\\/27\\\/pentecoste-mons-ricchiuti-ad-acquaviva-per-benedire-le-immagini-dei-santi-papi-giovanni-xxiii-e-paolo-vi\\\/#respond\"]}]},{\"@type\":\"WebPage\",\"@id\":\"https:\\\/\\\/lavocedelpaese.info\\\/index.php\\\/2023\\\/05\\\/27\\\/pentecoste-mons-ricchiuti-ad-acquaviva-per-benedire-le-immagini-dei-santi-papi-giovanni-xxiii-e-paolo-vi\\\/\",\"url\":\"https:\\\/\\\/lavocedelpaese.info\\\/index.php\\\/2023\\\/05\\\/27\\\/pentecoste-mons-ricchiuti-ad-acquaviva-per-benedire-le-immagini-dei-santi-papi-giovanni-xxiii-e-paolo-vi\\\/\",\"name\":\"Pentecoste, Mons. Ricchiuti ad Acquaviva per benedire le immagini dei Santi Papi Giovanni XXIII e Paolo VI - La Voce del Paese\",\"isPartOf\":{\"@id\":\"https:\\\/\\\/lavocedelpaese.info\\\/#website\"},\"datePublished\":\"2023-05-27T06:26:00+00:00\",\"breadcrumb\":{\"@id\":\"https:\\\/\\\/lavocedelpaese.info\\\/index.php\\\/2023\\\/05\\\/27\\\/pentecoste-mons-ricchiuti-ad-acquaviva-per-benedire-le-immagini-dei-santi-papi-giovanni-xxiii-e-paolo-vi\\\/#breadcrumb\"},\"inLanguage\":\"it-IT\",\"potentialAction\":[{\"@type\":\"ReadAction\",\"target\":[\"https:\\\/\\\/lavocedelpaese.info\\\/index.php\\\/2023\\\/05\\\/27\\\/pentecoste-mons-ricchiuti-ad-acquaviva-per-benedire-le-immagini-dei-santi-papi-giovanni-xxiii-e-paolo-vi\\\/\"]}]},{\"@type\":\"BreadcrumbList\",\"@id\":\"https:\\\/\\\/lavocedelpaese.info\\\/index.php\\\/2023\\\/05\\\/27\\\/pentecoste-mons-ricchiuti-ad-acquaviva-per-benedire-le-immagini-dei-santi-papi-giovanni-xxiii-e-paolo-vi\\\/#breadcrumb\",\"itemListElement\":[{\"@type\":\"ListItem\",\"position\":1,\"name\":\"Home\",\"item\":\"https:\\\/\\\/lavocedelpaese.info\\\/\"},{\"@type\":\"ListItem\",\"position\":2,\"name\":\"Pentecoste, Mons. Ricchiuti ad Acquaviva per benedire le immagini dei Santi Papi Giovanni XXIII e Paolo VI\"}]},{\"@type\":\"WebSite\",\"@id\":\"https:\\\/\\\/lavocedelpaese.info\\\/#website\",\"url\":\"https:\\\/\\\/lavocedelpaese.info\\\/\",\"name\":\"La Voce del Paese\",\"description\":\"Un network di idee\",\"publisher\":{\"@id\":\"https:\\\/\\\/lavocedelpaese.info\\\/#organization\"},\"potentialAction\":[{\"@type\":\"SearchAction\",\"target\":{\"@type\":\"EntryPoint\",\"urlTemplate\":\"https:\\\/\\\/lavocedelpaese.info\\\/?s={search_term_string}\"},\"query-input\":{\"@type\":\"PropertyValueSpecification\",\"valueRequired\":true,\"valueName\":\"search_term_string\"}}],\"inLanguage\":\"it-IT\"},{\"@type\":\"Organization\",\"@id\":\"https:\\\/\\\/lavocedelpaese.info\\\/#organization\",\"name\":\"La Voce del Paese\",\"url\":\"https:\\\/\\\/lavocedelpaese.info\\\/\",\"logo\":{\"@type\":\"ImageObject\",\"inLanguage\":\"it-IT\",\"@id\":\"https:\\\/\\\/lavocedelpaese.info\\\/#\\\/schema\\\/logo\\\/image\\\/\",\"url\":\"https:\\\/\\\/lavocedelpaese.info\\\/wp-content\\\/uploads\\\/2023\\\/01\\\/cropped-logo-150-127.png\",\"contentUrl\":\"https:\\\/\\\/lavocedelpaese.info\\\/wp-content\\\/uploads\\\/2023\\\/01\\\/cropped-logo-150-127.png\",\"width\":137,\"height\":119,\"caption\":\"La Voce del Paese\"},\"image\":{\"@id\":\"https:\\\/\\\/lavocedelpaese.info\\\/#\\\/schema\\\/logo\\\/image\\\/\"},\"sameAs\":[\"https:\\\/\\\/www.facebook.com\\\/lavocedelpaese.info\"]}]}<\/script>\n<!-- \/ Yoast SEO plugin. -->","yoast_head_json":{"title":"Pentecoste, Mons. Ricchiuti ad Acquaviva per benedire le immagini dei Santi Papi Giovanni XXIII e Paolo VI - La Voce del Paese","robots":{"index":"index","follow":"follow","max-snippet":"max-snippet:-1","max-image-preview":"max-image-preview:large","max-video-preview":"max-video-preview:-1"},"canonical":"https:\/\/lavocedelpaese.info\/index.php\/2023\/05\/27\/pentecoste-mons-ricchiuti-ad-acquaviva-per-benedire-le-immagini-dei-santi-papi-giovanni-xxiii-e-paolo-vi\/","og_locale":"it_IT","og_type":"article","og_title":"Pentecoste, Mons. Ricchiuti ad Acquaviva per benedire le immagini dei Santi Papi Giovanni XXIII e Paolo VI - La Voce del Paese","og_description":"\u00a0 \u200b\u00a0 \u200bAcquaviva \u2013 La Voce del Paese\u00a0 La Citt\u00e0 di Acquaviva delle Fonti sta vivendo un Anno Giubilare straordinario","og_url":"https:\/\/lavocedelpaese.info\/index.php\/2023\/05\/27\/pentecoste-mons-ricchiuti-ad-acquaviva-per-benedire-le-immagini-dei-santi-papi-giovanni-xxiii-e-paolo-vi\/","og_site_name":"La Voce del Paese","article_publisher":"https:\/\/www.facebook.com\/lavocedelpaese.info","article_published_time":"2023-05-27T06:26:00+00:00","twitter_card":"summary_large_image","twitter_misc":{"Tempo di lettura stimato":"2 minuti"},"schema":{"@context":"https:\/\/schema.org","@graph":[{"@type":"Article","@id":"https:\/\/lavocedelpaese.info\/index.php\/2023\/05\/27\/pentecoste-mons-ricchiuti-ad-acquaviva-per-benedire-le-immagini-dei-santi-papi-giovanni-xxiii-e-paolo-vi\/#article","isPartOf":{"@id":"https:\/\/lavocedelpaese.info\/index.php\/2023\/05\/27\/pentecoste-mons-ricchiuti-ad-acquaviva-per-benedire-le-immagini-dei-santi-papi-giovanni-xxiii-e-paolo-vi\/"},"author":{"name":"","@id":""},"headline":"Pentecoste, Mons. Ricchiuti ad Acquaviva per benedire le immagini dei Santi Papi Giovanni XXIII e Paolo VI","datePublished":"2023-05-27T06:26:00+00:00","mainEntityOfPage":{"@id":"https:\/\/lavocedelpaese.info\/index.php\/2023\/05\/27\/pentecoste-mons-ricchiuti-ad-acquaviva-per-benedire-le-immagini-dei-santi-papi-giovanni-xxiii-e-paolo-vi\/"},"wordCount":405,"commentCount":0,"publisher":{"@id":"https:\/\/lavocedelpaese.info\/#organization"},"articleSection":["network"],"inLanguage":"it-IT","potentialAction":[{"@type":"CommentAction","name":"Comment","target":["https:\/\/lavocedelpaese.info\/index.php\/2023\/05\/27\/pentecoste-mons-ricchiuti-ad-acquaviva-per-benedire-le-immagini-dei-santi-papi-giovanni-xxiii-e-paolo-vi\/#respond"]}]},{"@type":"WebPage","@id":"https:\/\/lavocedelpaese.info\/index.php\/2023\/05\/27\/pentecoste-mons-ricchiuti-ad-acquaviva-per-benedire-le-immagini-dei-santi-papi-giovanni-xxiii-e-paolo-vi\/","url":"https:\/\/lavocedelpaese.info\/index.php\/2023\/05\/27\/pentecoste-mons-ricchiuti-ad-acquaviva-per-benedire-le-immagini-dei-santi-papi-giovanni-xxiii-e-paolo-vi\/","name":"Pentecoste, Mons. Ricchiuti ad Acquaviva per benedire le immagini dei Santi Papi Giovanni XXIII e Paolo VI - La Voce del Paese","isPartOf":{"@id":"https:\/\/lavocedelpaese.info\/#website"},"datePublished":"2023-05-27T06:26:00+00:00","breadcrumb":{"@id":"https:\/\/lavocedelpaese.info\/index.php\/2023\/05\/27\/pentecoste-mons-ricchiuti-ad-acquaviva-per-benedire-le-immagini-dei-santi-papi-giovanni-xxiii-e-paolo-vi\/#breadcrumb"},"inLanguage":"it-IT","potentialAction":[{"@type":"ReadAction","target":["https:\/\/lavocedelpaese.info\/index.php\/2023\/05\/27\/pentecoste-mons-ricchiuti-ad-acquaviva-per-benedire-le-immagini-dei-santi-papi-giovanni-xxiii-e-paolo-vi\/"]}]},{"@type":"BreadcrumbList","@id":"https:\/\/lavocedelpaese.info\/index.php\/2023\/05\/27\/pentecoste-mons-ricchiuti-ad-acquaviva-per-benedire-le-immagini-dei-santi-papi-giovanni-xxiii-e-paolo-vi\/#breadcrumb","itemListElement":[{"@type":"ListItem","position":1,"name":"Home","item":"https:\/\/lavocedelpaese.info\/"},{"@type":"ListItem","position":2,"name":"Pentecoste, Mons. Ricchiuti ad Acquaviva per benedire le immagini dei Santi Papi Giovanni XXIII e Paolo VI"}]},{"@type":"WebSite","@id":"https:\/\/lavocedelpaese.info\/#website","url":"https:\/\/lavocedelpaese.info\/","name":"La Voce del Paese","description":"Un network di idee","publisher":{"@id":"https:\/\/lavocedelpaese.info\/#organization"},"potentialAction":[{"@type":"SearchAction","target":{"@type":"EntryPoint","urlTemplate":"https:\/\/lavocedelpaese.info\/?s={search_term_string}"},"query-input":{"@type":"PropertyValueSpecification","valueRequired":true,"valueName":"search_term_string"}}],"inLanguage":"it-IT"},{"@type":"Organization","@id":"https:\/\/lavocedelpaese.info\/#organization","name":"La Voce del Paese","url":"https:\/\/lavocedelpaese.info\/","logo":{"@type":"ImageObject","inLanguage":"it-IT","@id":"https:\/\/lavocedelpaese.info\/#\/schema\/logo\/image\/","url":"https:\/\/lavocedelpaese.info\/wp-content\/uploads\/2023\/01\/cropped-logo-150-127.png","contentUrl":"https:\/\/lavocedelpaese.info\/wp-content\/uploads\/2023\/01\/cropped-logo-150-127.png","width":137,"height":119,"caption":"La Voce del Paese"},"image":{"@id":"https:\/\/lavocedelpaese.info\/#\/schema\/logo\/image\/"},"sameAs":["https:\/\/www.facebook.com\/lavocedelpaese.info"]}]}},"_links":{"self":[{"href":"https:\/\/lavocedelpaese.info\/index.php\/wp-json\/wp\/v2\/posts\/1592","targetHints":{"allow":["GET"]}}],"collection":[{"href":"https:\/\/lavocedelpaese.info\/index.php\/wp-json\/wp\/v2\/posts"}],"about":[{"href":"https:\/\/lavocedelpaese.info\/index.php\/wp-json\/wp\/v2\/types\/post"}],"replies":[{"embeddable":true,"href":"https:\/\/lavocedelpaese.info\/index.php\/wp-json\/wp\/v2\/comments?post=1592"}],"version-history":[{"count":0,"href":"https:\/\/lavocedelpaese.info\/index.php\/wp-json\/wp\/v2\/posts\/1592\/revisions"}],"wp:attachment":[{"href":"https:\/\/lavocedelpaese.info\/index.php\/wp-json\/wp\/v2\/media?parent=1592"}],"wp:term":[{"taxonomy":"category","embeddable":true,"href":"https:\/\/lavocedelpaese.info\/index.php\/wp-json\/wp\/v2\/categories?post=1592"},{"taxonomy":"post_tag","embeddable":true,"href":"https:\/\/lavocedelpaese.info\/index.php\/wp-json\/wp\/v2\/tags?post=1592"}],"curies":[{"name":"wp","href":"https:\/\/api.w.org\/{rel}","templated":true}]}}