{"id":1564,"date":"2023-05-20T05:29:50","date_gmt":"2023-05-20T05:29:50","guid":{"rendered":"https:\/\/lavocedelpaese.info\/index.php\/2023\/05\/20\/colonia-marina-2023-la-giunta-stabilisce-gli-indirizzi-del-servizio\/"},"modified":"2023-05-20T05:29:50","modified_gmt":"2023-05-20T05:29:50","slug":"colonia-marina-2023-la-giunta-stabilisce-gli-indirizzi-del-servizio","status":"publish","type":"post","link":"https:\/\/lavocedelpaese.info\/index.php\/2023\/05\/20\/colonia-marina-2023-la-giunta-stabilisce-gli-indirizzi-del-servizio\/","title":{"rendered":"Colonia marina 2023, la Giunta stabilisce gli indirizzi del servizio"},"content":{"rendered":"<p>\u00a0<\/p>\n<p>\u200b\u00a0<\/p>\n<p>\u200bTuri \u2013 La Voce del Paese\u00a0<\/p>\n<p>Con delibera di Giunta del 15 maggio, sono stati stabiliti gli indirizzi per l\u2019affidamento del servizio di colonia marina, dedicato a creare un\u2019opportunit\u00e0 di svago e di socializzazione per i minori, di et\u00e0 compresa tra 6 e 13 anni, residenti nel Comune di Turi.<\/p>\n<h4 class=\"wp-block-heading\"><strong>Il servizio<\/strong><\/h4>\n<p>La colonia, prevista \u201cnel periodo presumibile 3-28 luglio, si articoler\u00e0 in due 2 turni di 10 giorni ciascuno (con esclusione del sabato e della domenica) e sar\u00e0 aperta alla partecipazione di circa 130 bambini, di cui 6 bambini con disabilit\u00e0.<\/p>\n<p>Il soggiorno avverr\u00e0 presso uno stabilimento balneare, attrezzato per l\u2019inclusione dei bambini con disabilit\u00e0, servizi igienici, spiaggia sabbiosa, zona ristoro con spazi d\u2019ombra, un ombrellone ogni 8 bambini, bagnino con brevetto e materiale ludico.<br \/>Inoltre, dovr\u00e0 essere garantita la presenza di un educatore per ogni 12 bambini, un educatore di sostegno per ogni bambino con disabilit\u00e0, un animatore ed un coordinatore.<br \/>Infine, il trasporto dovr\u00e0 avvenire utilizzo di pullman G.T., dotato di pedana sollevatrice e postazione carrozzella a bordo.<\/p>\n<h4 class=\"wp-block-heading\"><strong>Adesione<\/strong><\/h4>\n<p>Le domande ammissibili saranno inserite in graduatoria in base all\u2019Isee dichiarato, partendo dal pi\u00f9 basso e fino ad esaurimento dei posti disponibili.<\/p>\n<p>La quota di compartecipazione, fissata in 50 euro per ogni partecipante per turno, andr\u00e0 versata a mezzo PagoPa e la ricevuta dovr\u00e0 essere allegata alla domanda di partecipazione al servizio, a pena di esclusione. Tale somma non sar\u00e0 rimborsata in caso di rinuncia o di mancanza dei requisiti anagrafici e di residenza.<\/p>\n<p>Saranno ammessi gratuitamente al servizio massimo 10 bambini (5 per ogni turno) su indicazione delle Assistenti Sociali del Comune.<\/p>\n<p><a class=\"a2a_button_facebook\" href=\"https:\/\/www.addtoany.com\/add_to\/facebook?linkurl=https%3A%2F%2Fturi.lavocedelpaese.info%2Fcolonia-marina-2023-la-giunta-stabilisce-gli-indirizzi-del-servizio%2F&amp;linkname=Colonia%20marina%202023%2C%20la%20Giunta%20stabilisce%20gli%20indirizzi%20del%20servizio\" title=\"Facebook\" target=\"_blank\" rel=\"noopener\"><\/a><a class=\"a2a_button_twitter\" href=\"https:\/\/www.addtoany.com\/add_to\/twitter?linkurl=https%3A%2F%2Fturi.lavocedelpaese.info%2Fcolonia-marina-2023-la-giunta-stabilisce-gli-indirizzi-del-servizio%2F&amp;linkname=Colonia%20marina%202023%2C%20la%20Giunta%20stabilisce%20gli%20indirizzi%20del%20servizio\" title=\"Twitter\" target=\"_blank\" rel=\"noopener\"><\/a><a class=\"a2a_button_whatsapp\" href=\"https:\/\/www.addtoany.com\/add_to\/whatsapp?linkurl=https%3A%2F%2Fturi.lavocedelpaese.info%2Fcolonia-marina-2023-la-giunta-stabilisce-gli-indirizzi-del-servizio%2F&amp;linkname=Colonia%20marina%202023%2C%20la%20Giunta%20stabilisce%20gli%20indirizzi%20del%20servizio\" title=\"WhatsApp\" target=\"_blank\" rel=\"noopener\"><\/a><a class=\"a2a_button_telegram\" href=\"https:\/\/www.addtoany.com\/add_to\/telegram?linkurl=https%3A%2F%2Fturi.lavocedelpaese.info%2Fcolonia-marina-2023-la-giunta-stabilisce-gli-indirizzi-del-servizio%2F&amp;linkname=Colonia%20marina%202023%2C%20la%20Giunta%20stabilisce%20gli%20indirizzi%20del%20servizio\" title=\"Telegram\" target=\"_blank\" rel=\"noopener\"><\/a><a class=\"a2a_button_email\" href=\"https:\/\/www.addtoany.com\/add_to\/email?linkurl=https%3A%2F%2Fturi.lavocedelpaese.info%2Fcolonia-marina-2023-la-giunta-stabilisce-gli-indirizzi-del-servizio%2F&amp;linkname=Colonia%20marina%202023%2C%20la%20Giunta%20stabilisce%20gli%20indirizzi%20del%20servizio\" title=\"Email\" target=\"_blank\" rel=\"noopener\"><\/a><\/p>\n<p>\u00a0<\/p>","protected":false},"excerpt":{"rendered":"<p>\u00a0 \u200b\u00a0 \u200bTuri \u2013 La Voce del Paese\u00a0 Con delibera di Giunta del 15 maggio, sono stati stabiliti gli indirizzi<\/p>\n","protected":false},"author":0,"featured_media":0,"comment_status":"open","ping_status":"closed","sticky":false,"template":"","format":"standard","meta":{"colormag_page_container_layout":"default_layout","colormag_page_sidebar_layout":"default_layout","footnotes":""},"categories":[33],"tags":[],"class_list":["post-1564","post","type-post","status-publish","format-standard","hentry","category-network"],"yoast_head":"<!-- This site is optimized with the Yoast SEO plugin v27.5 - https:\/\/yoast.com\/product\/yoast-seo-wordpress\/ -->\n<title>Colonia marina 2023, la Giunta stabilisce gli indirizzi del servizio - La Voce del Paese<\/title>\n<meta name=\"robots\" content=\"index, follow, max-snippet:-1, max-image-preview:large, max-video-preview:-1\" \/>\n<link rel=\"canonical\" href=\"https:\/\/lavocedelpaese.info\/index.php\/2023\/05\/20\/colonia-marina-2023-la-giunta-stabilisce-gli-indirizzi-del-servizio\/\" \/>\n<meta property=\"og:locale\" content=\"it_IT\" \/>\n<meta property=\"og:type\" content=\"article\" \/>\n<meta property=\"og:title\" content=\"Colonia marina 2023, la Giunta stabilisce gli indirizzi del servizio - La Voce del Paese\" \/>\n<meta property=\"og:description\" content=\"\u00a0 \u200b\u00a0 \u200bTuri \u2013 La Voce del Paese\u00a0 Con delibera di Giunta del 15 maggio, sono stati stabiliti gli indirizzi\" \/>\n<meta property=\"og:url\" content=\"https:\/\/lavocedelpaese.info\/index.php\/2023\/05\/20\/colonia-marina-2023-la-giunta-stabilisce-gli-indirizzi-del-servizio\/\" \/>\n<meta property=\"og:site_name\" content=\"La Voce del Paese\" \/>\n<meta property=\"article:publisher\" content=\"https:\/\/www.facebook.com\/lavocedelpaese.info\" \/>\n<meta property=\"article:published_time\" content=\"2023-05-20T05:29:50+00:00\" \/>\n<meta name=\"twitter:card\" content=\"summary_large_image\" \/>\n<meta name=\"twitter:label1\" content=\"Tempo di lettura stimato\" \/>\n\t<meta name=\"twitter:data1\" content=\"1 minuto\" \/>\n<script type=\"application\/ld+json\" class=\"yoast-schema-graph\">{\"@context\":\"https:\\\/\\\/schema.org\",\"@graph\":[{\"@type\":\"Article\",\"@id\":\"https:\\\/\\\/lavocedelpaese.info\\\/index.php\\\/2023\\\/05\\\/20\\\/colonia-marina-2023-la-giunta-stabilisce-gli-indirizzi-del-servizio\\\/#article\",\"isPartOf\":{\"@id\":\"https:\\\/\\\/lavocedelpaese.info\\\/index.php\\\/2023\\\/05\\\/20\\\/colonia-marina-2023-la-giunta-stabilisce-gli-indirizzi-del-servizio\\\/\"},\"author\":{\"name\":\"\",\"@id\":\"\"},\"headline\":\"Colonia marina 2023, la Giunta stabilisce gli indirizzi del servizio\",\"datePublished\":\"2023-05-20T05:29:50+00:00\",\"mainEntityOfPage\":{\"@id\":\"https:\\\/\\\/lavocedelpaese.info\\\/index.php\\\/2023\\\/05\\\/20\\\/colonia-marina-2023-la-giunta-stabilisce-gli-indirizzi-del-servizio\\\/\"},\"wordCount\":267,\"commentCount\":0,\"publisher\":{\"@id\":\"https:\\\/\\\/lavocedelpaese.info\\\/#organization\"},\"articleSection\":[\"network\"],\"inLanguage\":\"it-IT\",\"potentialAction\":[{\"@type\":\"CommentAction\",\"name\":\"Comment\",\"target\":[\"https:\\\/\\\/lavocedelpaese.info\\\/index.php\\\/2023\\\/05\\\/20\\\/colonia-marina-2023-la-giunta-stabilisce-gli-indirizzi-del-servizio\\\/#respond\"]}]},{\"@type\":\"WebPage\",\"@id\":\"https:\\\/\\\/lavocedelpaese.info\\\/index.php\\\/2023\\\/05\\\/20\\\/colonia-marina-2023-la-giunta-stabilisce-gli-indirizzi-del-servizio\\\/\",\"url\":\"https:\\\/\\\/lavocedelpaese.info\\\/index.php\\\/2023\\\/05\\\/20\\\/colonia-marina-2023-la-giunta-stabilisce-gli-indirizzi-del-servizio\\\/\",\"name\":\"Colonia marina 2023, la Giunta stabilisce gli indirizzi del servizio - La Voce del Paese\",\"isPartOf\":{\"@id\":\"https:\\\/\\\/lavocedelpaese.info\\\/#website\"},\"datePublished\":\"2023-05-20T05:29:50+00:00\",\"breadcrumb\":{\"@id\":\"https:\\\/\\\/lavocedelpaese.info\\\/index.php\\\/2023\\\/05\\\/20\\\/colonia-marina-2023-la-giunta-stabilisce-gli-indirizzi-del-servizio\\\/#breadcrumb\"},\"inLanguage\":\"it-IT\",\"potentialAction\":[{\"@type\":\"ReadAction\",\"target\":[\"https:\\\/\\\/lavocedelpaese.info\\\/index.php\\\/2023\\\/05\\\/20\\\/colonia-marina-2023-la-giunta-stabilisce-gli-indirizzi-del-servizio\\\/\"]}]},{\"@type\":\"BreadcrumbList\",\"@id\":\"https:\\\/\\\/lavocedelpaese.info\\\/index.php\\\/2023\\\/05\\\/20\\\/colonia-marina-2023-la-giunta-stabilisce-gli-indirizzi-del-servizio\\\/#breadcrumb\",\"itemListElement\":[{\"@type\":\"ListItem\",\"position\":1,\"name\":\"Home\",\"item\":\"https:\\\/\\\/lavocedelpaese.info\\\/\"},{\"@type\":\"ListItem\",\"position\":2,\"name\":\"Colonia marina 2023, la Giunta stabilisce gli indirizzi del servizio\"}]},{\"@type\":\"WebSite\",\"@id\":\"https:\\\/\\\/lavocedelpaese.info\\\/#website\",\"url\":\"https:\\\/\\\/lavocedelpaese.info\\\/\",\"name\":\"La Voce del Paese\",\"description\":\"Un network di idee\",\"publisher\":{\"@id\":\"https:\\\/\\\/lavocedelpaese.info\\\/#organization\"},\"potentialAction\":[{\"@type\":\"SearchAction\",\"target\":{\"@type\":\"EntryPoint\",\"urlTemplate\":\"https:\\\/\\\/lavocedelpaese.info\\\/?s={search_term_string}\"},\"query-input\":{\"@type\":\"PropertyValueSpecification\",\"valueRequired\":true,\"valueName\":\"search_term_string\"}}],\"inLanguage\":\"it-IT\"},{\"@type\":\"Organization\",\"@id\":\"https:\\\/\\\/lavocedelpaese.info\\\/#organization\",\"name\":\"La Voce del Paese\",\"url\":\"https:\\\/\\\/lavocedelpaese.info\\\/\",\"logo\":{\"@type\":\"ImageObject\",\"inLanguage\":\"it-IT\",\"@id\":\"https:\\\/\\\/lavocedelpaese.info\\\/#\\\/schema\\\/logo\\\/image\\\/\",\"url\":\"https:\\\/\\\/lavocedelpaese.info\\\/wp-content\\\/uploads\\\/2023\\\/01\\\/cropped-logo-150-127.png\",\"contentUrl\":\"https:\\\/\\\/lavocedelpaese.info\\\/wp-content\\\/uploads\\\/2023\\\/01\\\/cropped-logo-150-127.png\",\"width\":137,\"height\":119,\"caption\":\"La Voce del Paese\"},\"image\":{\"@id\":\"https:\\\/\\\/lavocedelpaese.info\\\/#\\\/schema\\\/logo\\\/image\\\/\"},\"sameAs\":[\"https:\\\/\\\/www.facebook.com\\\/lavocedelpaese.info\"]}]}<\/script>\n<!-- \/ Yoast SEO plugin. -->","yoast_head_json":{"title":"Colonia marina 2023, la Giunta stabilisce gli indirizzi del servizio - La Voce del Paese","robots":{"index":"index","follow":"follow","max-snippet":"max-snippet:-1","max-image-preview":"max-image-preview:large","max-video-preview":"max-video-preview:-1"},"canonical":"https:\/\/lavocedelpaese.info\/index.php\/2023\/05\/20\/colonia-marina-2023-la-giunta-stabilisce-gli-indirizzi-del-servizio\/","og_locale":"it_IT","og_type":"article","og_title":"Colonia marina 2023, la Giunta stabilisce gli indirizzi del servizio - La Voce del Paese","og_description":"\u00a0 \u200b\u00a0 \u200bTuri \u2013 La Voce del Paese\u00a0 Con delibera di Giunta del 15 maggio, sono stati stabiliti gli indirizzi","og_url":"https:\/\/lavocedelpaese.info\/index.php\/2023\/05\/20\/colonia-marina-2023-la-giunta-stabilisce-gli-indirizzi-del-servizio\/","og_site_name":"La Voce del Paese","article_publisher":"https:\/\/www.facebook.com\/lavocedelpaese.info","article_published_time":"2023-05-20T05:29:50+00:00","twitter_card":"summary_large_image","twitter_misc":{"Tempo di lettura stimato":"1 minuto"},"schema":{"@context":"https:\/\/schema.org","@graph":[{"@type":"Article","@id":"https:\/\/lavocedelpaese.info\/index.php\/2023\/05\/20\/colonia-marina-2023-la-giunta-stabilisce-gli-indirizzi-del-servizio\/#article","isPartOf":{"@id":"https:\/\/lavocedelpaese.info\/index.php\/2023\/05\/20\/colonia-marina-2023-la-giunta-stabilisce-gli-indirizzi-del-servizio\/"},"author":{"name":"","@id":""},"headline":"Colonia marina 2023, la Giunta stabilisce gli indirizzi del servizio","datePublished":"2023-05-20T05:29:50+00:00","mainEntityOfPage":{"@id":"https:\/\/lavocedelpaese.info\/index.php\/2023\/05\/20\/colonia-marina-2023-la-giunta-stabilisce-gli-indirizzi-del-servizio\/"},"wordCount":267,"commentCount":0,"publisher":{"@id":"https:\/\/lavocedelpaese.info\/#organization"},"articleSection":["network"],"inLanguage":"it-IT","potentialAction":[{"@type":"CommentAction","name":"Comment","target":["https:\/\/lavocedelpaese.info\/index.php\/2023\/05\/20\/colonia-marina-2023-la-giunta-stabilisce-gli-indirizzi-del-servizio\/#respond"]}]},{"@type":"WebPage","@id":"https:\/\/lavocedelpaese.info\/index.php\/2023\/05\/20\/colonia-marina-2023-la-giunta-stabilisce-gli-indirizzi-del-servizio\/","url":"https:\/\/lavocedelpaese.info\/index.php\/2023\/05\/20\/colonia-marina-2023-la-giunta-stabilisce-gli-indirizzi-del-servizio\/","name":"Colonia marina 2023, la Giunta stabilisce gli indirizzi del servizio - La Voce del Paese","isPartOf":{"@id":"https:\/\/lavocedelpaese.info\/#website"},"datePublished":"2023-05-20T05:29:50+00:00","breadcrumb":{"@id":"https:\/\/lavocedelpaese.info\/index.php\/2023\/05\/20\/colonia-marina-2023-la-giunta-stabilisce-gli-indirizzi-del-servizio\/#breadcrumb"},"inLanguage":"it-IT","potentialAction":[{"@type":"ReadAction","target":["https:\/\/lavocedelpaese.info\/index.php\/2023\/05\/20\/colonia-marina-2023-la-giunta-stabilisce-gli-indirizzi-del-servizio\/"]}]},{"@type":"BreadcrumbList","@id":"https:\/\/lavocedelpaese.info\/index.php\/2023\/05\/20\/colonia-marina-2023-la-giunta-stabilisce-gli-indirizzi-del-servizio\/#breadcrumb","itemListElement":[{"@type":"ListItem","position":1,"name":"Home","item":"https:\/\/lavocedelpaese.info\/"},{"@type":"ListItem","position":2,"name":"Colonia marina 2023, la Giunta stabilisce gli indirizzi del servizio"}]},{"@type":"WebSite","@id":"https:\/\/lavocedelpaese.info\/#website","url":"https:\/\/lavocedelpaese.info\/","name":"La Voce del Paese","description":"Un network di idee","publisher":{"@id":"https:\/\/lavocedelpaese.info\/#organization"},"potentialAction":[{"@type":"SearchAction","target":{"@type":"EntryPoint","urlTemplate":"https:\/\/lavocedelpaese.info\/?s={search_term_string}"},"query-input":{"@type":"PropertyValueSpecification","valueRequired":true,"valueName":"search_term_string"}}],"inLanguage":"it-IT"},{"@type":"Organization","@id":"https:\/\/lavocedelpaese.info\/#organization","name":"La Voce del Paese","url":"https:\/\/lavocedelpaese.info\/","logo":{"@type":"ImageObject","inLanguage":"it-IT","@id":"https:\/\/lavocedelpaese.info\/#\/schema\/logo\/image\/","url":"https:\/\/lavocedelpaese.info\/wp-content\/uploads\/2023\/01\/cropped-logo-150-127.png","contentUrl":"https:\/\/lavocedelpaese.info\/wp-content\/uploads\/2023\/01\/cropped-logo-150-127.png","width":137,"height":119,"caption":"La Voce del Paese"},"image":{"@id":"https:\/\/lavocedelpaese.info\/#\/schema\/logo\/image\/"},"sameAs":["https:\/\/www.facebook.com\/lavocedelpaese.info"]}]}},"_links":{"self":[{"href":"https:\/\/lavocedelpaese.info\/index.php\/wp-json\/wp\/v2\/posts\/1564","targetHints":{"allow":["GET"]}}],"collection":[{"href":"https:\/\/lavocedelpaese.info\/index.php\/wp-json\/wp\/v2\/posts"}],"about":[{"href":"https:\/\/lavocedelpaese.info\/index.php\/wp-json\/wp\/v2\/types\/post"}],"replies":[{"embeddable":true,"href":"https:\/\/lavocedelpaese.info\/index.php\/wp-json\/wp\/v2\/comments?post=1564"}],"version-history":[{"count":0,"href":"https:\/\/lavocedelpaese.info\/index.php\/wp-json\/wp\/v2\/posts\/1564\/revisions"}],"wp:attachment":[{"href":"https:\/\/lavocedelpaese.info\/index.php\/wp-json\/wp\/v2\/media?parent=1564"}],"wp:term":[{"taxonomy":"category","embeddable":true,"href":"https:\/\/lavocedelpaese.info\/index.php\/wp-json\/wp\/v2\/categories?post=1564"},{"taxonomy":"post_tag","embeddable":true,"href":"https:\/\/lavocedelpaese.info\/index.php\/wp-json\/wp\/v2\/tags?post=1564"}],"curies":[{"name":"wp","href":"https:\/\/api.w.org\/{rel}","templated":true}]}}