{"id":1557,"date":"2023-05-17T09:32:49","date_gmt":"2023-05-17T09:32:49","guid":{"rendered":"https:\/\/lavocedelpaese.info\/index.php\/2023\/05\/17\/il-commiato-del-mondo-della-pallavolo-turese-ad-antonio-gasparro-il-gentiluomo-dello-sport\/"},"modified":"2023-05-17T09:32:49","modified_gmt":"2023-05-17T09:32:49","slug":"il-commiato-del-mondo-della-pallavolo-turese-ad-antonio-gasparro-il-gentiluomo-dello-sport","status":"publish","type":"post","link":"https:\/\/lavocedelpaese.info\/index.php\/2023\/05\/17\/il-commiato-del-mondo-della-pallavolo-turese-ad-antonio-gasparro-il-gentiluomo-dello-sport\/","title":{"rendered":"Il commiato del mondo della pallavolo turese ad Antonio Gasparro, il \u201cgentiluomo dello sport\u201d"},"content":{"rendered":"<p>\u00a0<\/p>\n<p>\u200b\u00a0<\/p>\n<p>\u200bTuri \u2013 La Voce del Paese\u00a0<\/p>\n<p>A poche ore dall\u2019inizio dell\u2019avventura nei play off per l\u2019A3, il cuore della societ\u00e0 e dei tifosi dell\u2019Asd Revolution Turi \u00e8 rivolto al presidente onorario Antonio Gasparro, recentemente venuto a mancare. A lui, il \u201cgentiluomo dello sport\u201d, \u00e8 indirizzata questa intensa lettera di commiato, in cui si ripercorre il ruolo svolto \u2013 tanto a livello professionale quanto a livello umano \u2013 per rilanciare il mondo della pallavolo turese.<\/p>\n<p>\u00abCarissimo Antonio\u2026<br \/>sei stato un punto di riferimento per tanti, il tuo nome \u00e8 indissolubilmente legato a quello della pallavolo di Turi di cui sei stato Presidente dal 1994 al 2010 e poi \u201cPresidente Onorario\u201d. Lo sarai sempre nei nostri cuori e nei nostri ricordi.<\/p>\n<p>Sei la persona che ha fatto rinascere, assieme ai vari collaboratori, il movimento pallavolistico turese, prima con la squadra femminile e poi con quella maschile, con la quale abbiamo vissuto tutti insieme momenti straordinari e indimenticabili che ci hanno portato prima alla promozione in Serie B e poi, addirittura, a giocarci gli spareggi per la Serie A2.<\/p>\n<p>Qualcosa di assolutamente impensabile fino a pochi anni prima, realizzato anche grazie ad uno sponsor che ha dato fiducia e collaborazione in un connubio gestionale fatto di programmazione, oculatezza e soprattutto grande passione. In particolare, questa non ti \u00e8 mai mancata e l\u2019hai sempre trasmessa a tutti, cos\u00ec come la tua grande capacit\u00e0 di trasmettere calma, di trovare una soluzione, quella pi\u00f9 giusta, per ogni situazione e problema, la mediazione nei conflitti e nelle difficolt\u00e0.<\/p>\n<p>Sei stato come un secondo padre per tante giocatrici e giocatori, autorevole senza mai essere autoritario, umile e paziente quanto fermo nelle scelte che andavano prese sempre nell\u2019interesse e nel rispetto di tutti. Tantissime qualit\u00e0 che hai sempre avuto nell\u2019essere marito, padre e nonno. E amico, di tutti noi che ti abbiamo voluto bene e che continueremo a farlo.\u00a0<\/p>\n<p>Gentiluomo, lo sport turese e la comunit\u00e0 sar\u00e0 sempre grata a te.<\/p>\n<p>Ciao caro Antonio, riposa in pace, ti abbracciamo forte\u00bb.\u00a0<\/p>\n<p class=\"has-text-align-right\"><strong><em>Noi delle Pallavolo TURI<\/em><\/strong><\/p>\n<p><a class=\"a2a_button_facebook\" href=\"https:\/\/www.addtoany.com\/add_to\/facebook?linkurl=https%3A%2F%2Fturi.lavocedelpaese.info%2Fil-commiato-del-mondo-della-pallavolo-turese-ad-antonio-gasparro-il-gentiluomo-dello-sport%2F&amp;linkname=Il%20commiato%20del%20mondo%20della%20pallavolo%20turese%20ad%20Antonio%20Gasparro%2C%20il%20%E2%80%9Cgentiluomo%20dello%20sport%E2%80%9D\" title=\"Facebook\" target=\"_blank\" rel=\"noopener\"><\/a><a class=\"a2a_button_twitter\" href=\"https:\/\/www.addtoany.com\/add_to\/twitter?linkurl=https%3A%2F%2Fturi.lavocedelpaese.info%2Fil-commiato-del-mondo-della-pallavolo-turese-ad-antonio-gasparro-il-gentiluomo-dello-sport%2F&amp;linkname=Il%20commiato%20del%20mondo%20della%20pallavolo%20turese%20ad%20Antonio%20Gasparro%2C%20il%20%E2%80%9Cgentiluomo%20dello%20sport%E2%80%9D\" title=\"Twitter\" target=\"_blank\" rel=\"noopener\"><\/a><a class=\"a2a_button_whatsapp\" href=\"https:\/\/www.addtoany.com\/add_to\/whatsapp?linkurl=https%3A%2F%2Fturi.lavocedelpaese.info%2Fil-commiato-del-mondo-della-pallavolo-turese-ad-antonio-gasparro-il-gentiluomo-dello-sport%2F&amp;linkname=Il%20commiato%20del%20mondo%20della%20pallavolo%20turese%20ad%20Antonio%20Gasparro%2C%20il%20%E2%80%9Cgentiluomo%20dello%20sport%E2%80%9D\" title=\"WhatsApp\" target=\"_blank\" rel=\"noopener\"><\/a><a class=\"a2a_button_telegram\" href=\"https:\/\/www.addtoany.com\/add_to\/telegram?linkurl=https%3A%2F%2Fturi.lavocedelpaese.info%2Fil-commiato-del-mondo-della-pallavolo-turese-ad-antonio-gasparro-il-gentiluomo-dello-sport%2F&amp;linkname=Il%20commiato%20del%20mondo%20della%20pallavolo%20turese%20ad%20Antonio%20Gasparro%2C%20il%20%E2%80%9Cgentiluomo%20dello%20sport%E2%80%9D\" title=\"Telegram\" target=\"_blank\" rel=\"noopener\"><\/a><a class=\"a2a_button_email\" href=\"https:\/\/www.addtoany.com\/add_to\/email?linkurl=https%3A%2F%2Fturi.lavocedelpaese.info%2Fil-commiato-del-mondo-della-pallavolo-turese-ad-antonio-gasparro-il-gentiluomo-dello-sport%2F&amp;linkname=Il%20commiato%20del%20mondo%20della%20pallavolo%20turese%20ad%20Antonio%20Gasparro%2C%20il%20%E2%80%9Cgentiluomo%20dello%20sport%E2%80%9D\" title=\"Email\" target=\"_blank\" rel=\"noopener\"><\/a><\/p>\n<p>\u00a0<\/p>","protected":false},"excerpt":{"rendered":"<p>\u00a0 \u200b\u00a0 \u200bTuri \u2013 La Voce del Paese\u00a0 A poche ore dall\u2019inizio dell\u2019avventura nei play off per l\u2019A3, il cuore<\/p>\n","protected":false},"author":0,"featured_media":0,"comment_status":"open","ping_status":"closed","sticky":false,"template":"","format":"standard","meta":{"colormag_page_container_layout":"default_layout","colormag_page_sidebar_layout":"default_layout","footnotes":""},"categories":[33],"tags":[],"class_list":["post-1557","post","type-post","status-publish","format-standard","hentry","category-network"],"yoast_head":"<!-- This site is optimized with the Yoast SEO plugin v27.5 - https:\/\/yoast.com\/product\/yoast-seo-wordpress\/ -->\n<title>Il commiato del mondo della pallavolo turese ad Antonio Gasparro, il \u201cgentiluomo dello sport\u201d - La Voce del Paese<\/title>\n<meta name=\"robots\" content=\"index, follow, max-snippet:-1, max-image-preview:large, max-video-preview:-1\" \/>\n<link rel=\"canonical\" href=\"https:\/\/lavocedelpaese.info\/index.php\/2023\/05\/17\/il-commiato-del-mondo-della-pallavolo-turese-ad-antonio-gasparro-il-gentiluomo-dello-sport\/\" \/>\n<meta property=\"og:locale\" content=\"it_IT\" \/>\n<meta property=\"og:type\" content=\"article\" \/>\n<meta property=\"og:title\" content=\"Il commiato del mondo della pallavolo turese ad Antonio Gasparro, il \u201cgentiluomo dello sport\u201d - La Voce del Paese\" \/>\n<meta property=\"og:description\" content=\"\u00a0 \u200b\u00a0 \u200bTuri \u2013 La Voce del Paese\u00a0 A poche ore dall\u2019inizio dell\u2019avventura nei play off per l\u2019A3, il cuore\" \/>\n<meta property=\"og:url\" content=\"https:\/\/lavocedelpaese.info\/index.php\/2023\/05\/17\/il-commiato-del-mondo-della-pallavolo-turese-ad-antonio-gasparro-il-gentiluomo-dello-sport\/\" \/>\n<meta property=\"og:site_name\" content=\"La Voce del Paese\" \/>\n<meta property=\"article:publisher\" content=\"https:\/\/www.facebook.com\/lavocedelpaese.info\" \/>\n<meta property=\"article:published_time\" content=\"2023-05-17T09:32:49+00:00\" \/>\n<meta name=\"twitter:card\" content=\"summary_large_image\" \/>\n<meta name=\"twitter:label1\" content=\"Tempo di lettura stimato\" \/>\n\t<meta name=\"twitter:data1\" content=\"2 minuti\" \/>\n<script type=\"application\/ld+json\" class=\"yoast-schema-graph\">{\"@context\":\"https:\\\/\\\/schema.org\",\"@graph\":[{\"@type\":\"Article\",\"@id\":\"https:\\\/\\\/lavocedelpaese.info\\\/index.php\\\/2023\\\/05\\\/17\\\/il-commiato-del-mondo-della-pallavolo-turese-ad-antonio-gasparro-il-gentiluomo-dello-sport\\\/#article\",\"isPartOf\":{\"@id\":\"https:\\\/\\\/lavocedelpaese.info\\\/index.php\\\/2023\\\/05\\\/17\\\/il-commiato-del-mondo-della-pallavolo-turese-ad-antonio-gasparro-il-gentiluomo-dello-sport\\\/\"},\"author\":{\"name\":\"\",\"@id\":\"\"},\"headline\":\"Il commiato del mondo della pallavolo turese ad Antonio Gasparro, il \u201cgentiluomo dello sport\u201d\",\"datePublished\":\"2023-05-17T09:32:49+00:00\",\"mainEntityOfPage\":{\"@id\":\"https:\\\/\\\/lavocedelpaese.info\\\/index.php\\\/2023\\\/05\\\/17\\\/il-commiato-del-mondo-della-pallavolo-turese-ad-antonio-gasparro-il-gentiluomo-dello-sport\\\/\"},\"wordCount\":347,\"commentCount\":0,\"publisher\":{\"@id\":\"https:\\\/\\\/lavocedelpaese.info\\\/#organization\"},\"articleSection\":[\"network\"],\"inLanguage\":\"it-IT\",\"potentialAction\":[{\"@type\":\"CommentAction\",\"name\":\"Comment\",\"target\":[\"https:\\\/\\\/lavocedelpaese.info\\\/index.php\\\/2023\\\/05\\\/17\\\/il-commiato-del-mondo-della-pallavolo-turese-ad-antonio-gasparro-il-gentiluomo-dello-sport\\\/#respond\"]}]},{\"@type\":\"WebPage\",\"@id\":\"https:\\\/\\\/lavocedelpaese.info\\\/index.php\\\/2023\\\/05\\\/17\\\/il-commiato-del-mondo-della-pallavolo-turese-ad-antonio-gasparro-il-gentiluomo-dello-sport\\\/\",\"url\":\"https:\\\/\\\/lavocedelpaese.info\\\/index.php\\\/2023\\\/05\\\/17\\\/il-commiato-del-mondo-della-pallavolo-turese-ad-antonio-gasparro-il-gentiluomo-dello-sport\\\/\",\"name\":\"Il commiato del mondo della pallavolo turese ad Antonio Gasparro, il \u201cgentiluomo dello sport\u201d - La Voce del Paese\",\"isPartOf\":{\"@id\":\"https:\\\/\\\/lavocedelpaese.info\\\/#website\"},\"datePublished\":\"2023-05-17T09:32:49+00:00\",\"breadcrumb\":{\"@id\":\"https:\\\/\\\/lavocedelpaese.info\\\/index.php\\\/2023\\\/05\\\/17\\\/il-commiato-del-mondo-della-pallavolo-turese-ad-antonio-gasparro-il-gentiluomo-dello-sport\\\/#breadcrumb\"},\"inLanguage\":\"it-IT\",\"potentialAction\":[{\"@type\":\"ReadAction\",\"target\":[\"https:\\\/\\\/lavocedelpaese.info\\\/index.php\\\/2023\\\/05\\\/17\\\/il-commiato-del-mondo-della-pallavolo-turese-ad-antonio-gasparro-il-gentiluomo-dello-sport\\\/\"]}]},{\"@type\":\"BreadcrumbList\",\"@id\":\"https:\\\/\\\/lavocedelpaese.info\\\/index.php\\\/2023\\\/05\\\/17\\\/il-commiato-del-mondo-della-pallavolo-turese-ad-antonio-gasparro-il-gentiluomo-dello-sport\\\/#breadcrumb\",\"itemListElement\":[{\"@type\":\"ListItem\",\"position\":1,\"name\":\"Home\",\"item\":\"https:\\\/\\\/lavocedelpaese.info\\\/\"},{\"@type\":\"ListItem\",\"position\":2,\"name\":\"Il commiato del mondo della pallavolo turese ad Antonio Gasparro, il \u201cgentiluomo dello sport\u201d\"}]},{\"@type\":\"WebSite\",\"@id\":\"https:\\\/\\\/lavocedelpaese.info\\\/#website\",\"url\":\"https:\\\/\\\/lavocedelpaese.info\\\/\",\"name\":\"La Voce del Paese\",\"description\":\"Un network di idee\",\"publisher\":{\"@id\":\"https:\\\/\\\/lavocedelpaese.info\\\/#organization\"},\"potentialAction\":[{\"@type\":\"SearchAction\",\"target\":{\"@type\":\"EntryPoint\",\"urlTemplate\":\"https:\\\/\\\/lavocedelpaese.info\\\/?s={search_term_string}\"},\"query-input\":{\"@type\":\"PropertyValueSpecification\",\"valueRequired\":true,\"valueName\":\"search_term_string\"}}],\"inLanguage\":\"it-IT\"},{\"@type\":\"Organization\",\"@id\":\"https:\\\/\\\/lavocedelpaese.info\\\/#organization\",\"name\":\"La Voce del Paese\",\"url\":\"https:\\\/\\\/lavocedelpaese.info\\\/\",\"logo\":{\"@type\":\"ImageObject\",\"inLanguage\":\"it-IT\",\"@id\":\"https:\\\/\\\/lavocedelpaese.info\\\/#\\\/schema\\\/logo\\\/image\\\/\",\"url\":\"https:\\\/\\\/lavocedelpaese.info\\\/wp-content\\\/uploads\\\/2023\\\/01\\\/cropped-logo-150-127.png\",\"contentUrl\":\"https:\\\/\\\/lavocedelpaese.info\\\/wp-content\\\/uploads\\\/2023\\\/01\\\/cropped-logo-150-127.png\",\"width\":137,\"height\":119,\"caption\":\"La Voce del Paese\"},\"image\":{\"@id\":\"https:\\\/\\\/lavocedelpaese.info\\\/#\\\/schema\\\/logo\\\/image\\\/\"},\"sameAs\":[\"https:\\\/\\\/www.facebook.com\\\/lavocedelpaese.info\"]}]}<\/script>\n<!-- \/ Yoast SEO plugin. -->","yoast_head_json":{"title":"Il commiato del mondo della pallavolo turese ad Antonio Gasparro, il \u201cgentiluomo dello sport\u201d - La Voce del Paese","robots":{"index":"index","follow":"follow","max-snippet":"max-snippet:-1","max-image-preview":"max-image-preview:large","max-video-preview":"max-video-preview:-1"},"canonical":"https:\/\/lavocedelpaese.info\/index.php\/2023\/05\/17\/il-commiato-del-mondo-della-pallavolo-turese-ad-antonio-gasparro-il-gentiluomo-dello-sport\/","og_locale":"it_IT","og_type":"article","og_title":"Il commiato del mondo della pallavolo turese ad Antonio Gasparro, il \u201cgentiluomo dello sport\u201d - La Voce del Paese","og_description":"\u00a0 \u200b\u00a0 \u200bTuri \u2013 La Voce del Paese\u00a0 A poche ore dall\u2019inizio dell\u2019avventura nei play off per l\u2019A3, il cuore","og_url":"https:\/\/lavocedelpaese.info\/index.php\/2023\/05\/17\/il-commiato-del-mondo-della-pallavolo-turese-ad-antonio-gasparro-il-gentiluomo-dello-sport\/","og_site_name":"La Voce del Paese","article_publisher":"https:\/\/www.facebook.com\/lavocedelpaese.info","article_published_time":"2023-05-17T09:32:49+00:00","twitter_card":"summary_large_image","twitter_misc":{"Tempo di lettura stimato":"2 minuti"},"schema":{"@context":"https:\/\/schema.org","@graph":[{"@type":"Article","@id":"https:\/\/lavocedelpaese.info\/index.php\/2023\/05\/17\/il-commiato-del-mondo-della-pallavolo-turese-ad-antonio-gasparro-il-gentiluomo-dello-sport\/#article","isPartOf":{"@id":"https:\/\/lavocedelpaese.info\/index.php\/2023\/05\/17\/il-commiato-del-mondo-della-pallavolo-turese-ad-antonio-gasparro-il-gentiluomo-dello-sport\/"},"author":{"name":"","@id":""},"headline":"Il commiato del mondo della pallavolo turese ad Antonio Gasparro, il \u201cgentiluomo dello sport\u201d","datePublished":"2023-05-17T09:32:49+00:00","mainEntityOfPage":{"@id":"https:\/\/lavocedelpaese.info\/index.php\/2023\/05\/17\/il-commiato-del-mondo-della-pallavolo-turese-ad-antonio-gasparro-il-gentiluomo-dello-sport\/"},"wordCount":347,"commentCount":0,"publisher":{"@id":"https:\/\/lavocedelpaese.info\/#organization"},"articleSection":["network"],"inLanguage":"it-IT","potentialAction":[{"@type":"CommentAction","name":"Comment","target":["https:\/\/lavocedelpaese.info\/index.php\/2023\/05\/17\/il-commiato-del-mondo-della-pallavolo-turese-ad-antonio-gasparro-il-gentiluomo-dello-sport\/#respond"]}]},{"@type":"WebPage","@id":"https:\/\/lavocedelpaese.info\/index.php\/2023\/05\/17\/il-commiato-del-mondo-della-pallavolo-turese-ad-antonio-gasparro-il-gentiluomo-dello-sport\/","url":"https:\/\/lavocedelpaese.info\/index.php\/2023\/05\/17\/il-commiato-del-mondo-della-pallavolo-turese-ad-antonio-gasparro-il-gentiluomo-dello-sport\/","name":"Il commiato del mondo della pallavolo turese ad Antonio Gasparro, il \u201cgentiluomo dello sport\u201d - La Voce del Paese","isPartOf":{"@id":"https:\/\/lavocedelpaese.info\/#website"},"datePublished":"2023-05-17T09:32:49+00:00","breadcrumb":{"@id":"https:\/\/lavocedelpaese.info\/index.php\/2023\/05\/17\/il-commiato-del-mondo-della-pallavolo-turese-ad-antonio-gasparro-il-gentiluomo-dello-sport\/#breadcrumb"},"inLanguage":"it-IT","potentialAction":[{"@type":"ReadAction","target":["https:\/\/lavocedelpaese.info\/index.php\/2023\/05\/17\/il-commiato-del-mondo-della-pallavolo-turese-ad-antonio-gasparro-il-gentiluomo-dello-sport\/"]}]},{"@type":"BreadcrumbList","@id":"https:\/\/lavocedelpaese.info\/index.php\/2023\/05\/17\/il-commiato-del-mondo-della-pallavolo-turese-ad-antonio-gasparro-il-gentiluomo-dello-sport\/#breadcrumb","itemListElement":[{"@type":"ListItem","position":1,"name":"Home","item":"https:\/\/lavocedelpaese.info\/"},{"@type":"ListItem","position":2,"name":"Il commiato del mondo della pallavolo turese ad Antonio Gasparro, il \u201cgentiluomo dello sport\u201d"}]},{"@type":"WebSite","@id":"https:\/\/lavocedelpaese.info\/#website","url":"https:\/\/lavocedelpaese.info\/","name":"La Voce del Paese","description":"Un network di idee","publisher":{"@id":"https:\/\/lavocedelpaese.info\/#organization"},"potentialAction":[{"@type":"SearchAction","target":{"@type":"EntryPoint","urlTemplate":"https:\/\/lavocedelpaese.info\/?s={search_term_string}"},"query-input":{"@type":"PropertyValueSpecification","valueRequired":true,"valueName":"search_term_string"}}],"inLanguage":"it-IT"},{"@type":"Organization","@id":"https:\/\/lavocedelpaese.info\/#organization","name":"La Voce del Paese","url":"https:\/\/lavocedelpaese.info\/","logo":{"@type":"ImageObject","inLanguage":"it-IT","@id":"https:\/\/lavocedelpaese.info\/#\/schema\/logo\/image\/","url":"https:\/\/lavocedelpaese.info\/wp-content\/uploads\/2023\/01\/cropped-logo-150-127.png","contentUrl":"https:\/\/lavocedelpaese.info\/wp-content\/uploads\/2023\/01\/cropped-logo-150-127.png","width":137,"height":119,"caption":"La Voce del Paese"},"image":{"@id":"https:\/\/lavocedelpaese.info\/#\/schema\/logo\/image\/"},"sameAs":["https:\/\/www.facebook.com\/lavocedelpaese.info"]}]}},"_links":{"self":[{"href":"https:\/\/lavocedelpaese.info\/index.php\/wp-json\/wp\/v2\/posts\/1557","targetHints":{"allow":["GET"]}}],"collection":[{"href":"https:\/\/lavocedelpaese.info\/index.php\/wp-json\/wp\/v2\/posts"}],"about":[{"href":"https:\/\/lavocedelpaese.info\/index.php\/wp-json\/wp\/v2\/types\/post"}],"replies":[{"embeddable":true,"href":"https:\/\/lavocedelpaese.info\/index.php\/wp-json\/wp\/v2\/comments?post=1557"}],"version-history":[{"count":0,"href":"https:\/\/lavocedelpaese.info\/index.php\/wp-json\/wp\/v2\/posts\/1557\/revisions"}],"wp:attachment":[{"href":"https:\/\/lavocedelpaese.info\/index.php\/wp-json\/wp\/v2\/media?parent=1557"}],"wp:term":[{"taxonomy":"category","embeddable":true,"href":"https:\/\/lavocedelpaese.info\/index.php\/wp-json\/wp\/v2\/categories?post=1557"},{"taxonomy":"post_tag","embeddable":true,"href":"https:\/\/lavocedelpaese.info\/index.php\/wp-json\/wp\/v2\/tags?post=1557"}],"curies":[{"name":"wp","href":"https:\/\/api.w.org\/{rel}","templated":true}]}}