{"id":1551,"date":"2023-05-16T09:25:49","date_gmt":"2023-05-16T09:25:49","guid":{"rendered":"https:\/\/lavocedelpaese.info\/index.php\/2023\/05\/16\/amministrative-2023-acquaviva-va-al-ballottaggio\/"},"modified":"2023-05-16T09:25:49","modified_gmt":"2023-05-16T09:25:49","slug":"amministrative-2023-acquaviva-va-al-ballottaggio","status":"publish","type":"post","link":"https:\/\/lavocedelpaese.info\/index.php\/2023\/05\/16\/amministrative-2023-acquaviva-va-al-ballottaggio\/","title":{"rendered":"Amministrative 2023: Acquaviva va al ballottaggio"},"content":{"rendered":"<p>\u00a0<\/p>\n<p>\u200b\u00a0<\/p>\n<p>\u200bAcquaviva \u2013 La Voce del Paese\u00a0<\/p>\n<p>Domenica 14 e luned\u00ec 15 maggio la nostra citt\u00e0 \u00e8 stata chiamata alle urne per l\u2019elezione del sindaco e del Consiglio Comunale.<\/p>\n<p>Acquaviva con i suoi 20.087 abitanti (Fonte: Censimento 2021) \u00e8 tra i 9 Comuni della Citt\u00e0 Metropolitana di Bari (Altamura, Casamassima, Mola di Bari, Monopoli, Noci, Poggiorsini, Toritto e Valenzano), insieme a quelli della BAT (2), di BR (8), di FG (11), Le (13) e Ta (8).<\/p>\n<p>In questo primo turno elettorale si \u00e8 recato alle urne il 72,25% degli elettori (pari a 17.655), un dato che mostra un leggero aumento percentuale rispetto all\u2019affluenza delle Comunali del 2018 (71,95%) e alla media nella Provincia di Bari (66,38%). 20 le Sezioni ad Acquaviva delle Fonti.<\/p>\n<p>A scendere in campo ben quattro candidati (in ordine alfabetico): Rossella Giorgio, Marco Lenoci, Francesca Pietroforte e Francesco Pistilli. Due donne e due uomini. A sostenere le loro candidature ben 19 liste di cui solo 4 Partiti (PD, M5S, FI, Fratelli d\u2019Italia) e 15 liste civiche, per un totale di 304 candidati consiglieri comunali.<\/p>\n<p>Nessun candidato sindaco \u00e8 stato eletto al 1\u00b0 turno.<\/p>\n<p><strong>Il 28 e 29 MAGGIO 2023 ad Acquaviva delle Fonti si andr\u00e0 al ballottaggio tra la candidata sindaca FRANCESCA PIETROFORTE e il candidato sindaco MARCO LENOCI.<\/strong><\/p>\n<p>La campagna elettorale prosegue per altre due settimane: obiettivo convincere gli indecisi sulla bont\u00e0 del progetto e puntare sugli elettori delle liste che non hanno superato il 1\u00b0 turno.<\/p>\n<p>D\u2019altra parte la differenza percentuale tra i due schieramenti \u00e8 davvero irrisoria.<\/p>\n<p><strong>La coalizione di Francesca Pietroforte sindaca ha ottenuto al primo turno il 38.06% con 4756 voti, mentre la coalizione a supporto di Marco Lenoci il 37,09% con 4635 voti.<\/strong><\/p>\n<p><strong>Segue la coalizione a supporto del candidato Francesco Pistilli con il 20,32 % con 2539 voti e quella a sostegno della candidata sindaca Rossella Giorgio 4,54 % con 567 voti.<\/strong><\/p>\n<p><strong>Schede bianche: 50 (0,39%) , schede nulle 209 (1,64%). Voti contestati: 0.<\/strong><\/p>\n<p><strong>Voti validi: 12497 (97,97%).<\/strong><\/p>\n\n<p>[Fonte Eligendo: dato aggiornato al 16.05.2023 ore 02: 58 ]<\/p>\n<p><strong>FRANCESCA PIETROFORTE<\/strong><strong>4.756 voti<\/strong><strong>38,06<\/strong> <strong>%<\/strong><\/p>\n<p>Partito Democratico992 voti8,4 %Terra Futura543 voti4,6 %Pietroforte Sindaca1.363 voti11,55 %Progetto Acquaviva726 voti6,15 %Abc \u2013 Ambiente Benessere Comunita\u2019715 voti6,06%<\/p>\n<p><strong>MARCO LENOCI<\/strong><strong>4.635 voti<\/strong><strong>37,09 %<\/strong><\/p>\n<p>Forza Italia998 voti8,45 %Fratelli D\u2019Italia Giorgia Meloni802 voti6,79 %Marco Lenoci Per Acquaviva1.635 voti13,85 %Noi Moderati754 voti6,39 %Senso Civico359 voti3,04 %<\/p>\n<p><strong>FRANCESCO PISTILLI<\/strong><strong>2.539 voti<\/strong><strong>20,32 %<\/strong><\/p>\n<p>Pistilli Sindaco931 voti7,89 %Iniziativa Comune300 voti 2,54 %A Viso Aperto348 voti2,95 %Per Acquaviva123 voti1,04 %Alleanza Per Acquaviva107 voti0,91 %Acquaviva In Comune143 voti1,21 %Cdl496 voti4,2 %<\/p>\n<p><strong>ROSSELLA GIORGIO<\/strong><strong>567 voti<\/strong><strong>4,54 %<\/strong><\/p>\n<p>Movimento 5 Stelle313 voti2,65 %Cittadini In Movimento157 voti1,33 %<\/p>\n\n<p>I 30 candidati Consiglieri pi\u00f9 votati: <\/p>\n<p><a href=\"https:\/\/cloud.comune.acquaviva.ba.it\/elezioni\/client\/modules.php?id_cons_gen=31&amp;name=Elezioni&amp;id_comune=72001&amp;file=index&amp;op=graf_candidato\">https:\/\/cloud.comune.acquaviva.ba.it\/elezioni\/client\/modules.php?id_cons_gen=31&amp;name=Elezioni&amp;id_comune=72001&amp;file=index&amp;op=graf_candidato<\/a><\/p>\n<p><a class=\"a2a_button_facebook\" href=\"https:\/\/www.addtoany.com\/add_to\/facebook?linkurl=https%3A%2F%2Facquaviva.lavocedelpaese.info%2Findex.php%2F2023%2F05%2F16%2Famministrative-2023-acquaviva-va-al-ballottaggio%2F&amp;linkname=Amministrative%202023%3A%20Acquaviva%20va%20al%20ballottaggio\" title=\"Facebook\" target=\"_blank\" rel=\"noopener\"><\/a><a class=\"a2a_button_twitter\" href=\"https:\/\/www.addtoany.com\/add_to\/twitter?linkurl=https%3A%2F%2Facquaviva.lavocedelpaese.info%2Findex.php%2F2023%2F05%2F16%2Famministrative-2023-acquaviva-va-al-ballottaggio%2F&amp;linkname=Amministrative%202023%3A%20Acquaviva%20va%20al%20ballottaggio\" title=\"Twitter\" target=\"_blank\" rel=\"noopener\"><\/a><a class=\"a2a_button_whatsapp\" href=\"https:\/\/www.addtoany.com\/add_to\/whatsapp?linkurl=https%3A%2F%2Facquaviva.lavocedelpaese.info%2Findex.php%2F2023%2F05%2F16%2Famministrative-2023-acquaviva-va-al-ballottaggio%2F&amp;linkname=Amministrative%202023%3A%20Acquaviva%20va%20al%20ballottaggio\" title=\"WhatsApp\" target=\"_blank\" rel=\"noopener\"><\/a><a class=\"a2a_button_telegram\" href=\"https:\/\/www.addtoany.com\/add_to\/telegram?linkurl=https%3A%2F%2Facquaviva.lavocedelpaese.info%2Findex.php%2F2023%2F05%2F16%2Famministrative-2023-acquaviva-va-al-ballottaggio%2F&amp;linkname=Amministrative%202023%3A%20Acquaviva%20va%20al%20ballottaggio\" title=\"Telegram\" target=\"_blank\" rel=\"noopener\"><\/a><a class=\"a2a_button_email\" href=\"https:\/\/www.addtoany.com\/add_to\/email?linkurl=https%3A%2F%2Facquaviva.lavocedelpaese.info%2Findex.php%2F2023%2F05%2F16%2Famministrative-2023-acquaviva-va-al-ballottaggio%2F&amp;linkname=Amministrative%202023%3A%20Acquaviva%20va%20al%20ballottaggio\" title=\"Email\" target=\"_blank\" rel=\"noopener\"><\/a><\/p>\n<p>\u00a0<\/p>","protected":false},"excerpt":{"rendered":"<p>\u00a0 \u200b\u00a0 \u200bAcquaviva \u2013 La Voce del Paese\u00a0 Domenica 14 e luned\u00ec 15 maggio la nostra citt\u00e0 \u00e8 stata chiamata<\/p>\n","protected":false},"author":0,"featured_media":0,"comment_status":"open","ping_status":"closed","sticky":false,"template":"","format":"standard","meta":{"colormag_page_container_layout":"default_layout","colormag_page_sidebar_layout":"default_layout","footnotes":""},"categories":[33],"tags":[],"class_list":["post-1551","post","type-post","status-publish","format-standard","hentry","category-network"],"yoast_head":"<!-- This site is optimized with the Yoast SEO plugin v27.5 - https:\/\/yoast.com\/product\/yoast-seo-wordpress\/ -->\n<title>Amministrative 2023: Acquaviva va al ballottaggio - La Voce del Paese<\/title>\n<meta name=\"robots\" content=\"index, follow, max-snippet:-1, max-image-preview:large, max-video-preview:-1\" \/>\n<link rel=\"canonical\" href=\"https:\/\/lavocedelpaese.info\/index.php\/2023\/05\/16\/amministrative-2023-acquaviva-va-al-ballottaggio\/\" \/>\n<meta property=\"og:locale\" content=\"it_IT\" \/>\n<meta property=\"og:type\" content=\"article\" \/>\n<meta property=\"og:title\" content=\"Amministrative 2023: Acquaviva va al ballottaggio - La Voce del Paese\" \/>\n<meta property=\"og:description\" content=\"\u00a0 \u200b\u00a0 \u200bAcquaviva \u2013 La Voce del Paese\u00a0 Domenica 14 e luned\u00ec 15 maggio la nostra citt\u00e0 \u00e8 stata chiamata\" \/>\n<meta property=\"og:url\" content=\"https:\/\/lavocedelpaese.info\/index.php\/2023\/05\/16\/amministrative-2023-acquaviva-va-al-ballottaggio\/\" \/>\n<meta property=\"og:site_name\" content=\"La Voce del Paese\" \/>\n<meta property=\"article:publisher\" content=\"https:\/\/www.facebook.com\/lavocedelpaese.info\" \/>\n<meta property=\"article:published_time\" content=\"2023-05-16T09:25:49+00:00\" \/>\n<meta name=\"twitter:card\" content=\"summary_large_image\" \/>\n<meta name=\"twitter:label1\" content=\"Tempo di lettura stimato\" \/>\n\t<meta name=\"twitter:data1\" content=\"2 minuti\" \/>\n<script type=\"application\/ld+json\" class=\"yoast-schema-graph\">{\"@context\":\"https:\\\/\\\/schema.org\",\"@graph\":[{\"@type\":\"Article\",\"@id\":\"https:\\\/\\\/lavocedelpaese.info\\\/index.php\\\/2023\\\/05\\\/16\\\/amministrative-2023-acquaviva-va-al-ballottaggio\\\/#article\",\"isPartOf\":{\"@id\":\"https:\\\/\\\/lavocedelpaese.info\\\/index.php\\\/2023\\\/05\\\/16\\\/amministrative-2023-acquaviva-va-al-ballottaggio\\\/\"},\"author\":{\"name\":\"\",\"@id\":\"\"},\"headline\":\"Amministrative 2023: Acquaviva va al ballottaggio\",\"datePublished\":\"2023-05-16T09:25:49+00:00\",\"mainEntityOfPage\":{\"@id\":\"https:\\\/\\\/lavocedelpaese.info\\\/index.php\\\/2023\\\/05\\\/16\\\/amministrative-2023-acquaviva-va-al-ballottaggio\\\/\"},\"wordCount\":404,\"commentCount\":0,\"publisher\":{\"@id\":\"https:\\\/\\\/lavocedelpaese.info\\\/#organization\"},\"articleSection\":[\"network\"],\"inLanguage\":\"it-IT\",\"potentialAction\":[{\"@type\":\"CommentAction\",\"name\":\"Comment\",\"target\":[\"https:\\\/\\\/lavocedelpaese.info\\\/index.php\\\/2023\\\/05\\\/16\\\/amministrative-2023-acquaviva-va-al-ballottaggio\\\/#respond\"]}]},{\"@type\":\"WebPage\",\"@id\":\"https:\\\/\\\/lavocedelpaese.info\\\/index.php\\\/2023\\\/05\\\/16\\\/amministrative-2023-acquaviva-va-al-ballottaggio\\\/\",\"url\":\"https:\\\/\\\/lavocedelpaese.info\\\/index.php\\\/2023\\\/05\\\/16\\\/amministrative-2023-acquaviva-va-al-ballottaggio\\\/\",\"name\":\"Amministrative 2023: Acquaviva va al ballottaggio - La Voce del Paese\",\"isPartOf\":{\"@id\":\"https:\\\/\\\/lavocedelpaese.info\\\/#website\"},\"datePublished\":\"2023-05-16T09:25:49+00:00\",\"breadcrumb\":{\"@id\":\"https:\\\/\\\/lavocedelpaese.info\\\/index.php\\\/2023\\\/05\\\/16\\\/amministrative-2023-acquaviva-va-al-ballottaggio\\\/#breadcrumb\"},\"inLanguage\":\"it-IT\",\"potentialAction\":[{\"@type\":\"ReadAction\",\"target\":[\"https:\\\/\\\/lavocedelpaese.info\\\/index.php\\\/2023\\\/05\\\/16\\\/amministrative-2023-acquaviva-va-al-ballottaggio\\\/\"]}]},{\"@type\":\"BreadcrumbList\",\"@id\":\"https:\\\/\\\/lavocedelpaese.info\\\/index.php\\\/2023\\\/05\\\/16\\\/amministrative-2023-acquaviva-va-al-ballottaggio\\\/#breadcrumb\",\"itemListElement\":[{\"@type\":\"ListItem\",\"position\":1,\"name\":\"Home\",\"item\":\"https:\\\/\\\/lavocedelpaese.info\\\/\"},{\"@type\":\"ListItem\",\"position\":2,\"name\":\"Amministrative 2023: Acquaviva va al ballottaggio\"}]},{\"@type\":\"WebSite\",\"@id\":\"https:\\\/\\\/lavocedelpaese.info\\\/#website\",\"url\":\"https:\\\/\\\/lavocedelpaese.info\\\/\",\"name\":\"La Voce del Paese\",\"description\":\"Un network di idee\",\"publisher\":{\"@id\":\"https:\\\/\\\/lavocedelpaese.info\\\/#organization\"},\"potentialAction\":[{\"@type\":\"SearchAction\",\"target\":{\"@type\":\"EntryPoint\",\"urlTemplate\":\"https:\\\/\\\/lavocedelpaese.info\\\/?s={search_term_string}\"},\"query-input\":{\"@type\":\"PropertyValueSpecification\",\"valueRequired\":true,\"valueName\":\"search_term_string\"}}],\"inLanguage\":\"it-IT\"},{\"@type\":\"Organization\",\"@id\":\"https:\\\/\\\/lavocedelpaese.info\\\/#organization\",\"name\":\"La Voce del Paese\",\"url\":\"https:\\\/\\\/lavocedelpaese.info\\\/\",\"logo\":{\"@type\":\"ImageObject\",\"inLanguage\":\"it-IT\",\"@id\":\"https:\\\/\\\/lavocedelpaese.info\\\/#\\\/schema\\\/logo\\\/image\\\/\",\"url\":\"https:\\\/\\\/lavocedelpaese.info\\\/wp-content\\\/uploads\\\/2023\\\/01\\\/cropped-logo-150-127.png\",\"contentUrl\":\"https:\\\/\\\/lavocedelpaese.info\\\/wp-content\\\/uploads\\\/2023\\\/01\\\/cropped-logo-150-127.png\",\"width\":137,\"height\":119,\"caption\":\"La Voce del Paese\"},\"image\":{\"@id\":\"https:\\\/\\\/lavocedelpaese.info\\\/#\\\/schema\\\/logo\\\/image\\\/\"},\"sameAs\":[\"https:\\\/\\\/www.facebook.com\\\/lavocedelpaese.info\"]}]}<\/script>\n<!-- \/ Yoast SEO plugin. -->","yoast_head_json":{"title":"Amministrative 2023: Acquaviva va al ballottaggio - La Voce del Paese","robots":{"index":"index","follow":"follow","max-snippet":"max-snippet:-1","max-image-preview":"max-image-preview:large","max-video-preview":"max-video-preview:-1"},"canonical":"https:\/\/lavocedelpaese.info\/index.php\/2023\/05\/16\/amministrative-2023-acquaviva-va-al-ballottaggio\/","og_locale":"it_IT","og_type":"article","og_title":"Amministrative 2023: Acquaviva va al ballottaggio - La Voce del Paese","og_description":"\u00a0 \u200b\u00a0 \u200bAcquaviva \u2013 La Voce del Paese\u00a0 Domenica 14 e luned\u00ec 15 maggio la nostra citt\u00e0 \u00e8 stata chiamata","og_url":"https:\/\/lavocedelpaese.info\/index.php\/2023\/05\/16\/amministrative-2023-acquaviva-va-al-ballottaggio\/","og_site_name":"La Voce del Paese","article_publisher":"https:\/\/www.facebook.com\/lavocedelpaese.info","article_published_time":"2023-05-16T09:25:49+00:00","twitter_card":"summary_large_image","twitter_misc":{"Tempo di lettura stimato":"2 minuti"},"schema":{"@context":"https:\/\/schema.org","@graph":[{"@type":"Article","@id":"https:\/\/lavocedelpaese.info\/index.php\/2023\/05\/16\/amministrative-2023-acquaviva-va-al-ballottaggio\/#article","isPartOf":{"@id":"https:\/\/lavocedelpaese.info\/index.php\/2023\/05\/16\/amministrative-2023-acquaviva-va-al-ballottaggio\/"},"author":{"name":"","@id":""},"headline":"Amministrative 2023: Acquaviva va al ballottaggio","datePublished":"2023-05-16T09:25:49+00:00","mainEntityOfPage":{"@id":"https:\/\/lavocedelpaese.info\/index.php\/2023\/05\/16\/amministrative-2023-acquaviva-va-al-ballottaggio\/"},"wordCount":404,"commentCount":0,"publisher":{"@id":"https:\/\/lavocedelpaese.info\/#organization"},"articleSection":["network"],"inLanguage":"it-IT","potentialAction":[{"@type":"CommentAction","name":"Comment","target":["https:\/\/lavocedelpaese.info\/index.php\/2023\/05\/16\/amministrative-2023-acquaviva-va-al-ballottaggio\/#respond"]}]},{"@type":"WebPage","@id":"https:\/\/lavocedelpaese.info\/index.php\/2023\/05\/16\/amministrative-2023-acquaviva-va-al-ballottaggio\/","url":"https:\/\/lavocedelpaese.info\/index.php\/2023\/05\/16\/amministrative-2023-acquaviva-va-al-ballottaggio\/","name":"Amministrative 2023: Acquaviva va al ballottaggio - La Voce del Paese","isPartOf":{"@id":"https:\/\/lavocedelpaese.info\/#website"},"datePublished":"2023-05-16T09:25:49+00:00","breadcrumb":{"@id":"https:\/\/lavocedelpaese.info\/index.php\/2023\/05\/16\/amministrative-2023-acquaviva-va-al-ballottaggio\/#breadcrumb"},"inLanguage":"it-IT","potentialAction":[{"@type":"ReadAction","target":["https:\/\/lavocedelpaese.info\/index.php\/2023\/05\/16\/amministrative-2023-acquaviva-va-al-ballottaggio\/"]}]},{"@type":"BreadcrumbList","@id":"https:\/\/lavocedelpaese.info\/index.php\/2023\/05\/16\/amministrative-2023-acquaviva-va-al-ballottaggio\/#breadcrumb","itemListElement":[{"@type":"ListItem","position":1,"name":"Home","item":"https:\/\/lavocedelpaese.info\/"},{"@type":"ListItem","position":2,"name":"Amministrative 2023: Acquaviva va al ballottaggio"}]},{"@type":"WebSite","@id":"https:\/\/lavocedelpaese.info\/#website","url":"https:\/\/lavocedelpaese.info\/","name":"La Voce del Paese","description":"Un network di idee","publisher":{"@id":"https:\/\/lavocedelpaese.info\/#organization"},"potentialAction":[{"@type":"SearchAction","target":{"@type":"EntryPoint","urlTemplate":"https:\/\/lavocedelpaese.info\/?s={search_term_string}"},"query-input":{"@type":"PropertyValueSpecification","valueRequired":true,"valueName":"search_term_string"}}],"inLanguage":"it-IT"},{"@type":"Organization","@id":"https:\/\/lavocedelpaese.info\/#organization","name":"La Voce del Paese","url":"https:\/\/lavocedelpaese.info\/","logo":{"@type":"ImageObject","inLanguage":"it-IT","@id":"https:\/\/lavocedelpaese.info\/#\/schema\/logo\/image\/","url":"https:\/\/lavocedelpaese.info\/wp-content\/uploads\/2023\/01\/cropped-logo-150-127.png","contentUrl":"https:\/\/lavocedelpaese.info\/wp-content\/uploads\/2023\/01\/cropped-logo-150-127.png","width":137,"height":119,"caption":"La Voce del Paese"},"image":{"@id":"https:\/\/lavocedelpaese.info\/#\/schema\/logo\/image\/"},"sameAs":["https:\/\/www.facebook.com\/lavocedelpaese.info"]}]}},"_links":{"self":[{"href":"https:\/\/lavocedelpaese.info\/index.php\/wp-json\/wp\/v2\/posts\/1551","targetHints":{"allow":["GET"]}}],"collection":[{"href":"https:\/\/lavocedelpaese.info\/index.php\/wp-json\/wp\/v2\/posts"}],"about":[{"href":"https:\/\/lavocedelpaese.info\/index.php\/wp-json\/wp\/v2\/types\/post"}],"replies":[{"embeddable":true,"href":"https:\/\/lavocedelpaese.info\/index.php\/wp-json\/wp\/v2\/comments?post=1551"}],"version-history":[{"count":0,"href":"https:\/\/lavocedelpaese.info\/index.php\/wp-json\/wp\/v2\/posts\/1551\/revisions"}],"wp:attachment":[{"href":"https:\/\/lavocedelpaese.info\/index.php\/wp-json\/wp\/v2\/media?parent=1551"}],"wp:term":[{"taxonomy":"category","embeddable":true,"href":"https:\/\/lavocedelpaese.info\/index.php\/wp-json\/wp\/v2\/categories?post=1551"},{"taxonomy":"post_tag","embeddable":true,"href":"https:\/\/lavocedelpaese.info\/index.php\/wp-json\/wp\/v2\/tags?post=1551"}],"curies":[{"name":"wp","href":"https:\/\/api.w.org\/{rel}","templated":true}]}}