{"id":1546,"date":"2023-05-15T16:13:45","date_gmt":"2023-05-15T16:13:45","guid":{"rendered":"https:\/\/lavocedelpaese.info\/index.php\/2023\/05\/15\/oltre-15mila-persone-alla-race-for-the-cure-2023\/"},"modified":"2023-05-15T16:13:45","modified_gmt":"2023-05-15T16:13:45","slug":"oltre-15mila-persone-alla-race-for-the-cure-2023","status":"publish","type":"post","link":"https:\/\/lavocedelpaese.info\/index.php\/2023\/05\/15\/oltre-15mila-persone-alla-race-for-the-cure-2023\/","title":{"rendered":"Oltre 15mila persone alla Race for the Cure 2023"},"content":{"rendered":"<p>\u00a0<\/p>\n<p>\u200b\u00a0<\/p>\n<p>\u200bCassano \u2013 La Voce del Paese\u00a0<\/p>\n<p>Alla diciassettesima edizione della Race for the cure hanno partecipato oltre 15 mila persone. <\/p>\n<p>Una domenica di festa che ha coinvolto una comunit\u00e0 che ha voluto esserci e rendersi protagonista di un momento di grande solidariet\u00e0. Tutti insieme, da tutte le province pugliesi, a Bari per la pi\u00f9 importante corsa a favore della ricerca e della prevenzione a sostegno di tutte le donne in rosa che hanno o hanno avuto un tumore al seno.<\/p>\n<p><em>\u201cLe condizioni meteorologiche di venerd\u00ec e sabato non hanno fermato la diciassettesima edizione della Race for the cure, perch\u00e9 la solidariet\u00e0, la condivisione, la vicinanza, non conoscono ostacoli. La pioggia si \u00e8 arresa nella giornata di domenica dinanzi alle nostre lacrime di gioia per ritrovarci ancora qui \u00a0a guardarci negli occhi e a sostenerci. Bari e la Puglia hanno ancora una volta dimostrato la capacit\u00e0 di coinvolgere in un grande abbraccio tutte le donne che hanno o hanno avuto un tumore al seno. \u00c8 sempre una emozione assistere al via della Race, osservare il sorriso di quanti partecipano e quello dei famigliari, di tutte le volontarie e i volontari. Un sorriso che \u00e8 una sfida al futuro, alla consapevolezza di essere ancora pronti per una partenza sotto l\u2019arco fucsia. A sospingerci non \u00e8 il vento ma la forza di chi c\u2019\u00e8 e di chi c\u2019\u00e8 stato, perch\u00e9 c\u2019\u00e8 sempre un domani da vivere insieme\u201d<\/em> dichiara <strong>Linda Catucci, presidente del comitato Puglia della Susan G. Komen Italia.<\/strong><br \/>\u00a0<br \/>Grazie alla solidariet\u00e0 delle persone che anche quest\u2019anno hanno dimostrato di essere vicini alla Race, nel Villaggio della Salute in questi tre giorni sono stati effettuati esami diagnostici gratuiti di screening per le principali patologie femminili a donne che vivono in condizioni di fragilit\u00e0 sociale o economica<br \/>Nello specifico sono state eseguite 597 prestazioni, di cui: 19 visite ginecologiche, 70 ecografie al seno, 59 mammografie, 65 visite senologiche, 50 consulenze genetiche, 42 visite dermatologiche, 65 controlli alla tiroide, 31 consulenze nutrizionistiche, 146 visite oculistiche e 100 elettrocardiogrammi.<br \/>\u00a0<\/p>\n<p>La Race \u00e8 un momento di solidariet\u00e0 ma anche di sport. I vincitori della corsa competitiva di 5 chilometri sono:<br \/>\u00a0<br \/>Categoria uomini<br \/>\u00a0<\/p>\n<p>Abdessamad Elbygoubi<\/p>\n<p>Emanuele\u00a0Coroneo<\/p>\n<p>Francesco Leuci<br \/>\u00a0<br \/>Categoria Donne<br \/>\u00a0<\/p>\n<p>Stefania Antonacci<\/p>\n<p>Milena Casaluce<\/p>\n<p>Pina Fornarelli<br \/>\u00a0<br \/>Categoria Donne in rosa<br \/>\u00a0<\/p>\n<p>Daniela Tropiano<\/p>\n<p>Teresa Longo<\/p>\n<p>Maria Fortunato<\/p>\n<p>\u00a0<br \/><em>\u201cLe attivit\u00e0 della Komen non si fermano, lavoreremo da domani sui progetti che coinvolgono le donne in rosa e prepareremo le prossime tappe italiane di settembre e ottobre. Torner\u00e0 in Puglia la Carovana della Prevenzione perch\u00e9 ogni donna abbia la possibilit\u00e0 di sottoporsi a screening gratuiti e tempestivi. La nostra forza \u00e8 non fermaci, ma continuare a correre, passo dopo passo, verso nuovi possibili traguardi\u201d <\/em><strong>conclude Catucci.<\/strong><\/p>\n<p><a class=\"a2a_button_facebook\" href=\"https:\/\/www.addtoany.com\/add_to\/facebook?linkurl=https%3A%2F%2Fcassano.lavocedelpaese.info%2Findex.php%2F2023%2F05%2F15%2Foltre-15mila-persone-alla-race-for-the-cure-2023%2F&amp;linkname=Oltre%2015mila%20persone%20alla%20Race%20for%20the%20Cure%202023\" title=\"Facebook\" target=\"_blank\" rel=\"noopener\"><\/a><a class=\"a2a_button_twitter\" href=\"https:\/\/www.addtoany.com\/add_to\/twitter?linkurl=https%3A%2F%2Fcassano.lavocedelpaese.info%2Findex.php%2F2023%2F05%2F15%2Foltre-15mila-persone-alla-race-for-the-cure-2023%2F&amp;linkname=Oltre%2015mila%20persone%20alla%20Race%20for%20the%20Cure%202023\" title=\"Twitter\" target=\"_blank\" rel=\"noopener\"><\/a><a class=\"a2a_button_whatsapp\" href=\"https:\/\/www.addtoany.com\/add_to\/whatsapp?linkurl=https%3A%2F%2Fcassano.lavocedelpaese.info%2Findex.php%2F2023%2F05%2F15%2Foltre-15mila-persone-alla-race-for-the-cure-2023%2F&amp;linkname=Oltre%2015mila%20persone%20alla%20Race%20for%20the%20Cure%202023\" title=\"WhatsApp\" target=\"_blank\" rel=\"noopener\"><\/a><a class=\"a2a_button_telegram\" href=\"https:\/\/www.addtoany.com\/add_to\/telegram?linkurl=https%3A%2F%2Fcassano.lavocedelpaese.info%2Findex.php%2F2023%2F05%2F15%2Foltre-15mila-persone-alla-race-for-the-cure-2023%2F&amp;linkname=Oltre%2015mila%20persone%20alla%20Race%20for%20the%20Cure%202023\" title=\"Telegram\" target=\"_blank\" rel=\"noopener\"><\/a><a class=\"a2a_button_email\" href=\"https:\/\/www.addtoany.com\/add_to\/email?linkurl=https%3A%2F%2Fcassano.lavocedelpaese.info%2Findex.php%2F2023%2F05%2F15%2Foltre-15mila-persone-alla-race-for-the-cure-2023%2F&amp;linkname=Oltre%2015mila%20persone%20alla%20Race%20for%20the%20Cure%202023\" title=\"Email\" target=\"_blank\" rel=\"noopener\"><\/a><\/p>\n<p>\u00a0<\/p>","protected":false},"excerpt":{"rendered":"<p>\u00a0 \u200b\u00a0 \u200bCassano \u2013 La Voce del Paese\u00a0 Alla diciassettesima edizione della Race for the cure hanno partecipato oltre 15<\/p>\n","protected":false},"author":0,"featured_media":0,"comment_status":"open","ping_status":"closed","sticky":false,"template":"","format":"standard","meta":{"colormag_page_container_layout":"default_layout","colormag_page_sidebar_layout":"default_layout","footnotes":""},"categories":[33],"tags":[],"class_list":["post-1546","post","type-post","status-publish","format-standard","hentry","category-network"],"yoast_head":"<!-- This site is optimized with the Yoast SEO plugin v27.5 - https:\/\/yoast.com\/product\/yoast-seo-wordpress\/ -->\n<title>Oltre 15mila persone alla Race for the Cure 2023 - La Voce del Paese<\/title>\n<meta name=\"robots\" content=\"index, follow, max-snippet:-1, max-image-preview:large, max-video-preview:-1\" \/>\n<link rel=\"canonical\" href=\"https:\/\/lavocedelpaese.info\/index.php\/2023\/05\/15\/oltre-15mila-persone-alla-race-for-the-cure-2023\/\" \/>\n<meta property=\"og:locale\" content=\"it_IT\" \/>\n<meta property=\"og:type\" content=\"article\" \/>\n<meta property=\"og:title\" content=\"Oltre 15mila persone alla Race for the Cure 2023 - La Voce del Paese\" \/>\n<meta property=\"og:description\" content=\"\u00a0 \u200b\u00a0 \u200bCassano \u2013 La Voce del Paese\u00a0 Alla diciassettesima edizione della Race for the cure hanno partecipato oltre 15\" \/>\n<meta property=\"og:url\" content=\"https:\/\/lavocedelpaese.info\/index.php\/2023\/05\/15\/oltre-15mila-persone-alla-race-for-the-cure-2023\/\" \/>\n<meta property=\"og:site_name\" content=\"La Voce del Paese\" \/>\n<meta property=\"article:publisher\" content=\"https:\/\/www.facebook.com\/lavocedelpaese.info\" \/>\n<meta property=\"article:published_time\" content=\"2023-05-15T16:13:45+00:00\" \/>\n<meta name=\"twitter:card\" content=\"summary_large_image\" \/>\n<meta name=\"twitter:label1\" content=\"Tempo di lettura stimato\" \/>\n\t<meta name=\"twitter:data1\" content=\"2 minuti\" \/>\n<script type=\"application\/ld+json\" class=\"yoast-schema-graph\">{\"@context\":\"https:\\\/\\\/schema.org\",\"@graph\":[{\"@type\":\"Article\",\"@id\":\"https:\\\/\\\/lavocedelpaese.info\\\/index.php\\\/2023\\\/05\\\/15\\\/oltre-15mila-persone-alla-race-for-the-cure-2023\\\/#article\",\"isPartOf\":{\"@id\":\"https:\\\/\\\/lavocedelpaese.info\\\/index.php\\\/2023\\\/05\\\/15\\\/oltre-15mila-persone-alla-race-for-the-cure-2023\\\/\"},\"author\":{\"name\":\"\",\"@id\":\"\"},\"headline\":\"Oltre 15mila persone alla Race for the Cure 2023\",\"datePublished\":\"2023-05-15T16:13:45+00:00\",\"mainEntityOfPage\":{\"@id\":\"https:\\\/\\\/lavocedelpaese.info\\\/index.php\\\/2023\\\/05\\\/15\\\/oltre-15mila-persone-alla-race-for-the-cure-2023\\\/\"},\"wordCount\":435,\"commentCount\":0,\"publisher\":{\"@id\":\"https:\\\/\\\/lavocedelpaese.info\\\/#organization\"},\"articleSection\":[\"network\"],\"inLanguage\":\"it-IT\",\"potentialAction\":[{\"@type\":\"CommentAction\",\"name\":\"Comment\",\"target\":[\"https:\\\/\\\/lavocedelpaese.info\\\/index.php\\\/2023\\\/05\\\/15\\\/oltre-15mila-persone-alla-race-for-the-cure-2023\\\/#respond\"]}]},{\"@type\":\"WebPage\",\"@id\":\"https:\\\/\\\/lavocedelpaese.info\\\/index.php\\\/2023\\\/05\\\/15\\\/oltre-15mila-persone-alla-race-for-the-cure-2023\\\/\",\"url\":\"https:\\\/\\\/lavocedelpaese.info\\\/index.php\\\/2023\\\/05\\\/15\\\/oltre-15mila-persone-alla-race-for-the-cure-2023\\\/\",\"name\":\"Oltre 15mila persone alla Race for the Cure 2023 - La Voce del Paese\",\"isPartOf\":{\"@id\":\"https:\\\/\\\/lavocedelpaese.info\\\/#website\"},\"datePublished\":\"2023-05-15T16:13:45+00:00\",\"breadcrumb\":{\"@id\":\"https:\\\/\\\/lavocedelpaese.info\\\/index.php\\\/2023\\\/05\\\/15\\\/oltre-15mila-persone-alla-race-for-the-cure-2023\\\/#breadcrumb\"},\"inLanguage\":\"it-IT\",\"potentialAction\":[{\"@type\":\"ReadAction\",\"target\":[\"https:\\\/\\\/lavocedelpaese.info\\\/index.php\\\/2023\\\/05\\\/15\\\/oltre-15mila-persone-alla-race-for-the-cure-2023\\\/\"]}]},{\"@type\":\"BreadcrumbList\",\"@id\":\"https:\\\/\\\/lavocedelpaese.info\\\/index.php\\\/2023\\\/05\\\/15\\\/oltre-15mila-persone-alla-race-for-the-cure-2023\\\/#breadcrumb\",\"itemListElement\":[{\"@type\":\"ListItem\",\"position\":1,\"name\":\"Home\",\"item\":\"https:\\\/\\\/lavocedelpaese.info\\\/\"},{\"@type\":\"ListItem\",\"position\":2,\"name\":\"Oltre 15mila persone alla Race for the Cure 2023\"}]},{\"@type\":\"WebSite\",\"@id\":\"https:\\\/\\\/lavocedelpaese.info\\\/#website\",\"url\":\"https:\\\/\\\/lavocedelpaese.info\\\/\",\"name\":\"La Voce del Paese\",\"description\":\"Un network di idee\",\"publisher\":{\"@id\":\"https:\\\/\\\/lavocedelpaese.info\\\/#organization\"},\"potentialAction\":[{\"@type\":\"SearchAction\",\"target\":{\"@type\":\"EntryPoint\",\"urlTemplate\":\"https:\\\/\\\/lavocedelpaese.info\\\/?s={search_term_string}\"},\"query-input\":{\"@type\":\"PropertyValueSpecification\",\"valueRequired\":true,\"valueName\":\"search_term_string\"}}],\"inLanguage\":\"it-IT\"},{\"@type\":\"Organization\",\"@id\":\"https:\\\/\\\/lavocedelpaese.info\\\/#organization\",\"name\":\"La Voce del Paese\",\"url\":\"https:\\\/\\\/lavocedelpaese.info\\\/\",\"logo\":{\"@type\":\"ImageObject\",\"inLanguage\":\"it-IT\",\"@id\":\"https:\\\/\\\/lavocedelpaese.info\\\/#\\\/schema\\\/logo\\\/image\\\/\",\"url\":\"https:\\\/\\\/lavocedelpaese.info\\\/wp-content\\\/uploads\\\/2023\\\/01\\\/cropped-logo-150-127.png\",\"contentUrl\":\"https:\\\/\\\/lavocedelpaese.info\\\/wp-content\\\/uploads\\\/2023\\\/01\\\/cropped-logo-150-127.png\",\"width\":137,\"height\":119,\"caption\":\"La Voce del Paese\"},\"image\":{\"@id\":\"https:\\\/\\\/lavocedelpaese.info\\\/#\\\/schema\\\/logo\\\/image\\\/\"},\"sameAs\":[\"https:\\\/\\\/www.facebook.com\\\/lavocedelpaese.info\"]}]}<\/script>\n<!-- \/ Yoast SEO plugin. -->","yoast_head_json":{"title":"Oltre 15mila persone alla Race for the Cure 2023 - La Voce del Paese","robots":{"index":"index","follow":"follow","max-snippet":"max-snippet:-1","max-image-preview":"max-image-preview:large","max-video-preview":"max-video-preview:-1"},"canonical":"https:\/\/lavocedelpaese.info\/index.php\/2023\/05\/15\/oltre-15mila-persone-alla-race-for-the-cure-2023\/","og_locale":"it_IT","og_type":"article","og_title":"Oltre 15mila persone alla Race for the Cure 2023 - La Voce del Paese","og_description":"\u00a0 \u200b\u00a0 \u200bCassano \u2013 La Voce del Paese\u00a0 Alla diciassettesima edizione della Race for the cure hanno partecipato oltre 15","og_url":"https:\/\/lavocedelpaese.info\/index.php\/2023\/05\/15\/oltre-15mila-persone-alla-race-for-the-cure-2023\/","og_site_name":"La Voce del Paese","article_publisher":"https:\/\/www.facebook.com\/lavocedelpaese.info","article_published_time":"2023-05-15T16:13:45+00:00","twitter_card":"summary_large_image","twitter_misc":{"Tempo di lettura stimato":"2 minuti"},"schema":{"@context":"https:\/\/schema.org","@graph":[{"@type":"Article","@id":"https:\/\/lavocedelpaese.info\/index.php\/2023\/05\/15\/oltre-15mila-persone-alla-race-for-the-cure-2023\/#article","isPartOf":{"@id":"https:\/\/lavocedelpaese.info\/index.php\/2023\/05\/15\/oltre-15mila-persone-alla-race-for-the-cure-2023\/"},"author":{"name":"","@id":""},"headline":"Oltre 15mila persone alla Race for the Cure 2023","datePublished":"2023-05-15T16:13:45+00:00","mainEntityOfPage":{"@id":"https:\/\/lavocedelpaese.info\/index.php\/2023\/05\/15\/oltre-15mila-persone-alla-race-for-the-cure-2023\/"},"wordCount":435,"commentCount":0,"publisher":{"@id":"https:\/\/lavocedelpaese.info\/#organization"},"articleSection":["network"],"inLanguage":"it-IT","potentialAction":[{"@type":"CommentAction","name":"Comment","target":["https:\/\/lavocedelpaese.info\/index.php\/2023\/05\/15\/oltre-15mila-persone-alla-race-for-the-cure-2023\/#respond"]}]},{"@type":"WebPage","@id":"https:\/\/lavocedelpaese.info\/index.php\/2023\/05\/15\/oltre-15mila-persone-alla-race-for-the-cure-2023\/","url":"https:\/\/lavocedelpaese.info\/index.php\/2023\/05\/15\/oltre-15mila-persone-alla-race-for-the-cure-2023\/","name":"Oltre 15mila persone alla Race for the Cure 2023 - La Voce del Paese","isPartOf":{"@id":"https:\/\/lavocedelpaese.info\/#website"},"datePublished":"2023-05-15T16:13:45+00:00","breadcrumb":{"@id":"https:\/\/lavocedelpaese.info\/index.php\/2023\/05\/15\/oltre-15mila-persone-alla-race-for-the-cure-2023\/#breadcrumb"},"inLanguage":"it-IT","potentialAction":[{"@type":"ReadAction","target":["https:\/\/lavocedelpaese.info\/index.php\/2023\/05\/15\/oltre-15mila-persone-alla-race-for-the-cure-2023\/"]}]},{"@type":"BreadcrumbList","@id":"https:\/\/lavocedelpaese.info\/index.php\/2023\/05\/15\/oltre-15mila-persone-alla-race-for-the-cure-2023\/#breadcrumb","itemListElement":[{"@type":"ListItem","position":1,"name":"Home","item":"https:\/\/lavocedelpaese.info\/"},{"@type":"ListItem","position":2,"name":"Oltre 15mila persone alla Race for the Cure 2023"}]},{"@type":"WebSite","@id":"https:\/\/lavocedelpaese.info\/#website","url":"https:\/\/lavocedelpaese.info\/","name":"La Voce del Paese","description":"Un network di idee","publisher":{"@id":"https:\/\/lavocedelpaese.info\/#organization"},"potentialAction":[{"@type":"SearchAction","target":{"@type":"EntryPoint","urlTemplate":"https:\/\/lavocedelpaese.info\/?s={search_term_string}"},"query-input":{"@type":"PropertyValueSpecification","valueRequired":true,"valueName":"search_term_string"}}],"inLanguage":"it-IT"},{"@type":"Organization","@id":"https:\/\/lavocedelpaese.info\/#organization","name":"La Voce del Paese","url":"https:\/\/lavocedelpaese.info\/","logo":{"@type":"ImageObject","inLanguage":"it-IT","@id":"https:\/\/lavocedelpaese.info\/#\/schema\/logo\/image\/","url":"https:\/\/lavocedelpaese.info\/wp-content\/uploads\/2023\/01\/cropped-logo-150-127.png","contentUrl":"https:\/\/lavocedelpaese.info\/wp-content\/uploads\/2023\/01\/cropped-logo-150-127.png","width":137,"height":119,"caption":"La Voce del Paese"},"image":{"@id":"https:\/\/lavocedelpaese.info\/#\/schema\/logo\/image\/"},"sameAs":["https:\/\/www.facebook.com\/lavocedelpaese.info"]}]}},"_links":{"self":[{"href":"https:\/\/lavocedelpaese.info\/index.php\/wp-json\/wp\/v2\/posts\/1546","targetHints":{"allow":["GET"]}}],"collection":[{"href":"https:\/\/lavocedelpaese.info\/index.php\/wp-json\/wp\/v2\/posts"}],"about":[{"href":"https:\/\/lavocedelpaese.info\/index.php\/wp-json\/wp\/v2\/types\/post"}],"replies":[{"embeddable":true,"href":"https:\/\/lavocedelpaese.info\/index.php\/wp-json\/wp\/v2\/comments?post=1546"}],"version-history":[{"count":0,"href":"https:\/\/lavocedelpaese.info\/index.php\/wp-json\/wp\/v2\/posts\/1546\/revisions"}],"wp:attachment":[{"href":"https:\/\/lavocedelpaese.info\/index.php\/wp-json\/wp\/v2\/media?parent=1546"}],"wp:term":[{"taxonomy":"category","embeddable":true,"href":"https:\/\/lavocedelpaese.info\/index.php\/wp-json\/wp\/v2\/categories?post=1546"},{"taxonomy":"post_tag","embeddable":true,"href":"https:\/\/lavocedelpaese.info\/index.php\/wp-json\/wp\/v2\/tags?post=1546"}],"curies":[{"name":"wp","href":"https:\/\/api.w.org\/{rel}","templated":true}]}}