{"id":1542,"date":"2023-05-15T07:17:30","date_gmt":"2023-05-15T07:17:30","guid":{"rendered":"https:\/\/lavocedelpaese.info\/index.php\/2023\/05\/15\/festeggiamenti-in-onore-di-maria-ss-ausiliatrice-il-programma\/"},"modified":"2023-05-15T07:17:30","modified_gmt":"2023-05-15T07:17:30","slug":"festeggiamenti-in-onore-di-maria-ss-ausiliatrice-il-programma","status":"publish","type":"post","link":"https:\/\/lavocedelpaese.info\/index.php\/2023\/05\/15\/festeggiamenti-in-onore-di-maria-ss-ausiliatrice-il-programma\/","title":{"rendered":"Festeggiamenti in onore di Maria SS. Ausiliatrice. Il programma"},"content":{"rendered":"<p>\u00a0<\/p>\n<p>\u200b\u00a0<\/p>\n<p>\u200bTuri \u2013 La Voce del Paese\u00a0<\/p>\n<p>Mercoled\u00ec 24 maggio, la comunit\u00e0 turese ritorner\u00e0 a vivere l\u2019appuntamento con i festeggiamenti in onore di Maria SS. Ausiliatrice.<\/p>\n<p>Il programma religioso inizier\u00e0 con il Triduo di preghiera e preparazione (da domenica 21 a marted\u00ec 23), scandito dal Santo Rosario (ore 18.30) e dalla Santa Messa con atto di affidamento alla Madonna (ore 19.00).<\/p>\n<p>Il 24 maggio, giorno della Festa, si aprir\u00e0 con la messa mattutina (ore 8.00) e la Supplica alla Madonna Ausiliatrice (ore 12.00). Alle ore 18.00, i festeggiamenti religiosi saranno sugellati dalla solenne celebrazione eucaristica presieduta da Fra Mimmo Lotito, rettore del Santuario della Madonna della Vetrana di Castellana Grotte, seguita dalla processione con la statua di Maria SS. Ausiliatrice per le vie cittadine.<\/p>\n<p>Quanto ai festeggiamenti civili, sono previsti uno spettacolo pirotecnico al rientro della processione, l\u2019esibizione della Banda Cittadina \u201cDon Giovanni Cipriani\u201d e lo spettacolo con gli \u201cArtisti di Strada\u201d. Il tutto verr\u00e0 arricchito dall\u2019illuminazione artistica a cura della \u201cDitta Faniuolo\u201d e dagli stand di degustazione gastronomica.<\/p>\n<div class=\"wp-block-image\">\n<\/div>\n<p><a class=\"a2a_button_facebook\" href=\"https:\/\/www.addtoany.com\/add_to\/facebook?linkurl=https%3A%2F%2Fturi.lavocedelpaese.info%2Ffesteggiamenti-in-onore-di-maria-ss-ausiliatrice-il-programma%2F&amp;linkname=Festeggiamenti%20in%20onore%20di%20Maria%20SS.%20Ausiliatrice.%20Il%20programma\" title=\"Facebook\" target=\"_blank\" rel=\"noopener\"><\/a><a class=\"a2a_button_twitter\" href=\"https:\/\/www.addtoany.com\/add_to\/twitter?linkurl=https%3A%2F%2Fturi.lavocedelpaese.info%2Ffesteggiamenti-in-onore-di-maria-ss-ausiliatrice-il-programma%2F&amp;linkname=Festeggiamenti%20in%20onore%20di%20Maria%20SS.%20Ausiliatrice.%20Il%20programma\" title=\"Twitter\" target=\"_blank\" rel=\"noopener\"><\/a><a class=\"a2a_button_whatsapp\" href=\"https:\/\/www.addtoany.com\/add_to\/whatsapp?linkurl=https%3A%2F%2Fturi.lavocedelpaese.info%2Ffesteggiamenti-in-onore-di-maria-ss-ausiliatrice-il-programma%2F&amp;linkname=Festeggiamenti%20in%20onore%20di%20Maria%20SS.%20Ausiliatrice.%20Il%20programma\" title=\"WhatsApp\" target=\"_blank\" rel=\"noopener\"><\/a><a class=\"a2a_button_telegram\" href=\"https:\/\/www.addtoany.com\/add_to\/telegram?linkurl=https%3A%2F%2Fturi.lavocedelpaese.info%2Ffesteggiamenti-in-onore-di-maria-ss-ausiliatrice-il-programma%2F&amp;linkname=Festeggiamenti%20in%20onore%20di%20Maria%20SS.%20Ausiliatrice.%20Il%20programma\" title=\"Telegram\" target=\"_blank\" rel=\"noopener\"><\/a><a class=\"a2a_button_email\" href=\"https:\/\/www.addtoany.com\/add_to\/email?linkurl=https%3A%2F%2Fturi.lavocedelpaese.info%2Ffesteggiamenti-in-onore-di-maria-ss-ausiliatrice-il-programma%2F&amp;linkname=Festeggiamenti%20in%20onore%20di%20Maria%20SS.%20Ausiliatrice.%20Il%20programma\" title=\"Email\" target=\"_blank\" rel=\"noopener\"><\/a><\/p>\n<p>\u00a0<\/p>","protected":false},"excerpt":{"rendered":"<p>\u00a0 \u200b\u00a0 \u200bTuri \u2013 La Voce del Paese\u00a0 Mercoled\u00ec 24 maggio, la comunit\u00e0 turese ritorner\u00e0 a vivere l\u2019appuntamento con i<\/p>\n","protected":false},"author":0,"featured_media":0,"comment_status":"open","ping_status":"closed","sticky":false,"template":"","format":"standard","meta":{"colormag_page_container_layout":"default_layout","colormag_page_sidebar_layout":"default_layout","footnotes":""},"categories":[33],"tags":[],"class_list":["post-1542","post","type-post","status-publish","format-standard","hentry","category-network"],"yoast_head":"<!-- This site is optimized with the Yoast SEO plugin v27.5 - https:\/\/yoast.com\/product\/yoast-seo-wordpress\/ -->\n<title>Festeggiamenti in onore di Maria SS. Ausiliatrice. Il programma - La Voce del Paese<\/title>\n<meta name=\"robots\" content=\"index, follow, max-snippet:-1, max-image-preview:large, max-video-preview:-1\" \/>\n<link rel=\"canonical\" href=\"https:\/\/lavocedelpaese.info\/index.php\/2023\/05\/15\/festeggiamenti-in-onore-di-maria-ss-ausiliatrice-il-programma\/\" \/>\n<meta property=\"og:locale\" content=\"it_IT\" \/>\n<meta property=\"og:type\" content=\"article\" \/>\n<meta property=\"og:title\" content=\"Festeggiamenti in onore di Maria SS. Ausiliatrice. Il programma - La Voce del Paese\" \/>\n<meta property=\"og:description\" content=\"\u00a0 \u200b\u00a0 \u200bTuri \u2013 La Voce del Paese\u00a0 Mercoled\u00ec 24 maggio, la comunit\u00e0 turese ritorner\u00e0 a vivere l\u2019appuntamento con i\" \/>\n<meta property=\"og:url\" content=\"https:\/\/lavocedelpaese.info\/index.php\/2023\/05\/15\/festeggiamenti-in-onore-di-maria-ss-ausiliatrice-il-programma\/\" \/>\n<meta property=\"og:site_name\" content=\"La Voce del Paese\" \/>\n<meta property=\"article:publisher\" content=\"https:\/\/www.facebook.com\/lavocedelpaese.info\" \/>\n<meta property=\"article:published_time\" content=\"2023-05-15T07:17:30+00:00\" \/>\n<meta name=\"twitter:card\" content=\"summary_large_image\" \/>\n<meta name=\"twitter:label1\" content=\"Tempo di lettura stimato\" \/>\n\t<meta name=\"twitter:data1\" content=\"1 minuto\" \/>\n<script type=\"application\/ld+json\" class=\"yoast-schema-graph\">{\"@context\":\"https:\\\/\\\/schema.org\",\"@graph\":[{\"@type\":\"Article\",\"@id\":\"https:\\\/\\\/lavocedelpaese.info\\\/index.php\\\/2023\\\/05\\\/15\\\/festeggiamenti-in-onore-di-maria-ss-ausiliatrice-il-programma\\\/#article\",\"isPartOf\":{\"@id\":\"https:\\\/\\\/lavocedelpaese.info\\\/index.php\\\/2023\\\/05\\\/15\\\/festeggiamenti-in-onore-di-maria-ss-ausiliatrice-il-programma\\\/\"},\"author\":{\"name\":\"\",\"@id\":\"\"},\"headline\":\"Festeggiamenti in onore di Maria SS. Ausiliatrice. Il programma\",\"datePublished\":\"2023-05-15T07:17:30+00:00\",\"mainEntityOfPage\":{\"@id\":\"https:\\\/\\\/lavocedelpaese.info\\\/index.php\\\/2023\\\/05\\\/15\\\/festeggiamenti-in-onore-di-maria-ss-ausiliatrice-il-programma\\\/\"},\"wordCount\":170,\"commentCount\":0,\"publisher\":{\"@id\":\"https:\\\/\\\/lavocedelpaese.info\\\/#organization\"},\"articleSection\":[\"network\"],\"inLanguage\":\"it-IT\",\"potentialAction\":[{\"@type\":\"CommentAction\",\"name\":\"Comment\",\"target\":[\"https:\\\/\\\/lavocedelpaese.info\\\/index.php\\\/2023\\\/05\\\/15\\\/festeggiamenti-in-onore-di-maria-ss-ausiliatrice-il-programma\\\/#respond\"]}]},{\"@type\":\"WebPage\",\"@id\":\"https:\\\/\\\/lavocedelpaese.info\\\/index.php\\\/2023\\\/05\\\/15\\\/festeggiamenti-in-onore-di-maria-ss-ausiliatrice-il-programma\\\/\",\"url\":\"https:\\\/\\\/lavocedelpaese.info\\\/index.php\\\/2023\\\/05\\\/15\\\/festeggiamenti-in-onore-di-maria-ss-ausiliatrice-il-programma\\\/\",\"name\":\"Festeggiamenti in onore di Maria SS. Ausiliatrice. Il programma - La Voce del Paese\",\"isPartOf\":{\"@id\":\"https:\\\/\\\/lavocedelpaese.info\\\/#website\"},\"datePublished\":\"2023-05-15T07:17:30+00:00\",\"breadcrumb\":{\"@id\":\"https:\\\/\\\/lavocedelpaese.info\\\/index.php\\\/2023\\\/05\\\/15\\\/festeggiamenti-in-onore-di-maria-ss-ausiliatrice-il-programma\\\/#breadcrumb\"},\"inLanguage\":\"it-IT\",\"potentialAction\":[{\"@type\":\"ReadAction\",\"target\":[\"https:\\\/\\\/lavocedelpaese.info\\\/index.php\\\/2023\\\/05\\\/15\\\/festeggiamenti-in-onore-di-maria-ss-ausiliatrice-il-programma\\\/\"]}]},{\"@type\":\"BreadcrumbList\",\"@id\":\"https:\\\/\\\/lavocedelpaese.info\\\/index.php\\\/2023\\\/05\\\/15\\\/festeggiamenti-in-onore-di-maria-ss-ausiliatrice-il-programma\\\/#breadcrumb\",\"itemListElement\":[{\"@type\":\"ListItem\",\"position\":1,\"name\":\"Home\",\"item\":\"https:\\\/\\\/lavocedelpaese.info\\\/\"},{\"@type\":\"ListItem\",\"position\":2,\"name\":\"Festeggiamenti in onore di Maria SS. Ausiliatrice. Il programma\"}]},{\"@type\":\"WebSite\",\"@id\":\"https:\\\/\\\/lavocedelpaese.info\\\/#website\",\"url\":\"https:\\\/\\\/lavocedelpaese.info\\\/\",\"name\":\"La Voce del Paese\",\"description\":\"Un network di idee\",\"publisher\":{\"@id\":\"https:\\\/\\\/lavocedelpaese.info\\\/#organization\"},\"potentialAction\":[{\"@type\":\"SearchAction\",\"target\":{\"@type\":\"EntryPoint\",\"urlTemplate\":\"https:\\\/\\\/lavocedelpaese.info\\\/?s={search_term_string}\"},\"query-input\":{\"@type\":\"PropertyValueSpecification\",\"valueRequired\":true,\"valueName\":\"search_term_string\"}}],\"inLanguage\":\"it-IT\"},{\"@type\":\"Organization\",\"@id\":\"https:\\\/\\\/lavocedelpaese.info\\\/#organization\",\"name\":\"La Voce del Paese\",\"url\":\"https:\\\/\\\/lavocedelpaese.info\\\/\",\"logo\":{\"@type\":\"ImageObject\",\"inLanguage\":\"it-IT\",\"@id\":\"https:\\\/\\\/lavocedelpaese.info\\\/#\\\/schema\\\/logo\\\/image\\\/\",\"url\":\"https:\\\/\\\/lavocedelpaese.info\\\/wp-content\\\/uploads\\\/2023\\\/01\\\/cropped-logo-150-127.png\",\"contentUrl\":\"https:\\\/\\\/lavocedelpaese.info\\\/wp-content\\\/uploads\\\/2023\\\/01\\\/cropped-logo-150-127.png\",\"width\":137,\"height\":119,\"caption\":\"La Voce del Paese\"},\"image\":{\"@id\":\"https:\\\/\\\/lavocedelpaese.info\\\/#\\\/schema\\\/logo\\\/image\\\/\"},\"sameAs\":[\"https:\\\/\\\/www.facebook.com\\\/lavocedelpaese.info\"]}]}<\/script>\n<!-- \/ Yoast SEO plugin. -->","yoast_head_json":{"title":"Festeggiamenti in onore di Maria SS. Ausiliatrice. Il programma - La Voce del Paese","robots":{"index":"index","follow":"follow","max-snippet":"max-snippet:-1","max-image-preview":"max-image-preview:large","max-video-preview":"max-video-preview:-1"},"canonical":"https:\/\/lavocedelpaese.info\/index.php\/2023\/05\/15\/festeggiamenti-in-onore-di-maria-ss-ausiliatrice-il-programma\/","og_locale":"it_IT","og_type":"article","og_title":"Festeggiamenti in onore di Maria SS. Ausiliatrice. Il programma - La Voce del Paese","og_description":"\u00a0 \u200b\u00a0 \u200bTuri \u2013 La Voce del Paese\u00a0 Mercoled\u00ec 24 maggio, la comunit\u00e0 turese ritorner\u00e0 a vivere l\u2019appuntamento con i","og_url":"https:\/\/lavocedelpaese.info\/index.php\/2023\/05\/15\/festeggiamenti-in-onore-di-maria-ss-ausiliatrice-il-programma\/","og_site_name":"La Voce del Paese","article_publisher":"https:\/\/www.facebook.com\/lavocedelpaese.info","article_published_time":"2023-05-15T07:17:30+00:00","twitter_card":"summary_large_image","twitter_misc":{"Tempo di lettura stimato":"1 minuto"},"schema":{"@context":"https:\/\/schema.org","@graph":[{"@type":"Article","@id":"https:\/\/lavocedelpaese.info\/index.php\/2023\/05\/15\/festeggiamenti-in-onore-di-maria-ss-ausiliatrice-il-programma\/#article","isPartOf":{"@id":"https:\/\/lavocedelpaese.info\/index.php\/2023\/05\/15\/festeggiamenti-in-onore-di-maria-ss-ausiliatrice-il-programma\/"},"author":{"name":"","@id":""},"headline":"Festeggiamenti in onore di Maria SS. Ausiliatrice. Il programma","datePublished":"2023-05-15T07:17:30+00:00","mainEntityOfPage":{"@id":"https:\/\/lavocedelpaese.info\/index.php\/2023\/05\/15\/festeggiamenti-in-onore-di-maria-ss-ausiliatrice-il-programma\/"},"wordCount":170,"commentCount":0,"publisher":{"@id":"https:\/\/lavocedelpaese.info\/#organization"},"articleSection":["network"],"inLanguage":"it-IT","potentialAction":[{"@type":"CommentAction","name":"Comment","target":["https:\/\/lavocedelpaese.info\/index.php\/2023\/05\/15\/festeggiamenti-in-onore-di-maria-ss-ausiliatrice-il-programma\/#respond"]}]},{"@type":"WebPage","@id":"https:\/\/lavocedelpaese.info\/index.php\/2023\/05\/15\/festeggiamenti-in-onore-di-maria-ss-ausiliatrice-il-programma\/","url":"https:\/\/lavocedelpaese.info\/index.php\/2023\/05\/15\/festeggiamenti-in-onore-di-maria-ss-ausiliatrice-il-programma\/","name":"Festeggiamenti in onore di Maria SS. Ausiliatrice. Il programma - La Voce del Paese","isPartOf":{"@id":"https:\/\/lavocedelpaese.info\/#website"},"datePublished":"2023-05-15T07:17:30+00:00","breadcrumb":{"@id":"https:\/\/lavocedelpaese.info\/index.php\/2023\/05\/15\/festeggiamenti-in-onore-di-maria-ss-ausiliatrice-il-programma\/#breadcrumb"},"inLanguage":"it-IT","potentialAction":[{"@type":"ReadAction","target":["https:\/\/lavocedelpaese.info\/index.php\/2023\/05\/15\/festeggiamenti-in-onore-di-maria-ss-ausiliatrice-il-programma\/"]}]},{"@type":"BreadcrumbList","@id":"https:\/\/lavocedelpaese.info\/index.php\/2023\/05\/15\/festeggiamenti-in-onore-di-maria-ss-ausiliatrice-il-programma\/#breadcrumb","itemListElement":[{"@type":"ListItem","position":1,"name":"Home","item":"https:\/\/lavocedelpaese.info\/"},{"@type":"ListItem","position":2,"name":"Festeggiamenti in onore di Maria SS. Ausiliatrice. Il programma"}]},{"@type":"WebSite","@id":"https:\/\/lavocedelpaese.info\/#website","url":"https:\/\/lavocedelpaese.info\/","name":"La Voce del Paese","description":"Un network di idee","publisher":{"@id":"https:\/\/lavocedelpaese.info\/#organization"},"potentialAction":[{"@type":"SearchAction","target":{"@type":"EntryPoint","urlTemplate":"https:\/\/lavocedelpaese.info\/?s={search_term_string}"},"query-input":{"@type":"PropertyValueSpecification","valueRequired":true,"valueName":"search_term_string"}}],"inLanguage":"it-IT"},{"@type":"Organization","@id":"https:\/\/lavocedelpaese.info\/#organization","name":"La Voce del Paese","url":"https:\/\/lavocedelpaese.info\/","logo":{"@type":"ImageObject","inLanguage":"it-IT","@id":"https:\/\/lavocedelpaese.info\/#\/schema\/logo\/image\/","url":"https:\/\/lavocedelpaese.info\/wp-content\/uploads\/2023\/01\/cropped-logo-150-127.png","contentUrl":"https:\/\/lavocedelpaese.info\/wp-content\/uploads\/2023\/01\/cropped-logo-150-127.png","width":137,"height":119,"caption":"La Voce del Paese"},"image":{"@id":"https:\/\/lavocedelpaese.info\/#\/schema\/logo\/image\/"},"sameAs":["https:\/\/www.facebook.com\/lavocedelpaese.info"]}]}},"_links":{"self":[{"href":"https:\/\/lavocedelpaese.info\/index.php\/wp-json\/wp\/v2\/posts\/1542","targetHints":{"allow":["GET"]}}],"collection":[{"href":"https:\/\/lavocedelpaese.info\/index.php\/wp-json\/wp\/v2\/posts"}],"about":[{"href":"https:\/\/lavocedelpaese.info\/index.php\/wp-json\/wp\/v2\/types\/post"}],"replies":[{"embeddable":true,"href":"https:\/\/lavocedelpaese.info\/index.php\/wp-json\/wp\/v2\/comments?post=1542"}],"version-history":[{"count":0,"href":"https:\/\/lavocedelpaese.info\/index.php\/wp-json\/wp\/v2\/posts\/1542\/revisions"}],"wp:attachment":[{"href":"https:\/\/lavocedelpaese.info\/index.php\/wp-json\/wp\/v2\/media?parent=1542"}],"wp:term":[{"taxonomy":"category","embeddable":true,"href":"https:\/\/lavocedelpaese.info\/index.php\/wp-json\/wp\/v2\/categories?post=1542"},{"taxonomy":"post_tag","embeddable":true,"href":"https:\/\/lavocedelpaese.info\/index.php\/wp-json\/wp\/v2\/tags?post=1542"}],"curies":[{"name":"wp","href":"https:\/\/api.w.org\/{rel}","templated":true}]}}