{"id":1526,"date":"2023-05-11T06:19:22","date_gmt":"2023-05-11T06:19:22","guid":{"rendered":"https:\/\/lavocedelpaese.info\/index.php\/2023\/05\/11\/il-14-maggio-la-xvii-edizione-della-race-for-the-cure-di-bari\/"},"modified":"2023-05-11T06:19:22","modified_gmt":"2023-05-11T06:19:22","slug":"il-14-maggio-la-xvii-edizione-della-race-for-the-cure-di-bari","status":"publish","type":"post","link":"https:\/\/lavocedelpaese.info\/index.php\/2023\/05\/11\/il-14-maggio-la-xvii-edizione-della-race-for-the-cure-di-bari\/","title":{"rendered":"Il 14 maggio la XVII edizione della Race for the Cure di Bari"},"content":{"rendered":"<p>\u00a0<\/p>\n<p>\u200b\u00a0<\/p>\n<p>\u200bCassano \u2013 La Voce del Paese\u00a0<\/p>\n<p>\u201c\u00c8 la diciassettesima edizione della Race for the Cure a Bari, un\u2019edizione che cambia di significato. Dopo anni di incertezze la Race torna con la forza di tutte le donne, il passato \u00e8 un ricordo, il futuro \u00e8 la vita che abbiamo dinanzi. Una prospettiva nuova Grazie alla comunit\u00e0 alla grande famiglia che si ritrover\u00e0 sotto l\u2019arco fucsia in corso Vittorio Emanuele. Insieme al via, il traguardo dinanzi, una corsa verso l\u2019avvenire\u201d, dichiara <strong>Linda Catucci<\/strong>, presidente del comitato Puglia della Susan G. Komen Italia.<\/p>\n<p>Dal 2000 ad oggi la Komen Italia ha investito oltre 23 milioni su 1500 progetti nell\u2019azione di contrasto ai tumori del seno con un focus su informazione e prevenzione. Ogni anno in Italia ci sono 56mila nuovi casi di tumore al seno, che se diagnosticati precocemente portano nella maggior parte dei casi alla guarigione e a percorsi di cura meno invasivi.<\/p>\n<p>\u201cSiamo parte di un cambiamento culturale, che vede proprio in una corretta informazione e nella prevenzione le nostre migliori chance contro il tumore al seno\u201d continua Catucci che per questa edizione della Race, che ricorre nello stesso giorno della festa della mamma, lancia hashtag #corriconmamma perch\u00e9 \u201cquando si ammala una donna si ammala tutta la famiglia e vogliamo trasferire la forza catalizzatrice delle mamme in un contesto positivo e creare intorno a loro un movimento di persone che partecipando alla Race contribuiranno a sostenere tutti i progetti che ogni anno realizziamo per le donne in rosa\u201d.<\/p>\n<p>Alla conferenza era presente il fondatore della Susan G. Komen Italia <strong>Riccardo Masetti,<\/strong>\u00a0 \u201cquesta manifestazione ha tanti significati, qui a Bari ha raggiunto livelli di partecipazione altissimi, ha generato un cambio di passo del modo in cui si affronta la malattia, ha contribuito a rompere la paura e il silenzio, sostituendoli con un senso di condivisione. Poi la Race \u00e8 una grande raccolta fondi che ha permesso di dare vita ad oltre 1.500 progetti nell\u2019azione di contrasto ai tumori del seno\u201d.<\/p>\n<p>Per la presidente nazionale della Susan G. Komen Italia, <strong>Daniela Terribile<\/strong> \u201cDopo la Race a Roma di domenica scorsa tutto \u00e8 pronto per quella di Bari di domenica 14. La marea rosa non si ferma, non si pu\u00f2 fermare perch\u00e9 la prevenzione non si pu\u00f2 fermare.\u00a0 Tutto ci\u00f2 che vedrete da venerd\u00ec a domenica \u00e8 fatto per celebrare la donna, per poterla seguire sempre e poter cogliere nel caso dall\u2019inizio, un piccolo tumore se c\u2019\u00e8 ma poterlo curare e soprattutto poterlo prevenire. \u00c8 questo il senso di partecipare generosamente a questa manifestazione\u201d.<\/p>\n<p>Alla conferenza stampa \u00e8 intervenuto anche l\u2019assessore regionale alla Sanit\u00e0, <strong>Rocco Palese<\/strong> \u201c\u00c8 un\u2019iniziativa importante che la Regione Puglia sostiene dal punto di vista della partecipazione e della attualit\u00e0, in un contesto di prevenzione, cura, benessere, salute e attivit\u00e0 sportiva come partner di Susan Komen. Ma ci preme sottolineare che nel contesto dell\u2019attivit\u00e0 regionale sugli screening oncologici la performance della Puglia \u00e8 positiva ed \u00e8 in crescita. In Puglia il dato della convocazione delle donne nelle fasce d\u2019et\u00e0 prestabilita dall\u2019Oms \u00e8 pi\u00f9 dell\u201985% mentre l\u2019adesione si attesta intorno al 60%. Dato che vorremmo migliorasse. E questa iniziativa sicuramente contribuir\u00e0 nel contesto dell\u2019adesione perch\u00e9 la prevenzione \u00e8 direttamente correlata alla possibilit\u00e0 di guarigione nel contesto della patologia oncologica mammaria\u201d.<\/p>\n<p>Per il sindaco di Bari, <strong>Antonio Decaro<\/strong> \u201cPer noi l\u2019appuntamento con la Race for the cure \u00e8 una delle tappe pi\u00f9 importanti della stagione. Una manifestazione che promuove i valori dello sport, del benessere sociale e la voglia di fare comunit\u00e0. La race for The cure \u00e9 per\u00f2 anche e soprattutto riflessione e prevenzione. Ancora oggi c\u2019\u00e8 bisogno di parlare, di promuovere e di ricordare alle persone che la prevenzione \u00e8 la cura che pu\u00f2 salvarci la vita in tantissime situazioni. La prevenzione \u00e8 anche lo strumento attraverso cui tutti noi possiamo aiutare il sistema sanitario ad assistere la nostra comunit\u00e0 e a offrirci le cure migliori. L\u2019occasione della corsa di domenica prossima quindi sar\u00e0 quella di trascorrere una giornata insieme, correndo, camminando e condividendo storie e pensieri che possono aiutarvi tutti. Anche quest\u2019anno la citt\u00e0 di Bari non mancher\u00e0 l\u2019appuntamento con il lungo serpentone rosa che colorer\u00e0 la nostra citt\u00e0 con il colore della prevenzione\u201d.<\/p>\n<p>Era presente anche l\u2019assessore comunale allo Sport, <strong>Pietro Petruzzelli <\/strong>\u201cLa Race for the Cure non \u00e8 solo una corsa, perch\u00e9 da un lato serve a raccogliere fondi per la ricerca contro il tumore del seno, quindi solo per questo \u00e8 giusto esserci, dall\u2019altro rappresenta un modo concreto per promuovere stili di vita corretti. Lo sport \u00e8 fondamentale per la salute delle persone: per questo invitiamo tutti ad iscriversi alla manifestazione. Sar\u00e0 bello domenica partecipare a questo evento nel centro della nostra citt\u00e0, cos\u00ec come\u00a0 trascorrere il tempo libero nel Villaggio della Salute allestito in piazza Prefettura. Inoltre, l\u2019amministrazione ha individuato, tramite un protocollo d\u2019intesa con l\u2019assessorato al Welfare, 95 donne in condizioni economiche difficili in modo che possano accedere ai controlli gratuiti sanitari offerti dall\u2019organizzazione\u201d.<\/p>\n<p>L\u2019inaugurazione del <strong>Villaggio della Salute <\/strong>\u00e8 prevista per venerd\u00ec 12 alle ore 15 in piazza Prefettura e rester\u00e0 aperto fino alle 20.00 mentre l\u2019orario di apertura di sabato 13 sar\u00e0 dalle 9.00 alle 20.00 per consentire a quante pi\u00f9 persone \u00e8 possibile di partecipare gratuitamente anche ad attivit\u00e0 di sport, fitness, sana alimentazione, benessere psicologico, intrattenimento e a conferenze sui temi della salute e della prevenzione.<\/p>\n<p>Domenica 14 maggio il Villaggio della Race aprir\u00e0 alle 8 per consentire a tutti di effettuare le ultime iscrizioni e prepararsi alla partenza della XVII edizione della Race for the Cure di Bari, lungo due percorsi: la passeggiata di 2 Km. e la corsa competitiva di 5 Km.<\/p>\n<p>Come ogni anno all\u2019interno del Villaggio della Salute saranno eseguiti esami diagnostici gratuiti di screening per le principali patologie femminili, in particolare a donne che vivono in condizioni di fragilit\u00e0 sociale o economica. Saranno offerte prestazioni di dermatologia, ecografia alla tiroide, ginecologia, senologia, misurazione della pressione, della glicemia, cardio online, prestazioni sulla salute dell\u2019occhio e un corner dedicato alla genetica e ai test genetici che quest\u2019anno sar\u00e0 esteso agli uomini con storia neoplastica personale o familiare. Novit\u00e0 di quest\u2019anno la presenza di un team di 68 ostetriche che offriranno consulenze di prevenzione, perimenopausa e menopausa, riabilitazione pavimento pelvico, trattamento e cura delle cicatrici post interventi e su tutte le prestazioni socio-sanitarie fornite dalle Asl di Bari e Bat. Altra novit\u00e0 di questa edizione \u00e8 il corso di primo soccorso dove si potranno imparare i gesti salvavita e le manovre di disostruzione in caso di emergenza.<\/p>\n<p>Un\u2019area specifica \u00e8 dedicata all\u2019informazione con le conferenze mediche dedicate quest\u2019anno ai progressi in ginecologia, patologia, radiologia, genetica, chirurgia, oncologia, radioterapia e alle possibilit\u00e0 dell\u2019intelligenza artificiale nel follow up.<\/p>\n<p>Un\u2019attenzione particolare, come sempre, sar\u00e0 rivolta alle Donne in Rosa, vere protagoniste del mondo Komen, che nell\u2019area a loro dedicata potranno ricevere<\/p>\n<p>consulenze e informazioni in materia di preservazione della fertilit\u00e0, partecipare a laboratori di cucina ed educazione alimentare, ricevere le coccole sonore con le campane tibetane e Gong e tanto altro.<\/p>\n<p>Un\u2019intera area del Villaggio della Race sar\u00e0 dedicata ai bambini con laboratori creativi, balloon art, face painting, baby dance e family game.<\/p>\n<p>Sabato 13 maggio alle ore 16, con partenza dal Villaggio della Salute, le Lady Bikers dell\u2019associazione Angeli della strada sfileranno per la citt\u00e0 di Bari con la pettorina rosa, per invitare tutta la citt\u00e0 a partecipare alla Race e sostenere le attivit\u00e0 della Komen.<\/p>\n<p>L\u2019edizione 2023 della Race for the Cure di Bari \u00e8 dedicata a due amiche della Komen e donne in rosa, che non ci sono pi\u00f9: Rossella Tomasino ed Eugenia De Santis. Con il loro sorriso \u201csono stati esempi fulgidi di un volontariato fatto con il cuore e con l\u2019anima. Hanno insegnato a tutti noi l\u2019importanza di stare insieme, di creare una comunit\u00e0 di persone unite da valori comuni. Riuscire ad andare oltre l\u2019interesse personale, spendendosi quotidianamente per il bene collettivo \u00e8 ci\u00f2 che rende il volontariato cos\u00ec forte e prezioso. Lo sanno bene tutte le donne che si avvicinano alla Komen per la prima volta, venendo travolte da un\u2019ondata di gioia e di forza che le aiuta ad avere una visione pi\u00f9 aperta. \u00c8 proprio questo che vogliamo fare, regalare la proiezione del futuro a tutte le donne che, a causa della malattia, non sono pi\u00f9 in grado di vederla\u201d spiega Catucci.<\/p>\n<p>Infine domenica 14 maggio alle 10 di mattina ci sar\u00e0 lo start della XVII edizione della Race for the Cure di Bari, lungo due percorsi: la passeggiata di 2 Km. E la corsa competitiva di 5 Km.<\/p>\n<p><strong>I PARTNER DELL<\/strong><strong>\u2019<\/strong><strong>EVENTO<\/strong><\/p>\n<p>La Race for the Cure si svolge sotto l\u2019Alto Patronato del Presidente della Repubblica e con il patrocinio di: Regione Puglia, Comune di Bari, AReSS, Esercito Italiano, SIAE, Fondazione Policlinico Universitario A. Gemelli IRCCS di Roma, Aeronautica Militare III Regione Aerea Bari, Confindustria Bari, Ordine dei Farmacisti di Bari, Universit\u00e0 degli studi di Bari, l\u2019Accademia Belle Arti, Commissione Difesa Vista Onlus, Centro di Servizio al Volontariato San Nicola, CONI, Federazione Italiana Giuoco Calcio, Federazione Italiana di Atletica Leggera, Federazione Italiana Sci Nautico Wakeboard Surfing, Federazione Italiana Pallacanestro, Federazione Italiana Vela e Federazione Italiana Pallavolo.<\/p>\n<p>Anche quest\u2019anno, la Race for the Cure ha generato partnership virtuose con istituzioni e aziende sensibili alle tematiche della solidariet\u00e0, della salute e della prevenzione. Di particolare rilievo le collaborazioni nazionali con Aveeno e Biafin partner per le Donne in Rosa, Fasda, Unisalute, Ferrovie dello Stato Italiane e Fondazione Johnson&amp;Johnson che sostiene il Villaggio della Salute. Fornitori Ufficiali Hertz e Lete.<\/p>\n<p>Si ringraziano tutte le testate giornalistiche che supportano la Race.<\/p>\n<p>Si ringraziano infine tutti i volti noti della tv, dello sport e della cultura che hanno promosso la Race con il programma Capitani Famosi.<\/p>\n<p><strong>COME ISCRIVERSI E PARTECIPARE <\/strong><strong><\/strong><\/p>\n<p>Ci si pu\u00f2 iscrivere alla Race con una donazione minima di almeno 13 euro sul sito www.raceforthecure.it, presso il comitato Komen Puglia in via Melo da Bari 195, al Villaggio della Salute (da venerd\u00ec 12 maggio dalle ore 15:00) e in uno degli punti di iscrizione indicati sul sito della Race.<\/p>\n<p>L\u2019iscrizione d\u00e0 diritto a ricevere \u2013 fino a esaurimento \u2013 l\u2019iconica maglia ufficiale e lo zainetto.<br \/>Info e iscrizioni: www.raceforthecure.it www.komen.it<\/p>\n<p>INGRESSO GRATUITO NEI MUSEI PER TUTTI GLI ISCRITTI ALLA RACE GRAZIE ALLA PARTNERSHIP CON IL MINISTERO DELLA CULTURA \u2013 12- 13- 14 MAGGIO<\/p>\n<p>Cultura, arte e bellezza sono una potente medicina per corpo e mente. Da questo presupposto \u00e8 nato alcuni anni fa il protocollo di intesa con il Ministero della Cultura, grazie al quale nei giorni della manifestazione agli iscritti alle<\/p>\n<p>Race in tutta Italia viene offerto l\u2019ingresso gratuito nei musei statali. (elenco completo sul sito www.komen.it)<\/p>\n<p><a class=\"a2a_button_facebook\" href=\"https:\/\/www.addtoany.com\/add_to\/facebook?linkurl=https%3A%2F%2Fcassano.lavocedelpaese.info%2Findex.php%2F2023%2F05%2F11%2Fil-14-maggio-la-xvii-edizione-della-race-for-the-cure-di-bari%2F&amp;linkname=Il%2014%20maggio%20la%20XVII%20edizione%20della%20Race%20for%20the%20Cure%20di%20Bari\" title=\"Facebook\" target=\"_blank\" rel=\"noopener\"><\/a><a class=\"a2a_button_twitter\" href=\"https:\/\/www.addtoany.com\/add_to\/twitter?linkurl=https%3A%2F%2Fcassano.lavocedelpaese.info%2Findex.php%2F2023%2F05%2F11%2Fil-14-maggio-la-xvii-edizione-della-race-for-the-cure-di-bari%2F&amp;linkname=Il%2014%20maggio%20la%20XVII%20edizione%20della%20Race%20for%20the%20Cure%20di%20Bari\" title=\"Twitter\" target=\"_blank\" rel=\"noopener\"><\/a><a class=\"a2a_button_whatsapp\" href=\"https:\/\/www.addtoany.com\/add_to\/whatsapp?linkurl=https%3A%2F%2Fcassano.lavocedelpaese.info%2Findex.php%2F2023%2F05%2F11%2Fil-14-maggio-la-xvii-edizione-della-race-for-the-cure-di-bari%2F&amp;linkname=Il%2014%20maggio%20la%20XVII%20edizione%20della%20Race%20for%20the%20Cure%20di%20Bari\" title=\"WhatsApp\" target=\"_blank\" rel=\"noopener\"><\/a><a class=\"a2a_button_telegram\" href=\"https:\/\/www.addtoany.com\/add_to\/telegram?linkurl=https%3A%2F%2Fcassano.lavocedelpaese.info%2Findex.php%2F2023%2F05%2F11%2Fil-14-maggio-la-xvii-edizione-della-race-for-the-cure-di-bari%2F&amp;linkname=Il%2014%20maggio%20la%20XVII%20edizione%20della%20Race%20for%20the%20Cure%20di%20Bari\" title=\"Telegram\" target=\"_blank\" rel=\"noopener\"><\/a><a class=\"a2a_button_email\" href=\"https:\/\/www.addtoany.com\/add_to\/email?linkurl=https%3A%2F%2Fcassano.lavocedelpaese.info%2Findex.php%2F2023%2F05%2F11%2Fil-14-maggio-la-xvii-edizione-della-race-for-the-cure-di-bari%2F&amp;linkname=Il%2014%20maggio%20la%20XVII%20edizione%20della%20Race%20for%20the%20Cure%20di%20Bari\" title=\"Email\" target=\"_blank\" rel=\"noopener\"><\/a><\/p>\n<p>\u00a0<\/p>","protected":false},"excerpt":{"rendered":"<p>\u00a0 \u200b\u00a0 \u200bCassano \u2013 La Voce del Paese\u00a0 \u201c\u00c8 la diciassettesima edizione della Race for the Cure a Bari, un\u2019edizione<\/p>\n","protected":false},"author":0,"featured_media":0,"comment_status":"open","ping_status":"closed","sticky":false,"template":"","format":"standard","meta":{"colormag_page_container_layout":"default_layout","colormag_page_sidebar_layout":"default_layout","footnotes":""},"categories":[33],"tags":[],"class_list":["post-1526","post","type-post","status-publish","format-standard","hentry","category-network"],"yoast_head":"<!-- This site is optimized with the Yoast SEO plugin v27.5 - https:\/\/yoast.com\/product\/yoast-seo-wordpress\/ -->\n<title>Il 14 maggio la XVII edizione della Race for the Cure di Bari - La Voce del Paese<\/title>\n<meta name=\"robots\" content=\"index, follow, max-snippet:-1, max-image-preview:large, max-video-preview:-1\" \/>\n<link rel=\"canonical\" href=\"https:\/\/lavocedelpaese.info\/index.php\/2023\/05\/11\/il-14-maggio-la-xvii-edizione-della-race-for-the-cure-di-bari\/\" \/>\n<meta property=\"og:locale\" content=\"it_IT\" \/>\n<meta property=\"og:type\" content=\"article\" \/>\n<meta property=\"og:title\" content=\"Il 14 maggio la XVII edizione della Race for the Cure di Bari - La Voce del Paese\" \/>\n<meta property=\"og:description\" content=\"\u00a0 \u200b\u00a0 \u200bCassano \u2013 La Voce del Paese\u00a0 \u201c\u00c8 la diciassettesima edizione della Race for the Cure a Bari, un\u2019edizione\" \/>\n<meta property=\"og:url\" content=\"https:\/\/lavocedelpaese.info\/index.php\/2023\/05\/11\/il-14-maggio-la-xvii-edizione-della-race-for-the-cure-di-bari\/\" \/>\n<meta property=\"og:site_name\" content=\"La Voce del Paese\" \/>\n<meta property=\"article:publisher\" content=\"https:\/\/www.facebook.com\/lavocedelpaese.info\" \/>\n<meta property=\"article:published_time\" content=\"2023-05-11T06:19:22+00:00\" \/>\n<meta name=\"twitter:card\" content=\"summary_large_image\" \/>\n<meta name=\"twitter:label1\" content=\"Tempo di lettura stimato\" \/>\n\t<meta name=\"twitter:data1\" content=\"9 minuti\" \/>\n<script type=\"application\/ld+json\" class=\"yoast-schema-graph\">{\"@context\":\"https:\\\/\\\/schema.org\",\"@graph\":[{\"@type\":\"Article\",\"@id\":\"https:\\\/\\\/lavocedelpaese.info\\\/index.php\\\/2023\\\/05\\\/11\\\/il-14-maggio-la-xvii-edizione-della-race-for-the-cure-di-bari\\\/#article\",\"isPartOf\":{\"@id\":\"https:\\\/\\\/lavocedelpaese.info\\\/index.php\\\/2023\\\/05\\\/11\\\/il-14-maggio-la-xvii-edizione-della-race-for-the-cure-di-bari\\\/\"},\"author\":{\"name\":\"\",\"@id\":\"\"},\"headline\":\"Il 14 maggio la XVII edizione della Race for the Cure di Bari\",\"datePublished\":\"2023-05-11T06:19:22+00:00\",\"mainEntityOfPage\":{\"@id\":\"https:\\\/\\\/lavocedelpaese.info\\\/index.php\\\/2023\\\/05\\\/11\\\/il-14-maggio-la-xvii-edizione-della-race-for-the-cure-di-bari\\\/\"},\"wordCount\":1769,\"commentCount\":0,\"publisher\":{\"@id\":\"https:\\\/\\\/lavocedelpaese.info\\\/#organization\"},\"articleSection\":[\"network\"],\"inLanguage\":\"it-IT\",\"potentialAction\":[{\"@type\":\"CommentAction\",\"name\":\"Comment\",\"target\":[\"https:\\\/\\\/lavocedelpaese.info\\\/index.php\\\/2023\\\/05\\\/11\\\/il-14-maggio-la-xvii-edizione-della-race-for-the-cure-di-bari\\\/#respond\"]}]},{\"@type\":\"WebPage\",\"@id\":\"https:\\\/\\\/lavocedelpaese.info\\\/index.php\\\/2023\\\/05\\\/11\\\/il-14-maggio-la-xvii-edizione-della-race-for-the-cure-di-bari\\\/\",\"url\":\"https:\\\/\\\/lavocedelpaese.info\\\/index.php\\\/2023\\\/05\\\/11\\\/il-14-maggio-la-xvii-edizione-della-race-for-the-cure-di-bari\\\/\",\"name\":\"Il 14 maggio la XVII edizione della Race for the Cure di Bari - La Voce del Paese\",\"isPartOf\":{\"@id\":\"https:\\\/\\\/lavocedelpaese.info\\\/#website\"},\"datePublished\":\"2023-05-11T06:19:22+00:00\",\"breadcrumb\":{\"@id\":\"https:\\\/\\\/lavocedelpaese.info\\\/index.php\\\/2023\\\/05\\\/11\\\/il-14-maggio-la-xvii-edizione-della-race-for-the-cure-di-bari\\\/#breadcrumb\"},\"inLanguage\":\"it-IT\",\"potentialAction\":[{\"@type\":\"ReadAction\",\"target\":[\"https:\\\/\\\/lavocedelpaese.info\\\/index.php\\\/2023\\\/05\\\/11\\\/il-14-maggio-la-xvii-edizione-della-race-for-the-cure-di-bari\\\/\"]}]},{\"@type\":\"BreadcrumbList\",\"@id\":\"https:\\\/\\\/lavocedelpaese.info\\\/index.php\\\/2023\\\/05\\\/11\\\/il-14-maggio-la-xvii-edizione-della-race-for-the-cure-di-bari\\\/#breadcrumb\",\"itemListElement\":[{\"@type\":\"ListItem\",\"position\":1,\"name\":\"Home\",\"item\":\"https:\\\/\\\/lavocedelpaese.info\\\/\"},{\"@type\":\"ListItem\",\"position\":2,\"name\":\"Il 14 maggio la XVII edizione della Race for the Cure di Bari\"}]},{\"@type\":\"WebSite\",\"@id\":\"https:\\\/\\\/lavocedelpaese.info\\\/#website\",\"url\":\"https:\\\/\\\/lavocedelpaese.info\\\/\",\"name\":\"La Voce del Paese\",\"description\":\"Un network di idee\",\"publisher\":{\"@id\":\"https:\\\/\\\/lavocedelpaese.info\\\/#organization\"},\"potentialAction\":[{\"@type\":\"SearchAction\",\"target\":{\"@type\":\"EntryPoint\",\"urlTemplate\":\"https:\\\/\\\/lavocedelpaese.info\\\/?s={search_term_string}\"},\"query-input\":{\"@type\":\"PropertyValueSpecification\",\"valueRequired\":true,\"valueName\":\"search_term_string\"}}],\"inLanguage\":\"it-IT\"},{\"@type\":\"Organization\",\"@id\":\"https:\\\/\\\/lavocedelpaese.info\\\/#organization\",\"name\":\"La Voce del Paese\",\"url\":\"https:\\\/\\\/lavocedelpaese.info\\\/\",\"logo\":{\"@type\":\"ImageObject\",\"inLanguage\":\"it-IT\",\"@id\":\"https:\\\/\\\/lavocedelpaese.info\\\/#\\\/schema\\\/logo\\\/image\\\/\",\"url\":\"https:\\\/\\\/lavocedelpaese.info\\\/wp-content\\\/uploads\\\/2023\\\/01\\\/cropped-logo-150-127.png\",\"contentUrl\":\"https:\\\/\\\/lavocedelpaese.info\\\/wp-content\\\/uploads\\\/2023\\\/01\\\/cropped-logo-150-127.png\",\"width\":137,\"height\":119,\"caption\":\"La Voce del Paese\"},\"image\":{\"@id\":\"https:\\\/\\\/lavocedelpaese.info\\\/#\\\/schema\\\/logo\\\/image\\\/\"},\"sameAs\":[\"https:\\\/\\\/www.facebook.com\\\/lavocedelpaese.info\"]}]}<\/script>\n<!-- \/ Yoast SEO plugin. -->","yoast_head_json":{"title":"Il 14 maggio la XVII edizione della Race for the Cure di Bari - La Voce del Paese","robots":{"index":"index","follow":"follow","max-snippet":"max-snippet:-1","max-image-preview":"max-image-preview:large","max-video-preview":"max-video-preview:-1"},"canonical":"https:\/\/lavocedelpaese.info\/index.php\/2023\/05\/11\/il-14-maggio-la-xvii-edizione-della-race-for-the-cure-di-bari\/","og_locale":"it_IT","og_type":"article","og_title":"Il 14 maggio la XVII edizione della Race for the Cure di Bari - La Voce del Paese","og_description":"\u00a0 \u200b\u00a0 \u200bCassano \u2013 La Voce del Paese\u00a0 \u201c\u00c8 la diciassettesima edizione della Race for the Cure a Bari, un\u2019edizione","og_url":"https:\/\/lavocedelpaese.info\/index.php\/2023\/05\/11\/il-14-maggio-la-xvii-edizione-della-race-for-the-cure-di-bari\/","og_site_name":"La Voce del Paese","article_publisher":"https:\/\/www.facebook.com\/lavocedelpaese.info","article_published_time":"2023-05-11T06:19:22+00:00","twitter_card":"summary_large_image","twitter_misc":{"Tempo di lettura stimato":"9 minuti"},"schema":{"@context":"https:\/\/schema.org","@graph":[{"@type":"Article","@id":"https:\/\/lavocedelpaese.info\/index.php\/2023\/05\/11\/il-14-maggio-la-xvii-edizione-della-race-for-the-cure-di-bari\/#article","isPartOf":{"@id":"https:\/\/lavocedelpaese.info\/index.php\/2023\/05\/11\/il-14-maggio-la-xvii-edizione-della-race-for-the-cure-di-bari\/"},"author":{"name":"","@id":""},"headline":"Il 14 maggio la XVII edizione della Race for the Cure di Bari","datePublished":"2023-05-11T06:19:22+00:00","mainEntityOfPage":{"@id":"https:\/\/lavocedelpaese.info\/index.php\/2023\/05\/11\/il-14-maggio-la-xvii-edizione-della-race-for-the-cure-di-bari\/"},"wordCount":1769,"commentCount":0,"publisher":{"@id":"https:\/\/lavocedelpaese.info\/#organization"},"articleSection":["network"],"inLanguage":"it-IT","potentialAction":[{"@type":"CommentAction","name":"Comment","target":["https:\/\/lavocedelpaese.info\/index.php\/2023\/05\/11\/il-14-maggio-la-xvii-edizione-della-race-for-the-cure-di-bari\/#respond"]}]},{"@type":"WebPage","@id":"https:\/\/lavocedelpaese.info\/index.php\/2023\/05\/11\/il-14-maggio-la-xvii-edizione-della-race-for-the-cure-di-bari\/","url":"https:\/\/lavocedelpaese.info\/index.php\/2023\/05\/11\/il-14-maggio-la-xvii-edizione-della-race-for-the-cure-di-bari\/","name":"Il 14 maggio la XVII edizione della Race for the Cure di Bari - La Voce del Paese","isPartOf":{"@id":"https:\/\/lavocedelpaese.info\/#website"},"datePublished":"2023-05-11T06:19:22+00:00","breadcrumb":{"@id":"https:\/\/lavocedelpaese.info\/index.php\/2023\/05\/11\/il-14-maggio-la-xvii-edizione-della-race-for-the-cure-di-bari\/#breadcrumb"},"inLanguage":"it-IT","potentialAction":[{"@type":"ReadAction","target":["https:\/\/lavocedelpaese.info\/index.php\/2023\/05\/11\/il-14-maggio-la-xvii-edizione-della-race-for-the-cure-di-bari\/"]}]},{"@type":"BreadcrumbList","@id":"https:\/\/lavocedelpaese.info\/index.php\/2023\/05\/11\/il-14-maggio-la-xvii-edizione-della-race-for-the-cure-di-bari\/#breadcrumb","itemListElement":[{"@type":"ListItem","position":1,"name":"Home","item":"https:\/\/lavocedelpaese.info\/"},{"@type":"ListItem","position":2,"name":"Il 14 maggio la XVII edizione della Race for the Cure di Bari"}]},{"@type":"WebSite","@id":"https:\/\/lavocedelpaese.info\/#website","url":"https:\/\/lavocedelpaese.info\/","name":"La Voce del Paese","description":"Un network di idee","publisher":{"@id":"https:\/\/lavocedelpaese.info\/#organization"},"potentialAction":[{"@type":"SearchAction","target":{"@type":"EntryPoint","urlTemplate":"https:\/\/lavocedelpaese.info\/?s={search_term_string}"},"query-input":{"@type":"PropertyValueSpecification","valueRequired":true,"valueName":"search_term_string"}}],"inLanguage":"it-IT"},{"@type":"Organization","@id":"https:\/\/lavocedelpaese.info\/#organization","name":"La Voce del Paese","url":"https:\/\/lavocedelpaese.info\/","logo":{"@type":"ImageObject","inLanguage":"it-IT","@id":"https:\/\/lavocedelpaese.info\/#\/schema\/logo\/image\/","url":"https:\/\/lavocedelpaese.info\/wp-content\/uploads\/2023\/01\/cropped-logo-150-127.png","contentUrl":"https:\/\/lavocedelpaese.info\/wp-content\/uploads\/2023\/01\/cropped-logo-150-127.png","width":137,"height":119,"caption":"La Voce del Paese"},"image":{"@id":"https:\/\/lavocedelpaese.info\/#\/schema\/logo\/image\/"},"sameAs":["https:\/\/www.facebook.com\/lavocedelpaese.info"]}]}},"_links":{"self":[{"href":"https:\/\/lavocedelpaese.info\/index.php\/wp-json\/wp\/v2\/posts\/1526","targetHints":{"allow":["GET"]}}],"collection":[{"href":"https:\/\/lavocedelpaese.info\/index.php\/wp-json\/wp\/v2\/posts"}],"about":[{"href":"https:\/\/lavocedelpaese.info\/index.php\/wp-json\/wp\/v2\/types\/post"}],"replies":[{"embeddable":true,"href":"https:\/\/lavocedelpaese.info\/index.php\/wp-json\/wp\/v2\/comments?post=1526"}],"version-history":[{"count":0,"href":"https:\/\/lavocedelpaese.info\/index.php\/wp-json\/wp\/v2\/posts\/1526\/revisions"}],"wp:attachment":[{"href":"https:\/\/lavocedelpaese.info\/index.php\/wp-json\/wp\/v2\/media?parent=1526"}],"wp:term":[{"taxonomy":"category","embeddable":true,"href":"https:\/\/lavocedelpaese.info\/index.php\/wp-json\/wp\/v2\/categories?post=1526"},{"taxonomy":"post_tag","embeddable":true,"href":"https:\/\/lavocedelpaese.info\/index.php\/wp-json\/wp\/v2\/tags?post=1526"}],"curies":[{"name":"wp","href":"https:\/\/api.w.org\/{rel}","templated":true}]}}