{"id":1510,"date":"2023-05-08T17:22:35","date_gmt":"2023-05-08T17:22:35","guid":{"rendered":"https:\/\/lavocedelpaese.info\/index.php\/2023\/05\/08\/bonus-trasporti-2023-al-via-i-contributi\/"},"modified":"2023-05-08T17:22:35","modified_gmt":"2023-05-08T17:22:35","slug":"bonus-trasporti-2023-al-via-i-contributi","status":"publish","type":"post","link":"https:\/\/lavocedelpaese.info\/index.php\/2023\/05\/08\/bonus-trasporti-2023-al-via-i-contributi\/","title":{"rendered":"Bonus Trasporti 2023, al via i contributi"},"content":{"rendered":"<p>\u00a0<\/p>\n<p>\u200b\u00a0<\/p>\n<p>\u200bAcquaviva \u2013 La Voce del Paese\u00a0<\/p>\n<p><em>di Francesco Lenoci<\/em><\/p>\n<p>Dal 1\u00b0 maggio \u00e8 possibile usufruire del Bonus Trasporti 2023. \u00c9 una misura di sostegno al reddito, introdotta dal Governo Meloni con il Decreto Aiuti 2022, che segue la linea solcata dal Governo Draghi, destinata all\u2019acquisto di abbonamenti ai servizi di trasporto pubblico e ferroviario.<\/p>\n<p><em><strong>In cosa consiste nello specifico il bonus?<\/strong><\/em><\/p>\n<p>Il Bonus Trasporti 2023, come detto, \u00e8 un contributo per l\u2019acquisto di abbonamenti mensili o annuali per i servizi di trasporto pubblico locale, regionale, interregionale e di trasporto ferroviario nazionale, esclusi i servizi di prima classe, business, premium e simili. Il valore massimo richiedibile \u00e8 di 60 euro.<\/p>\n<p>\u00c9 destinato a lavoratori e studenti pendolari per incrementare e prediligere la mobilit\u00e0 sostenibile e green.<\/p>\n<p><em><strong>Chi pu\u00f2 usufruirne?<\/strong><\/em><\/p>\n<p>Il sostegno \u00e8 destinato a tutti coloro che nel 2022 hanno dichiarato un reddito personale ai fini IRPEF inferiore a 20.000 euro. A differenza del Bonus Trasporti 2022, che indicava il limite a 35.000 euro, la soglia del reddito dei beneficiari \u00e8 stata abbassata, riducendo cos\u00ec la platea in modo significativo.<\/p>\n<p><em><strong>Come richiederlo?<\/strong><\/em><\/p>\n<p>Il Bonus \u00e8 richiedibile sul portale <a href=\"https:\/\/www.bonustrasporti.lavoro.gov.it\/\">https:\/\/www.bonustrasporti.lavoro.gov.it\/<\/a>. Accedendo come cittadino, sar\u00e0 necessario autenticarsi tramite SPID O CIE (Carta d\u2019Identit\u00e0 Elettronica). Il modulo consente di richiedere un solo buono per s\u00e9 stesso o per un minore a carico. Oltre ai dati personali, si dovr\u00e0 autodichiarare che il richiedente rispetta i requisiti fiscali. Non \u00e8 necessario, dunque, allegare nessun documento attestante le dichiarazioni reddituali. Dovranno essere indicati l\u2019importo del buono richiesto e il gestore del servizio di trasporto pubblico che si intende utilizzare. Se non si conosce l\u2019importo, \u00e8 consigliabile fare richiesta per il valore massimo (60 euro); sar\u00e0 il gestore poi a riscattare solo la parte effettiva. Il buono \u00e8 pari o inferiore al 100 per cento della spesa da sostenere.<\/p>\n<p><em><strong>Come utilizzarlo?<\/strong><\/em><\/p>\n<p>Il Bonus \u00e8 nominativo e univoco. Riporta il codice fiscale e un codice identificativo che lo associa al richiedente, quindi \u00e8 assolutamente personale.<\/p>\n<p>Deve essere utilizzato entro la fine del mese in cui \u00e8 stato richiesto. Per esempio, richiedendo il Bonus Trasporti entro la fine del mese di maggio, \u00e8 possibile acquistare, tassativamente entro il 31 maggio, un abbonamento mensile per il mese in corso o anche per mesi successivi.<\/p>\n<p>Nella maggior parte dei casi, il bonus \u00e8 utilizzabile sia nelle biglietterie ufficiali, sia sui siti web dei gestori, sia presso le agenzie viaggi accreditate. Ciascun beneficiario pu\u00f2 chiedere un solo Bonus Trasporti al mese, nel limite dei 60 euro previsti, entro il 31 dicembre 2023 e fino a esaurimento risorse, pari a 100 milioni di euro.<\/p>\n<p>Sar\u00e0 possibile perci\u00f2 richiedere il Bonus Trasporti ogni mese e utilizzarlo per l\u2019acquisto di abbonamenti mensili ripetuti.<\/p>\n<p class=\"has-text-align-right\"><strong>FRANCESCO LENOCI<\/strong><\/p>\n\n<p><a class=\"a2a_button_facebook\" href=\"https:\/\/www.addtoany.com\/add_to\/facebook?linkurl=https%3A%2F%2Facquaviva.lavocedelpaese.info%2Findex.php%2F2023%2F05%2F08%2Fbonus-trasporti-2023-al-via-i-contributi%2F&amp;linkname=Bonus%20Trasporti%202023%2C%20al%20via%20i%20contributi\" title=\"Facebook\" target=\"_blank\" rel=\"noopener\"><\/a><a class=\"a2a_button_twitter\" href=\"https:\/\/www.addtoany.com\/add_to\/twitter?linkurl=https%3A%2F%2Facquaviva.lavocedelpaese.info%2Findex.php%2F2023%2F05%2F08%2Fbonus-trasporti-2023-al-via-i-contributi%2F&amp;linkname=Bonus%20Trasporti%202023%2C%20al%20via%20i%20contributi\" title=\"Twitter\" target=\"_blank\" rel=\"noopener\"><\/a><a class=\"a2a_button_whatsapp\" href=\"https:\/\/www.addtoany.com\/add_to\/whatsapp?linkurl=https%3A%2F%2Facquaviva.lavocedelpaese.info%2Findex.php%2F2023%2F05%2F08%2Fbonus-trasporti-2023-al-via-i-contributi%2F&amp;linkname=Bonus%20Trasporti%202023%2C%20al%20via%20i%20contributi\" title=\"WhatsApp\" target=\"_blank\" rel=\"noopener\"><\/a><a class=\"a2a_button_telegram\" href=\"https:\/\/www.addtoany.com\/add_to\/telegram?linkurl=https%3A%2F%2Facquaviva.lavocedelpaese.info%2Findex.php%2F2023%2F05%2F08%2Fbonus-trasporti-2023-al-via-i-contributi%2F&amp;linkname=Bonus%20Trasporti%202023%2C%20al%20via%20i%20contributi\" title=\"Telegram\" target=\"_blank\" rel=\"noopener\"><\/a><a class=\"a2a_button_email\" href=\"https:\/\/www.addtoany.com\/add_to\/email?linkurl=https%3A%2F%2Facquaviva.lavocedelpaese.info%2Findex.php%2F2023%2F05%2F08%2Fbonus-trasporti-2023-al-via-i-contributi%2F&amp;linkname=Bonus%20Trasporti%202023%2C%20al%20via%20i%20contributi\" title=\"Email\" target=\"_blank\" rel=\"noopener\"><\/a><\/p>\n<p>\u00a0<\/p>","protected":false},"excerpt":{"rendered":"<p>\u00a0 \u200b\u00a0 \u200bAcquaviva \u2013 La Voce del Paese\u00a0 di Francesco Lenoci Dal 1\u00b0 maggio \u00e8 possibile usufruire del Bonus Trasporti<\/p>\n","protected":false},"author":0,"featured_media":0,"comment_status":"open","ping_status":"closed","sticky":false,"template":"","format":"standard","meta":{"colormag_page_container_layout":"default_layout","colormag_page_sidebar_layout":"default_layout","footnotes":""},"categories":[33],"tags":[],"class_list":["post-1510","post","type-post","status-publish","format-standard","hentry","category-network"],"yoast_head":"<!-- This site is optimized with the Yoast SEO plugin v27.5 - https:\/\/yoast.com\/product\/yoast-seo-wordpress\/ -->\n<title>Bonus Trasporti 2023, al via i contributi - La Voce del Paese<\/title>\n<meta name=\"robots\" content=\"index, follow, max-snippet:-1, max-image-preview:large, max-video-preview:-1\" \/>\n<link rel=\"canonical\" href=\"https:\/\/lavocedelpaese.info\/index.php\/2023\/05\/08\/bonus-trasporti-2023-al-via-i-contributi\/\" \/>\n<meta property=\"og:locale\" content=\"it_IT\" \/>\n<meta property=\"og:type\" content=\"article\" \/>\n<meta property=\"og:title\" content=\"Bonus Trasporti 2023, al via i contributi - La Voce del Paese\" \/>\n<meta property=\"og:description\" content=\"\u00a0 \u200b\u00a0 \u200bAcquaviva \u2013 La Voce del Paese\u00a0 di Francesco Lenoci Dal 1\u00b0 maggio \u00e8 possibile usufruire del Bonus Trasporti\" \/>\n<meta property=\"og:url\" content=\"https:\/\/lavocedelpaese.info\/index.php\/2023\/05\/08\/bonus-trasporti-2023-al-via-i-contributi\/\" \/>\n<meta property=\"og:site_name\" content=\"La Voce del Paese\" \/>\n<meta property=\"article:publisher\" content=\"https:\/\/www.facebook.com\/lavocedelpaese.info\" \/>\n<meta property=\"article:published_time\" content=\"2023-05-08T17:22:35+00:00\" \/>\n<meta name=\"twitter:card\" content=\"summary_large_image\" \/>\n<meta name=\"twitter:label1\" content=\"Tempo di lettura stimato\" \/>\n\t<meta name=\"twitter:data1\" content=\"2 minuti\" \/>\n<script type=\"application\/ld+json\" class=\"yoast-schema-graph\">{\"@context\":\"https:\\\/\\\/schema.org\",\"@graph\":[{\"@type\":\"Article\",\"@id\":\"https:\\\/\\\/lavocedelpaese.info\\\/index.php\\\/2023\\\/05\\\/08\\\/bonus-trasporti-2023-al-via-i-contributi\\\/#article\",\"isPartOf\":{\"@id\":\"https:\\\/\\\/lavocedelpaese.info\\\/index.php\\\/2023\\\/05\\\/08\\\/bonus-trasporti-2023-al-via-i-contributi\\\/\"},\"author\":{\"name\":\"\",\"@id\":\"\"},\"headline\":\"Bonus Trasporti 2023, al via i contributi\",\"datePublished\":\"2023-05-08T17:22:35+00:00\",\"mainEntityOfPage\":{\"@id\":\"https:\\\/\\\/lavocedelpaese.info\\\/index.php\\\/2023\\\/05\\\/08\\\/bonus-trasporti-2023-al-via-i-contributi\\\/\"},\"wordCount\":433,\"commentCount\":0,\"publisher\":{\"@id\":\"https:\\\/\\\/lavocedelpaese.info\\\/#organization\"},\"articleSection\":[\"network\"],\"inLanguage\":\"it-IT\",\"potentialAction\":[{\"@type\":\"CommentAction\",\"name\":\"Comment\",\"target\":[\"https:\\\/\\\/lavocedelpaese.info\\\/index.php\\\/2023\\\/05\\\/08\\\/bonus-trasporti-2023-al-via-i-contributi\\\/#respond\"]}]},{\"@type\":\"WebPage\",\"@id\":\"https:\\\/\\\/lavocedelpaese.info\\\/index.php\\\/2023\\\/05\\\/08\\\/bonus-trasporti-2023-al-via-i-contributi\\\/\",\"url\":\"https:\\\/\\\/lavocedelpaese.info\\\/index.php\\\/2023\\\/05\\\/08\\\/bonus-trasporti-2023-al-via-i-contributi\\\/\",\"name\":\"Bonus Trasporti 2023, al via i contributi - La Voce del Paese\",\"isPartOf\":{\"@id\":\"https:\\\/\\\/lavocedelpaese.info\\\/#website\"},\"datePublished\":\"2023-05-08T17:22:35+00:00\",\"breadcrumb\":{\"@id\":\"https:\\\/\\\/lavocedelpaese.info\\\/index.php\\\/2023\\\/05\\\/08\\\/bonus-trasporti-2023-al-via-i-contributi\\\/#breadcrumb\"},\"inLanguage\":\"it-IT\",\"potentialAction\":[{\"@type\":\"ReadAction\",\"target\":[\"https:\\\/\\\/lavocedelpaese.info\\\/index.php\\\/2023\\\/05\\\/08\\\/bonus-trasporti-2023-al-via-i-contributi\\\/\"]}]},{\"@type\":\"BreadcrumbList\",\"@id\":\"https:\\\/\\\/lavocedelpaese.info\\\/index.php\\\/2023\\\/05\\\/08\\\/bonus-trasporti-2023-al-via-i-contributi\\\/#breadcrumb\",\"itemListElement\":[{\"@type\":\"ListItem\",\"position\":1,\"name\":\"Home\",\"item\":\"https:\\\/\\\/lavocedelpaese.info\\\/\"},{\"@type\":\"ListItem\",\"position\":2,\"name\":\"Bonus Trasporti 2023, al via i contributi\"}]},{\"@type\":\"WebSite\",\"@id\":\"https:\\\/\\\/lavocedelpaese.info\\\/#website\",\"url\":\"https:\\\/\\\/lavocedelpaese.info\\\/\",\"name\":\"La Voce del Paese\",\"description\":\"Un network di idee\",\"publisher\":{\"@id\":\"https:\\\/\\\/lavocedelpaese.info\\\/#organization\"},\"potentialAction\":[{\"@type\":\"SearchAction\",\"target\":{\"@type\":\"EntryPoint\",\"urlTemplate\":\"https:\\\/\\\/lavocedelpaese.info\\\/?s={search_term_string}\"},\"query-input\":{\"@type\":\"PropertyValueSpecification\",\"valueRequired\":true,\"valueName\":\"search_term_string\"}}],\"inLanguage\":\"it-IT\"},{\"@type\":\"Organization\",\"@id\":\"https:\\\/\\\/lavocedelpaese.info\\\/#organization\",\"name\":\"La Voce del Paese\",\"url\":\"https:\\\/\\\/lavocedelpaese.info\\\/\",\"logo\":{\"@type\":\"ImageObject\",\"inLanguage\":\"it-IT\",\"@id\":\"https:\\\/\\\/lavocedelpaese.info\\\/#\\\/schema\\\/logo\\\/image\\\/\",\"url\":\"https:\\\/\\\/lavocedelpaese.info\\\/wp-content\\\/uploads\\\/2023\\\/01\\\/cropped-logo-150-127.png\",\"contentUrl\":\"https:\\\/\\\/lavocedelpaese.info\\\/wp-content\\\/uploads\\\/2023\\\/01\\\/cropped-logo-150-127.png\",\"width\":137,\"height\":119,\"caption\":\"La Voce del Paese\"},\"image\":{\"@id\":\"https:\\\/\\\/lavocedelpaese.info\\\/#\\\/schema\\\/logo\\\/image\\\/\"},\"sameAs\":[\"https:\\\/\\\/www.facebook.com\\\/lavocedelpaese.info\"]}]}<\/script>\n<!-- \/ Yoast SEO plugin. -->","yoast_head_json":{"title":"Bonus Trasporti 2023, al via i contributi - La Voce del Paese","robots":{"index":"index","follow":"follow","max-snippet":"max-snippet:-1","max-image-preview":"max-image-preview:large","max-video-preview":"max-video-preview:-1"},"canonical":"https:\/\/lavocedelpaese.info\/index.php\/2023\/05\/08\/bonus-trasporti-2023-al-via-i-contributi\/","og_locale":"it_IT","og_type":"article","og_title":"Bonus Trasporti 2023, al via i contributi - La Voce del Paese","og_description":"\u00a0 \u200b\u00a0 \u200bAcquaviva \u2013 La Voce del Paese\u00a0 di Francesco Lenoci Dal 1\u00b0 maggio \u00e8 possibile usufruire del Bonus Trasporti","og_url":"https:\/\/lavocedelpaese.info\/index.php\/2023\/05\/08\/bonus-trasporti-2023-al-via-i-contributi\/","og_site_name":"La Voce del Paese","article_publisher":"https:\/\/www.facebook.com\/lavocedelpaese.info","article_published_time":"2023-05-08T17:22:35+00:00","twitter_card":"summary_large_image","twitter_misc":{"Tempo di lettura stimato":"2 minuti"},"schema":{"@context":"https:\/\/schema.org","@graph":[{"@type":"Article","@id":"https:\/\/lavocedelpaese.info\/index.php\/2023\/05\/08\/bonus-trasporti-2023-al-via-i-contributi\/#article","isPartOf":{"@id":"https:\/\/lavocedelpaese.info\/index.php\/2023\/05\/08\/bonus-trasporti-2023-al-via-i-contributi\/"},"author":{"name":"","@id":""},"headline":"Bonus Trasporti 2023, al via i contributi","datePublished":"2023-05-08T17:22:35+00:00","mainEntityOfPage":{"@id":"https:\/\/lavocedelpaese.info\/index.php\/2023\/05\/08\/bonus-trasporti-2023-al-via-i-contributi\/"},"wordCount":433,"commentCount":0,"publisher":{"@id":"https:\/\/lavocedelpaese.info\/#organization"},"articleSection":["network"],"inLanguage":"it-IT","potentialAction":[{"@type":"CommentAction","name":"Comment","target":["https:\/\/lavocedelpaese.info\/index.php\/2023\/05\/08\/bonus-trasporti-2023-al-via-i-contributi\/#respond"]}]},{"@type":"WebPage","@id":"https:\/\/lavocedelpaese.info\/index.php\/2023\/05\/08\/bonus-trasporti-2023-al-via-i-contributi\/","url":"https:\/\/lavocedelpaese.info\/index.php\/2023\/05\/08\/bonus-trasporti-2023-al-via-i-contributi\/","name":"Bonus Trasporti 2023, al via i contributi - La Voce del Paese","isPartOf":{"@id":"https:\/\/lavocedelpaese.info\/#website"},"datePublished":"2023-05-08T17:22:35+00:00","breadcrumb":{"@id":"https:\/\/lavocedelpaese.info\/index.php\/2023\/05\/08\/bonus-trasporti-2023-al-via-i-contributi\/#breadcrumb"},"inLanguage":"it-IT","potentialAction":[{"@type":"ReadAction","target":["https:\/\/lavocedelpaese.info\/index.php\/2023\/05\/08\/bonus-trasporti-2023-al-via-i-contributi\/"]}]},{"@type":"BreadcrumbList","@id":"https:\/\/lavocedelpaese.info\/index.php\/2023\/05\/08\/bonus-trasporti-2023-al-via-i-contributi\/#breadcrumb","itemListElement":[{"@type":"ListItem","position":1,"name":"Home","item":"https:\/\/lavocedelpaese.info\/"},{"@type":"ListItem","position":2,"name":"Bonus Trasporti 2023, al via i contributi"}]},{"@type":"WebSite","@id":"https:\/\/lavocedelpaese.info\/#website","url":"https:\/\/lavocedelpaese.info\/","name":"La Voce del Paese","description":"Un network di idee","publisher":{"@id":"https:\/\/lavocedelpaese.info\/#organization"},"potentialAction":[{"@type":"SearchAction","target":{"@type":"EntryPoint","urlTemplate":"https:\/\/lavocedelpaese.info\/?s={search_term_string}"},"query-input":{"@type":"PropertyValueSpecification","valueRequired":true,"valueName":"search_term_string"}}],"inLanguage":"it-IT"},{"@type":"Organization","@id":"https:\/\/lavocedelpaese.info\/#organization","name":"La Voce del Paese","url":"https:\/\/lavocedelpaese.info\/","logo":{"@type":"ImageObject","inLanguage":"it-IT","@id":"https:\/\/lavocedelpaese.info\/#\/schema\/logo\/image\/","url":"https:\/\/lavocedelpaese.info\/wp-content\/uploads\/2023\/01\/cropped-logo-150-127.png","contentUrl":"https:\/\/lavocedelpaese.info\/wp-content\/uploads\/2023\/01\/cropped-logo-150-127.png","width":137,"height":119,"caption":"La Voce del Paese"},"image":{"@id":"https:\/\/lavocedelpaese.info\/#\/schema\/logo\/image\/"},"sameAs":["https:\/\/www.facebook.com\/lavocedelpaese.info"]}]}},"_links":{"self":[{"href":"https:\/\/lavocedelpaese.info\/index.php\/wp-json\/wp\/v2\/posts\/1510","targetHints":{"allow":["GET"]}}],"collection":[{"href":"https:\/\/lavocedelpaese.info\/index.php\/wp-json\/wp\/v2\/posts"}],"about":[{"href":"https:\/\/lavocedelpaese.info\/index.php\/wp-json\/wp\/v2\/types\/post"}],"replies":[{"embeddable":true,"href":"https:\/\/lavocedelpaese.info\/index.php\/wp-json\/wp\/v2\/comments?post=1510"}],"version-history":[{"count":0,"href":"https:\/\/lavocedelpaese.info\/index.php\/wp-json\/wp\/v2\/posts\/1510\/revisions"}],"wp:attachment":[{"href":"https:\/\/lavocedelpaese.info\/index.php\/wp-json\/wp\/v2\/media?parent=1510"}],"wp:term":[{"taxonomy":"category","embeddable":true,"href":"https:\/\/lavocedelpaese.info\/index.php\/wp-json\/wp\/v2\/categories?post=1510"},{"taxonomy":"post_tag","embeddable":true,"href":"https:\/\/lavocedelpaese.info\/index.php\/wp-json\/wp\/v2\/tags?post=1510"}],"curies":[{"name":"wp","href":"https:\/\/api.w.org\/{rel}","templated":true}]}}