{"id":1497,"date":"2023-05-06T06:21:11","date_gmt":"2023-05-06T06:21:11","guid":{"rendered":"https:\/\/lavocedelpaese.info\/index.php\/2023\/05\/06\/domenica-7-maggio-il-santo-legno-pellegrino-in-grotta\/"},"modified":"2023-05-06T06:21:11","modified_gmt":"2023-05-06T06:21:11","slug":"domenica-7-maggio-il-santo-legno-pellegrino-in-grotta","status":"publish","type":"post","link":"https:\/\/lavocedelpaese.info\/index.php\/2023\/05\/06\/domenica-7-maggio-il-santo-legno-pellegrino-in-grotta\/","title":{"rendered":"Domenica 7 maggio, il Santo Legno \u201cpellegrino\u201d in Grotta"},"content":{"rendered":"<p>\u00a0<\/p>\n<p>\u200b\u00a0<\/p>\n<p>\u200bTuri \u2013 La Voce del Paese\u00a0<\/p>\n<p><strong>La sacra manifestazione rievocher\u00e0 il 297esimo anniversario dell\u2019apparizione di Sant\u2019Oronzo<\/strong><\/p>\n<p>Domenica 7 maggio, la comunit\u00e0 turese \u00e8 chiamata a rinnovare il rito del \u201cpellegrinaggio della Croce\u201d alla Grotta di Sant\u2019Oronzo, durante il quale si rievoca l\u2019apparizione di Sant\u2019Oronzo a fr\u00e0 Tommaso da Carbonara.<\/p>\n<p>\u00abNell\u2019aprile del 1726 \u2013 ricord\u00f2 due anni fa don Giovanni Amodio \u2013 Sant\u2019Oronzo apparve nella sua Grotta ad un pio frate laico dell\u2019allora convento dei Padri Francescani Riformati di Turi, un certo fra\u2019 Tommaso da Carbonara, e lo invit\u00f2 a riferire al popolo di Turi che \u201cmolto si \u00e8 raffreddata la divozione verso di me\u201d, raccomandando che venisse portata in quel luogo una croce, a significare che quella Grotta \u2013 parole di Sant\u2019Oronzo \u2013 \u201c\u00e8 la mia casa\u201d. Il successivo 3 maggio, antica festa del Ritrovamento della Croce di Cristo da parte di Sant\u2019Elena, madre dell\u2019Imperatore Costantino, i sacerdoti e il popolo di Turi portarono solennemente una Croce e la collocarono davanti all\u2019ingresso della Grotta. Tale rito si sarebbe ripetuto ogni anno\u00bb.<\/p>\n<p>Il programma prevede, alle ore 18.30, il raduno di autorit\u00e0, parrocchie, confraternite, scolaresche e devoti presso il cortile interno dell\u2019Istituto Scolastico Comprensivo \u201cResta \u2013 De Donato Giannini\u201d.<\/p>\n<p>Da l\u00ec si muover\u00e0 il corteo processionale, che recher\u00e0 la Croce fino al piazzale della Grotta di Sant\u2019Oronzo, dove avr\u00e0 luogo la concelebrazione eucaristica.<\/p>\n<p>\u00abSant\u2019Oronzo non ci lascia mai da soli, ci benedice e ci incoraggia sempre nel cammino della vita\u00bb \u2013 scrive don Giovanni, esortando tutti a partecipare alla sacra manifestazione.<\/p>\n<div class=\"wp-block-image\">\n<\/div>\n<p class=\"has-text-align-right\"><em>ph pagina fb <a href=\"https:\/\/www.facebook.com\/FestaPatronaleSantOronzoTuri?__cft__%5B0%5D=AZVzNuT7N_C9RlkSupYrTf2nyYKzc59cN7vGWnbm81BQKJlYtXWO2zEPNRU7SULOWPi7UwaOrJxg9Q1C61txgO12MbqnTZCKR0OuRY9vRfT4vnW_lKsCRm-3ImLhvG0wGXESMRPvda7Pixz7FF7X7U2u&amp;__tn__=-UC%2CP-R\" target=\"_blank\" rel=\"noopener\"><strong>Festa Patronale Sant\u2019Oronzo di Turi<\/strong><\/a><\/em><\/p>\n<p><a class=\"a2a_button_facebook\" href=\"https:\/\/www.addtoany.com\/add_to\/facebook?linkurl=https%3A%2F%2Fturi.lavocedelpaese.info%2Fdomenica-7-maggio-il-santo-legno-pellegrino-in-grotta%2F&amp;linkname=Domenica%207%20maggio%2C%20il%20Santo%20Legno%20%E2%80%9Cpellegrino%E2%80%9D%20in%20Grotta\" title=\"Facebook\" target=\"_blank\" rel=\"noopener\"><\/a><a class=\"a2a_button_twitter\" href=\"https:\/\/www.addtoany.com\/add_to\/twitter?linkurl=https%3A%2F%2Fturi.lavocedelpaese.info%2Fdomenica-7-maggio-il-santo-legno-pellegrino-in-grotta%2F&amp;linkname=Domenica%207%20maggio%2C%20il%20Santo%20Legno%20%E2%80%9Cpellegrino%E2%80%9D%20in%20Grotta\" title=\"Twitter\" target=\"_blank\" rel=\"noopener\"><\/a><a class=\"a2a_button_whatsapp\" href=\"https:\/\/www.addtoany.com\/add_to\/whatsapp?linkurl=https%3A%2F%2Fturi.lavocedelpaese.info%2Fdomenica-7-maggio-il-santo-legno-pellegrino-in-grotta%2F&amp;linkname=Domenica%207%20maggio%2C%20il%20Santo%20Legno%20%E2%80%9Cpellegrino%E2%80%9D%20in%20Grotta\" title=\"WhatsApp\" target=\"_blank\" rel=\"noopener\"><\/a><a class=\"a2a_button_telegram\" href=\"https:\/\/www.addtoany.com\/add_to\/telegram?linkurl=https%3A%2F%2Fturi.lavocedelpaese.info%2Fdomenica-7-maggio-il-santo-legno-pellegrino-in-grotta%2F&amp;linkname=Domenica%207%20maggio%2C%20il%20Santo%20Legno%20%E2%80%9Cpellegrino%E2%80%9D%20in%20Grotta\" title=\"Telegram\" target=\"_blank\" rel=\"noopener\"><\/a><a class=\"a2a_button_email\" href=\"https:\/\/www.addtoany.com\/add_to\/email?linkurl=https%3A%2F%2Fturi.lavocedelpaese.info%2Fdomenica-7-maggio-il-santo-legno-pellegrino-in-grotta%2F&amp;linkname=Domenica%207%20maggio%2C%20il%20Santo%20Legno%20%E2%80%9Cpellegrino%E2%80%9D%20in%20Grotta\" title=\"Email\" target=\"_blank\" rel=\"noopener\"><\/a><\/p>\n<p>\u00a0<\/p>","protected":false},"excerpt":{"rendered":"<p>\u00a0 \u200b\u00a0 \u200bTuri \u2013 La Voce del Paese\u00a0 La sacra manifestazione rievocher\u00e0 il 297esimo anniversario dell\u2019apparizione di Sant\u2019Oronzo Domenica 7<\/p>\n","protected":false},"author":0,"featured_media":0,"comment_status":"open","ping_status":"closed","sticky":false,"template":"","format":"standard","meta":{"colormag_page_container_layout":"default_layout","colormag_page_sidebar_layout":"default_layout","footnotes":""},"categories":[33],"tags":[],"class_list":["post-1497","post","type-post","status-publish","format-standard","hentry","category-network"],"yoast_head":"<!-- This site is optimized with the Yoast SEO plugin v27.5 - https:\/\/yoast.com\/product\/yoast-seo-wordpress\/ -->\n<title>Domenica 7 maggio, il Santo Legno \u201cpellegrino\u201d in Grotta - La Voce del Paese<\/title>\n<meta name=\"robots\" content=\"index, follow, max-snippet:-1, max-image-preview:large, max-video-preview:-1\" \/>\n<link rel=\"canonical\" href=\"https:\/\/lavocedelpaese.info\/index.php\/2023\/05\/06\/domenica-7-maggio-il-santo-legno-pellegrino-in-grotta\/\" \/>\n<meta property=\"og:locale\" content=\"it_IT\" \/>\n<meta property=\"og:type\" content=\"article\" \/>\n<meta property=\"og:title\" content=\"Domenica 7 maggio, il Santo Legno \u201cpellegrino\u201d in Grotta - La Voce del Paese\" \/>\n<meta property=\"og:description\" content=\"\u00a0 \u200b\u00a0 \u200bTuri \u2013 La Voce del Paese\u00a0 La sacra manifestazione rievocher\u00e0 il 297esimo anniversario dell\u2019apparizione di Sant\u2019Oronzo Domenica 7\" \/>\n<meta property=\"og:url\" content=\"https:\/\/lavocedelpaese.info\/index.php\/2023\/05\/06\/domenica-7-maggio-il-santo-legno-pellegrino-in-grotta\/\" \/>\n<meta property=\"og:site_name\" content=\"La Voce del Paese\" \/>\n<meta property=\"article:publisher\" content=\"https:\/\/www.facebook.com\/lavocedelpaese.info\" \/>\n<meta property=\"article:published_time\" content=\"2023-05-06T06:21:11+00:00\" \/>\n<meta name=\"twitter:card\" content=\"summary_large_image\" \/>\n<meta name=\"twitter:label1\" content=\"Tempo di lettura stimato\" \/>\n\t<meta name=\"twitter:data1\" content=\"1 minuto\" \/>\n<script type=\"application\/ld+json\" class=\"yoast-schema-graph\">{\"@context\":\"https:\\\/\\\/schema.org\",\"@graph\":[{\"@type\":\"Article\",\"@id\":\"https:\\\/\\\/lavocedelpaese.info\\\/index.php\\\/2023\\\/05\\\/06\\\/domenica-7-maggio-il-santo-legno-pellegrino-in-grotta\\\/#article\",\"isPartOf\":{\"@id\":\"https:\\\/\\\/lavocedelpaese.info\\\/index.php\\\/2023\\\/05\\\/06\\\/domenica-7-maggio-il-santo-legno-pellegrino-in-grotta\\\/\"},\"author\":{\"name\":\"\",\"@id\":\"\"},\"headline\":\"Domenica 7 maggio, il Santo Legno \u201cpellegrino\u201d in Grotta\",\"datePublished\":\"2023-05-06T06:21:11+00:00\",\"mainEntityOfPage\":{\"@id\":\"https:\\\/\\\/lavocedelpaese.info\\\/index.php\\\/2023\\\/05\\\/06\\\/domenica-7-maggio-il-santo-legno-pellegrino-in-grotta\\\/\"},\"wordCount\":268,\"commentCount\":0,\"publisher\":{\"@id\":\"https:\\\/\\\/lavocedelpaese.info\\\/#organization\"},\"articleSection\":[\"network\"],\"inLanguage\":\"it-IT\",\"potentialAction\":[{\"@type\":\"CommentAction\",\"name\":\"Comment\",\"target\":[\"https:\\\/\\\/lavocedelpaese.info\\\/index.php\\\/2023\\\/05\\\/06\\\/domenica-7-maggio-il-santo-legno-pellegrino-in-grotta\\\/#respond\"]}]},{\"@type\":\"WebPage\",\"@id\":\"https:\\\/\\\/lavocedelpaese.info\\\/index.php\\\/2023\\\/05\\\/06\\\/domenica-7-maggio-il-santo-legno-pellegrino-in-grotta\\\/\",\"url\":\"https:\\\/\\\/lavocedelpaese.info\\\/index.php\\\/2023\\\/05\\\/06\\\/domenica-7-maggio-il-santo-legno-pellegrino-in-grotta\\\/\",\"name\":\"Domenica 7 maggio, il Santo Legno \u201cpellegrino\u201d in Grotta - La Voce del Paese\",\"isPartOf\":{\"@id\":\"https:\\\/\\\/lavocedelpaese.info\\\/#website\"},\"datePublished\":\"2023-05-06T06:21:11+00:00\",\"breadcrumb\":{\"@id\":\"https:\\\/\\\/lavocedelpaese.info\\\/index.php\\\/2023\\\/05\\\/06\\\/domenica-7-maggio-il-santo-legno-pellegrino-in-grotta\\\/#breadcrumb\"},\"inLanguage\":\"it-IT\",\"potentialAction\":[{\"@type\":\"ReadAction\",\"target\":[\"https:\\\/\\\/lavocedelpaese.info\\\/index.php\\\/2023\\\/05\\\/06\\\/domenica-7-maggio-il-santo-legno-pellegrino-in-grotta\\\/\"]}]},{\"@type\":\"BreadcrumbList\",\"@id\":\"https:\\\/\\\/lavocedelpaese.info\\\/index.php\\\/2023\\\/05\\\/06\\\/domenica-7-maggio-il-santo-legno-pellegrino-in-grotta\\\/#breadcrumb\",\"itemListElement\":[{\"@type\":\"ListItem\",\"position\":1,\"name\":\"Home\",\"item\":\"https:\\\/\\\/lavocedelpaese.info\\\/\"},{\"@type\":\"ListItem\",\"position\":2,\"name\":\"Domenica 7 maggio, il Santo Legno \u201cpellegrino\u201d in Grotta\"}]},{\"@type\":\"WebSite\",\"@id\":\"https:\\\/\\\/lavocedelpaese.info\\\/#website\",\"url\":\"https:\\\/\\\/lavocedelpaese.info\\\/\",\"name\":\"La Voce del Paese\",\"description\":\"Un network di idee\",\"publisher\":{\"@id\":\"https:\\\/\\\/lavocedelpaese.info\\\/#organization\"},\"potentialAction\":[{\"@type\":\"SearchAction\",\"target\":{\"@type\":\"EntryPoint\",\"urlTemplate\":\"https:\\\/\\\/lavocedelpaese.info\\\/?s={search_term_string}\"},\"query-input\":{\"@type\":\"PropertyValueSpecification\",\"valueRequired\":true,\"valueName\":\"search_term_string\"}}],\"inLanguage\":\"it-IT\"},{\"@type\":\"Organization\",\"@id\":\"https:\\\/\\\/lavocedelpaese.info\\\/#organization\",\"name\":\"La Voce del Paese\",\"url\":\"https:\\\/\\\/lavocedelpaese.info\\\/\",\"logo\":{\"@type\":\"ImageObject\",\"inLanguage\":\"it-IT\",\"@id\":\"https:\\\/\\\/lavocedelpaese.info\\\/#\\\/schema\\\/logo\\\/image\\\/\",\"url\":\"https:\\\/\\\/lavocedelpaese.info\\\/wp-content\\\/uploads\\\/2023\\\/01\\\/cropped-logo-150-127.png\",\"contentUrl\":\"https:\\\/\\\/lavocedelpaese.info\\\/wp-content\\\/uploads\\\/2023\\\/01\\\/cropped-logo-150-127.png\",\"width\":137,\"height\":119,\"caption\":\"La Voce del Paese\"},\"image\":{\"@id\":\"https:\\\/\\\/lavocedelpaese.info\\\/#\\\/schema\\\/logo\\\/image\\\/\"},\"sameAs\":[\"https:\\\/\\\/www.facebook.com\\\/lavocedelpaese.info\"]}]}<\/script>\n<!-- \/ Yoast SEO plugin. -->","yoast_head_json":{"title":"Domenica 7 maggio, il Santo Legno \u201cpellegrino\u201d in Grotta - La Voce del Paese","robots":{"index":"index","follow":"follow","max-snippet":"max-snippet:-1","max-image-preview":"max-image-preview:large","max-video-preview":"max-video-preview:-1"},"canonical":"https:\/\/lavocedelpaese.info\/index.php\/2023\/05\/06\/domenica-7-maggio-il-santo-legno-pellegrino-in-grotta\/","og_locale":"it_IT","og_type":"article","og_title":"Domenica 7 maggio, il Santo Legno \u201cpellegrino\u201d in Grotta - La Voce del Paese","og_description":"\u00a0 \u200b\u00a0 \u200bTuri \u2013 La Voce del Paese\u00a0 La sacra manifestazione rievocher\u00e0 il 297esimo anniversario dell\u2019apparizione di Sant\u2019Oronzo Domenica 7","og_url":"https:\/\/lavocedelpaese.info\/index.php\/2023\/05\/06\/domenica-7-maggio-il-santo-legno-pellegrino-in-grotta\/","og_site_name":"La Voce del Paese","article_publisher":"https:\/\/www.facebook.com\/lavocedelpaese.info","article_published_time":"2023-05-06T06:21:11+00:00","twitter_card":"summary_large_image","twitter_misc":{"Tempo di lettura stimato":"1 minuto"},"schema":{"@context":"https:\/\/schema.org","@graph":[{"@type":"Article","@id":"https:\/\/lavocedelpaese.info\/index.php\/2023\/05\/06\/domenica-7-maggio-il-santo-legno-pellegrino-in-grotta\/#article","isPartOf":{"@id":"https:\/\/lavocedelpaese.info\/index.php\/2023\/05\/06\/domenica-7-maggio-il-santo-legno-pellegrino-in-grotta\/"},"author":{"name":"","@id":""},"headline":"Domenica 7 maggio, il Santo Legno \u201cpellegrino\u201d in Grotta","datePublished":"2023-05-06T06:21:11+00:00","mainEntityOfPage":{"@id":"https:\/\/lavocedelpaese.info\/index.php\/2023\/05\/06\/domenica-7-maggio-il-santo-legno-pellegrino-in-grotta\/"},"wordCount":268,"commentCount":0,"publisher":{"@id":"https:\/\/lavocedelpaese.info\/#organization"},"articleSection":["network"],"inLanguage":"it-IT","potentialAction":[{"@type":"CommentAction","name":"Comment","target":["https:\/\/lavocedelpaese.info\/index.php\/2023\/05\/06\/domenica-7-maggio-il-santo-legno-pellegrino-in-grotta\/#respond"]}]},{"@type":"WebPage","@id":"https:\/\/lavocedelpaese.info\/index.php\/2023\/05\/06\/domenica-7-maggio-il-santo-legno-pellegrino-in-grotta\/","url":"https:\/\/lavocedelpaese.info\/index.php\/2023\/05\/06\/domenica-7-maggio-il-santo-legno-pellegrino-in-grotta\/","name":"Domenica 7 maggio, il Santo Legno \u201cpellegrino\u201d in Grotta - La Voce del Paese","isPartOf":{"@id":"https:\/\/lavocedelpaese.info\/#website"},"datePublished":"2023-05-06T06:21:11+00:00","breadcrumb":{"@id":"https:\/\/lavocedelpaese.info\/index.php\/2023\/05\/06\/domenica-7-maggio-il-santo-legno-pellegrino-in-grotta\/#breadcrumb"},"inLanguage":"it-IT","potentialAction":[{"@type":"ReadAction","target":["https:\/\/lavocedelpaese.info\/index.php\/2023\/05\/06\/domenica-7-maggio-il-santo-legno-pellegrino-in-grotta\/"]}]},{"@type":"BreadcrumbList","@id":"https:\/\/lavocedelpaese.info\/index.php\/2023\/05\/06\/domenica-7-maggio-il-santo-legno-pellegrino-in-grotta\/#breadcrumb","itemListElement":[{"@type":"ListItem","position":1,"name":"Home","item":"https:\/\/lavocedelpaese.info\/"},{"@type":"ListItem","position":2,"name":"Domenica 7 maggio, il Santo Legno \u201cpellegrino\u201d in Grotta"}]},{"@type":"WebSite","@id":"https:\/\/lavocedelpaese.info\/#website","url":"https:\/\/lavocedelpaese.info\/","name":"La Voce del Paese","description":"Un network di idee","publisher":{"@id":"https:\/\/lavocedelpaese.info\/#organization"},"potentialAction":[{"@type":"SearchAction","target":{"@type":"EntryPoint","urlTemplate":"https:\/\/lavocedelpaese.info\/?s={search_term_string}"},"query-input":{"@type":"PropertyValueSpecification","valueRequired":true,"valueName":"search_term_string"}}],"inLanguage":"it-IT"},{"@type":"Organization","@id":"https:\/\/lavocedelpaese.info\/#organization","name":"La Voce del Paese","url":"https:\/\/lavocedelpaese.info\/","logo":{"@type":"ImageObject","inLanguage":"it-IT","@id":"https:\/\/lavocedelpaese.info\/#\/schema\/logo\/image\/","url":"https:\/\/lavocedelpaese.info\/wp-content\/uploads\/2023\/01\/cropped-logo-150-127.png","contentUrl":"https:\/\/lavocedelpaese.info\/wp-content\/uploads\/2023\/01\/cropped-logo-150-127.png","width":137,"height":119,"caption":"La Voce del Paese"},"image":{"@id":"https:\/\/lavocedelpaese.info\/#\/schema\/logo\/image\/"},"sameAs":["https:\/\/www.facebook.com\/lavocedelpaese.info"]}]}},"_links":{"self":[{"href":"https:\/\/lavocedelpaese.info\/index.php\/wp-json\/wp\/v2\/posts\/1497","targetHints":{"allow":["GET"]}}],"collection":[{"href":"https:\/\/lavocedelpaese.info\/index.php\/wp-json\/wp\/v2\/posts"}],"about":[{"href":"https:\/\/lavocedelpaese.info\/index.php\/wp-json\/wp\/v2\/types\/post"}],"replies":[{"embeddable":true,"href":"https:\/\/lavocedelpaese.info\/index.php\/wp-json\/wp\/v2\/comments?post=1497"}],"version-history":[{"count":0,"href":"https:\/\/lavocedelpaese.info\/index.php\/wp-json\/wp\/v2\/posts\/1497\/revisions"}],"wp:attachment":[{"href":"https:\/\/lavocedelpaese.info\/index.php\/wp-json\/wp\/v2\/media?parent=1497"}],"wp:term":[{"taxonomy":"category","embeddable":true,"href":"https:\/\/lavocedelpaese.info\/index.php\/wp-json\/wp\/v2\/categories?post=1497"},{"taxonomy":"post_tag","embeddable":true,"href":"https:\/\/lavocedelpaese.info\/index.php\/wp-json\/wp\/v2\/tags?post=1497"}],"curies":[{"name":"wp","href":"https:\/\/api.w.org\/{rel}","templated":true}]}}