{"id":1458,"date":"2023-04-28T15:16:30","date_gmt":"2023-04-28T15:16:30","guid":{"rendered":"https:\/\/lavocedelpaese.info\/index.php\/2023\/04\/28\/lavoro-il-comune-cerca-due-esperti-di-orientamento\/"},"modified":"2023-04-28T15:16:30","modified_gmt":"2023-04-28T15:16:30","slug":"lavoro-il-comune-cerca-due-esperti-di-orientamento","status":"publish","type":"post","link":"https:\/\/lavocedelpaese.info\/index.php\/2023\/04\/28\/lavoro-il-comune-cerca-due-esperti-di-orientamento\/","title":{"rendered":"Lavoro: il Comune cerca due esperti di Orientamento"},"content":{"rendered":"<p>\u00a0<\/p>\n<p>\u200b\u00a0<\/p>\n<p>\u200bCassano \u2013 La Voce del Paese\u00a0<\/p>\n<p>Il Comune di Cassano delle Murge ha indetto selezione comparativa, mediante valutazione di curriculum, finalizzata al conferimento di n. 1 (uno) incarico di collaborazione professionale autonoma di Fascia A e di n. 1 (uno) incarico di collaborazione professionale autonoma a esperto di Fascia B, per la realizzazione di un Orientation desk nell\u2019ambito del progetto \u201cPunti cardinali\u201d.<\/p>\n<p>Il corrispettivo contrattuale lordo spettante alle unit\u00e0 individuate \u00e8 quello previsto e finanziato dal Bando \u201cPunti Cardinali\u201d, cos\u00ec come di seguito specificato:<\/p>\n<p>\u2022 \u20ac 3.000,00\/mese, dalla data di sottoscrizione del contratto al 30\/09\/2023 (circa 5 mesi), salvo proroga della Regione, con impegno per n. 30 ore settimanali, articolate su 5 giorni lavorativi, per il contratto di collaborazione per esperto di Fascia A;<\/p>\n<p>\u2022 \u20ac 2.000,00\/mese, dalla data di sottoscrizione del contratto al 30\/09\/2023 (circa 5 mesi), salvo proroga della Regione, con impegno per n. 30 ore settimanali, articolate su 5 giorni lavorativi, per il contratto di collaborazione per esperto di Fascia B.<\/p>\n<p>Il profilo dei professionisti ricercati \u00e8 quello di un esperto in Orientamento che accompagna le persone nella fase di definizione del proprio progetto formativo e\/o professionale e nella gestione dei momenti di transizione o difficolt\u00e0, affinch\u00e9 pianifichino in modo consapevole il proprio progetto di vita passando attraverso un percorso di esplorazione di s\u00e9.<\/p>\n<p>I profili ricercati sono, pertanto, chiamati a svolgere prestazioni specialistiche direttamente riferibili alle attivit\u00e0 progettuali, previa sottoscrizione di apposito contratto di collaborazione. Sono richieste elevate conoscenze specialistiche ed un significativo grado di esperienza nel settore di riferimento, nonch\u00e9 capacit\u00e0 di intrattenere relazioni con gli utenti di natura diretta, anche complesse, e negoziali.<\/p>\n<p>In particolare sono richieste le seguenti competenze:<\/p>\n<p>\u2013 Conoscenza di tecniche e strumenti di rilevazione e valutazione delle competenze<\/p>\n<p>\u2013 Conoscenza dettagliata delle professioni, del mercato del lavoro e dei trend occupazionali<\/p>\n<p>\u2013 Conoscenza dell\u2019offerta formativa locale e nazionale<\/p>\n<p>\u2013 Conoscenza dei principali riferimenti legislativi che regolano il mercato del lavoro e la formazione professionale<\/p>\n<p>\u2013 Conoscenza delle tecniche di ricerca lavoro, Competenza nella redazione di CV e lettere motivazionali<\/p>\n<p>\u2013 Conoscenza delle tecniche per gestire il colloquio di lavoro, Capacit\u00e0 di analisi e di sintesi<\/p>\n<p>\u2013 Predisposizione alle relazioni interpersonali, Ottime doti comunicative, Buone capacit\u00e0 di ascolto<\/p>\n<p>\u2013 Intelligenza emotiva ed empatia.<\/p>\n<p><strong>La domanda di partecipazione alla procedura selettiva in oggetto, debitamente sottoscritta, dovr\u00e0 essere presentata al Comune di Cassano delle Murge entro e non oltre il termine del 02\/05\/2023.<\/strong><\/p>\n<p>Maggiori informazioni a questo link: <a href=\"https:\/\/www.comune.cassanodellemurge.ba.it\/index.php?option=com_content&amp;view=article&amp;id=8600:avviso-pubblico-di-selezione-comparativa-mediante-valutazione-di-curriculum-vitae-per-laffidamento-di-n-1-uno-incarico-di-collaboratore-di-fascia-a-e-di-n-1-uno-incarico-di-collaboratore-di-fascia-b&amp;catid=13:news-ed-eventi&amp;Itemid=85&amp;fbclid=IwAR2W82BflTQ2mITV8rYZ9O9EDqM_1JRzKA_Pv8mnmkqzqm4sAOA9GHDRK3A\" target=\"_blank\" rel=\"noopener\">https:\/\/www.comune.cassanodellemurge.ba.it\/index.php?option=com_content&amp;view=article&amp;id=8600:avviso-pubblico-di-selezione-comparativa-mediante-valutazione-di-curriculum-vitae-per-laffidamento-di-n-1-uno-incarico-di-collaboratore-di-fascia-a-e-di-n-1-uno-incarico-di-collaboratore-di-fascia-b&amp;catid=13:news-ed-eventi&amp;Itemid=85&amp;fbclid=IwAR2W82BflTQ2mITV8rYZ9O9EDqM_1JRzKA_Pv8mnmkqzqm4sAOA9GHDRK3A<\/a><\/p>\n<div class=\"wp-block-embed__wrapper\">\nhttps:\/\/bit.ly\/3HmBeFP\n<\/div>\n<p><a class=\"a2a_button_facebook\" href=\"https:\/\/www.addtoany.com\/add_to\/facebook?linkurl=https%3A%2F%2Fcassano.lavocedelpaese.info%2Findex.php%2F2023%2F04%2F28%2Flavoro-il-comune-cerca-due-esperti-di-orientamento%2F&amp;linkname=Lavoro%3A%20il%20Comune%20cerca%20due%20esperti%20di%20Orientamento\" title=\"Facebook\" target=\"_blank\" rel=\"noopener\"><\/a><a class=\"a2a_button_twitter\" href=\"https:\/\/www.addtoany.com\/add_to\/twitter?linkurl=https%3A%2F%2Fcassano.lavocedelpaese.info%2Findex.php%2F2023%2F04%2F28%2Flavoro-il-comune-cerca-due-esperti-di-orientamento%2F&amp;linkname=Lavoro%3A%20il%20Comune%20cerca%20due%20esperti%20di%20Orientamento\" title=\"Twitter\" target=\"_blank\" rel=\"noopener\"><\/a><a class=\"a2a_button_whatsapp\" href=\"https:\/\/www.addtoany.com\/add_to\/whatsapp?linkurl=https%3A%2F%2Fcassano.lavocedelpaese.info%2Findex.php%2F2023%2F04%2F28%2Flavoro-il-comune-cerca-due-esperti-di-orientamento%2F&amp;linkname=Lavoro%3A%20il%20Comune%20cerca%20due%20esperti%20di%20Orientamento\" title=\"WhatsApp\" target=\"_blank\" rel=\"noopener\"><\/a><a class=\"a2a_button_telegram\" href=\"https:\/\/www.addtoany.com\/add_to\/telegram?linkurl=https%3A%2F%2Fcassano.lavocedelpaese.info%2Findex.php%2F2023%2F04%2F28%2Flavoro-il-comune-cerca-due-esperti-di-orientamento%2F&amp;linkname=Lavoro%3A%20il%20Comune%20cerca%20due%20esperti%20di%20Orientamento\" title=\"Telegram\" target=\"_blank\" rel=\"noopener\"><\/a><a class=\"a2a_button_email\" href=\"https:\/\/www.addtoany.com\/add_to\/email?linkurl=https%3A%2F%2Fcassano.lavocedelpaese.info%2Findex.php%2F2023%2F04%2F28%2Flavoro-il-comune-cerca-due-esperti-di-orientamento%2F&amp;linkname=Lavoro%3A%20il%20Comune%20cerca%20due%20esperti%20di%20Orientamento\" title=\"Email\" target=\"_blank\" rel=\"noopener\"><\/a><\/p>\n<p>\u00a0<\/p>","protected":false},"excerpt":{"rendered":"<p>\u00a0 \u200b\u00a0 \u200bCassano \u2013 La Voce del Paese\u00a0 Il Comune di Cassano delle Murge ha indetto selezione comparativa, mediante valutazione<\/p>\n","protected":false},"author":0,"featured_media":0,"comment_status":"open","ping_status":"closed","sticky":false,"template":"","format":"standard","meta":{"colormag_page_container_layout":"default_layout","colormag_page_sidebar_layout":"default_layout","footnotes":""},"categories":[33],"tags":[],"class_list":["post-1458","post","type-post","status-publish","format-standard","hentry","category-network"],"yoast_head":"<!-- This site is optimized with the Yoast SEO plugin v27.5 - https:\/\/yoast.com\/product\/yoast-seo-wordpress\/ -->\n<title>Lavoro: il Comune cerca due esperti di Orientamento - La Voce del Paese<\/title>\n<meta name=\"robots\" content=\"index, follow, max-snippet:-1, max-image-preview:large, max-video-preview:-1\" \/>\n<link rel=\"canonical\" href=\"https:\/\/lavocedelpaese.info\/index.php\/2023\/04\/28\/lavoro-il-comune-cerca-due-esperti-di-orientamento\/\" \/>\n<meta property=\"og:locale\" content=\"it_IT\" \/>\n<meta property=\"og:type\" content=\"article\" \/>\n<meta property=\"og:title\" content=\"Lavoro: il Comune cerca due esperti di Orientamento - La Voce del Paese\" \/>\n<meta property=\"og:description\" content=\"\u00a0 \u200b\u00a0 \u200bCassano \u2013 La Voce del Paese\u00a0 Il Comune di Cassano delle Murge ha indetto selezione comparativa, mediante valutazione\" \/>\n<meta property=\"og:url\" content=\"https:\/\/lavocedelpaese.info\/index.php\/2023\/04\/28\/lavoro-il-comune-cerca-due-esperti-di-orientamento\/\" \/>\n<meta property=\"og:site_name\" content=\"La Voce del Paese\" \/>\n<meta property=\"article:publisher\" content=\"https:\/\/www.facebook.com\/lavocedelpaese.info\" \/>\n<meta property=\"article:published_time\" content=\"2023-04-28T15:16:30+00:00\" \/>\n<meta name=\"twitter:card\" content=\"summary_large_image\" \/>\n<meta name=\"twitter:label1\" content=\"Tempo di lettura stimato\" \/>\n\t<meta name=\"twitter:data1\" content=\"2 minuti\" \/>\n<script type=\"application\/ld+json\" class=\"yoast-schema-graph\">{\"@context\":\"https:\\\/\\\/schema.org\",\"@graph\":[{\"@type\":\"Article\",\"@id\":\"https:\\\/\\\/lavocedelpaese.info\\\/index.php\\\/2023\\\/04\\\/28\\\/lavoro-il-comune-cerca-due-esperti-di-orientamento\\\/#article\",\"isPartOf\":{\"@id\":\"https:\\\/\\\/lavocedelpaese.info\\\/index.php\\\/2023\\\/04\\\/28\\\/lavoro-il-comune-cerca-due-esperti-di-orientamento\\\/\"},\"author\":{\"name\":\"\",\"@id\":\"\"},\"headline\":\"Lavoro: il Comune cerca due esperti di Orientamento\",\"datePublished\":\"2023-04-28T15:16:30+00:00\",\"mainEntityOfPage\":{\"@id\":\"https:\\\/\\\/lavocedelpaese.info\\\/index.php\\\/2023\\\/04\\\/28\\\/lavoro-il-comune-cerca-due-esperti-di-orientamento\\\/\"},\"wordCount\":433,\"commentCount\":0,\"publisher\":{\"@id\":\"https:\\\/\\\/lavocedelpaese.info\\\/#organization\"},\"articleSection\":[\"network\"],\"inLanguage\":\"it-IT\",\"potentialAction\":[{\"@type\":\"CommentAction\",\"name\":\"Comment\",\"target\":[\"https:\\\/\\\/lavocedelpaese.info\\\/index.php\\\/2023\\\/04\\\/28\\\/lavoro-il-comune-cerca-due-esperti-di-orientamento\\\/#respond\"]}]},{\"@type\":\"WebPage\",\"@id\":\"https:\\\/\\\/lavocedelpaese.info\\\/index.php\\\/2023\\\/04\\\/28\\\/lavoro-il-comune-cerca-due-esperti-di-orientamento\\\/\",\"url\":\"https:\\\/\\\/lavocedelpaese.info\\\/index.php\\\/2023\\\/04\\\/28\\\/lavoro-il-comune-cerca-due-esperti-di-orientamento\\\/\",\"name\":\"Lavoro: il Comune cerca due esperti di Orientamento - La Voce del Paese\",\"isPartOf\":{\"@id\":\"https:\\\/\\\/lavocedelpaese.info\\\/#website\"},\"datePublished\":\"2023-04-28T15:16:30+00:00\",\"breadcrumb\":{\"@id\":\"https:\\\/\\\/lavocedelpaese.info\\\/index.php\\\/2023\\\/04\\\/28\\\/lavoro-il-comune-cerca-due-esperti-di-orientamento\\\/#breadcrumb\"},\"inLanguage\":\"it-IT\",\"potentialAction\":[{\"@type\":\"ReadAction\",\"target\":[\"https:\\\/\\\/lavocedelpaese.info\\\/index.php\\\/2023\\\/04\\\/28\\\/lavoro-il-comune-cerca-due-esperti-di-orientamento\\\/\"]}]},{\"@type\":\"BreadcrumbList\",\"@id\":\"https:\\\/\\\/lavocedelpaese.info\\\/index.php\\\/2023\\\/04\\\/28\\\/lavoro-il-comune-cerca-due-esperti-di-orientamento\\\/#breadcrumb\",\"itemListElement\":[{\"@type\":\"ListItem\",\"position\":1,\"name\":\"Home\",\"item\":\"https:\\\/\\\/lavocedelpaese.info\\\/\"},{\"@type\":\"ListItem\",\"position\":2,\"name\":\"Lavoro: il Comune cerca due esperti di Orientamento\"}]},{\"@type\":\"WebSite\",\"@id\":\"https:\\\/\\\/lavocedelpaese.info\\\/#website\",\"url\":\"https:\\\/\\\/lavocedelpaese.info\\\/\",\"name\":\"La Voce del Paese\",\"description\":\"Un network di idee\",\"publisher\":{\"@id\":\"https:\\\/\\\/lavocedelpaese.info\\\/#organization\"},\"potentialAction\":[{\"@type\":\"SearchAction\",\"target\":{\"@type\":\"EntryPoint\",\"urlTemplate\":\"https:\\\/\\\/lavocedelpaese.info\\\/?s={search_term_string}\"},\"query-input\":{\"@type\":\"PropertyValueSpecification\",\"valueRequired\":true,\"valueName\":\"search_term_string\"}}],\"inLanguage\":\"it-IT\"},{\"@type\":\"Organization\",\"@id\":\"https:\\\/\\\/lavocedelpaese.info\\\/#organization\",\"name\":\"La Voce del Paese\",\"url\":\"https:\\\/\\\/lavocedelpaese.info\\\/\",\"logo\":{\"@type\":\"ImageObject\",\"inLanguage\":\"it-IT\",\"@id\":\"https:\\\/\\\/lavocedelpaese.info\\\/#\\\/schema\\\/logo\\\/image\\\/\",\"url\":\"https:\\\/\\\/lavocedelpaese.info\\\/wp-content\\\/uploads\\\/2023\\\/01\\\/cropped-logo-150-127.png\",\"contentUrl\":\"https:\\\/\\\/lavocedelpaese.info\\\/wp-content\\\/uploads\\\/2023\\\/01\\\/cropped-logo-150-127.png\",\"width\":137,\"height\":119,\"caption\":\"La Voce del Paese\"},\"image\":{\"@id\":\"https:\\\/\\\/lavocedelpaese.info\\\/#\\\/schema\\\/logo\\\/image\\\/\"},\"sameAs\":[\"https:\\\/\\\/www.facebook.com\\\/lavocedelpaese.info\"]}]}<\/script>\n<!-- \/ Yoast SEO plugin. -->","yoast_head_json":{"title":"Lavoro: il Comune cerca due esperti di Orientamento - La Voce del Paese","robots":{"index":"index","follow":"follow","max-snippet":"max-snippet:-1","max-image-preview":"max-image-preview:large","max-video-preview":"max-video-preview:-1"},"canonical":"https:\/\/lavocedelpaese.info\/index.php\/2023\/04\/28\/lavoro-il-comune-cerca-due-esperti-di-orientamento\/","og_locale":"it_IT","og_type":"article","og_title":"Lavoro: il Comune cerca due esperti di Orientamento - La Voce del Paese","og_description":"\u00a0 \u200b\u00a0 \u200bCassano \u2013 La Voce del Paese\u00a0 Il Comune di Cassano delle Murge ha indetto selezione comparativa, mediante valutazione","og_url":"https:\/\/lavocedelpaese.info\/index.php\/2023\/04\/28\/lavoro-il-comune-cerca-due-esperti-di-orientamento\/","og_site_name":"La Voce del Paese","article_publisher":"https:\/\/www.facebook.com\/lavocedelpaese.info","article_published_time":"2023-04-28T15:16:30+00:00","twitter_card":"summary_large_image","twitter_misc":{"Tempo di lettura stimato":"2 minuti"},"schema":{"@context":"https:\/\/schema.org","@graph":[{"@type":"Article","@id":"https:\/\/lavocedelpaese.info\/index.php\/2023\/04\/28\/lavoro-il-comune-cerca-due-esperti-di-orientamento\/#article","isPartOf":{"@id":"https:\/\/lavocedelpaese.info\/index.php\/2023\/04\/28\/lavoro-il-comune-cerca-due-esperti-di-orientamento\/"},"author":{"name":"","@id":""},"headline":"Lavoro: il Comune cerca due esperti di Orientamento","datePublished":"2023-04-28T15:16:30+00:00","mainEntityOfPage":{"@id":"https:\/\/lavocedelpaese.info\/index.php\/2023\/04\/28\/lavoro-il-comune-cerca-due-esperti-di-orientamento\/"},"wordCount":433,"commentCount":0,"publisher":{"@id":"https:\/\/lavocedelpaese.info\/#organization"},"articleSection":["network"],"inLanguage":"it-IT","potentialAction":[{"@type":"CommentAction","name":"Comment","target":["https:\/\/lavocedelpaese.info\/index.php\/2023\/04\/28\/lavoro-il-comune-cerca-due-esperti-di-orientamento\/#respond"]}]},{"@type":"WebPage","@id":"https:\/\/lavocedelpaese.info\/index.php\/2023\/04\/28\/lavoro-il-comune-cerca-due-esperti-di-orientamento\/","url":"https:\/\/lavocedelpaese.info\/index.php\/2023\/04\/28\/lavoro-il-comune-cerca-due-esperti-di-orientamento\/","name":"Lavoro: il Comune cerca due esperti di Orientamento - La Voce del Paese","isPartOf":{"@id":"https:\/\/lavocedelpaese.info\/#website"},"datePublished":"2023-04-28T15:16:30+00:00","breadcrumb":{"@id":"https:\/\/lavocedelpaese.info\/index.php\/2023\/04\/28\/lavoro-il-comune-cerca-due-esperti-di-orientamento\/#breadcrumb"},"inLanguage":"it-IT","potentialAction":[{"@type":"ReadAction","target":["https:\/\/lavocedelpaese.info\/index.php\/2023\/04\/28\/lavoro-il-comune-cerca-due-esperti-di-orientamento\/"]}]},{"@type":"BreadcrumbList","@id":"https:\/\/lavocedelpaese.info\/index.php\/2023\/04\/28\/lavoro-il-comune-cerca-due-esperti-di-orientamento\/#breadcrumb","itemListElement":[{"@type":"ListItem","position":1,"name":"Home","item":"https:\/\/lavocedelpaese.info\/"},{"@type":"ListItem","position":2,"name":"Lavoro: il Comune cerca due esperti di Orientamento"}]},{"@type":"WebSite","@id":"https:\/\/lavocedelpaese.info\/#website","url":"https:\/\/lavocedelpaese.info\/","name":"La Voce del Paese","description":"Un network di idee","publisher":{"@id":"https:\/\/lavocedelpaese.info\/#organization"},"potentialAction":[{"@type":"SearchAction","target":{"@type":"EntryPoint","urlTemplate":"https:\/\/lavocedelpaese.info\/?s={search_term_string}"},"query-input":{"@type":"PropertyValueSpecification","valueRequired":true,"valueName":"search_term_string"}}],"inLanguage":"it-IT"},{"@type":"Organization","@id":"https:\/\/lavocedelpaese.info\/#organization","name":"La Voce del Paese","url":"https:\/\/lavocedelpaese.info\/","logo":{"@type":"ImageObject","inLanguage":"it-IT","@id":"https:\/\/lavocedelpaese.info\/#\/schema\/logo\/image\/","url":"https:\/\/lavocedelpaese.info\/wp-content\/uploads\/2023\/01\/cropped-logo-150-127.png","contentUrl":"https:\/\/lavocedelpaese.info\/wp-content\/uploads\/2023\/01\/cropped-logo-150-127.png","width":137,"height":119,"caption":"La Voce del Paese"},"image":{"@id":"https:\/\/lavocedelpaese.info\/#\/schema\/logo\/image\/"},"sameAs":["https:\/\/www.facebook.com\/lavocedelpaese.info"]}]}},"_links":{"self":[{"href":"https:\/\/lavocedelpaese.info\/index.php\/wp-json\/wp\/v2\/posts\/1458","targetHints":{"allow":["GET"]}}],"collection":[{"href":"https:\/\/lavocedelpaese.info\/index.php\/wp-json\/wp\/v2\/posts"}],"about":[{"href":"https:\/\/lavocedelpaese.info\/index.php\/wp-json\/wp\/v2\/types\/post"}],"replies":[{"embeddable":true,"href":"https:\/\/lavocedelpaese.info\/index.php\/wp-json\/wp\/v2\/comments?post=1458"}],"version-history":[{"count":0,"href":"https:\/\/lavocedelpaese.info\/index.php\/wp-json\/wp\/v2\/posts\/1458\/revisions"}],"wp:attachment":[{"href":"https:\/\/lavocedelpaese.info\/index.php\/wp-json\/wp\/v2\/media?parent=1458"}],"wp:term":[{"taxonomy":"category","embeddable":true,"href":"https:\/\/lavocedelpaese.info\/index.php\/wp-json\/wp\/v2\/categories?post=1458"},{"taxonomy":"post_tag","embeddable":true,"href":"https:\/\/lavocedelpaese.info\/index.php\/wp-json\/wp\/v2\/tags?post=1458"}],"curies":[{"name":"wp","href":"https:\/\/api.w.org\/{rel}","templated":true}]}}