{"id":1412,"date":"2023-04-19T20:24:44","date_gmt":"2023-04-19T20:24:44","guid":{"rendered":"https:\/\/lavocedelpaese.info\/index.php\/2023\/04\/19\/la-bambina-librata\/"},"modified":"2023-04-19T20:24:44","modified_gmt":"2023-04-19T20:24:44","slug":"la-bambina-librata","status":"publish","type":"post","link":"https:\/\/lavocedelpaese.info\/index.php\/2023\/04\/19\/la-bambina-librata\/","title":{"rendered":"La Bambina librata"},"content":{"rendered":"<p>\u00a0<\/p>\n<p>\u200b\u00a0<\/p>\n<p>\u200bAcquaviva \u2013 La Voce del Paese\u00a0<\/p>\n<p><strong><br \/><\/strong><em>Spettacolo teatrale di e con Angela Iurilli<\/em><em><br \/><\/em><em><br \/><\/em><strong>Teatro Comunale Luciani<\/strong><\/p>\n<p><strong>Gioved\u00ec 20 aprile 2023<\/strong><\/p>\n<p><em>Nell\u2019ambito del Festival Teatri d\u2019Acqua<\/em><\/p>\n<p><em>Festival teatrale e pedagogico dedicato all\u2019infanzia\u2026e alle sue interazioni<\/em><strong><br \/><\/strong><strong><br \/><\/strong><strong>Acquaviva delle Fonti\u00a0<\/strong><\/p>\n<p><strong> Gioved\u00ec 20 aprile<\/strong> alle ore 19:00, presso il <strong>Teatro Comunale Luciani<\/strong> di Acquaviva delle Fonti, nell\u2019ambito del Festival \u201c<strong>Teatri d\u2019Acqua \u2013 Festival teatrale e pedagogico dedicato all\u2019infanzia\u2026e alle sue interazioni<\/strong>\u201d andr\u00e0 in scena lo spettacolo teatrale \u201c<strong>La Bambina Librata<\/strong>\u201d testo e regia <strong>Angela Iurilli<\/strong>, con <strong>Marianna Di Muro<\/strong> e <strong>Angela Iurilli<\/strong>, musiche <strong>Nicola Masciullo<\/strong>, costumi <strong>Giulia Barbanente<\/strong> scene <strong>Andrea Vitti<\/strong>.\u00a0<\/p>\n<p>Questo spettacolo \u00e8 dedicato a tutti quei bambini che, crescendo, sono stati spinti il pi\u00f9 lontano possibile dal s\u00e9 pi\u00f9 profondo. Allora partiamo da una storia. Partiamo da Adele, evidentemente speciale, impossibile non vederla, eppure i suoi genitori\u2026 un padre avido, chef impegnato in sofisticazioni alimentari, e una madre apatica e teledipendente. Per fortuna il destino ha in serbo per lei altri incontri. Una mite bibliotecaria la accompagner\u00e0 nella sua fame di libri; ad un modello autoritario come quello della Direttrice Strozzarelli si contrappone un\u2019accogliente e rispettosa maestra, Letizia De Grazia. Poi l\u2019amichetta Paola, suo fratello Francesco. Tanti gli incontri e molti gli spunti di riflessione di uno spettacolo dal ritmo serrato, divertente, commovente e pungente allo stesso tempo, che passa con destrezza dal registro lirico a quello grottesco. La pi\u00e8ce si rivolge a tutte le bambine e a tutti i bambini, agli adulti che saranno un giorno e alle nuove bambini e ai nuovi bambini a cui staranno accanto.\u00a0\u00a0<\/p>\n<p>Una storia di formazione che prende spunto dal celebre romanzo \u201cMatilde\u201d di Roald Dahl. Gli adulti sono chiamati a riflettere sulla posizione di educatori, mentori o oppressori; i piccoli, sull\u2019importanza di scoprire se stessi e di scegliere le proprie figure guida. Un tributo alla spontaneit\u00e0, alla curiosit\u00e0 naturale, al coraggio di lottare, all\u2019istinto di giustizia e solidariet\u00e0: a tutti quei valori che tendono a mutare in stanchezza e indifferenza quando si diventa grandi.<\/p>\n<p><strong>Informazioni<\/strong>:<\/p>\n<p>Facebook | <a href=\"https:\/\/www.facebook.com\/ass.ombre\" target=\"_blank\" rel=\"noopener\">https:\/\/www.facebook.com\/ass.ombre<\/a><\/p>\n<p>Cell. 3284720034 \u2013 3519345903<\/p>\n<p><a href=\"mailto:ombre.associazione@gmail.com\" target=\"_blank\" rel=\"noopener\">ombre.associazione@gmail.com<\/a><\/p>\n<p><strong>Botteghino<\/strong>:<strong><br \/><\/strong>I biglietti per lo spettacolo teatrale saranno disponibili presso i seguenti punti vendita di Acquaviva delle Fonti: Il Canarino Giocattoli, Matite Curiose Giocolibreria e Primigi Store.<\/p>\n<p><strong>Biglietti Spettacoli<\/strong>:<\/p>\n<p>Singoli: \u20ac8. Gruppi di 8+ persone: \u20ac 6.<\/p>\n<p><strong>LA BAMBINA LIBRATA<\/strong><\/p>\n<p><strong>Testo e regia <\/strong><strong><br \/><\/strong>Angela Iurilli<\/p>\n<p><strong>Con<\/strong><br \/>Marianna Di Muro e Angela Iurilli<\/p>\n<p><strong>Musiche <\/strong><strong><br \/><\/strong>Nicola Masciullo<\/p>\n<p><strong>Costumi <\/strong><strong><br \/><\/strong>Giulia Barbanente<\/p>\n<p><strong>Scene <\/strong><strong><br \/><\/strong>Andrea Vitti<strong><br \/><\/strong><br \/>Gioved\u00ec 20 aprile 2023<br \/><em><br \/><\/em><strong><em>Teatro Comunale Luciani<\/em><\/strong><em><br \/><\/em>P.zza Vittorio Emanuele II, 1, 70021 Acquaviva delle Fonti BA<br \/>tel. 080 306 5111<br \/>email: <a href=\"mailto:acquavivaeventiecultura@gmail.com\" target=\"_blank\" rel=\"noopener\">acquavivaeventiecultura@gmail.com<\/a><\/p>\n<p>FB: <a href=\"http:\/\/www.facebook.com\/TeatroComunaleAcquavivadelleFonti\" target=\"_blank\" rel=\"noopener\">www.facebook.com\/TeatroComunaleAcquavivadelleFonti<\/a><\/p>\n<p><a class=\"a2a_button_facebook\" href=\"https:\/\/www.addtoany.com\/add_to\/facebook?linkurl=https%3A%2F%2Facquaviva.lavocedelpaese.info%2Findex.php%2F2023%2F04%2F19%2Fla-bambina-librata%2F&amp;linkname=La%20Bambina%20librata\" title=\"Facebook\" target=\"_blank\" rel=\"noopener\"><\/a><a class=\"a2a_button_twitter\" href=\"https:\/\/www.addtoany.com\/add_to\/twitter?linkurl=https%3A%2F%2Facquaviva.lavocedelpaese.info%2Findex.php%2F2023%2F04%2F19%2Fla-bambina-librata%2F&amp;linkname=La%20Bambina%20librata\" title=\"Twitter\" target=\"_blank\" rel=\"noopener\"><\/a><a class=\"a2a_button_whatsapp\" href=\"https:\/\/www.addtoany.com\/add_to\/whatsapp?linkurl=https%3A%2F%2Facquaviva.lavocedelpaese.info%2Findex.php%2F2023%2F04%2F19%2Fla-bambina-librata%2F&amp;linkname=La%20Bambina%20librata\" title=\"WhatsApp\" target=\"_blank\" rel=\"noopener\"><\/a><a class=\"a2a_button_telegram\" href=\"https:\/\/www.addtoany.com\/add_to\/telegram?linkurl=https%3A%2F%2Facquaviva.lavocedelpaese.info%2Findex.php%2F2023%2F04%2F19%2Fla-bambina-librata%2F&amp;linkname=La%20Bambina%20librata\" title=\"Telegram\" target=\"_blank\" rel=\"noopener\"><\/a><a class=\"a2a_button_email\" href=\"https:\/\/www.addtoany.com\/add_to\/email?linkurl=https%3A%2F%2Facquaviva.lavocedelpaese.info%2Findex.php%2F2023%2F04%2F19%2Fla-bambina-librata%2F&amp;linkname=La%20Bambina%20librata\" title=\"Email\" target=\"_blank\" rel=\"noopener\"><\/a><\/p>\n<p>\u00a0<\/p>","protected":false},"excerpt":{"rendered":"<p>\u00a0 \u200b\u00a0 \u200bAcquaviva \u2013 La Voce del Paese\u00a0 Spettacolo teatrale di e con Angela IurilliTeatro Comunale Luciani Gioved\u00ec 20 aprile<\/p>\n","protected":false},"author":0,"featured_media":0,"comment_status":"open","ping_status":"closed","sticky":false,"template":"","format":"standard","meta":{"colormag_page_container_layout":"default_layout","colormag_page_sidebar_layout":"default_layout","footnotes":""},"categories":[33],"tags":[],"class_list":["post-1412","post","type-post","status-publish","format-standard","hentry","category-network"],"yoast_head":"<!-- This site is optimized with the Yoast SEO plugin v27.5 - https:\/\/yoast.com\/product\/yoast-seo-wordpress\/ -->\n<title>La Bambina librata - La Voce del Paese<\/title>\n<meta name=\"robots\" content=\"index, follow, max-snippet:-1, max-image-preview:large, max-video-preview:-1\" \/>\n<link rel=\"canonical\" href=\"https:\/\/lavocedelpaese.info\/index.php\/2023\/04\/19\/la-bambina-librata\/\" \/>\n<meta property=\"og:locale\" content=\"it_IT\" \/>\n<meta property=\"og:type\" content=\"article\" \/>\n<meta property=\"og:title\" content=\"La Bambina librata - La Voce del Paese\" \/>\n<meta property=\"og:description\" content=\"\u00a0 \u200b\u00a0 \u200bAcquaviva \u2013 La Voce del Paese\u00a0 Spettacolo teatrale di e con Angela IurilliTeatro Comunale Luciani Gioved\u00ec 20 aprile\" \/>\n<meta property=\"og:url\" content=\"https:\/\/lavocedelpaese.info\/index.php\/2023\/04\/19\/la-bambina-librata\/\" \/>\n<meta property=\"og:site_name\" content=\"La Voce del Paese\" \/>\n<meta property=\"article:publisher\" content=\"https:\/\/www.facebook.com\/lavocedelpaese.info\" \/>\n<meta property=\"article:published_time\" content=\"2023-04-19T20:24:44+00:00\" \/>\n<meta name=\"twitter:card\" content=\"summary_large_image\" \/>\n<meta name=\"twitter:label1\" content=\"Tempo di lettura stimato\" \/>\n\t<meta name=\"twitter:data1\" content=\"2 minuti\" \/>\n<script type=\"application\/ld+json\" class=\"yoast-schema-graph\">{\"@context\":\"https:\\\/\\\/schema.org\",\"@graph\":[{\"@type\":\"Article\",\"@id\":\"https:\\\/\\\/lavocedelpaese.info\\\/index.php\\\/2023\\\/04\\\/19\\\/la-bambina-librata\\\/#article\",\"isPartOf\":{\"@id\":\"https:\\\/\\\/lavocedelpaese.info\\\/index.php\\\/2023\\\/04\\\/19\\\/la-bambina-librata\\\/\"},\"author\":{\"name\":\"\",\"@id\":\"\"},\"headline\":\"La Bambina librata\",\"datePublished\":\"2023-04-19T20:24:44+00:00\",\"mainEntityOfPage\":{\"@id\":\"https:\\\/\\\/lavocedelpaese.info\\\/index.php\\\/2023\\\/04\\\/19\\\/la-bambina-librata\\\/\"},\"wordCount\":432,\"commentCount\":0,\"publisher\":{\"@id\":\"https:\\\/\\\/lavocedelpaese.info\\\/#organization\"},\"articleSection\":[\"network\"],\"inLanguage\":\"it-IT\",\"potentialAction\":[{\"@type\":\"CommentAction\",\"name\":\"Comment\",\"target\":[\"https:\\\/\\\/lavocedelpaese.info\\\/index.php\\\/2023\\\/04\\\/19\\\/la-bambina-librata\\\/#respond\"]}]},{\"@type\":\"WebPage\",\"@id\":\"https:\\\/\\\/lavocedelpaese.info\\\/index.php\\\/2023\\\/04\\\/19\\\/la-bambina-librata\\\/\",\"url\":\"https:\\\/\\\/lavocedelpaese.info\\\/index.php\\\/2023\\\/04\\\/19\\\/la-bambina-librata\\\/\",\"name\":\"La Bambina librata - La Voce del Paese\",\"isPartOf\":{\"@id\":\"https:\\\/\\\/lavocedelpaese.info\\\/#website\"},\"datePublished\":\"2023-04-19T20:24:44+00:00\",\"breadcrumb\":{\"@id\":\"https:\\\/\\\/lavocedelpaese.info\\\/index.php\\\/2023\\\/04\\\/19\\\/la-bambina-librata\\\/#breadcrumb\"},\"inLanguage\":\"it-IT\",\"potentialAction\":[{\"@type\":\"ReadAction\",\"target\":[\"https:\\\/\\\/lavocedelpaese.info\\\/index.php\\\/2023\\\/04\\\/19\\\/la-bambina-librata\\\/\"]}]},{\"@type\":\"BreadcrumbList\",\"@id\":\"https:\\\/\\\/lavocedelpaese.info\\\/index.php\\\/2023\\\/04\\\/19\\\/la-bambina-librata\\\/#breadcrumb\",\"itemListElement\":[{\"@type\":\"ListItem\",\"position\":1,\"name\":\"Home\",\"item\":\"https:\\\/\\\/lavocedelpaese.info\\\/\"},{\"@type\":\"ListItem\",\"position\":2,\"name\":\"La Bambina librata\"}]},{\"@type\":\"WebSite\",\"@id\":\"https:\\\/\\\/lavocedelpaese.info\\\/#website\",\"url\":\"https:\\\/\\\/lavocedelpaese.info\\\/\",\"name\":\"La Voce del Paese\",\"description\":\"Un network di idee\",\"publisher\":{\"@id\":\"https:\\\/\\\/lavocedelpaese.info\\\/#organization\"},\"potentialAction\":[{\"@type\":\"SearchAction\",\"target\":{\"@type\":\"EntryPoint\",\"urlTemplate\":\"https:\\\/\\\/lavocedelpaese.info\\\/?s={search_term_string}\"},\"query-input\":{\"@type\":\"PropertyValueSpecification\",\"valueRequired\":true,\"valueName\":\"search_term_string\"}}],\"inLanguage\":\"it-IT\"},{\"@type\":\"Organization\",\"@id\":\"https:\\\/\\\/lavocedelpaese.info\\\/#organization\",\"name\":\"La Voce del Paese\",\"url\":\"https:\\\/\\\/lavocedelpaese.info\\\/\",\"logo\":{\"@type\":\"ImageObject\",\"inLanguage\":\"it-IT\",\"@id\":\"https:\\\/\\\/lavocedelpaese.info\\\/#\\\/schema\\\/logo\\\/image\\\/\",\"url\":\"https:\\\/\\\/lavocedelpaese.info\\\/wp-content\\\/uploads\\\/2023\\\/01\\\/cropped-logo-150-127.png\",\"contentUrl\":\"https:\\\/\\\/lavocedelpaese.info\\\/wp-content\\\/uploads\\\/2023\\\/01\\\/cropped-logo-150-127.png\",\"width\":137,\"height\":119,\"caption\":\"La Voce del Paese\"},\"image\":{\"@id\":\"https:\\\/\\\/lavocedelpaese.info\\\/#\\\/schema\\\/logo\\\/image\\\/\"},\"sameAs\":[\"https:\\\/\\\/www.facebook.com\\\/lavocedelpaese.info\"]}]}<\/script>\n<!-- \/ Yoast SEO plugin. -->","yoast_head_json":{"title":"La Bambina librata - La Voce del Paese","robots":{"index":"index","follow":"follow","max-snippet":"max-snippet:-1","max-image-preview":"max-image-preview:large","max-video-preview":"max-video-preview:-1"},"canonical":"https:\/\/lavocedelpaese.info\/index.php\/2023\/04\/19\/la-bambina-librata\/","og_locale":"it_IT","og_type":"article","og_title":"La Bambina librata - La Voce del Paese","og_description":"\u00a0 \u200b\u00a0 \u200bAcquaviva \u2013 La Voce del Paese\u00a0 Spettacolo teatrale di e con Angela IurilliTeatro Comunale Luciani Gioved\u00ec 20 aprile","og_url":"https:\/\/lavocedelpaese.info\/index.php\/2023\/04\/19\/la-bambina-librata\/","og_site_name":"La Voce del Paese","article_publisher":"https:\/\/www.facebook.com\/lavocedelpaese.info","article_published_time":"2023-04-19T20:24:44+00:00","twitter_card":"summary_large_image","twitter_misc":{"Tempo di lettura stimato":"2 minuti"},"schema":{"@context":"https:\/\/schema.org","@graph":[{"@type":"Article","@id":"https:\/\/lavocedelpaese.info\/index.php\/2023\/04\/19\/la-bambina-librata\/#article","isPartOf":{"@id":"https:\/\/lavocedelpaese.info\/index.php\/2023\/04\/19\/la-bambina-librata\/"},"author":{"name":"","@id":""},"headline":"La Bambina librata","datePublished":"2023-04-19T20:24:44+00:00","mainEntityOfPage":{"@id":"https:\/\/lavocedelpaese.info\/index.php\/2023\/04\/19\/la-bambina-librata\/"},"wordCount":432,"commentCount":0,"publisher":{"@id":"https:\/\/lavocedelpaese.info\/#organization"},"articleSection":["network"],"inLanguage":"it-IT","potentialAction":[{"@type":"CommentAction","name":"Comment","target":["https:\/\/lavocedelpaese.info\/index.php\/2023\/04\/19\/la-bambina-librata\/#respond"]}]},{"@type":"WebPage","@id":"https:\/\/lavocedelpaese.info\/index.php\/2023\/04\/19\/la-bambina-librata\/","url":"https:\/\/lavocedelpaese.info\/index.php\/2023\/04\/19\/la-bambina-librata\/","name":"La Bambina librata - La Voce del Paese","isPartOf":{"@id":"https:\/\/lavocedelpaese.info\/#website"},"datePublished":"2023-04-19T20:24:44+00:00","breadcrumb":{"@id":"https:\/\/lavocedelpaese.info\/index.php\/2023\/04\/19\/la-bambina-librata\/#breadcrumb"},"inLanguage":"it-IT","potentialAction":[{"@type":"ReadAction","target":["https:\/\/lavocedelpaese.info\/index.php\/2023\/04\/19\/la-bambina-librata\/"]}]},{"@type":"BreadcrumbList","@id":"https:\/\/lavocedelpaese.info\/index.php\/2023\/04\/19\/la-bambina-librata\/#breadcrumb","itemListElement":[{"@type":"ListItem","position":1,"name":"Home","item":"https:\/\/lavocedelpaese.info\/"},{"@type":"ListItem","position":2,"name":"La Bambina librata"}]},{"@type":"WebSite","@id":"https:\/\/lavocedelpaese.info\/#website","url":"https:\/\/lavocedelpaese.info\/","name":"La Voce del Paese","description":"Un network di idee","publisher":{"@id":"https:\/\/lavocedelpaese.info\/#organization"},"potentialAction":[{"@type":"SearchAction","target":{"@type":"EntryPoint","urlTemplate":"https:\/\/lavocedelpaese.info\/?s={search_term_string}"},"query-input":{"@type":"PropertyValueSpecification","valueRequired":true,"valueName":"search_term_string"}}],"inLanguage":"it-IT"},{"@type":"Organization","@id":"https:\/\/lavocedelpaese.info\/#organization","name":"La Voce del Paese","url":"https:\/\/lavocedelpaese.info\/","logo":{"@type":"ImageObject","inLanguage":"it-IT","@id":"https:\/\/lavocedelpaese.info\/#\/schema\/logo\/image\/","url":"https:\/\/lavocedelpaese.info\/wp-content\/uploads\/2023\/01\/cropped-logo-150-127.png","contentUrl":"https:\/\/lavocedelpaese.info\/wp-content\/uploads\/2023\/01\/cropped-logo-150-127.png","width":137,"height":119,"caption":"La Voce del Paese"},"image":{"@id":"https:\/\/lavocedelpaese.info\/#\/schema\/logo\/image\/"},"sameAs":["https:\/\/www.facebook.com\/lavocedelpaese.info"]}]}},"_links":{"self":[{"href":"https:\/\/lavocedelpaese.info\/index.php\/wp-json\/wp\/v2\/posts\/1412","targetHints":{"allow":["GET"]}}],"collection":[{"href":"https:\/\/lavocedelpaese.info\/index.php\/wp-json\/wp\/v2\/posts"}],"about":[{"href":"https:\/\/lavocedelpaese.info\/index.php\/wp-json\/wp\/v2\/types\/post"}],"replies":[{"embeddable":true,"href":"https:\/\/lavocedelpaese.info\/index.php\/wp-json\/wp\/v2\/comments?post=1412"}],"version-history":[{"count":0,"href":"https:\/\/lavocedelpaese.info\/index.php\/wp-json\/wp\/v2\/posts\/1412\/revisions"}],"wp:attachment":[{"href":"https:\/\/lavocedelpaese.info\/index.php\/wp-json\/wp\/v2\/media?parent=1412"}],"wp:term":[{"taxonomy":"category","embeddable":true,"href":"https:\/\/lavocedelpaese.info\/index.php\/wp-json\/wp\/v2\/categories?post=1412"},{"taxonomy":"post_tag","embeddable":true,"href":"https:\/\/lavocedelpaese.info\/index.php\/wp-json\/wp\/v2\/tags?post=1412"}],"curies":[{"name":"wp","href":"https:\/\/api.w.org\/{rel}","templated":true}]}}