{"id":1407,"date":"2023-04-18T17:15:46","date_gmt":"2023-04-18T17:15:46","guid":{"rendered":"https:\/\/lavocedelpaese.info\/index.php\/2023\/04\/18\/come-un-pomo-uccise-achille\/"},"modified":"2023-04-18T17:15:46","modified_gmt":"2023-04-18T17:15:46","slug":"come-un-pomo-uccise-achille","status":"publish","type":"post","link":"https:\/\/lavocedelpaese.info\/index.php\/2023\/04\/18\/come-un-pomo-uccise-achille\/","title":{"rendered":"\u201cCome un pomo uccise Achille\u201d"},"content":{"rendered":"<p>\u00a0<\/p>\n<p>\u200b\u00a0<\/p>\n<p>\u200bAcquaviva \u2013 La Voce del Paese\u00a0<\/p>\n<p>Progetto: \u201cRipartiAMO da NOI\u201d. Avviso: Futura. La Puglia per la parit\u00e0.<\/p>\n<p>Grande attesa per il ritorno in Puglia di <strong>Giada Trebeschi e Giorgio Rizzo<\/strong>. Dopo il successo dello scorso febbraio a Gravina, il duetto artistico torna in Puglia, questa volta nel teatro di Acquaviva delle Fonti con il nuovo spettacolo \u201cCome un pomo uccise Achille\u201d. Per la seconda volta, i due artisti saranno <strong>ospiti dell\u2019Aps Phil\u00eca che in collaborazione con il Comune di Acquaviva delle Fonti Assessorato alla cultura<\/strong>, continua il suo percorso sulla parit\u00e0 di genere e pari opportunit\u00e0 nell\u2019ambito del progetto \u201cRipartiAMO da NOI\u201d dell\u2019avviso: Futura. La Puglia per la parit\u00e0 di genere del Consiglio Regionale della Puglia. L\u2019appuntamento \u00e8 per il prossimo 28 aprile (sipario ore 20,30) presso il teatro \u201cLuciani\u201d di Acquaviva. Trebeschi e Rizzo tornano in Puglia con lo spettacolo \u201cCome un pomo uccise Achille\u201d con la regia di Giorgio Rizzo e la consulenza storica di Giada Trebeschi perch\u00e9 lo spettacolo che andr\u00e0 in scena ad Acquaviva \u00e8 un viaggio fantastico tra mitologia greca e tempi moderni. La scena si svolge al termine di un matrimonio. Non si tratta di un matrimonio \u201cumano\u201d poich\u00e9 le nozze in questione sono quelle di Teti e Peleo e, fra gli ospiti, vi sono pure la musa dell\u2019epica Calliope e il suo amante mortale Esiodo con il quale sta lavorando alla Teogonia, testo fondamentale per conoscere e capire la genealogia divina. Rientrando dal rocambolesco matrimonio i due si trovano a commentare e spettegolare su invitati, cerimonia e su ci\u00f2 che \u00e8 successo quando \u00e8 arrivato il pomo della discordia in una esilarante satira che non solo racconta la mitologia classica ma che si prende gioco dei molti clich\u00e9s tipici delle feste nuziali. Cosa c\u2019entra Achille in tutto questo? I due sposi sono i suoi genitori e considerando quello che deriver\u00e0 dal cosiddetto giudizio di Paride, Achille c\u2019entra moltissimo e i due protagonisti di questa mitologica commedia non mancheranno di raccontarlo. Uno spettacolo ironico nato dalla volont\u00e0 di raccontare in una forma nuova, agile e divertente, non solo le peculiarit\u00e0 caratterizzanti alcune delle divinit\u00e0 classiche fondamentali ma anche di far comprendere l\u2019importanza degli archetipi psico antropologici e letterari che incarnano e che ancora oggi sono parte fondamentale della nostra lingua e della nostra cultura.<\/p>\n<p><strong>L\u2019appuntamento \u00e8 per venerd\u00ec 28 aprile presso il teatro \u201cLuciani\u201d in Acquaviva delle Fonti<\/strong><\/p>\n\n<p><a class=\"a2a_button_facebook\" href=\"https:\/\/www.addtoany.com\/add_to\/facebook?linkurl=https%3A%2F%2Facquaviva.lavocedelpaese.info%2Findex.php%2F2023%2F04%2F18%2Fcome-un-pomo-uccise-achille%2F&amp;linkname=%E2%80%9CCome%20un%20pomo%20uccise%20Achille%E2%80%9D\" title=\"Facebook\" target=\"_blank\" rel=\"noopener\"><\/a><a class=\"a2a_button_twitter\" href=\"https:\/\/www.addtoany.com\/add_to\/twitter?linkurl=https%3A%2F%2Facquaviva.lavocedelpaese.info%2Findex.php%2F2023%2F04%2F18%2Fcome-un-pomo-uccise-achille%2F&amp;linkname=%E2%80%9CCome%20un%20pomo%20uccise%20Achille%E2%80%9D\" title=\"Twitter\" target=\"_blank\" rel=\"noopener\"><\/a><a class=\"a2a_button_whatsapp\" href=\"https:\/\/www.addtoany.com\/add_to\/whatsapp?linkurl=https%3A%2F%2Facquaviva.lavocedelpaese.info%2Findex.php%2F2023%2F04%2F18%2Fcome-un-pomo-uccise-achille%2F&amp;linkname=%E2%80%9CCome%20un%20pomo%20uccise%20Achille%E2%80%9D\" title=\"WhatsApp\" target=\"_blank\" rel=\"noopener\"><\/a><a class=\"a2a_button_telegram\" href=\"https:\/\/www.addtoany.com\/add_to\/telegram?linkurl=https%3A%2F%2Facquaviva.lavocedelpaese.info%2Findex.php%2F2023%2F04%2F18%2Fcome-un-pomo-uccise-achille%2F&amp;linkname=%E2%80%9CCome%20un%20pomo%20uccise%20Achille%E2%80%9D\" title=\"Telegram\" target=\"_blank\" rel=\"noopener\"><\/a><a class=\"a2a_button_email\" href=\"https:\/\/www.addtoany.com\/add_to\/email?linkurl=https%3A%2F%2Facquaviva.lavocedelpaese.info%2Findex.php%2F2023%2F04%2F18%2Fcome-un-pomo-uccise-achille%2F&amp;linkname=%E2%80%9CCome%20un%20pomo%20uccise%20Achille%E2%80%9D\" title=\"Email\" target=\"_blank\" rel=\"noopener\"><\/a><\/p>\n<p>\u00a0<\/p>","protected":false},"excerpt":{"rendered":"<p>\u00a0 \u200b\u00a0 \u200bAcquaviva \u2013 La Voce del Paese\u00a0 Progetto: \u201cRipartiAMO da NOI\u201d. Avviso: Futura. La Puglia per la parit\u00e0. Grande<\/p>\n","protected":false},"author":0,"featured_media":0,"comment_status":"open","ping_status":"closed","sticky":false,"template":"","format":"standard","meta":{"colormag_page_container_layout":"default_layout","colormag_page_sidebar_layout":"default_layout","footnotes":""},"categories":[33],"tags":[],"class_list":["post-1407","post","type-post","status-publish","format-standard","hentry","category-network"],"yoast_head":"<!-- This site is optimized with the Yoast SEO plugin v27.5 - https:\/\/yoast.com\/product\/yoast-seo-wordpress\/ -->\n<title>\u201cCome un pomo uccise Achille\u201d - La Voce del Paese<\/title>\n<meta name=\"robots\" content=\"index, follow, max-snippet:-1, max-image-preview:large, max-video-preview:-1\" \/>\n<link rel=\"canonical\" href=\"https:\/\/lavocedelpaese.info\/index.php\/2023\/04\/18\/come-un-pomo-uccise-achille\/\" \/>\n<meta property=\"og:locale\" content=\"it_IT\" \/>\n<meta property=\"og:type\" content=\"article\" \/>\n<meta property=\"og:title\" content=\"\u201cCome un pomo uccise Achille\u201d - La Voce del Paese\" \/>\n<meta property=\"og:description\" content=\"\u00a0 \u200b\u00a0 \u200bAcquaviva \u2013 La Voce del Paese\u00a0 Progetto: \u201cRipartiAMO da NOI\u201d. Avviso: Futura. La Puglia per la parit\u00e0. Grande\" \/>\n<meta property=\"og:url\" content=\"https:\/\/lavocedelpaese.info\/index.php\/2023\/04\/18\/come-un-pomo-uccise-achille\/\" \/>\n<meta property=\"og:site_name\" content=\"La Voce del Paese\" \/>\n<meta property=\"article:publisher\" content=\"https:\/\/www.facebook.com\/lavocedelpaese.info\" \/>\n<meta property=\"article:published_time\" content=\"2023-04-18T17:15:46+00:00\" \/>\n<meta name=\"twitter:card\" content=\"summary_large_image\" \/>\n<meta name=\"twitter:label1\" content=\"Tempo di lettura stimato\" \/>\n\t<meta name=\"twitter:data1\" content=\"2 minuti\" \/>\n<script type=\"application\/ld+json\" class=\"yoast-schema-graph\">{\"@context\":\"https:\\\/\\\/schema.org\",\"@graph\":[{\"@type\":\"Article\",\"@id\":\"https:\\\/\\\/lavocedelpaese.info\\\/index.php\\\/2023\\\/04\\\/18\\\/come-un-pomo-uccise-achille\\\/#article\",\"isPartOf\":{\"@id\":\"https:\\\/\\\/lavocedelpaese.info\\\/index.php\\\/2023\\\/04\\\/18\\\/come-un-pomo-uccise-achille\\\/\"},\"author\":{\"name\":\"\",\"@id\":\"\"},\"headline\":\"\u201cCome un pomo uccise Achille\u201d\",\"datePublished\":\"2023-04-18T17:15:46+00:00\",\"mainEntityOfPage\":{\"@id\":\"https:\\\/\\\/lavocedelpaese.info\\\/index.php\\\/2023\\\/04\\\/18\\\/come-un-pomo-uccise-achille\\\/\"},\"wordCount\":401,\"commentCount\":0,\"publisher\":{\"@id\":\"https:\\\/\\\/lavocedelpaese.info\\\/#organization\"},\"articleSection\":[\"network\"],\"inLanguage\":\"it-IT\",\"potentialAction\":[{\"@type\":\"CommentAction\",\"name\":\"Comment\",\"target\":[\"https:\\\/\\\/lavocedelpaese.info\\\/index.php\\\/2023\\\/04\\\/18\\\/come-un-pomo-uccise-achille\\\/#respond\"]}]},{\"@type\":\"WebPage\",\"@id\":\"https:\\\/\\\/lavocedelpaese.info\\\/index.php\\\/2023\\\/04\\\/18\\\/come-un-pomo-uccise-achille\\\/\",\"url\":\"https:\\\/\\\/lavocedelpaese.info\\\/index.php\\\/2023\\\/04\\\/18\\\/come-un-pomo-uccise-achille\\\/\",\"name\":\"\u201cCome un pomo uccise Achille\u201d - La Voce del Paese\",\"isPartOf\":{\"@id\":\"https:\\\/\\\/lavocedelpaese.info\\\/#website\"},\"datePublished\":\"2023-04-18T17:15:46+00:00\",\"breadcrumb\":{\"@id\":\"https:\\\/\\\/lavocedelpaese.info\\\/index.php\\\/2023\\\/04\\\/18\\\/come-un-pomo-uccise-achille\\\/#breadcrumb\"},\"inLanguage\":\"it-IT\",\"potentialAction\":[{\"@type\":\"ReadAction\",\"target\":[\"https:\\\/\\\/lavocedelpaese.info\\\/index.php\\\/2023\\\/04\\\/18\\\/come-un-pomo-uccise-achille\\\/\"]}]},{\"@type\":\"BreadcrumbList\",\"@id\":\"https:\\\/\\\/lavocedelpaese.info\\\/index.php\\\/2023\\\/04\\\/18\\\/come-un-pomo-uccise-achille\\\/#breadcrumb\",\"itemListElement\":[{\"@type\":\"ListItem\",\"position\":1,\"name\":\"Home\",\"item\":\"https:\\\/\\\/lavocedelpaese.info\\\/\"},{\"@type\":\"ListItem\",\"position\":2,\"name\":\"\u201cCome un pomo uccise Achille\u201d\"}]},{\"@type\":\"WebSite\",\"@id\":\"https:\\\/\\\/lavocedelpaese.info\\\/#website\",\"url\":\"https:\\\/\\\/lavocedelpaese.info\\\/\",\"name\":\"La Voce del Paese\",\"description\":\"Un network di idee\",\"publisher\":{\"@id\":\"https:\\\/\\\/lavocedelpaese.info\\\/#organization\"},\"potentialAction\":[{\"@type\":\"SearchAction\",\"target\":{\"@type\":\"EntryPoint\",\"urlTemplate\":\"https:\\\/\\\/lavocedelpaese.info\\\/?s={search_term_string}\"},\"query-input\":{\"@type\":\"PropertyValueSpecification\",\"valueRequired\":true,\"valueName\":\"search_term_string\"}}],\"inLanguage\":\"it-IT\"},{\"@type\":\"Organization\",\"@id\":\"https:\\\/\\\/lavocedelpaese.info\\\/#organization\",\"name\":\"La Voce del Paese\",\"url\":\"https:\\\/\\\/lavocedelpaese.info\\\/\",\"logo\":{\"@type\":\"ImageObject\",\"inLanguage\":\"it-IT\",\"@id\":\"https:\\\/\\\/lavocedelpaese.info\\\/#\\\/schema\\\/logo\\\/image\\\/\",\"url\":\"https:\\\/\\\/lavocedelpaese.info\\\/wp-content\\\/uploads\\\/2023\\\/01\\\/cropped-logo-150-127.png\",\"contentUrl\":\"https:\\\/\\\/lavocedelpaese.info\\\/wp-content\\\/uploads\\\/2023\\\/01\\\/cropped-logo-150-127.png\",\"width\":137,\"height\":119,\"caption\":\"La Voce del Paese\"},\"image\":{\"@id\":\"https:\\\/\\\/lavocedelpaese.info\\\/#\\\/schema\\\/logo\\\/image\\\/\"},\"sameAs\":[\"https:\\\/\\\/www.facebook.com\\\/lavocedelpaese.info\"]}]}<\/script>\n<!-- \/ Yoast SEO plugin. -->","yoast_head_json":{"title":"\u201cCome un pomo uccise Achille\u201d - La Voce del Paese","robots":{"index":"index","follow":"follow","max-snippet":"max-snippet:-1","max-image-preview":"max-image-preview:large","max-video-preview":"max-video-preview:-1"},"canonical":"https:\/\/lavocedelpaese.info\/index.php\/2023\/04\/18\/come-un-pomo-uccise-achille\/","og_locale":"it_IT","og_type":"article","og_title":"\u201cCome un pomo uccise Achille\u201d - La Voce del Paese","og_description":"\u00a0 \u200b\u00a0 \u200bAcquaviva \u2013 La Voce del Paese\u00a0 Progetto: \u201cRipartiAMO da NOI\u201d. Avviso: Futura. La Puglia per la parit\u00e0. Grande","og_url":"https:\/\/lavocedelpaese.info\/index.php\/2023\/04\/18\/come-un-pomo-uccise-achille\/","og_site_name":"La Voce del Paese","article_publisher":"https:\/\/www.facebook.com\/lavocedelpaese.info","article_published_time":"2023-04-18T17:15:46+00:00","twitter_card":"summary_large_image","twitter_misc":{"Tempo di lettura stimato":"2 minuti"},"schema":{"@context":"https:\/\/schema.org","@graph":[{"@type":"Article","@id":"https:\/\/lavocedelpaese.info\/index.php\/2023\/04\/18\/come-un-pomo-uccise-achille\/#article","isPartOf":{"@id":"https:\/\/lavocedelpaese.info\/index.php\/2023\/04\/18\/come-un-pomo-uccise-achille\/"},"author":{"name":"","@id":""},"headline":"\u201cCome un pomo uccise Achille\u201d","datePublished":"2023-04-18T17:15:46+00:00","mainEntityOfPage":{"@id":"https:\/\/lavocedelpaese.info\/index.php\/2023\/04\/18\/come-un-pomo-uccise-achille\/"},"wordCount":401,"commentCount":0,"publisher":{"@id":"https:\/\/lavocedelpaese.info\/#organization"},"articleSection":["network"],"inLanguage":"it-IT","potentialAction":[{"@type":"CommentAction","name":"Comment","target":["https:\/\/lavocedelpaese.info\/index.php\/2023\/04\/18\/come-un-pomo-uccise-achille\/#respond"]}]},{"@type":"WebPage","@id":"https:\/\/lavocedelpaese.info\/index.php\/2023\/04\/18\/come-un-pomo-uccise-achille\/","url":"https:\/\/lavocedelpaese.info\/index.php\/2023\/04\/18\/come-un-pomo-uccise-achille\/","name":"\u201cCome un pomo uccise Achille\u201d - La Voce del Paese","isPartOf":{"@id":"https:\/\/lavocedelpaese.info\/#website"},"datePublished":"2023-04-18T17:15:46+00:00","breadcrumb":{"@id":"https:\/\/lavocedelpaese.info\/index.php\/2023\/04\/18\/come-un-pomo-uccise-achille\/#breadcrumb"},"inLanguage":"it-IT","potentialAction":[{"@type":"ReadAction","target":["https:\/\/lavocedelpaese.info\/index.php\/2023\/04\/18\/come-un-pomo-uccise-achille\/"]}]},{"@type":"BreadcrumbList","@id":"https:\/\/lavocedelpaese.info\/index.php\/2023\/04\/18\/come-un-pomo-uccise-achille\/#breadcrumb","itemListElement":[{"@type":"ListItem","position":1,"name":"Home","item":"https:\/\/lavocedelpaese.info\/"},{"@type":"ListItem","position":2,"name":"\u201cCome un pomo uccise Achille\u201d"}]},{"@type":"WebSite","@id":"https:\/\/lavocedelpaese.info\/#website","url":"https:\/\/lavocedelpaese.info\/","name":"La Voce del Paese","description":"Un network di idee","publisher":{"@id":"https:\/\/lavocedelpaese.info\/#organization"},"potentialAction":[{"@type":"SearchAction","target":{"@type":"EntryPoint","urlTemplate":"https:\/\/lavocedelpaese.info\/?s={search_term_string}"},"query-input":{"@type":"PropertyValueSpecification","valueRequired":true,"valueName":"search_term_string"}}],"inLanguage":"it-IT"},{"@type":"Organization","@id":"https:\/\/lavocedelpaese.info\/#organization","name":"La Voce del Paese","url":"https:\/\/lavocedelpaese.info\/","logo":{"@type":"ImageObject","inLanguage":"it-IT","@id":"https:\/\/lavocedelpaese.info\/#\/schema\/logo\/image\/","url":"https:\/\/lavocedelpaese.info\/wp-content\/uploads\/2023\/01\/cropped-logo-150-127.png","contentUrl":"https:\/\/lavocedelpaese.info\/wp-content\/uploads\/2023\/01\/cropped-logo-150-127.png","width":137,"height":119,"caption":"La Voce del Paese"},"image":{"@id":"https:\/\/lavocedelpaese.info\/#\/schema\/logo\/image\/"},"sameAs":["https:\/\/www.facebook.com\/lavocedelpaese.info"]}]}},"_links":{"self":[{"href":"https:\/\/lavocedelpaese.info\/index.php\/wp-json\/wp\/v2\/posts\/1407","targetHints":{"allow":["GET"]}}],"collection":[{"href":"https:\/\/lavocedelpaese.info\/index.php\/wp-json\/wp\/v2\/posts"}],"about":[{"href":"https:\/\/lavocedelpaese.info\/index.php\/wp-json\/wp\/v2\/types\/post"}],"replies":[{"embeddable":true,"href":"https:\/\/lavocedelpaese.info\/index.php\/wp-json\/wp\/v2\/comments?post=1407"}],"version-history":[{"count":0,"href":"https:\/\/lavocedelpaese.info\/index.php\/wp-json\/wp\/v2\/posts\/1407\/revisions"}],"wp:attachment":[{"href":"https:\/\/lavocedelpaese.info\/index.php\/wp-json\/wp\/v2\/media?parent=1407"}],"wp:term":[{"taxonomy":"category","embeddable":true,"href":"https:\/\/lavocedelpaese.info\/index.php\/wp-json\/wp\/v2\/categories?post=1407"},{"taxonomy":"post_tag","embeddable":true,"href":"https:\/\/lavocedelpaese.info\/index.php\/wp-json\/wp\/v2\/tags?post=1407"}],"curies":[{"name":"wp","href":"https:\/\/api.w.org\/{rel}","templated":true}]}}